{"id":9998,"date":"2025-08-29T19:44:45","date_gmt":"2025-08-29T17:44:45","guid":{"rendered":"https:\/\/veritasinfo.org\/?p=9998"},"modified":"2025-08-29T19:44:45","modified_gmt":"2025-08-29T17:44:45","slug":"osmani-takon-koordinatorin-e-ri-te-kombeve-te-bashkuara","status":"publish","type":"post","link":"https:\/\/veritasinfo.org\/?p=9998","title":{"rendered":"Osmani takon Koordinatorin e ri t\u00eb Kombeve t\u00eb Bashkuara"},"content":{"rendered":"<p>Prishtin\u00eb, 29 Gusht 2025<\/p>\n<p><strong>Presidentja e Republik\u00ebs s\u00eb Kosov\u00ebs, Vjosa Osmani, priti sot n\u00eb takim koordinatorin e ri t\u00eb Kombeve t\u00eb Bashkuara p\u00ebr Zhvillim n\u00eb Kosov\u00eb, Stephen O\u2019Malley, njofton Presidenca.<\/strong><\/p>\n<p>Me k\u00ebt\u00eb rast, Osmani ka uruar O\u2019Malley p\u00ebr rolin e tij t\u00eb ri, duke i uruar sukses p\u00ebrgjat\u00eb mandatit t\u00eb tij.<\/p>\n<p>Presidentja ka shprehur mir\u00ebnjohje p\u00ebr pun\u00ebn e Agjencive t\u00eb Kombeve t\u00eb Bashkuara t\u00eb pranishme n\u00eb Republik\u00ebn e Kosov\u00ebs, t\u00eb cilat, n\u00eb bashk\u00ebpunim me institucionet vendore, kan\u00eb kontribuar n\u00eb arritjen e objektivave t\u00eb p\u00ebrbashk\u00ebta.<\/p>\n<p>\u201cK\u00ebto objektiva p\u00ebrfshijn\u00eb projekte p\u00ebr fuqizimin e t\u00eb drejtave t\u00eb njeriut, me theks t\u00eb ve\u00e7ant\u00eb personat me nevoja t\u00eb ve\u00e7anta, barazia gjinore, Agjenda p\u00ebr Grat\u00eb, Paqen dhe Sigurin\u00eb, zhvillimi i q\u00ebndruesh\u00ebm ekonomik, si dhe fusha t\u00eb tjera me r\u00ebnd\u00ebsi\u201d, thuhet n\u00eb njoftim.<\/p>\n<div class=\"wrapper\">\n<section>\n<div class=\"container\">\n<div class=\"row\">\n<div class=\"col-md-8\">\n<div class=\"post-content\">\n<div class=\"post-item\">\n<div class=\"post-content-wrapper\">\n<div class=\"post-content\">\n<p><iframe data-src=\"https:\/\/www.facebook.com\/plugins\/post.php?href=https%3A%2F%2Fwww.facebook.com%2FPresidencaRKS%2Fposts%2Fpfbid02nhphZNYxaS27QuoYviqKCWH9WXvADaDaQ4nmPAvqF4mqBnXpeQor4482KT6JQWd9l&amp;show_text=true&amp;width=500\" width=\"500\" height=\"558\" frameborder=\"0\" scrolling=\"no\" data-mce-fragment=\"1\" src=\"data:image\/gif;base64,R0lGODlhAQABAAAAACH5BAEKAAEALAAAAAABAAEAAAICTAEAOw==\" class=\"lazyload\" data-load-mode=\"1\"><\/iframe><\/p>\n<\/div>\n<\/div>\n<\/div>\n<\/div>\n<\/div>\n<\/div>\n<\/div>\n<\/section>\n<\/div>\n","protected":false},"excerpt":{"rendered":"<p>Prishtin\u00eb, 29 Gusht 2025 Presidentja e Republik\u00ebs s\u00eb Kosov\u00ebs, Vjosa Osmani, priti sot n\u00eb takim koordinatorin e ri t\u00eb Kombeve t\u00eb Bashkuara p\u00ebr Zhvillim n\u00eb<\/p>\n","protected":false},"author":1,"featured_media":9999,"comment_status":"open","ping_status":"open","sticky":false,"template":"","format":"standard","meta":{"footnotes":""},"categories":[58],"tags":[],"class_list":["post-9998","post","type-post","status-publish","format-standard","has-post-thumbnail","hentry","category-politike-sq"],"yoast_head":"<!-- This site is optimized with the Yoast SEO plugin v25.3.1 - https:\/\/yoast.com\/wordpress\/plugins\/seo\/ -->\n<title>Osmani takon Koordinatorin e ri t\u00eb Kombeve t\u00eb Bashkuara -<\/title>\n<meta name=\"robots\" content=\"index, follow, max-snippet:-1, max-image-preview:large, max-video-preview:-1\" \/>\n<link rel=\"canonical\" href=\"https:\/\/veritasinfo.org\/?p=9998\" \/>\n<meta property=\"og:locale\" content=\"en_US\" \/>\n<meta property=\"og:type\" content=\"article\" \/>\n<meta property=\"og:title\" content=\"Osmani takon Koordinatorin e ri t\u00eb Kombeve t\u00eb Bashkuara -\" \/>\n<meta property=\"og:description\" content=\"Prishtin\u00eb, 29 Gusht 2025 Presidentja e Republik\u00ebs s\u00eb Kosov\u00ebs, Vjosa Osmani, priti sot n\u00eb takim koordinatorin e ri t\u00eb Kombeve t\u00eb Bashkuara p\u00ebr Zhvillim n\u00eb\" \/>\n<meta property=\"og:url\" content=\"https:\/\/veritasinfo.org\/?p=9998\" \/>\n<meta property=\"article:published_time\" content=\"2025-08-29T17:44:45+00:00\" \/>\n<meta property=\"og:image\" content=\"https:\/\/veritasinfo.org\/wp-content\/uploads\/2025\/08\/IMG_2838.png\" \/>\n\t<meta property=\"og:image:width\" content=\"780\" \/>\n\t<meta property=\"og:image:height\" content=\"500\" \/>\n\t<meta property=\"og:image:type\" content=\"image\/png\" \/>\n<meta name=\"author\" content=\"admin\" \/>\n<meta name=\"twitter:card\" content=\"summary_large_image\" \/>\n<meta name=\"twitter:label1\" content=\"Written by\" \/>\n\t<meta name=\"twitter:data1\" content=\"admin\" \/>\n\t<meta name=\"twitter:label2\" content=\"Est. reading time\" \/>\n\t<meta name=\"twitter:data2\" content=\"1 minute\" \/>\n<script type=\"application\/ld+json\" class=\"yoast-schema-graph\">{\"@context\":\"https:\/\/schema.org\",\"@graph\":[{\"@type\":\"WebPage\",\"@id\":\"https:\/\/veritasinfo.org\/?p=9998\",\"url\":\"https:\/\/veritasinfo.org\/?p=9998\",\"name\":\"Osmani takon Koordinatorin e ri t\u00eb Kombeve t\u00eb Bashkuara -\",\"isPartOf\":{\"@id\":\"https:\/\/veritasinfo.org\/#website\"},\"primaryImageOfPage\":{\"@id\":\"https:\/\/veritasinfo.org\/?p=9998#primaryimage\"},\"image\":{\"@id\":\"https:\/\/veritasinfo.org\/?p=9998#primaryimage\"},\"thumbnailUrl\":\"https:\/\/veritasinfo.org\/wp-content\/uploads\/2025\/08\/IMG_2838.png\",\"datePublished\":\"2025-08-29T17:44:45+00:00\",\"author\":{\"@id\":\"https:\/\/veritasinfo.org\/#\/schema\/person\/7701f8c088bece422266b100a712374f\"},\"breadcrumb\":{\"@id\":\"https:\/\/veritasinfo.org\/?p=9998#breadcrumb\"},\"inLanguage\":\"en-US\",\"potentialAction\":[{\"@type\":\"ReadAction\",\"target\":[\"https:\/\/veritasinfo.org\/?p=9998\"]}]},{\"@type\":\"ImageObject\",\"inLanguage\":\"en-US\",\"@id\":\"https:\/\/veritasinfo.org\/?p=9998#primaryimage\",\"url\":\"https:\/\/veritasinfo.org\/wp-content\/uploads\/2025\/08\/IMG_2838.png\",\"contentUrl\":\"https:\/\/veritasinfo.org\/wp-content\/uploads\/2025\/08\/IMG_2838.png\",\"width\":780,\"height\":500},{\"@type\":\"BreadcrumbList\",\"@id\":\"https:\/\/veritasinfo.org\/?p=9998#breadcrumb\",\"itemListElement\":[{\"@type\":\"ListItem\",\"position\":1,\"name\":\"Home\",\"item\":\"https:\/\/veritasinfo.org\/\"},{\"@type\":\"ListItem\",\"position\":2,\"name\":\"Osmani takon Koordinatorin e ri t\u00eb Kombeve t\u00eb Bashkuara\"}]},{\"@type\":\"WebSite\",\"@id\":\"https:\/\/veritasinfo.org\/#website\",\"url\":\"https:\/\/veritasinfo.org\/\",\"name\":\"\",\"description\":\"\",\"potentialAction\":[{\"@type\":\"SearchAction\",\"target\":{\"@type\":\"EntryPoint\",\"urlTemplate\":\"https:\/\/veritasinfo.org\/?s={search_term_string}\"},\"query-input\":{\"@type\":\"PropertyValueSpecification\",\"valueRequired\":true,\"valueName\":\"search_term_string\"}}],\"inLanguage\":\"en-US\"},{\"@type\":\"Person\",\"@id\":\"https:\/\/veritasinfo.org\/#\/schema\/person\/7701f8c088bece422266b100a712374f\",\"name\":\"admin\",\"image\":{\"@type\":\"ImageObject\",\"inLanguage\":\"en-US\",\"@id\":\"https:\/\/veritasinfo.org\/#\/schema\/person\/image\/\",\"url\":\"https:\/\/secure.gravatar.com\/avatar\/ea53aa3bf6c9a12d5fde8ce4deff43fef3885ae33cf60184161a50d6987cfd2f?s=96&d=mm&r=g\",\"contentUrl\":\"https:\/\/secure.gravatar.com\/avatar\/ea53aa3bf6c9a12d5fde8ce4deff43fef3885ae33cf60184161a50d6987cfd2f?s=96&d=mm&r=g\",\"caption\":\"admin\"},\"sameAs\":[\"https:\/\/veritasinfo.org\"],\"url\":\"https:\/\/veritasinfo.org\/?author=1\"}]}<\/script>\n<!-- \/ Yoast SEO plugin. -->","yoast_head_json":{"title":"Osmani takon Koordinatorin e ri t\u00eb Kombeve t\u00eb Bashkuara -","robots":{"index":"index","follow":"follow","max-snippet":"max-snippet:-1","max-image-preview":"max-image-preview:large","max-video-preview":"max-video-preview:-1"},"canonical":"https:\/\/veritasinfo.org\/?p=9998","og_locale":"en_US","og_type":"article","og_title":"Osmani takon Koordinatorin e ri t\u00eb Kombeve t\u00eb Bashkuara -","og_description":"Prishtin\u00eb, 29 Gusht 2025 Presidentja e Republik\u00ebs s\u00eb Kosov\u00ebs, Vjosa Osmani, priti sot n\u00eb takim koordinatorin e ri t\u00eb Kombeve t\u00eb Bashkuara p\u00ebr Zhvillim n\u00eb","og_url":"https:\/\/veritasinfo.org\/?p=9998","article_published_time":"2025-08-29T17:44:45+00:00","og_image":[{"width":780,"height":500,"url":"https:\/\/veritasinfo.org\/wp-content\/uploads\/2025\/08\/IMG_2838.png","type":"image\/png"}],"author":"admin","twitter_card":"summary_large_image","twitter_misc":{"Written by":"admin","Est. reading time":"1 minute"},"schema":{"@context":"https:\/\/schema.org","@graph":[{"@type":"WebPage","@id":"https:\/\/veritasinfo.org\/?p=9998","url":"https:\/\/veritasinfo.org\/?p=9998","name":"Osmani takon Koordinatorin e ri t\u00eb Kombeve t\u00eb Bashkuara -","isPartOf":{"@id":"https:\/\/veritasinfo.org\/#website"},"primaryImageOfPage":{"@id":"https:\/\/veritasinfo.org\/?p=9998#primaryimage"},"image":{"@id":"https:\/\/veritasinfo.org\/?p=9998#primaryimage"},"thumbnailUrl":"https:\/\/veritasinfo.org\/wp-content\/uploads\/2025\/08\/IMG_2838.png","datePublished":"2025-08-29T17:44:45+00:00","author":{"@id":"https:\/\/veritasinfo.org\/#\/schema\/person\/7701f8c088bece422266b100a712374f"},"breadcrumb":{"@id":"https:\/\/veritasinfo.org\/?p=9998#breadcrumb"},"inLanguage":"en-US","potentialAction":[{"@type":"ReadAction","target":["https:\/\/veritasinfo.org\/?p=9998"]}]},{"@type":"ImageObject","inLanguage":"en-US","@id":"https:\/\/veritasinfo.org\/?p=9998#primaryimage","url":"https:\/\/veritasinfo.org\/wp-content\/uploads\/2025\/08\/IMG_2838.png","contentUrl":"https:\/\/veritasinfo.org\/wp-content\/uploads\/2025\/08\/IMG_2838.png","width":780,"height":500},{"@type":"BreadcrumbList","@id":"https:\/\/veritasinfo.org\/?p=9998#breadcrumb","itemListElement":[{"@type":"ListItem","position":1,"name":"Home","item":"https:\/\/veritasinfo.org\/"},{"@type":"ListItem","position":2,"name":"Osmani takon Koordinatorin e ri t\u00eb Kombeve t\u00eb Bashkuara"}]},{"@type":"WebSite","@id":"https:\/\/veritasinfo.org\/#website","url":"https:\/\/veritasinfo.org\/","name":"","description":"","potentialAction":[{"@type":"SearchAction","target":{"@type":"EntryPoint","urlTemplate":"https:\/\/veritasinfo.org\/?s={search_term_string}"},"query-input":{"@type":"PropertyValueSpecification","valueRequired":true,"valueName":"search_term_string"}}],"inLanguage":"en-US"},{"@type":"Person","@id":"https:\/\/veritasinfo.org\/#\/schema\/person\/7701f8c088bece422266b100a712374f","name":"admin","image":{"@type":"ImageObject","inLanguage":"en-US","@id":"https:\/\/veritasinfo.org\/#\/schema\/person\/image\/","url":"https:\/\/secure.gravatar.com\/avatar\/ea53aa3bf6c9a12d5fde8ce4deff43fef3885ae33cf60184161a50d6987cfd2f?s=96&d=mm&r=g","contentUrl":"https:\/\/secure.gravatar.com\/avatar\/ea53aa3bf6c9a12d5fde8ce4deff43fef3885ae33cf60184161a50d6987cfd2f?s=96&d=mm&r=g","caption":"admin"},"sameAs":["https:\/\/veritasinfo.org"],"url":"https:\/\/veritasinfo.org\/?author=1"}]}},"featured_image_urls":{"full":["https:\/\/veritasinfo.org\/wp-content\/uploads\/2025\/08\/IMG_2838.png",780,500,false],"thumbnail":["https:\/\/veritasinfo.org\/wp-content\/uploads\/2025\/08\/IMG_2838-150x150.png",150,150,true],"medium":["https:\/\/veritasinfo.org\/wp-content\/uploads\/2025\/08\/IMG_2838-300x192.png",300,192,true],"medium_large":["https:\/\/veritasinfo.org\/wp-content\/uploads\/2025\/08\/IMG_2838-768x492.png",640,410,true],"large":["https:\/\/veritasinfo.org\/wp-content\/uploads\/2025\/08\/IMG_2838.png",640,410,false],"1536x1536":["https:\/\/veritasinfo.org\/wp-content\/uploads\/2025\/08\/IMG_2838.png",780,500,false],"2048x2048":["https:\/\/veritasinfo.org\/wp-content\/uploads\/2025\/08\/IMG_2838.png",780,500,false],"kreeti-slider-full":["https:\/\/veritasinfo.org\/wp-content\/uploads\/2025\/08\/IMG_2838.png",780,500,false],"kreeti-featured":["https:\/\/veritasinfo.org\/wp-content\/uploads\/2025\/08\/IMG_2838.png",780,500,false],"kreeti-medium":["https:\/\/veritasinfo.org\/wp-content\/uploads\/2025\/08\/IMG_2838.png",720,462,false],"kreeti-medium-square":["https:\/\/veritasinfo.org\/wp-content\/uploads\/2025\/08\/IMG_2838.png",350,224,false]},"author_info":{"info":["admin"]},"category_info":"<a href=\"https:\/\/veritasinfo.org\/?cat=58\" rel=\"category\">Politik\u00eb<\/a>","tag_info":"Politik\u00eb","comment_count":"0","_links":{"self":[{"href":"https:\/\/veritasinfo.org\/index.php?rest_route=\/wp\/v2\/posts\/9998","targetHints":{"allow":["GET"]}}],"collection":[{"href":"https:\/\/veritasinfo.org\/index.php?rest_route=\/wp\/v2\/posts"}],"about":[{"href":"https:\/\/veritasinfo.org\/index.php?rest_route=\/wp\/v2\/types\/post"}],"author":[{"embeddable":true,"href":"https:\/\/veritasinfo.org\/index.php?rest_route=\/wp\/v2\/users\/1"}],"replies":[{"embeddable":true,"href":"https:\/\/veritasinfo.org\/index.php?rest_route=%2Fwp%2Fv2%2Fcomments&post=9998"}],"version-history":[{"count":1,"href":"https:\/\/veritasinfo.org\/index.php?rest_route=\/wp\/v2\/posts\/9998\/revisions"}],"predecessor-version":[{"id":10000,"href":"https:\/\/veritasinfo.org\/index.php?rest_route=\/wp\/v2\/posts\/9998\/revisions\/10000"}],"wp:featuredmedia":[{"embeddable":true,"href":"https:\/\/veritasinfo.org\/index.php?rest_route=\/wp\/v2\/media\/9999"}],"wp:attachment":[{"href":"https:\/\/veritasinfo.org\/index.php?rest_route=%2Fwp%2Fv2%2Fmedia&parent=9998"}],"wp:term":[{"taxonomy":"category","embeddable":true,"href":"https:\/\/veritasinfo.org\/index.php?rest_route=%2Fwp%2Fv2%2Fcategories&post=9998"},{"taxonomy":"post_tag","embeddable":true,"href":"https:\/\/veritasinfo.org\/index.php?rest_route=%2Fwp%2Fv2%2Ftags&post=9998"}],"curies":[{"name":"wp","href":"https:\/\/api.w.org\/{rel}","templated":true}]}}