{"id":9986,"date":"2025-08-29T18:41:46","date_gmt":"2025-08-29T16:41:46","guid":{"rendered":"https:\/\/veritasinfo.org\/?p=9986"},"modified":"2025-08-29T18:41:46","modified_gmt":"2025-08-29T16:41:46","slug":"spiunja-serbe-fliste-me-te-akuzuarin-e-banjskes-i-cili-ka-foto-me-slavko-siqmiqin","status":"publish","type":"post","link":"https:\/\/veritasinfo.org\/?p=9986","title":{"rendered":"Spiunja serbe fliste me t\u00eb akuzuarin e Banjsk\u00ebs, i cili ka foto me Slavko Siqmiqin"},"content":{"rendered":"<p>Mitrovic\u00eb, 29 Gusht 2025<\/p>\n<p><strong>Detaje t\u00eb reja t\u00eb publikuara nga mediat kroate, tregojn\u00eb se spiunja e dyshuar nga Mitrovica, 46 vje\u00e7arja Ana Murganiq, kishte komunikim me t\u00eb akuzuarin p\u00ebr sulmin terrorist n\u00eb Banjsk\u00eb, Vladimir Radivojeviqin, i njohur me nofk\u00ebn \u201cMami\u201d. Lista Serbe e ka mohuar se e njeh spiunen e dyshuar nga Mitrovica, por Slavko Simiqi ka fotografi bashk\u00eb me Vladimir Radivojeviqin \u201cMamin\u201d, me t\u00eb cilin duken shum\u00eb t\u00eb af\u00ebrt.<\/strong><\/p>\n<p>Mediat kroate po pretendojn\u00eb se spiunja e dyshuar nga Mitrovica, Ana Murganiq, ka spiunuar p\u00ebr List\u00ebn Serbe, por Igor Simiq dje tha se as ai e as Lista Serbe nuk e njoh\u00ebn spiunen e dyshuar.<\/p>\n<p>Por, provat q\u00eb dalin n\u00eb drit\u00eb, e tregojn\u00eb t\u00eb kund\u00ebrt\u00ebn.<\/p>\n<p>Spiunja e dyshuar e cila ra n\u00eb pranga t\u00eb kroat\u00ebve bashk\u00eb me t\u00eb dashurin kroat J.I, pilot i KFOR-it, del se ka pasur kontakte edhe me nj\u00eb serb q\u00eb akuzohet nga Prokuroria n\u00eb Kosov\u00eb se ishte pjes\u00eb e sulmit terrorist n\u00eb Banjsk\u00eb.<\/p>\n<p>Sipas mediave kroate, gjat\u00eb hetimeve \u00ebsht\u00eb gjetur se serbja nga Mitrovica, komunikonte edhe me nj\u00ebrin prej t\u00eb k\u00ebrkuarve kryesor n\u00eb rastin Banjska, Vladimir Radivojeciqin, i njohur me nofk\u00ebn \u201cMami\u201d.<\/p>\n<p><strong>\u00a0\u201c<em>A.M. i shkroi edhe shokut t\u00eb saj t\u00eb f\u00ebmij\u00ebris\u00eb,\u00a0<\/em><\/strong><em><strong>Vladimir Radivojeviq,\u00a0<\/strong><\/em><strong><em>i njohur si Mami, nj\u00eb nga p\u00ebrfaq\u00ebsuesit e serb\u00ebve nga veriu i Kosov\u00ebs. Ai vjen nga Mitrovica, ashtu si ajo, por autoritetet e Kosov\u00ebs e konsiderojn\u00eb at\u00eb nj\u00eb nga udh\u00ebheq\u00ebsit e t\u00eb ashtuquajturave \u201cBrigada Veriore\u201d, nj\u00eb organizat\u00eb aktive n\u00eb veri t\u00eb vendit q\u00eb \u00ebsht\u00eb e lidhur me struktura nga Beogradi\u2026<\/em><\/strong><\/p>\n<p><strong>\u2013<em> Hetuesit e konsiderojn\u00eb mesazhin q\u00eb A. M. i d\u00ebrgoi atij si t\u00eb diskutuesh\u00ebm, duke shkruar: \u201cDuhet ta sqarosh sulmin ndaj KFOR-it n\u00eb \u00e7do m\u00ebnyr\u00eb q\u00eb di dhe mundesh.\u201d Po at\u00eb dit\u00eb, i dashuri i saj pilot i d\u00ebrgoi nj\u00eb mesazh: \u201cV\u00ebrtet e ke prishur pun\u00ebn mbr\u00ebm\u00eb\u201d.<\/em><\/strong><\/p>\n<p><img decoding=\"async\" class=\"alignnone size-medium wp-image-9987 lazyload\" data-src=\"https:\/\/veritasinfo.org\/wp-content\/uploads\/2025\/08\/IMG_2835-300x155.jpeg\" alt=\"\" width=\"300\" height=\"155\" data-srcset=\"https:\/\/veritasinfo.org\/wp-content\/uploads\/2025\/08\/IMG_2835-300x155.jpeg 300w, https:\/\/veritasinfo.org\/wp-content\/uploads\/2025\/08\/IMG_2835.jpeg 763w\" data-sizes=\"(max-width: 300px) 100vw, 300px\" src=\"data:image\/gif;base64,R0lGODlhAQABAAAAACH5BAEKAAEALAAAAAABAAEAAAICTAEAOw==\" style=\"--smush-placeholder-width: 300px; --smush-placeholder-aspect-ratio: 300\/155;\" \/><\/p>\n<p>E provat, sikurse k\u00ebto fotografi tregojn\u00eb se Mami kishte raporte t\u00eb mira me zyrtar\u00eb t\u00eb lart\u00eb t\u00eb List\u00ebs Serbe. Aty ai shihet me Slavko Simiqin, njeriun q\u00eb tash po pretendon t\u00eb b\u00ebhet n\u00ebnkryetar i Kuvendit.<\/p>\n<p>Kujtojm\u00eb se Mami-t i ishte gjetur telefoni pran\u00eb bomb\u00ebs shp\u00ebrthyese q\u00eb rezultoi me vrasjen e Policit rreshter, tash heroit, Afrim Bunjaku n\u00eb dit\u00ebn kritike t\u00eb 24 shtatorit 2023.<\/p>\n<p>Mesazhi q\u00eb mediat kroate publikuan q\u00eb serbja ia d\u00ebrgoi Radivojeviqit, lidhet me dat\u00ebn 25 dhjetori 2022, dat\u00eb kur n\u00eb Zubin Potok u sulmuan ushtar\u00ebt e KFOR-it nga persona t\u00eb maskuar.<\/p>\n<p>Sipas mediave kroate, \u00e7ifti q\u00eb u arrestuar p\u00ebr spiunazh u takuan 9 vjet m\u00eb her\u00ebt, n\u00eb vitin 2016, at\u00ebher\u00eb kur Ana Murganiq punonte si p\u00ebrkthyese n\u00eb EULEX, nd\u00ebrsa piloti kroat ishte pjes\u00eb e kontigjentit t\u00eb KFOR-it.<\/p>\n<p>P\u00ebr Vladimir Radivojeviqin ose \u201cMamin\u201d, m\u00eb her\u00ebt \u00ebsht\u00eb raportuar se \u00ebsht\u00eb njeri i af\u00ebrt edhe me Aleksandar Vu\u00e7iq.<\/p>\n<p>Lista Serbe pos q\u00eb e kan\u00eb mohuar se nuk e njohin k\u00ebt\u00eb grua nuk kan\u00eb folur p\u00ebr asnj\u00eb detaj lidhur me skandalin.<\/p>\n<p>Dyshimet jan\u00eb se piloti kroat duke shfryt\u00ebzuar pozit\u00ebn e tij n\u00eb KFOR, t\u00eb dashur\u00ebs serbe, i ka dh\u00ebn\u00eb informacione mbi l\u00ebvizjet e trupave t\u00eb misionit paqeruajt\u00ebs t\u00eb NATO-s, e cila m\u00eb pas ia ka dh\u00ebn\u00eb List\u00ebs Serbe. Spiunazh dyshohet se kan\u00eb b\u00ebr\u00eb edhe n\u00eb periudh\u00ebn kur i dyshuari p\u00ebr sulm ndaj zyrave t\u00eb KQZ-s\u00eb, Dejan Pantiq, nga veriu, nuk mund t\u00eb transportohej p\u00ebr n\u00eb Prishtin\u00eb.<\/p>\n","protected":false},"excerpt":{"rendered":"<p>Mitrovic\u00eb, 29 Gusht 2025 Detaje t\u00eb reja t\u00eb publikuara nga mediat kroate, tregojn\u00eb se spiunja e dyshuar nga Mitrovica, 46 vje\u00e7arja Ana Murganiq, kishte komunikim<\/p>\n","protected":false},"author":1,"featured_media":9988,"comment_status":"open","ping_status":"open","sticky":false,"template":"","format":"standard","meta":{"footnotes":""},"categories":[58],"tags":[],"class_list":["post-9986","post","type-post","status-publish","format-standard","has-post-thumbnail","hentry","category-politike-sq"],"yoast_head":"<!-- This site is optimized with the Yoast SEO plugin v25.3.1 - https:\/\/yoast.com\/wordpress\/plugins\/seo\/ -->\n<title>Spiunja serbe fliste me t\u00eb akuzuarin e Banjsk\u00ebs, i cili ka foto me Slavko Siqmiqin -<\/title>\n<meta name=\"robots\" content=\"index, follow, max-snippet:-1, max-image-preview:large, max-video-preview:-1\" \/>\n<link rel=\"canonical\" href=\"https:\/\/veritasinfo.org\/?p=9986\" \/>\n<meta property=\"og:locale\" content=\"en_US\" \/>\n<meta property=\"og:type\" content=\"article\" \/>\n<meta property=\"og:title\" content=\"Spiunja serbe fliste me t\u00eb akuzuarin e Banjsk\u00ebs, i cili ka foto me Slavko Siqmiqin -\" \/>\n<meta property=\"og:description\" content=\"Mitrovic\u00eb, 29 Gusht 2025 Detaje t\u00eb reja t\u00eb publikuara nga mediat kroate, tregojn\u00eb se spiunja e dyshuar nga Mitrovica, 46 vje\u00e7arja Ana Murganiq, kishte komunikim\" \/>\n<meta property=\"og:url\" content=\"https:\/\/veritasinfo.org\/?p=9986\" \/>\n<meta property=\"article:published_time\" content=\"2025-08-29T16:41:46+00:00\" \/>\n<meta property=\"og:image\" content=\"https:\/\/veritasinfo.org\/wp-content\/uploads\/2025\/08\/IMG_2834.jpeg\" \/>\n\t<meta property=\"og:image:width\" content=\"696\" \/>\n\t<meta property=\"og:image:height\" content=\"365\" \/>\n\t<meta property=\"og:image:type\" content=\"image\/jpeg\" \/>\n<meta name=\"author\" content=\"admin\" \/>\n<meta name=\"twitter:card\" content=\"summary_large_image\" \/>\n<meta name=\"twitter:label1\" content=\"Written by\" \/>\n\t<meta name=\"twitter:data1\" content=\"admin\" \/>\n\t<meta name=\"twitter:label2\" content=\"Est. reading time\" \/>\n\t<meta name=\"twitter:data2\" content=\"3 minutes\" \/>\n<script type=\"application\/ld+json\" class=\"yoast-schema-graph\">{\"@context\":\"https:\/\/schema.org\",\"@graph\":[{\"@type\":\"WebPage\",\"@id\":\"https:\/\/veritasinfo.org\/?p=9986\",\"url\":\"https:\/\/veritasinfo.org\/?p=9986\",\"name\":\"Spiunja serbe fliste me t\u00eb akuzuarin e Banjsk\u00ebs, i cili ka foto me Slavko Siqmiqin -\",\"isPartOf\":{\"@id\":\"https:\/\/veritasinfo.org\/#website\"},\"primaryImageOfPage\":{\"@id\":\"https:\/\/veritasinfo.org\/?p=9986#primaryimage\"},\"image\":{\"@id\":\"https:\/\/veritasinfo.org\/?p=9986#primaryimage\"},\"thumbnailUrl\":\"https:\/\/veritasinfo.org\/wp-content\/uploads\/2025\/08\/IMG_2834.jpeg\",\"datePublished\":\"2025-08-29T16:41:46+00:00\",\"author\":{\"@id\":\"https:\/\/veritasinfo.org\/#\/schema\/person\/7701f8c088bece422266b100a712374f\"},\"breadcrumb\":{\"@id\":\"https:\/\/veritasinfo.org\/?p=9986#breadcrumb\"},\"inLanguage\":\"en-US\",\"potentialAction\":[{\"@type\":\"ReadAction\",\"target\":[\"https:\/\/veritasinfo.org\/?p=9986\"]}]},{\"@type\":\"ImageObject\",\"inLanguage\":\"en-US\",\"@id\":\"https:\/\/veritasinfo.org\/?p=9986#primaryimage\",\"url\":\"https:\/\/veritasinfo.org\/wp-content\/uploads\/2025\/08\/IMG_2834.jpeg\",\"contentUrl\":\"https:\/\/veritasinfo.org\/wp-content\/uploads\/2025\/08\/IMG_2834.jpeg\",\"width\":696,\"height\":365},{\"@type\":\"BreadcrumbList\",\"@id\":\"https:\/\/veritasinfo.org\/?p=9986#breadcrumb\",\"itemListElement\":[{\"@type\":\"ListItem\",\"position\":1,\"name\":\"Home\",\"item\":\"https:\/\/veritasinfo.org\/\"},{\"@type\":\"ListItem\",\"position\":2,\"name\":\"Spiunja serbe fliste me t\u00eb akuzuarin e Banjsk\u00ebs, i cili ka foto me Slavko Siqmiqin\"}]},{\"@type\":\"WebSite\",\"@id\":\"https:\/\/veritasinfo.org\/#website\",\"url\":\"https:\/\/veritasinfo.org\/\",\"name\":\"\",\"description\":\"\",\"potentialAction\":[{\"@type\":\"SearchAction\",\"target\":{\"@type\":\"EntryPoint\",\"urlTemplate\":\"https:\/\/veritasinfo.org\/?s={search_term_string}\"},\"query-input\":{\"@type\":\"PropertyValueSpecification\",\"valueRequired\":true,\"valueName\":\"search_term_string\"}}],\"inLanguage\":\"en-US\"},{\"@type\":\"Person\",\"@id\":\"https:\/\/veritasinfo.org\/#\/schema\/person\/7701f8c088bece422266b100a712374f\",\"name\":\"admin\",\"image\":{\"@type\":\"ImageObject\",\"inLanguage\":\"en-US\",\"@id\":\"https:\/\/veritasinfo.org\/#\/schema\/person\/image\/\",\"url\":\"https:\/\/secure.gravatar.com\/avatar\/ea53aa3bf6c9a12d5fde8ce4deff43fef3885ae33cf60184161a50d6987cfd2f?s=96&d=mm&r=g\",\"contentUrl\":\"https:\/\/secure.gravatar.com\/avatar\/ea53aa3bf6c9a12d5fde8ce4deff43fef3885ae33cf60184161a50d6987cfd2f?s=96&d=mm&r=g\",\"caption\":\"admin\"},\"sameAs\":[\"https:\/\/veritasinfo.org\"],\"url\":\"https:\/\/veritasinfo.org\/?author=1\"}]}<\/script>\n<!-- \/ Yoast SEO plugin. -->","yoast_head_json":{"title":"Spiunja serbe fliste me t\u00eb akuzuarin e Banjsk\u00ebs, i cili ka foto me Slavko Siqmiqin -","robots":{"index":"index","follow":"follow","max-snippet":"max-snippet:-1","max-image-preview":"max-image-preview:large","max-video-preview":"max-video-preview:-1"},"canonical":"https:\/\/veritasinfo.org\/?p=9986","og_locale":"en_US","og_type":"article","og_title":"Spiunja serbe fliste me t\u00eb akuzuarin e Banjsk\u00ebs, i cili ka foto me Slavko Siqmiqin -","og_description":"Mitrovic\u00eb, 29 Gusht 2025 Detaje t\u00eb reja t\u00eb publikuara nga mediat kroate, tregojn\u00eb se spiunja e dyshuar nga Mitrovica, 46 vje\u00e7arja Ana Murganiq, kishte komunikim","og_url":"https:\/\/veritasinfo.org\/?p=9986","article_published_time":"2025-08-29T16:41:46+00:00","og_image":[{"width":696,"height":365,"url":"https:\/\/veritasinfo.org\/wp-content\/uploads\/2025\/08\/IMG_2834.jpeg","type":"image\/jpeg"}],"author":"admin","twitter_card":"summary_large_image","twitter_misc":{"Written by":"admin","Est. reading time":"3 minutes"},"schema":{"@context":"https:\/\/schema.org","@graph":[{"@type":"WebPage","@id":"https:\/\/veritasinfo.org\/?p=9986","url":"https:\/\/veritasinfo.org\/?p=9986","name":"Spiunja serbe fliste me t\u00eb akuzuarin e Banjsk\u00ebs, i cili ka foto me Slavko Siqmiqin -","isPartOf":{"@id":"https:\/\/veritasinfo.org\/#website"},"primaryImageOfPage":{"@id":"https:\/\/veritasinfo.org\/?p=9986#primaryimage"},"image":{"@id":"https:\/\/veritasinfo.org\/?p=9986#primaryimage"},"thumbnailUrl":"https:\/\/veritasinfo.org\/wp-content\/uploads\/2025\/08\/IMG_2834.jpeg","datePublished":"2025-08-29T16:41:46+00:00","author":{"@id":"https:\/\/veritasinfo.org\/#\/schema\/person\/7701f8c088bece422266b100a712374f"},"breadcrumb":{"@id":"https:\/\/veritasinfo.org\/?p=9986#breadcrumb"},"inLanguage":"en-US","potentialAction":[{"@type":"ReadAction","target":["https:\/\/veritasinfo.org\/?p=9986"]}]},{"@type":"ImageObject","inLanguage":"en-US","@id":"https:\/\/veritasinfo.org\/?p=9986#primaryimage","url":"https:\/\/veritasinfo.org\/wp-content\/uploads\/2025\/08\/IMG_2834.jpeg","contentUrl":"https:\/\/veritasinfo.org\/wp-content\/uploads\/2025\/08\/IMG_2834.jpeg","width":696,"height":365},{"@type":"BreadcrumbList","@id":"https:\/\/veritasinfo.org\/?p=9986#breadcrumb","itemListElement":[{"@type":"ListItem","position":1,"name":"Home","item":"https:\/\/veritasinfo.org\/"},{"@type":"ListItem","position":2,"name":"Spiunja serbe fliste me t\u00eb akuzuarin e Banjsk\u00ebs, i cili ka foto me Slavko Siqmiqin"}]},{"@type":"WebSite","@id":"https:\/\/veritasinfo.org\/#website","url":"https:\/\/veritasinfo.org\/","name":"","description":"","potentialAction":[{"@type":"SearchAction","target":{"@type":"EntryPoint","urlTemplate":"https:\/\/veritasinfo.org\/?s={search_term_string}"},"query-input":{"@type":"PropertyValueSpecification","valueRequired":true,"valueName":"search_term_string"}}],"inLanguage":"en-US"},{"@type":"Person","@id":"https:\/\/veritasinfo.org\/#\/schema\/person\/7701f8c088bece422266b100a712374f","name":"admin","image":{"@type":"ImageObject","inLanguage":"en-US","@id":"https:\/\/veritasinfo.org\/#\/schema\/person\/image\/","url":"https:\/\/secure.gravatar.com\/avatar\/ea53aa3bf6c9a12d5fde8ce4deff43fef3885ae33cf60184161a50d6987cfd2f?s=96&d=mm&r=g","contentUrl":"https:\/\/secure.gravatar.com\/avatar\/ea53aa3bf6c9a12d5fde8ce4deff43fef3885ae33cf60184161a50d6987cfd2f?s=96&d=mm&r=g","caption":"admin"},"sameAs":["https:\/\/veritasinfo.org"],"url":"https:\/\/veritasinfo.org\/?author=1"}]}},"featured_image_urls":{"full":["https:\/\/veritasinfo.org\/wp-content\/uploads\/2025\/08\/IMG_2834.jpeg",696,365,false],"thumbnail":["https:\/\/veritasinfo.org\/wp-content\/uploads\/2025\/08\/IMG_2834-150x150.jpeg",150,150,true],"medium":["https:\/\/veritasinfo.org\/wp-content\/uploads\/2025\/08\/IMG_2834-300x157.jpeg",300,157,true],"medium_large":["https:\/\/veritasinfo.org\/wp-content\/uploads\/2025\/08\/IMG_2834.jpeg",640,336,false],"large":["https:\/\/veritasinfo.org\/wp-content\/uploads\/2025\/08\/IMG_2834.jpeg",640,336,false],"1536x1536":["https:\/\/veritasinfo.org\/wp-content\/uploads\/2025\/08\/IMG_2834.jpeg",696,365,false],"2048x2048":["https:\/\/veritasinfo.org\/wp-content\/uploads\/2025\/08\/IMG_2834.jpeg",696,365,false],"kreeti-slider-full":["https:\/\/veritasinfo.org\/wp-content\/uploads\/2025\/08\/IMG_2834.jpeg",696,365,false],"kreeti-featured":["https:\/\/veritasinfo.org\/wp-content\/uploads\/2025\/08\/IMG_2834.jpeg",696,365,false],"kreeti-medium":["https:\/\/veritasinfo.org\/wp-content\/uploads\/2025\/08\/IMG_2834.jpeg",696,365,false],"kreeti-medium-square":["https:\/\/veritasinfo.org\/wp-content\/uploads\/2025\/08\/IMG_2834.jpeg",350,184,false]},"author_info":{"info":["admin"]},"category_info":"<a href=\"https:\/\/veritasinfo.org\/?cat=58\" rel=\"category\">Politik\u00eb<\/a>","tag_info":"Politik\u00eb","comment_count":"0","_links":{"self":[{"href":"https:\/\/veritasinfo.org\/index.php?rest_route=\/wp\/v2\/posts\/9986","targetHints":{"allow":["GET"]}}],"collection":[{"href":"https:\/\/veritasinfo.org\/index.php?rest_route=\/wp\/v2\/posts"}],"about":[{"href":"https:\/\/veritasinfo.org\/index.php?rest_route=\/wp\/v2\/types\/post"}],"author":[{"embeddable":true,"href":"https:\/\/veritasinfo.org\/index.php?rest_route=\/wp\/v2\/users\/1"}],"replies":[{"embeddable":true,"href":"https:\/\/veritasinfo.org\/index.php?rest_route=%2Fwp%2Fv2%2Fcomments&post=9986"}],"version-history":[{"count":1,"href":"https:\/\/veritasinfo.org\/index.php?rest_route=\/wp\/v2\/posts\/9986\/revisions"}],"predecessor-version":[{"id":9989,"href":"https:\/\/veritasinfo.org\/index.php?rest_route=\/wp\/v2\/posts\/9986\/revisions\/9989"}],"wp:featuredmedia":[{"embeddable":true,"href":"https:\/\/veritasinfo.org\/index.php?rest_route=\/wp\/v2\/media\/9988"}],"wp:attachment":[{"href":"https:\/\/veritasinfo.org\/index.php?rest_route=%2Fwp%2Fv2%2Fmedia&parent=9986"}],"wp:term":[{"taxonomy":"category","embeddable":true,"href":"https:\/\/veritasinfo.org\/index.php?rest_route=%2Fwp%2Fv2%2Fcategories&post=9986"},{"taxonomy":"post_tag","embeddable":true,"href":"https:\/\/veritasinfo.org\/index.php?rest_route=%2Fwp%2Fv2%2Ftags&post=9986"}],"curies":[{"name":"wp","href":"https:\/\/api.w.org\/{rel}","templated":true}]}}