{"id":998,"date":"2025-06-19T07:57:54","date_gmt":"2025-06-19T05:57:54","guid":{"rendered":"https:\/\/veritasinfo.org\/?p=998"},"modified":"2025-06-19T07:57:54","modified_gmt":"2025-06-19T05:57:54","slug":"11-vjet-nga-heqja-e-barrikades-nga-ura-mbi-lumin-iber-kujtim-ndarje-dhe-pasiguri","status":"publish","type":"post","link":"https:\/\/veritasinfo.org\/?p=998","title":{"rendered":"11 vjet nga heqja e barrikad\u00ebs nga ura mbi lumin Ib\u00ebr: Kujtim, ndarje dhe pasiguri"},"content":{"rendered":"<p><strong>Mitrovic\u00eb,18 qershor 2025<\/strong> \u2013 K\u00ebto dit\u00eb sh\u00ebnohen nj\u00ebmb\u00ebdhjet\u00eb vjet nga heqja e barrikad\u00ebs n\u00eb ur\u00ebn kryesore mbi lumin Ib\u00ebr n\u00eb Mitrovic\u00ebn e Veriut, ndarja simbolike dhe fizike midis Mitrovic\u00ebs s\u00eb Veriut dhe asaj t\u00eb Jugut. Edhe pse barrikada \u00ebsht\u00eb hequr, ndarjet, frika dhe tensionet politike mbeten t\u00eb rr\u00ebnjosura thell\u00eb.<\/p>\n<p>Shum\u00eb qytetar\u00eb t\u00eb pjes\u00ebs veriore t\u00eb Mitrovic\u00ebs besojn\u00eb se heqja e barrikad\u00ebs ishte nj\u00eb n\u00ebnshtrim simbolik ndaj presionit dhe frik\u00ebs p\u00ebr sigurin\u00eb: &#8220;Barrikada ishte m\u00ebnyra jon\u00eb p\u00ebr t\u00eb treguar se nuk pajtohemi me zgjidhje t\u00eb imponuara. Sot nuk ka m\u00eb nj\u00eb barrier\u00eb fizike, por njer\u00ebzit ende nuk ndihen t\u00eb sigurt p\u00ebr t\u00eb kaluar n\u00eb an\u00ebn tjet\u00ebr&#8221;, thot\u00eb Milan J., nj\u00eb banor i Mikrolagjes.<\/p>\n<p>&#8220;M\u00eb thuaj vet\u00ebm, \u00e7far\u00eb kemi fituar ndonj\u00ebher\u00eb nga ngritja e barrikadave? I b\u00ebm\u00eb t\u00eb arrestonin njer\u00ebz t\u00eb zakonsh\u00ebm q\u00eb ishin ftuar n\u00eb t\u00eb nj\u00ebjtat barrikada nga shefat e tyre si nj\u00eb lloj detyrimi pune\u201d, tha nj\u00eb qytetar tjet\u00ebr.<\/p>\n<p>Aktivist\u00ebt e shoq\u00ebris\u00eb civile e shohin k\u00ebt\u00eb p\u00ebrvjetor ndryshe. Disa theksojn\u00eb se heqja e barrikad\u00ebs ishte nj\u00eb hap drejt liris\u00eb s\u00eb l\u00ebvizjes dhe normalizimit t\u00eb jet\u00ebs, nd\u00ebrsa t\u00eb tjer\u00eb paralajm\u00ebrojn\u00eb p\u00ebr munges\u00ebn e dialogut thelb\u00ebsor:<\/p>\n<p>&#8220;Ura nuk \u00ebsht\u00eb vet\u00ebm nj\u00eb struktur\u00eb betoni, por nj\u00eb metafor\u00eb p\u00ebr mosbesim. Heqja e barrikad\u00ebs nuk u shoq\u00ebrua me heqjen e p\u00ebr\u00e7arjeve t\u00eb thella politike dhe etnike&#8221;, thot\u00eb Jelena K nga nj\u00eb OJQ nga veriu i Kosov\u00ebs. P\u00ebr q\u00ebndrimin e tij mbi k\u00ebt\u00eb tem\u00eb, pyet\u00ebm aktivistin civil dhe shkenc\u00ebtarin politik Ognjen Gogiq, i cili thot\u00eb: &#8220;Mendoj se \u00ebsht\u00eb nj\u00eb pyetje pa kuptim. Kujt i intereson n\u00eb fund t\u00eb fundit. Dhe un\u00eb nuk isha atje n\u00eb at\u00eb koh\u00eb p\u00ebr t\u00eb pasur nj\u00eb mendim p\u00ebr k\u00ebt\u00eb\u201d.<\/p>\n<p>P\u00ebrfaq\u00ebsuesit politik\u00eb t\u00eb komunitetit serb pretendojn\u00eb se heqja e barrikad\u00ebs ishte e paligjshme dhe se vullneti i popullit nuk u mor n\u00eb konsiderat\u00eb: &#8220;Vendimet n\u00eb at\u00eb koh\u00eb u mor\u00ebn pa konsultim me serb\u00ebt vendas. Ky ishte fillimi i procesit t\u00eb margjinalizimit t\u00eb komunitetit serb n\u00eb Mitrovic\u00eb dhe m\u00eb gjer\u00eb&#8221;, tha Igor Rajiqiq nga L\u00ebvizja Popullore Serbe.<\/p>\n<p>Milija Bishevac, kryetar i L\u00ebvizjes Popullore Serbe, shpreh mendimin e tij: &#8220;Urat duhet t\u00eb sh\u00ebrbejn\u00eb p\u00ebr t\u00eb lidhur njer\u00ebzit, jo si mjet politik. Q\u00ebndrimi yn\u00eb \u00ebsht\u00eb se asnj\u00eb problem nuk mund t\u00eb zgjidhet me l\u00ebvizje t\u00eb nj\u00ebanshme. Dialogu \u00ebsht\u00eb e vetmja m\u00ebnyr\u00eb. Heqja e barrikad\u00ebs nuk u shoq\u00ebrua me ndonj\u00eb bised\u00eb thelb\u00ebsore me komunitetin serb. Ura mbi Ib\u00ebr duhet t\u00eb jet\u00eb nj\u00eb ur\u00eb mir\u00ebkuptimi, jo ndarjesh t\u00eb reja.\u201d, tha Bishevac.<\/p>\n","protected":false},"excerpt":{"rendered":"<p>Mitrovic\u00eb,18 qershor 2025 \u2013 K\u00ebto dit\u00eb sh\u00ebnohen nj\u00ebmb\u00ebdhjet\u00eb vjet nga heqja e barrikad\u00ebs n\u00eb ur\u00ebn kryesore mbi lumin Ib\u00ebr n\u00eb Mitrovic\u00ebn e Veriut, ndarja simbolike<\/p>\n","protected":false},"author":2,"featured_media":999,"comment_status":"open","ping_status":"open","sticky":false,"template":"","format":"standard","meta":{"footnotes":""},"categories":[58],"tags":[],"class_list":["post-998","post","type-post","status-publish","format-standard","has-post-thumbnail","hentry","category-politike-sq"],"yoast_head":"<!-- This site is optimized with the Yoast SEO plugin v25.3.1 - https:\/\/yoast.com\/wordpress\/plugins\/seo\/ -->\n<title>11 vjet nga heqja e barrikad\u00ebs nga ura mbi lumin Ib\u00ebr: Kujtim, ndarje dhe pasiguri -<\/title>\n<meta name=\"robots\" content=\"index, follow, max-snippet:-1, max-image-preview:large, max-video-preview:-1\" \/>\n<link rel=\"canonical\" href=\"https:\/\/veritasinfo.org\/?p=998\" \/>\n<meta property=\"og:locale\" content=\"en_US\" \/>\n<meta property=\"og:type\" content=\"article\" \/>\n<meta property=\"og:title\" content=\"11 vjet nga heqja e barrikad\u00ebs nga ura mbi lumin Ib\u00ebr: Kujtim, ndarje dhe pasiguri -\" \/>\n<meta property=\"og:description\" content=\"Mitrovic\u00eb,18 qershor 2025 \u2013 K\u00ebto dit\u00eb sh\u00ebnohen nj\u00ebmb\u00ebdhjet\u00eb vjet nga heqja e barrikad\u00ebs n\u00eb ur\u00ebn kryesore mbi lumin Ib\u00ebr n\u00eb Mitrovic\u00ebn e Veriut, ndarja simbolike\" \/>\n<meta property=\"og:url\" content=\"https:\/\/veritasinfo.org\/?p=998\" \/>\n<meta property=\"article:published_time\" content=\"2025-06-19T05:57:54+00:00\" \/>\n<meta property=\"og:image\" content=\"https:\/\/veritasinfo.org\/wp-content\/uploads\/2025\/06\/barrikada.jpg\" \/>\n\t<meta property=\"og:image:width\" content=\"767\" \/>\n\t<meta property=\"og:image:height\" content=\"432\" \/>\n\t<meta property=\"og:image:type\" content=\"image\/jpeg\" \/>\n<meta name=\"author\" content=\"US1\" \/>\n<meta name=\"twitter:card\" content=\"summary_large_image\" \/>\n<meta name=\"twitter:label1\" content=\"Written by\" \/>\n\t<meta name=\"twitter:data1\" content=\"US1\" \/>\n\t<meta name=\"twitter:label2\" content=\"Est. reading time\" \/>\n\t<meta name=\"twitter:data2\" content=\"2 minutes\" \/>\n<script type=\"application\/ld+json\" class=\"yoast-schema-graph\">{\"@context\":\"https:\/\/schema.org\",\"@graph\":[{\"@type\":\"WebPage\",\"@id\":\"https:\/\/veritasinfo.org\/?p=998\",\"url\":\"https:\/\/veritasinfo.org\/?p=998\",\"name\":\"11 vjet nga heqja e barrikad\u00ebs nga ura mbi lumin Ib\u00ebr: Kujtim, ndarje dhe pasiguri -\",\"isPartOf\":{\"@id\":\"https:\/\/veritasinfo.org\/#website\"},\"primaryImageOfPage\":{\"@id\":\"https:\/\/veritasinfo.org\/?p=998#primaryimage\"},\"image\":{\"@id\":\"https:\/\/veritasinfo.org\/?p=998#primaryimage\"},\"thumbnailUrl\":\"https:\/\/veritasinfo.org\/wp-content\/uploads\/2025\/06\/barrikada.jpg\",\"datePublished\":\"2025-06-19T05:57:54+00:00\",\"author\":{\"@id\":\"https:\/\/veritasinfo.org\/#\/schema\/person\/c2b8be262ea994d0995addca692c5e98\"},\"breadcrumb\":{\"@id\":\"https:\/\/veritasinfo.org\/?p=998#breadcrumb\"},\"inLanguage\":\"en-US\",\"potentialAction\":[{\"@type\":\"ReadAction\",\"target\":[\"https:\/\/veritasinfo.org\/?p=998\"]}]},{\"@type\":\"ImageObject\",\"inLanguage\":\"en-US\",\"@id\":\"https:\/\/veritasinfo.org\/?p=998#primaryimage\",\"url\":\"https:\/\/veritasinfo.org\/wp-content\/uploads\/2025\/06\/barrikada.jpg\",\"contentUrl\":\"https:\/\/veritasinfo.org\/wp-content\/uploads\/2025\/06\/barrikada.jpg\",\"width\":767,\"height\":432},{\"@type\":\"BreadcrumbList\",\"@id\":\"https:\/\/veritasinfo.org\/?p=998#breadcrumb\",\"itemListElement\":[{\"@type\":\"ListItem\",\"position\":1,\"name\":\"Home\",\"item\":\"https:\/\/veritasinfo.org\/\"},{\"@type\":\"ListItem\",\"position\":2,\"name\":\"11 vjet nga heqja e barrikad\u00ebs nga ura mbi lumin Ib\u00ebr: Kujtim, ndarje dhe pasiguri\"}]},{\"@type\":\"WebSite\",\"@id\":\"https:\/\/veritasinfo.org\/#website\",\"url\":\"https:\/\/veritasinfo.org\/\",\"name\":\"\",\"description\":\"\",\"potentialAction\":[{\"@type\":\"SearchAction\",\"target\":{\"@type\":\"EntryPoint\",\"urlTemplate\":\"https:\/\/veritasinfo.org\/?s={search_term_string}\"},\"query-input\":{\"@type\":\"PropertyValueSpecification\",\"valueRequired\":true,\"valueName\":\"search_term_string\"}}],\"inLanguage\":\"en-US\"},{\"@type\":\"Person\",\"@id\":\"https:\/\/veritasinfo.org\/#\/schema\/person\/c2b8be262ea994d0995addca692c5e98\",\"name\":\"US1\",\"image\":{\"@type\":\"ImageObject\",\"inLanguage\":\"en-US\",\"@id\":\"https:\/\/veritasinfo.org\/#\/schema\/person\/image\/\",\"url\":\"https:\/\/secure.gravatar.com\/avatar\/4e96a59bd256abf9956eb9963ac891a47461ffb364d47b0e9aab113328fdb75b?s=96&d=mm&r=g\",\"contentUrl\":\"https:\/\/secure.gravatar.com\/avatar\/4e96a59bd256abf9956eb9963ac891a47461ffb364d47b0e9aab113328fdb75b?s=96&d=mm&r=g\",\"caption\":\"US1\"},\"url\":\"https:\/\/veritasinfo.org\/?author=2\"}]}<\/script>\n<!-- \/ Yoast SEO plugin. -->","yoast_head_json":{"title":"11 vjet nga heqja e barrikad\u00ebs nga ura mbi lumin Ib\u00ebr: Kujtim, ndarje dhe pasiguri -","robots":{"index":"index","follow":"follow","max-snippet":"max-snippet:-1","max-image-preview":"max-image-preview:large","max-video-preview":"max-video-preview:-1"},"canonical":"https:\/\/veritasinfo.org\/?p=998","og_locale":"en_US","og_type":"article","og_title":"11 vjet nga heqja e barrikad\u00ebs nga ura mbi lumin Ib\u00ebr: Kujtim, ndarje dhe pasiguri -","og_description":"Mitrovic\u00eb,18 qershor 2025 \u2013 K\u00ebto dit\u00eb sh\u00ebnohen nj\u00ebmb\u00ebdhjet\u00eb vjet nga heqja e barrikad\u00ebs n\u00eb ur\u00ebn kryesore mbi lumin Ib\u00ebr n\u00eb Mitrovic\u00ebn e Veriut, ndarja simbolike","og_url":"https:\/\/veritasinfo.org\/?p=998","article_published_time":"2025-06-19T05:57:54+00:00","og_image":[{"width":767,"height":432,"url":"https:\/\/veritasinfo.org\/wp-content\/uploads\/2025\/06\/barrikada.jpg","type":"image\/jpeg"}],"author":"US1","twitter_card":"summary_large_image","twitter_misc":{"Written by":"US1","Est. reading time":"2 minutes"},"schema":{"@context":"https:\/\/schema.org","@graph":[{"@type":"WebPage","@id":"https:\/\/veritasinfo.org\/?p=998","url":"https:\/\/veritasinfo.org\/?p=998","name":"11 vjet nga heqja e barrikad\u00ebs nga ura mbi lumin Ib\u00ebr: Kujtim, ndarje dhe pasiguri -","isPartOf":{"@id":"https:\/\/veritasinfo.org\/#website"},"primaryImageOfPage":{"@id":"https:\/\/veritasinfo.org\/?p=998#primaryimage"},"image":{"@id":"https:\/\/veritasinfo.org\/?p=998#primaryimage"},"thumbnailUrl":"https:\/\/veritasinfo.org\/wp-content\/uploads\/2025\/06\/barrikada.jpg","datePublished":"2025-06-19T05:57:54+00:00","author":{"@id":"https:\/\/veritasinfo.org\/#\/schema\/person\/c2b8be262ea994d0995addca692c5e98"},"breadcrumb":{"@id":"https:\/\/veritasinfo.org\/?p=998#breadcrumb"},"inLanguage":"en-US","potentialAction":[{"@type":"ReadAction","target":["https:\/\/veritasinfo.org\/?p=998"]}]},{"@type":"ImageObject","inLanguage":"en-US","@id":"https:\/\/veritasinfo.org\/?p=998#primaryimage","url":"https:\/\/veritasinfo.org\/wp-content\/uploads\/2025\/06\/barrikada.jpg","contentUrl":"https:\/\/veritasinfo.org\/wp-content\/uploads\/2025\/06\/barrikada.jpg","width":767,"height":432},{"@type":"BreadcrumbList","@id":"https:\/\/veritasinfo.org\/?p=998#breadcrumb","itemListElement":[{"@type":"ListItem","position":1,"name":"Home","item":"https:\/\/veritasinfo.org\/"},{"@type":"ListItem","position":2,"name":"11 vjet nga heqja e barrikad\u00ebs nga ura mbi lumin Ib\u00ebr: Kujtim, ndarje dhe pasiguri"}]},{"@type":"WebSite","@id":"https:\/\/veritasinfo.org\/#website","url":"https:\/\/veritasinfo.org\/","name":"","description":"","potentialAction":[{"@type":"SearchAction","target":{"@type":"EntryPoint","urlTemplate":"https:\/\/veritasinfo.org\/?s={search_term_string}"},"query-input":{"@type":"PropertyValueSpecification","valueRequired":true,"valueName":"search_term_string"}}],"inLanguage":"en-US"},{"@type":"Person","@id":"https:\/\/veritasinfo.org\/#\/schema\/person\/c2b8be262ea994d0995addca692c5e98","name":"US1","image":{"@type":"ImageObject","inLanguage":"en-US","@id":"https:\/\/veritasinfo.org\/#\/schema\/person\/image\/","url":"https:\/\/secure.gravatar.com\/avatar\/4e96a59bd256abf9956eb9963ac891a47461ffb364d47b0e9aab113328fdb75b?s=96&d=mm&r=g","contentUrl":"https:\/\/secure.gravatar.com\/avatar\/4e96a59bd256abf9956eb9963ac891a47461ffb364d47b0e9aab113328fdb75b?s=96&d=mm&r=g","caption":"US1"},"url":"https:\/\/veritasinfo.org\/?author=2"}]}},"featured_image_urls":{"full":["https:\/\/veritasinfo.org\/wp-content\/uploads\/2025\/06\/barrikada.jpg",767,432,false],"thumbnail":["https:\/\/veritasinfo.org\/wp-content\/uploads\/2025\/06\/barrikada-150x150.jpg",150,150,true],"medium":["https:\/\/veritasinfo.org\/wp-content\/uploads\/2025\/06\/barrikada-300x169.jpg",300,169,true],"medium_large":["https:\/\/veritasinfo.org\/wp-content\/uploads\/2025\/06\/barrikada.jpg",640,360,false],"large":["https:\/\/veritasinfo.org\/wp-content\/uploads\/2025\/06\/barrikada.jpg",640,360,false],"1536x1536":["https:\/\/veritasinfo.org\/wp-content\/uploads\/2025\/06\/barrikada.jpg",767,432,false],"2048x2048":["https:\/\/veritasinfo.org\/wp-content\/uploads\/2025\/06\/barrikada.jpg",767,432,false],"kreeti-slider-full":["https:\/\/veritasinfo.org\/wp-content\/uploads\/2025\/06\/barrikada.jpg",767,432,false],"kreeti-featured":["https:\/\/veritasinfo.org\/wp-content\/uploads\/2025\/06\/barrikada.jpg",767,432,false],"kreeti-medium":["https:\/\/veritasinfo.org\/wp-content\/uploads\/2025\/06\/barrikada.jpg",720,406,false],"kreeti-medium-square":["https:\/\/veritasinfo.org\/wp-content\/uploads\/2025\/06\/barrikada.jpg",350,197,false]},"author_info":{"info":["US1"]},"category_info":"<a href=\"https:\/\/veritasinfo.org\/?cat=58\" rel=\"category\">Politik\u00eb<\/a>","tag_info":"Politik\u00eb","comment_count":"0","_links":{"self":[{"href":"https:\/\/veritasinfo.org\/index.php?rest_route=\/wp\/v2\/posts\/998","targetHints":{"allow":["GET"]}}],"collection":[{"href":"https:\/\/veritasinfo.org\/index.php?rest_route=\/wp\/v2\/posts"}],"about":[{"href":"https:\/\/veritasinfo.org\/index.php?rest_route=\/wp\/v2\/types\/post"}],"author":[{"embeddable":true,"href":"https:\/\/veritasinfo.org\/index.php?rest_route=\/wp\/v2\/users\/2"}],"replies":[{"embeddable":true,"href":"https:\/\/veritasinfo.org\/index.php?rest_route=%2Fwp%2Fv2%2Fcomments&post=998"}],"version-history":[{"count":1,"href":"https:\/\/veritasinfo.org\/index.php?rest_route=\/wp\/v2\/posts\/998\/revisions"}],"predecessor-version":[{"id":1000,"href":"https:\/\/veritasinfo.org\/index.php?rest_route=\/wp\/v2\/posts\/998\/revisions\/1000"}],"wp:featuredmedia":[{"embeddable":true,"href":"https:\/\/veritasinfo.org\/index.php?rest_route=\/wp\/v2\/media\/999"}],"wp:attachment":[{"href":"https:\/\/veritasinfo.org\/index.php?rest_route=%2Fwp%2Fv2%2Fmedia&parent=998"}],"wp:term":[{"taxonomy":"category","embeddable":true,"href":"https:\/\/veritasinfo.org\/index.php?rest_route=%2Fwp%2Fv2%2Fcategories&post=998"},{"taxonomy":"post_tag","embeddable":true,"href":"https:\/\/veritasinfo.org\/index.php?rest_route=%2Fwp%2Fv2%2Ftags&post=998"}],"curies":[{"name":"wp","href":"https:\/\/api.w.org\/{rel}","templated":true}]}}