{"id":9966,"date":"2025-08-29T15:15:19","date_gmt":"2025-08-29T13:15:19","guid":{"rendered":"https:\/\/veritasinfo.org\/?p=9966"},"modified":"2025-08-29T15:15:19","modified_gmt":"2025-08-29T13:15:19","slug":"kurti-per-nenad-rashiqin-punon-me-se-shumti-per-komunitetin-serb","status":"publish","type":"post","link":"https:\/\/veritasinfo.org\/?p=9966","title":{"rendered":"Kurti p\u00ebr Nenad Rashiqin: Punon m\u00eb s\u00eb shumti p\u00ebr komunitetin serb"},"content":{"rendered":"<p>Prishtin\u00eb, 29 Gusht 2025<\/p>\n<p><strong>Kryeministri n\u00eb detyr\u00eb i Kosov\u00ebs, Albin Kurti, ka vazhduar t\u00eb shpreh\u00eb mb\u00ebshtetjen e tij p\u00ebr Nenad Rashiqin si n\u00ebnkryetar t\u00eb Kuvendit.<\/strong><\/p>\n<p><em>Nenad Rashiq e pranon Republik\u00ebn e Kosov\u00ebs, punon p\u00ebr institucionet e shtetit ton\u00eb dhe \u00ebsht\u00eb ministri q\u00eb ka b\u00ebr\u00eb m\u00eb s\u00eb shumti p\u00ebr komunitetin serb n\u00eb vendin ton\u00eb\u201d<\/em>, tha Kurti, duke theksuar kontributin e Rashiqit ndaj komunitetit dhe institucioneve t\u00eb Kosov\u00ebs.<\/p>\n<p>Gjat\u00eb t\u00eb enjtjes, deputeti serb Nenad Rashiq nuk ka arritur t\u00eb marr\u00eb votat e mjaftueshme p\u00ebr tu zgjedhur si n\u00ebnkryetar.<\/p>\n<p>Ai mori vet\u00ebm 56 vota p\u00ebr, 1 kund\u00ebr dhe 20 abstenime.<\/p>\n<p>Vota kund\u00ebr ishte e deputetit t\u00eb AAK-s\u00eb, Lahi Brahimaj. Deputet\u00ebt e PDK-s\u00eb dhe ata t\u00eb Nisma-s kan\u00eb abstenuar, nd\u00ebrkaq deputet\u00ebt e LDK-s\u00eb nuk mor\u00ebn fare pjes\u00eb n\u00eb votim.<\/p>\n<p>Votat e vetme pro, Rashiq i mori nga deputet\u00ebt e LVV-s\u00eb.<\/p>\n","protected":false},"excerpt":{"rendered":"<p>Prishtin\u00eb, 29 Gusht 2025 Kryeministri n\u00eb detyr\u00eb i Kosov\u00ebs, Albin Kurti, ka vazhduar t\u00eb shpreh\u00eb mb\u00ebshtetjen e tij p\u00ebr Nenad Rashiqin si n\u00ebnkryetar t\u00eb Kuvendit.<\/p>\n","protected":false},"author":1,"featured_media":9968,"comment_status":"open","ping_status":"open","sticky":false,"template":"","format":"standard","meta":{"footnotes":""},"categories":[93],"tags":[],"class_list":["post-9966","post","type-post","status-publish","format-standard","has-post-thumbnail","hentry","category-politika-sq"],"yoast_head":"<!-- This site is optimized with the Yoast SEO plugin v25.3.1 - https:\/\/yoast.com\/wordpress\/plugins\/seo\/ -->\n<title>Kurti p\u00ebr Nenad Rashiqin: Punon m\u00eb s\u00eb shumti p\u00ebr komunitetin serb -<\/title>\n<meta name=\"robots\" content=\"index, follow, max-snippet:-1, max-image-preview:large, max-video-preview:-1\" \/>\n<link rel=\"canonical\" href=\"https:\/\/veritasinfo.org\/?p=9966\" \/>\n<meta property=\"og:locale\" content=\"en_US\" \/>\n<meta property=\"og:type\" content=\"article\" \/>\n<meta property=\"og:title\" content=\"Kurti p\u00ebr Nenad Rashiqin: Punon m\u00eb s\u00eb shumti p\u00ebr komunitetin serb -\" \/>\n<meta property=\"og:description\" content=\"Prishtin\u00eb, 29 Gusht 2025 Kryeministri n\u00eb detyr\u00eb i Kosov\u00ebs, Albin Kurti, ka vazhduar t\u00eb shpreh\u00eb mb\u00ebshtetjen e tij p\u00ebr Nenad Rashiqin si n\u00ebnkryetar t\u00eb Kuvendit.\" \/>\n<meta property=\"og:url\" content=\"https:\/\/veritasinfo.org\/?p=9966\" \/>\n<meta property=\"article:published_time\" content=\"2025-08-29T13:15:19+00:00\" \/>\n<meta property=\"og:image\" content=\"https:\/\/veritasinfo.org\/wp-content\/uploads\/2025\/08\/IMG_3499-1.jpeg\" \/>\n\t<meta property=\"og:image:width\" content=\"600\" \/>\n\t<meta property=\"og:image:height\" content=\"360\" \/>\n\t<meta property=\"og:image:type\" content=\"image\/jpeg\" \/>\n<meta name=\"author\" content=\"admin\" \/>\n<meta name=\"twitter:card\" content=\"summary_large_image\" \/>\n<meta name=\"twitter:label1\" content=\"Written by\" \/>\n\t<meta name=\"twitter:data1\" content=\"admin\" \/>\n\t<meta name=\"twitter:label2\" content=\"Est. reading time\" \/>\n\t<meta name=\"twitter:data2\" content=\"1 minute\" \/>\n<script type=\"application\/ld+json\" class=\"yoast-schema-graph\">{\"@context\":\"https:\/\/schema.org\",\"@graph\":[{\"@type\":\"WebPage\",\"@id\":\"https:\/\/veritasinfo.org\/?p=9966\",\"url\":\"https:\/\/veritasinfo.org\/?p=9966\",\"name\":\"Kurti p\u00ebr Nenad Rashiqin: Punon m\u00eb s\u00eb shumti p\u00ebr komunitetin serb -\",\"isPartOf\":{\"@id\":\"https:\/\/veritasinfo.org\/#website\"},\"primaryImageOfPage\":{\"@id\":\"https:\/\/veritasinfo.org\/?p=9966#primaryimage\"},\"image\":{\"@id\":\"https:\/\/veritasinfo.org\/?p=9966#primaryimage\"},\"thumbnailUrl\":\"https:\/\/veritasinfo.org\/wp-content\/uploads\/2025\/08\/IMG_3499-1.jpeg\",\"datePublished\":\"2025-08-29T13:15:19+00:00\",\"author\":{\"@id\":\"https:\/\/veritasinfo.org\/#\/schema\/person\/7701f8c088bece422266b100a712374f\"},\"breadcrumb\":{\"@id\":\"https:\/\/veritasinfo.org\/?p=9966#breadcrumb\"},\"inLanguage\":\"en-US\",\"potentialAction\":[{\"@type\":\"ReadAction\",\"target\":[\"https:\/\/veritasinfo.org\/?p=9966\"]}]},{\"@type\":\"ImageObject\",\"inLanguage\":\"en-US\",\"@id\":\"https:\/\/veritasinfo.org\/?p=9966#primaryimage\",\"url\":\"https:\/\/veritasinfo.org\/wp-content\/uploads\/2025\/08\/IMG_3499-1.jpeg\",\"contentUrl\":\"https:\/\/veritasinfo.org\/wp-content\/uploads\/2025\/08\/IMG_3499-1.jpeg\",\"width\":600,\"height\":360},{\"@type\":\"BreadcrumbList\",\"@id\":\"https:\/\/veritasinfo.org\/?p=9966#breadcrumb\",\"itemListElement\":[{\"@type\":\"ListItem\",\"position\":1,\"name\":\"Home\",\"item\":\"https:\/\/veritasinfo.org\/\"},{\"@type\":\"ListItem\",\"position\":2,\"name\":\"Kurti p\u00ebr Nenad Rashiqin: Punon m\u00eb s\u00eb shumti p\u00ebr komunitetin serb\"}]},{\"@type\":\"WebSite\",\"@id\":\"https:\/\/veritasinfo.org\/#website\",\"url\":\"https:\/\/veritasinfo.org\/\",\"name\":\"\",\"description\":\"\",\"potentialAction\":[{\"@type\":\"SearchAction\",\"target\":{\"@type\":\"EntryPoint\",\"urlTemplate\":\"https:\/\/veritasinfo.org\/?s={search_term_string}\"},\"query-input\":{\"@type\":\"PropertyValueSpecification\",\"valueRequired\":true,\"valueName\":\"search_term_string\"}}],\"inLanguage\":\"en-US\"},{\"@type\":\"Person\",\"@id\":\"https:\/\/veritasinfo.org\/#\/schema\/person\/7701f8c088bece422266b100a712374f\",\"name\":\"admin\",\"image\":{\"@type\":\"ImageObject\",\"inLanguage\":\"en-US\",\"@id\":\"https:\/\/veritasinfo.org\/#\/schema\/person\/image\/\",\"url\":\"https:\/\/secure.gravatar.com\/avatar\/ea53aa3bf6c9a12d5fde8ce4deff43fef3885ae33cf60184161a50d6987cfd2f?s=96&d=mm&r=g\",\"contentUrl\":\"https:\/\/secure.gravatar.com\/avatar\/ea53aa3bf6c9a12d5fde8ce4deff43fef3885ae33cf60184161a50d6987cfd2f?s=96&d=mm&r=g\",\"caption\":\"admin\"},\"sameAs\":[\"https:\/\/veritasinfo.org\"],\"url\":\"https:\/\/veritasinfo.org\/?author=1\"}]}<\/script>\n<!-- \/ Yoast SEO plugin. -->","yoast_head_json":{"title":"Kurti p\u00ebr Nenad Rashiqin: Punon m\u00eb s\u00eb shumti p\u00ebr komunitetin serb -","robots":{"index":"index","follow":"follow","max-snippet":"max-snippet:-1","max-image-preview":"max-image-preview:large","max-video-preview":"max-video-preview:-1"},"canonical":"https:\/\/veritasinfo.org\/?p=9966","og_locale":"en_US","og_type":"article","og_title":"Kurti p\u00ebr Nenad Rashiqin: Punon m\u00eb s\u00eb shumti p\u00ebr komunitetin serb -","og_description":"Prishtin\u00eb, 29 Gusht 2025 Kryeministri n\u00eb detyr\u00eb i Kosov\u00ebs, Albin Kurti, ka vazhduar t\u00eb shpreh\u00eb mb\u00ebshtetjen e tij p\u00ebr Nenad Rashiqin si n\u00ebnkryetar t\u00eb Kuvendit.","og_url":"https:\/\/veritasinfo.org\/?p=9966","article_published_time":"2025-08-29T13:15:19+00:00","og_image":[{"width":600,"height":360,"url":"https:\/\/veritasinfo.org\/wp-content\/uploads\/2025\/08\/IMG_3499-1.jpeg","type":"image\/jpeg"}],"author":"admin","twitter_card":"summary_large_image","twitter_misc":{"Written by":"admin","Est. reading time":"1 minute"},"schema":{"@context":"https:\/\/schema.org","@graph":[{"@type":"WebPage","@id":"https:\/\/veritasinfo.org\/?p=9966","url":"https:\/\/veritasinfo.org\/?p=9966","name":"Kurti p\u00ebr Nenad Rashiqin: Punon m\u00eb s\u00eb shumti p\u00ebr komunitetin serb -","isPartOf":{"@id":"https:\/\/veritasinfo.org\/#website"},"primaryImageOfPage":{"@id":"https:\/\/veritasinfo.org\/?p=9966#primaryimage"},"image":{"@id":"https:\/\/veritasinfo.org\/?p=9966#primaryimage"},"thumbnailUrl":"https:\/\/veritasinfo.org\/wp-content\/uploads\/2025\/08\/IMG_3499-1.jpeg","datePublished":"2025-08-29T13:15:19+00:00","author":{"@id":"https:\/\/veritasinfo.org\/#\/schema\/person\/7701f8c088bece422266b100a712374f"},"breadcrumb":{"@id":"https:\/\/veritasinfo.org\/?p=9966#breadcrumb"},"inLanguage":"en-US","potentialAction":[{"@type":"ReadAction","target":["https:\/\/veritasinfo.org\/?p=9966"]}]},{"@type":"ImageObject","inLanguage":"en-US","@id":"https:\/\/veritasinfo.org\/?p=9966#primaryimage","url":"https:\/\/veritasinfo.org\/wp-content\/uploads\/2025\/08\/IMG_3499-1.jpeg","contentUrl":"https:\/\/veritasinfo.org\/wp-content\/uploads\/2025\/08\/IMG_3499-1.jpeg","width":600,"height":360},{"@type":"BreadcrumbList","@id":"https:\/\/veritasinfo.org\/?p=9966#breadcrumb","itemListElement":[{"@type":"ListItem","position":1,"name":"Home","item":"https:\/\/veritasinfo.org\/"},{"@type":"ListItem","position":2,"name":"Kurti p\u00ebr Nenad Rashiqin: Punon m\u00eb s\u00eb shumti p\u00ebr komunitetin serb"}]},{"@type":"WebSite","@id":"https:\/\/veritasinfo.org\/#website","url":"https:\/\/veritasinfo.org\/","name":"","description":"","potentialAction":[{"@type":"SearchAction","target":{"@type":"EntryPoint","urlTemplate":"https:\/\/veritasinfo.org\/?s={search_term_string}"},"query-input":{"@type":"PropertyValueSpecification","valueRequired":true,"valueName":"search_term_string"}}],"inLanguage":"en-US"},{"@type":"Person","@id":"https:\/\/veritasinfo.org\/#\/schema\/person\/7701f8c088bece422266b100a712374f","name":"admin","image":{"@type":"ImageObject","inLanguage":"en-US","@id":"https:\/\/veritasinfo.org\/#\/schema\/person\/image\/","url":"https:\/\/secure.gravatar.com\/avatar\/ea53aa3bf6c9a12d5fde8ce4deff43fef3885ae33cf60184161a50d6987cfd2f?s=96&d=mm&r=g","contentUrl":"https:\/\/secure.gravatar.com\/avatar\/ea53aa3bf6c9a12d5fde8ce4deff43fef3885ae33cf60184161a50d6987cfd2f?s=96&d=mm&r=g","caption":"admin"},"sameAs":["https:\/\/veritasinfo.org"],"url":"https:\/\/veritasinfo.org\/?author=1"}]}},"featured_image_urls":{"full":["https:\/\/veritasinfo.org\/wp-content\/uploads\/2025\/08\/IMG_3499-1.jpeg",600,360,false],"thumbnail":["https:\/\/veritasinfo.org\/wp-content\/uploads\/2025\/08\/IMG_3499-1-150x150.jpeg",150,150,true],"medium":["https:\/\/veritasinfo.org\/wp-content\/uploads\/2025\/08\/IMG_3499-1-300x180.jpeg",300,180,true],"medium_large":["https:\/\/veritasinfo.org\/wp-content\/uploads\/2025\/08\/IMG_3499-1.jpeg",600,360,false],"large":["https:\/\/veritasinfo.org\/wp-content\/uploads\/2025\/08\/IMG_3499-1.jpeg",600,360,false],"1536x1536":["https:\/\/veritasinfo.org\/wp-content\/uploads\/2025\/08\/IMG_3499-1.jpeg",600,360,false],"2048x2048":["https:\/\/veritasinfo.org\/wp-content\/uploads\/2025\/08\/IMG_3499-1.jpeg",600,360,false],"kreeti-slider-full":["https:\/\/veritasinfo.org\/wp-content\/uploads\/2025\/08\/IMG_3499-1.jpeg",600,360,false],"kreeti-featured":["https:\/\/veritasinfo.org\/wp-content\/uploads\/2025\/08\/IMG_3499-1.jpeg",600,360,false],"kreeti-medium":["https:\/\/veritasinfo.org\/wp-content\/uploads\/2025\/08\/IMG_3499-1.jpeg",600,360,false],"kreeti-medium-square":["https:\/\/veritasinfo.org\/wp-content\/uploads\/2025\/08\/IMG_3499-1.jpeg",350,210,false]},"author_info":{"info":["admin"]},"category_info":"<a href=\"https:\/\/veritasinfo.org\/?cat=93\" rel=\"category\">Politika<\/a>","tag_info":"Politika","comment_count":"0","_links":{"self":[{"href":"https:\/\/veritasinfo.org\/index.php?rest_route=\/wp\/v2\/posts\/9966","targetHints":{"allow":["GET"]}}],"collection":[{"href":"https:\/\/veritasinfo.org\/index.php?rest_route=\/wp\/v2\/posts"}],"about":[{"href":"https:\/\/veritasinfo.org\/index.php?rest_route=\/wp\/v2\/types\/post"}],"author":[{"embeddable":true,"href":"https:\/\/veritasinfo.org\/index.php?rest_route=\/wp\/v2\/users\/1"}],"replies":[{"embeddable":true,"href":"https:\/\/veritasinfo.org\/index.php?rest_route=%2Fwp%2Fv2%2Fcomments&post=9966"}],"version-history":[{"count":1,"href":"https:\/\/veritasinfo.org\/index.php?rest_route=\/wp\/v2\/posts\/9966\/revisions"}],"predecessor-version":[{"id":9969,"href":"https:\/\/veritasinfo.org\/index.php?rest_route=\/wp\/v2\/posts\/9966\/revisions\/9969"}],"wp:featuredmedia":[{"embeddable":true,"href":"https:\/\/veritasinfo.org\/index.php?rest_route=\/wp\/v2\/media\/9968"}],"wp:attachment":[{"href":"https:\/\/veritasinfo.org\/index.php?rest_route=%2Fwp%2Fv2%2Fmedia&parent=9966"}],"wp:term":[{"taxonomy":"category","embeddable":true,"href":"https:\/\/veritasinfo.org\/index.php?rest_route=%2Fwp%2Fv2%2Fcategories&post=9966"},{"taxonomy":"post_tag","embeddable":true,"href":"https:\/\/veritasinfo.org\/index.php?rest_route=%2Fwp%2Fv2%2Ftags&post=9966"}],"curies":[{"name":"wp","href":"https:\/\/api.w.org\/{rel}","templated":true}]}}