{"id":9934,"date":"2025-08-29T11:33:38","date_gmt":"2025-08-29T09:33:38","guid":{"rendered":"https:\/\/veritasinfo.org\/?p=9934"},"modified":"2025-08-29T11:33:38","modified_gmt":"2025-08-29T09:33:38","slug":"radha-te-gjata-para-ask-se-serbet-nxitohen-te-regjistrohen-para-skadimit-te-afatit","status":"publish","type":"post","link":"https:\/\/veritasinfo.org\/?p=9934","title":{"rendered":"Radha t\u00eb gjata para ASK-s\u00eb, serb\u00ebt nxitohen t\u00eb regjistrohen para skadimit t\u00eb afatit"},"content":{"rendered":"<p>29 gusht, 2025<\/p>\n<p>Q\u00eb nga or\u00ebt e hershme t\u00eb m\u00ebngjesit, nj\u00eb num\u00ebr i madh qytetar\u00ebsh serb\u00eb jan\u00eb mbledhur para objektit t\u00eb Agjencis\u00eb s\u00eb Statistikave t\u00eb Kosov\u00ebs (ASK), p\u00ebr t\u00eb regjistruar amvis\u00ebrit\u00eb e tyre n\u00eb kuad\u00ebr t\u00eb procesit t\u00eb regjistrimit t\u00eb popullsis\u00eb. Edhe pse afati zyrtar p\u00ebrfundon m\u00eb 31 gusht, kjo \u00ebsht\u00eb dita e fundit e pun\u00ebs p\u00ebr k\u00ebt\u00eb jav\u00eb, duke e b\u00ebr\u00eb sot mund\u00ebsin\u00eb e fundit p\u00ebr shum\u00eb prej tyre.<\/p>\n<p>Procesi i regjistrimit t\u00eb popullsis\u00eb u zhvillua n\u00eb mes t\u00eb vitit t\u00eb kaluar, por nj\u00eb pjes\u00eb e konsiderueshme e qytetar\u00ebve serb\u00eb nuk mor\u00ebn pjes\u00eb. Arsyet ishin t\u00eb ndryshme \u2013 nga thirrjet p\u00ebr bojkot t\u00eb p\u00ebrfaq\u00ebsuesve politik\u00eb t\u00eb komunitetit serb, deri te pamund\u00ebsia e regjistruesve p\u00ebr t\u00eb vizituar t\u00eb gjitha amvis\u00ebrit\u00eb.<\/p>\n<p>Pas mbylljes s\u00eb afatit t\u00eb par\u00eb, shum\u00eb qytetar\u00eb deklaruan se askush nuk kishte shkuar n\u00eb sht\u00ebpit\u00eb e tyre p\u00ebr t\u2019i regjistruar. Nga ana tjet\u00ebr, Agjencia u arsyetua me probleme teknike dhe me faktin se disa regjistrues, kryesisht serb\u00eb, ishin t\u00ebrhequr nga detyra pas thirrjeve p\u00ebr bojkot.<\/p>\n<p>P\u00ebr t\u00eb mund\u00ebsuar p\u00ebrfshirjen e t\u00eb gjith\u00eb qytetar\u00ebve, m\u00eb 11 korrik ASK vendosi ta zgjas\u00eb afatin deri m\u00eb 31 gusht, me theks t\u00eb ve\u00e7ant\u00eb p\u00ebr komunitetin serb. Paralelisht, institucionet kan\u00eb paralajm\u00ebruar se mosregjistrimi mund t\u00eb sjell\u00eb pasoja ligjore, p\u00ebrfshir\u00eb gjoba deri n\u00eb 2.000 euro dhe masa t\u00eb tjera administrative.<\/p>\n<p>N\u00eb dit\u00ebt e fundit, dhe sidomos sot, jan\u00eb par\u00eb radh\u00eb t\u00eb gjata para objektit t\u00eb ASK-s\u00eb, ku qytetar\u00ebt presin me or\u00eb t\u00eb t\u00ebra p\u00ebr t\u00eb p\u00ebrmbushur k\u00ebt\u00eb obligim ligjor.<\/p>\n<p>&nbsp;<\/p>\n<p>&nbsp;<\/p>\n","protected":false},"excerpt":{"rendered":"<p>29 gusht, 2025 Q\u00eb nga or\u00ebt e hershme t\u00eb m\u00ebngjesit, nj\u00eb num\u00ebr i madh qytetar\u00ebsh serb\u00eb jan\u00eb mbledhur para objektit t\u00eb Agjencis\u00eb s\u00eb Statistikave t\u00eb<\/p>\n","protected":false},"author":1,"featured_media":9935,"comment_status":"open","ping_status":"open","sticky":false,"template":"","format":"standard","meta":{"footnotes":""},"categories":[60],"tags":[],"class_list":["post-9934","post","type-post","status-publish","format-standard","has-post-thumbnail","hentry","category-shoqerore-sq"],"yoast_head":"<!-- This site is optimized with the Yoast SEO plugin v25.3.1 - https:\/\/yoast.com\/wordpress\/plugins\/seo\/ -->\n<title>Radha t\u00eb gjata para ASK-s\u00eb, serb\u00ebt nxitohen t\u00eb regjistrohen para skadimit t\u00eb afatit -<\/title>\n<meta name=\"robots\" content=\"index, follow, max-snippet:-1, max-image-preview:large, max-video-preview:-1\" \/>\n<link rel=\"canonical\" href=\"https:\/\/veritasinfo.org\/?p=9934\" \/>\n<meta property=\"og:locale\" content=\"en_US\" \/>\n<meta property=\"og:type\" content=\"article\" \/>\n<meta property=\"og:title\" content=\"Radha t\u00eb gjata para ASK-s\u00eb, serb\u00ebt nxitohen t\u00eb regjistrohen para skadimit t\u00eb afatit -\" \/>\n<meta property=\"og:description\" content=\"29 gusht, 2025 Q\u00eb nga or\u00ebt e hershme t\u00eb m\u00ebngjesit, nj\u00eb num\u00ebr i madh qytetar\u00ebsh serb\u00eb jan\u00eb mbledhur para objektit t\u00eb Agjencis\u00eb s\u00eb Statistikave t\u00eb\" \/>\n<meta property=\"og:url\" content=\"https:\/\/veritasinfo.org\/?p=9934\" \/>\n<meta property=\"article:published_time\" content=\"2025-08-29T09:33:38+00:00\" \/>\n<meta property=\"og:image\" content=\"https:\/\/veritasinfo.org\/wp-content\/uploads\/2025\/08\/FB_IMG_1756459729709.jpg\" \/>\n\t<meta property=\"og:image:width\" content=\"600\" \/>\n\t<meta property=\"og:image:height\" content=\"360\" \/>\n\t<meta property=\"og:image:type\" content=\"image\/jpeg\" \/>\n<meta name=\"author\" content=\"admin\" \/>\n<meta name=\"twitter:card\" content=\"summary_large_image\" \/>\n<meta name=\"twitter:label1\" content=\"Written by\" \/>\n\t<meta name=\"twitter:data1\" content=\"admin\" \/>\n\t<meta name=\"twitter:label2\" content=\"Est. reading time\" \/>\n\t<meta name=\"twitter:data2\" content=\"2 minutes\" \/>\n<script type=\"application\/ld+json\" class=\"yoast-schema-graph\">{\"@context\":\"https:\/\/schema.org\",\"@graph\":[{\"@type\":\"WebPage\",\"@id\":\"https:\/\/veritasinfo.org\/?p=9934\",\"url\":\"https:\/\/veritasinfo.org\/?p=9934\",\"name\":\"Radha t\u00eb gjata para ASK-s\u00eb, serb\u00ebt nxitohen t\u00eb regjistrohen para skadimit t\u00eb afatit -\",\"isPartOf\":{\"@id\":\"https:\/\/veritasinfo.org\/#website\"},\"primaryImageOfPage\":{\"@id\":\"https:\/\/veritasinfo.org\/?p=9934#primaryimage\"},\"image\":{\"@id\":\"https:\/\/veritasinfo.org\/?p=9934#primaryimage\"},\"thumbnailUrl\":\"https:\/\/veritasinfo.org\/wp-content\/uploads\/2025\/08\/FB_IMG_1756459729709.jpg\",\"datePublished\":\"2025-08-29T09:33:38+00:00\",\"author\":{\"@id\":\"https:\/\/veritasinfo.org\/#\/schema\/person\/7701f8c088bece422266b100a712374f\"},\"breadcrumb\":{\"@id\":\"https:\/\/veritasinfo.org\/?p=9934#breadcrumb\"},\"inLanguage\":\"en-US\",\"potentialAction\":[{\"@type\":\"ReadAction\",\"target\":[\"https:\/\/veritasinfo.org\/?p=9934\"]}]},{\"@type\":\"ImageObject\",\"inLanguage\":\"en-US\",\"@id\":\"https:\/\/veritasinfo.org\/?p=9934#primaryimage\",\"url\":\"https:\/\/veritasinfo.org\/wp-content\/uploads\/2025\/08\/FB_IMG_1756459729709.jpg\",\"contentUrl\":\"https:\/\/veritasinfo.org\/wp-content\/uploads\/2025\/08\/FB_IMG_1756459729709.jpg\",\"width\":600,\"height\":360},{\"@type\":\"BreadcrumbList\",\"@id\":\"https:\/\/veritasinfo.org\/?p=9934#breadcrumb\",\"itemListElement\":[{\"@type\":\"ListItem\",\"position\":1,\"name\":\"Home\",\"item\":\"https:\/\/veritasinfo.org\/\"},{\"@type\":\"ListItem\",\"position\":2,\"name\":\"Radha t\u00eb gjata para ASK-s\u00eb, serb\u00ebt nxitohen t\u00eb regjistrohen para skadimit t\u00eb afatit\"}]},{\"@type\":\"WebSite\",\"@id\":\"https:\/\/veritasinfo.org\/#website\",\"url\":\"https:\/\/veritasinfo.org\/\",\"name\":\"\",\"description\":\"\",\"potentialAction\":[{\"@type\":\"SearchAction\",\"target\":{\"@type\":\"EntryPoint\",\"urlTemplate\":\"https:\/\/veritasinfo.org\/?s={search_term_string}\"},\"query-input\":{\"@type\":\"PropertyValueSpecification\",\"valueRequired\":true,\"valueName\":\"search_term_string\"}}],\"inLanguage\":\"en-US\"},{\"@type\":\"Person\",\"@id\":\"https:\/\/veritasinfo.org\/#\/schema\/person\/7701f8c088bece422266b100a712374f\",\"name\":\"admin\",\"image\":{\"@type\":\"ImageObject\",\"inLanguage\":\"en-US\",\"@id\":\"https:\/\/veritasinfo.org\/#\/schema\/person\/image\/\",\"url\":\"https:\/\/secure.gravatar.com\/avatar\/ea53aa3bf6c9a12d5fde8ce4deff43fef3885ae33cf60184161a50d6987cfd2f?s=96&d=mm&r=g\",\"contentUrl\":\"https:\/\/secure.gravatar.com\/avatar\/ea53aa3bf6c9a12d5fde8ce4deff43fef3885ae33cf60184161a50d6987cfd2f?s=96&d=mm&r=g\",\"caption\":\"admin\"},\"sameAs\":[\"https:\/\/veritasinfo.org\"],\"url\":\"https:\/\/veritasinfo.org\/?author=1\"}]}<\/script>\n<!-- \/ Yoast SEO plugin. -->","yoast_head_json":{"title":"Radha t\u00eb gjata para ASK-s\u00eb, serb\u00ebt nxitohen t\u00eb regjistrohen para skadimit t\u00eb afatit -","robots":{"index":"index","follow":"follow","max-snippet":"max-snippet:-1","max-image-preview":"max-image-preview:large","max-video-preview":"max-video-preview:-1"},"canonical":"https:\/\/veritasinfo.org\/?p=9934","og_locale":"en_US","og_type":"article","og_title":"Radha t\u00eb gjata para ASK-s\u00eb, serb\u00ebt nxitohen t\u00eb regjistrohen para skadimit t\u00eb afatit -","og_description":"29 gusht, 2025 Q\u00eb nga or\u00ebt e hershme t\u00eb m\u00ebngjesit, nj\u00eb num\u00ebr i madh qytetar\u00ebsh serb\u00eb jan\u00eb mbledhur para objektit t\u00eb Agjencis\u00eb s\u00eb Statistikave t\u00eb","og_url":"https:\/\/veritasinfo.org\/?p=9934","article_published_time":"2025-08-29T09:33:38+00:00","og_image":[{"width":600,"height":360,"url":"https:\/\/veritasinfo.org\/wp-content\/uploads\/2025\/08\/FB_IMG_1756459729709.jpg","type":"image\/jpeg"}],"author":"admin","twitter_card":"summary_large_image","twitter_misc":{"Written by":"admin","Est. reading time":"2 minutes"},"schema":{"@context":"https:\/\/schema.org","@graph":[{"@type":"WebPage","@id":"https:\/\/veritasinfo.org\/?p=9934","url":"https:\/\/veritasinfo.org\/?p=9934","name":"Radha t\u00eb gjata para ASK-s\u00eb, serb\u00ebt nxitohen t\u00eb regjistrohen para skadimit t\u00eb afatit -","isPartOf":{"@id":"https:\/\/veritasinfo.org\/#website"},"primaryImageOfPage":{"@id":"https:\/\/veritasinfo.org\/?p=9934#primaryimage"},"image":{"@id":"https:\/\/veritasinfo.org\/?p=9934#primaryimage"},"thumbnailUrl":"https:\/\/veritasinfo.org\/wp-content\/uploads\/2025\/08\/FB_IMG_1756459729709.jpg","datePublished":"2025-08-29T09:33:38+00:00","author":{"@id":"https:\/\/veritasinfo.org\/#\/schema\/person\/7701f8c088bece422266b100a712374f"},"breadcrumb":{"@id":"https:\/\/veritasinfo.org\/?p=9934#breadcrumb"},"inLanguage":"en-US","potentialAction":[{"@type":"ReadAction","target":["https:\/\/veritasinfo.org\/?p=9934"]}]},{"@type":"ImageObject","inLanguage":"en-US","@id":"https:\/\/veritasinfo.org\/?p=9934#primaryimage","url":"https:\/\/veritasinfo.org\/wp-content\/uploads\/2025\/08\/FB_IMG_1756459729709.jpg","contentUrl":"https:\/\/veritasinfo.org\/wp-content\/uploads\/2025\/08\/FB_IMG_1756459729709.jpg","width":600,"height":360},{"@type":"BreadcrumbList","@id":"https:\/\/veritasinfo.org\/?p=9934#breadcrumb","itemListElement":[{"@type":"ListItem","position":1,"name":"Home","item":"https:\/\/veritasinfo.org\/"},{"@type":"ListItem","position":2,"name":"Radha t\u00eb gjata para ASK-s\u00eb, serb\u00ebt nxitohen t\u00eb regjistrohen para skadimit t\u00eb afatit"}]},{"@type":"WebSite","@id":"https:\/\/veritasinfo.org\/#website","url":"https:\/\/veritasinfo.org\/","name":"","description":"","potentialAction":[{"@type":"SearchAction","target":{"@type":"EntryPoint","urlTemplate":"https:\/\/veritasinfo.org\/?s={search_term_string}"},"query-input":{"@type":"PropertyValueSpecification","valueRequired":true,"valueName":"search_term_string"}}],"inLanguage":"en-US"},{"@type":"Person","@id":"https:\/\/veritasinfo.org\/#\/schema\/person\/7701f8c088bece422266b100a712374f","name":"admin","image":{"@type":"ImageObject","inLanguage":"en-US","@id":"https:\/\/veritasinfo.org\/#\/schema\/person\/image\/","url":"https:\/\/secure.gravatar.com\/avatar\/ea53aa3bf6c9a12d5fde8ce4deff43fef3885ae33cf60184161a50d6987cfd2f?s=96&d=mm&r=g","contentUrl":"https:\/\/secure.gravatar.com\/avatar\/ea53aa3bf6c9a12d5fde8ce4deff43fef3885ae33cf60184161a50d6987cfd2f?s=96&d=mm&r=g","caption":"admin"},"sameAs":["https:\/\/veritasinfo.org"],"url":"https:\/\/veritasinfo.org\/?author=1"}]}},"featured_image_urls":{"full":["https:\/\/veritasinfo.org\/wp-content\/uploads\/2025\/08\/FB_IMG_1756459729709.jpg",600,360,false],"thumbnail":["https:\/\/veritasinfo.org\/wp-content\/uploads\/2025\/08\/FB_IMG_1756459729709-150x150.jpg",150,150,true],"medium":["https:\/\/veritasinfo.org\/wp-content\/uploads\/2025\/08\/FB_IMG_1756459729709-300x180.jpg",300,180,true],"medium_large":["https:\/\/veritasinfo.org\/wp-content\/uploads\/2025\/08\/FB_IMG_1756459729709.jpg",600,360,false],"large":["https:\/\/veritasinfo.org\/wp-content\/uploads\/2025\/08\/FB_IMG_1756459729709.jpg",600,360,false],"1536x1536":["https:\/\/veritasinfo.org\/wp-content\/uploads\/2025\/08\/FB_IMG_1756459729709.jpg",600,360,false],"2048x2048":["https:\/\/veritasinfo.org\/wp-content\/uploads\/2025\/08\/FB_IMG_1756459729709.jpg",600,360,false],"kreeti-slider-full":["https:\/\/veritasinfo.org\/wp-content\/uploads\/2025\/08\/FB_IMG_1756459729709.jpg",600,360,false],"kreeti-featured":["https:\/\/veritasinfo.org\/wp-content\/uploads\/2025\/08\/FB_IMG_1756459729709.jpg",600,360,false],"kreeti-medium":["https:\/\/veritasinfo.org\/wp-content\/uploads\/2025\/08\/FB_IMG_1756459729709.jpg",600,360,false],"kreeti-medium-square":["https:\/\/veritasinfo.org\/wp-content\/uploads\/2025\/08\/FB_IMG_1756459729709.jpg",350,210,false]},"author_info":{"info":["admin"]},"category_info":"<a href=\"https:\/\/veritasinfo.org\/?cat=60\" rel=\"category\">Shoq\u00ebrore<\/a>","tag_info":"Shoq\u00ebrore","comment_count":"0","_links":{"self":[{"href":"https:\/\/veritasinfo.org\/index.php?rest_route=\/wp\/v2\/posts\/9934","targetHints":{"allow":["GET"]}}],"collection":[{"href":"https:\/\/veritasinfo.org\/index.php?rest_route=\/wp\/v2\/posts"}],"about":[{"href":"https:\/\/veritasinfo.org\/index.php?rest_route=\/wp\/v2\/types\/post"}],"author":[{"embeddable":true,"href":"https:\/\/veritasinfo.org\/index.php?rest_route=\/wp\/v2\/users\/1"}],"replies":[{"embeddable":true,"href":"https:\/\/veritasinfo.org\/index.php?rest_route=%2Fwp%2Fv2%2Fcomments&post=9934"}],"version-history":[{"count":1,"href":"https:\/\/veritasinfo.org\/index.php?rest_route=\/wp\/v2\/posts\/9934\/revisions"}],"predecessor-version":[{"id":9936,"href":"https:\/\/veritasinfo.org\/index.php?rest_route=\/wp\/v2\/posts\/9934\/revisions\/9936"}],"wp:featuredmedia":[{"embeddable":true,"href":"https:\/\/veritasinfo.org\/index.php?rest_route=\/wp\/v2\/media\/9935"}],"wp:attachment":[{"href":"https:\/\/veritasinfo.org\/index.php?rest_route=%2Fwp%2Fv2%2Fmedia&parent=9934"}],"wp:term":[{"taxonomy":"category","embeddable":true,"href":"https:\/\/veritasinfo.org\/index.php?rest_route=%2Fwp%2Fv2%2Fcategories&post=9934"},{"taxonomy":"post_tag","embeddable":true,"href":"https:\/\/veritasinfo.org\/index.php?rest_route=%2Fwp%2Fv2%2Ftags&post=9934"}],"curies":[{"name":"wp","href":"https:\/\/api.w.org\/{rel}","templated":true}]}}