{"id":9873,"date":"2025-08-29T07:59:36","date_gmt":"2025-08-29T05:59:36","guid":{"rendered":"https:\/\/veritasinfo.org\/?p=9873"},"modified":"2025-08-29T07:59:36","modified_gmt":"2025-08-29T05:59:36","slug":"krimet-e-luftes-ne-zonen-e-istogut-deshmitari-rrefen-ato-qe-perjetoi-ai-dhe-bashkefshataret-nga-te-akuzuarit","status":"publish","type":"post","link":"https:\/\/veritasinfo.org\/?p=9873","title":{"rendered":"Krimet e luft\u00ebs n\u00eb zon\u00ebn e Istogut, d\u00ebshmitari rr\u00ebfen ato q\u00eb p\u00ebrjetoi ai dhe bashk\u00ebfshatar\u00ebt nga t\u00eb akuzuarit"},"content":{"rendered":"<p>Prishtin\u00eb, 29 Gusht 2025<\/p>\n<p>N\u00eb Gjykat\u00ebn e Prishtin\u00ebs n\u00eb gjykimin ndaj dy t\u00eb akuzuarve p\u00ebr krime lufte, Momir Pantiq edhe Zharko Zariq, n\u00eb seanc\u00ebn e sotme, 28.08.2025, ka d\u00ebshmuar d\u00ebshmitari Nexhmedin Pepaj.<\/p>\n<p>Sipas aktakuz\u00ebs, Momir Pantiq, n\u00eb koh\u00ebn kur jan\u00eb kryer krimet ka qen\u00eb kryeshef i Stacionit Policor n\u00eb Istog, kurse Zharko Zariq ka qen\u00eb polic. Ata akuzohen se n\u00eb bashk\u00ebkryerje e kan\u00eb kryer vepr\u00ebn penale \u2013 krime lufte kund\u00ebr popullsis\u00eb civile.<\/p>\n<p>\u201cN\u00eb cilin vit m\u00eb ke par\u00eb me uniform\u00eb, dhe kur?\u201d \u2013 e pyeti d\u00ebshmitarin i akuzuari Momir Pantiq.<\/p>\n<p>\u201cN\u00ebse \u00ebsht\u00eb fjala p\u00ebr dit\u00ebn kritike ky s\u2019ka qen\u00eb me uniform\u00eb hi\u00e7, ky ka qen\u00eb me rroba civile. Kam deklaru edhe shum\u00eb her\u00eb po deklaroj edhe tash: pas rrahjes s\u00eb v\u00ebllait n\u00eb vitin 1990 familja ime \u00ebsht\u00eb bastisur edhe shum\u00eb her\u00eb nga personat e Istogut, edhe m\u00eb ka thirr\u00eb n\u00eb bised\u00eb informative shum\u00eb e shum\u00eb her\u00eb, edhe ka pas\u00eb raste shpeshher\u00eb q\u00eb e kam pa me uniform\u00eb. Thirrshin n\u00eb biseda informative, k\u00ebrkonin arm\u00eb, hynin p\u00ebr bastisje me dhjet\u00ebra her\u00eb brenda 10 viteve\u2026 T\u00eb dy e din\u00eb k\u00ebta\u201d \u2013 tha Pepaj.<\/p>\n<p>D\u00ebshmitari Pepaj tha se ka ardhur n\u00eb Gjykat\u00eb p\u00ebr t\u00eb dh\u00ebn\u00eb d\u00ebshmin\u00eb e tij e p\u00ebr t\u00eb k\u00ebrkuar drejt\u00ebsi p\u00ebr v\u00ebllan\u00eb e tij.<\/p>\n<p>\u201cUn\u00eb kam ardh\u00eb me lyp drejt\u00ebsi p\u00ebr v\u00ebllan\u00eb q\u00eb ma ka rreh\u00eb. As sot s\u2019e di p\u00ebr \u00e7ka, \u00e7ka i bani q\u00eb e \u00e7oi n\u00eb at\u00eb gjendje buz\u00eb vdekjes. Ai vuajti p\u00ebr sh\u00ebndet p\u00ebr 10 vite, pa asnj\u00eb shkak\u201d \u2013 tha Pepaj.<br \/>\n\u201cK\u00ebta e ka ditur edhe Momir Pantiqi\u201d \u2013 tha Pepaj tutje.<\/p>\n<p>D\u00ebshmitari rr\u00ebfeu se si i kishin nxjerr\u00eb prej sht\u00ebpive, se ua kishin thyer dh\u00ebmb\u00ebt, i kishin rrahur, po ashtu i kishin t\u00ebrhequr zvarr\u00eb dhe se prezent kishte qen\u00eb edhe Pantiqi.<strong><br \/>\n<\/strong><br \/>\nNd\u00ebrsa i akuzuari Momir Pantiq iu drejtua d\u00ebshmitarit me fjal\u00eb: \u201cLe t\u00eb mbetet n\u00eb nd\u00ebrgjegjen t\u00ebnde se un\u00eb nuk kam marr pjes\u00eb n\u00eb asnj\u00eb bastisje\u201d.<\/p>\n<p>Mir\u00ebpo Pepaj tha se ajo \u00e7ka po d\u00ebshmon n\u00eb Gjykat\u00eb \u00ebsht\u00eb e v\u00ebrtet\u00eb dhe jo g\u00ebnjesht\u00ebr.<\/p>\n<p>Pepaj tregoi se si i kishin nxjerr\u00eb nga sht\u00ebpit\u00eb dhe se kur kishin dal\u00eb n\u00eb rrug\u00eb kishte par\u00eb polic\u00eb grupe-grupe. \u201cMomir Pantiq i drejtojke n\u00ebp\u00ebr dyer me dor\u00eb\u201d \u2013 tha Pepaj.<\/p>\n<p>\u201cI nxjerrshin kush\u00ebrinjt\u00eb e mi zvarr\u00eb qysh m\u00eb kan\u00eb nxjerr\u00eb edhe mua. Pas meje e kan\u00eb nxjerr\u00eb edhe prindin tim 79-vje\u00e7ar. Aty na tubuan t\u00eb gjith\u00ebve, kurr\u00eb nuk i harroj. Ato fjal\u00eb q\u00eb po thot\u00eb \u201cs\u2019kam qen\u00eb un\u00eb\u201d tash do ia d\u00ebshmoj \u00e7ka ka than\u00eb kur disa pleq lypnin ndihm\u00eb prej tij, q\u00eb e njihnin e i thoshin: \u201cT\u00eb lutemi l\u00ebshoni djemt\u00eb, mos na i merr!\u201d. Ky n\u00eb gjuh\u00ebn shqipe, sepse e njeh gjuh\u00ebn shqipe fort mir\u00eb, u thoshte: \u201cAsnj\u00eb fjal\u00eb nuk du me jua ni\u201d \u2013 tha tutje Pepaj.<\/p>\n<p>K\u00ebt\u00eb fjali Pepaj tha se i akuzuari Pantiq e kishte p\u00ebrs\u00ebritur disa her\u00eb.<\/p>\n<p>Tutje seanca vazhdoi me marrjen n\u00eb pyetje t\u00eb d\u00ebshmitarit Nexhmedin Pepaj nga ana e mbrojt\u00ebsit t\u00eb t\u00eb akuzuarit Zharko Zariq, avokati Dejan Vasiq dhe nga vet\u00eb i akuzuari Zharko Zariq.<\/p>\n<p>\u201cKur keni filluar pas lufte ta shihni Zharko Zariqin n\u00eb fshatin tuaj?\u201d \u2013 e pyeti avokati Dejan Vasiq.<\/p>\n<p>\u201cPara 10 vite mos gabofsha. Jemi kan\u00eb me mij\u00ebra njer\u00ebz, aty e kam pa p\u00ebr her\u00eb t\u00eb par\u00eb\u201d \u2013 tha Pepaj.<\/p>\n<p>\u201cZharko a u kthy at\u00ebher\u00eb me jetu aty?\u201d \u2013 ishte pyetja e radh\u00ebs e avokatit.<\/p>\n<p>\u201cU kthy me jetu me disa serb\u00eb por jo n\u00eb pron\u00ebn e vet, n\u00eb nj\u00eb pron\u00eb t\u00eb fqinjit t\u00eb tij\u201d \u2013 tha Pepaj.<\/p>\n<p>D\u00ebshmitari po ashtu tha se Zharko Zariq e flet shum\u00eb mir\u00eb gjuh\u00ebn shqipe.<\/p>\n<p>D\u00ebshmitari Nexhmedin Pepaj dha detaje lidhur me dit\u00ebn kritike.<\/p>\n<p>Shum\u00eb mir\u00eb e flet, jemi rrit\u00eb n\u00eb oborret e nj\u00ebri \u2013 tjetrit. Si e di un\u00eb gjuhen serbe edhe ky gjuh\u00ebn shqipe\u201d \u2013 tha Pepaj.<\/p>\n<p>Seanca e sotme u nd\u00ebrpre pas p\u00ebrfundimit t\u00eb d\u00ebshmis\u00eb s\u00eb d\u00ebshmitarit Pepaj.<\/p>\n<p>Nga Prokuroria Speciale prezent ishte prokurorja Ajshe Ferati.<\/p>\n<p>Trupi gjykues n\u00eb k\u00ebt\u00eb \u00e7\u00ebshtje penale \u00ebsht\u00eb i p\u00ebrb\u00ebr\u00eb nga Valon Kurtaj (kryetar), Arben Hoti dhe Kushtrim Shyti (an\u00ebtar\u00eb).<\/p>\n","protected":false},"excerpt":{"rendered":"<p>Prishtin\u00eb, 29 Gusht 2025 N\u00eb Gjykat\u00ebn e Prishtin\u00ebs n\u00eb gjykimin ndaj dy t\u00eb akuzuarve p\u00ebr krime lufte, Momir Pantiq edhe Zharko Zariq, n\u00eb seanc\u00ebn e<\/p>\n","protected":false},"author":1,"featured_media":9878,"comment_status":"open","ping_status":"open","sticky":false,"template":"","format":"standard","meta":{"footnotes":""},"categories":[60],"tags":[],"class_list":["post-9873","post","type-post","status-publish","format-standard","has-post-thumbnail","hentry","category-shoqerore-sq"],"yoast_head":"<!-- This site is optimized with the Yoast SEO plugin v25.3.1 - https:\/\/yoast.com\/wordpress\/plugins\/seo\/ -->\n<title>Krimet e luft\u00ebs n\u00eb zon\u00ebn e Istogut, d\u00ebshmitari rr\u00ebfen ato q\u00eb p\u00ebrjetoi ai dhe bashk\u00ebfshatar\u00ebt nga t\u00eb akuzuarit -<\/title>\n<meta name=\"robots\" content=\"index, follow, max-snippet:-1, max-image-preview:large, max-video-preview:-1\" \/>\n<link rel=\"canonical\" href=\"https:\/\/veritasinfo.org\/?p=9873\" \/>\n<meta property=\"og:locale\" content=\"en_US\" \/>\n<meta property=\"og:type\" content=\"article\" \/>\n<meta property=\"og:title\" content=\"Krimet e luft\u00ebs n\u00eb zon\u00ebn e Istogut, d\u00ebshmitari rr\u00ebfen ato q\u00eb p\u00ebrjetoi ai dhe bashk\u00ebfshatar\u00ebt nga t\u00eb akuzuarit -\" \/>\n<meta property=\"og:description\" content=\"Prishtin\u00eb, 29 Gusht 2025 N\u00eb Gjykat\u00ebn e Prishtin\u00ebs n\u00eb gjykimin ndaj dy t\u00eb akuzuarve p\u00ebr krime lufte, Momir Pantiq edhe Zharko Zariq, n\u00eb seanc\u00ebn e\" \/>\n<meta property=\"og:url\" content=\"https:\/\/veritasinfo.org\/?p=9873\" \/>\n<meta property=\"article:published_time\" content=\"2025-08-29T05:59:36+00:00\" \/>\n<meta property=\"og:image\" content=\"https:\/\/veritasinfo.org\/wp-content\/uploads\/2025\/08\/IMG_3491.jpeg\" \/>\n\t<meta property=\"og:image:width\" content=\"1536\" \/>\n\t<meta property=\"og:image:height\" content=\"1152\" \/>\n\t<meta property=\"og:image:type\" content=\"image\/jpeg\" \/>\n<meta name=\"author\" content=\"admin\" \/>\n<meta name=\"twitter:card\" content=\"summary_large_image\" \/>\n<meta name=\"twitter:label1\" content=\"Written by\" \/>\n\t<meta name=\"twitter:data1\" content=\"admin\" \/>\n\t<meta name=\"twitter:label2\" content=\"Est. reading time\" \/>\n\t<meta name=\"twitter:data2\" content=\"4 minutes\" \/>\n<script type=\"application\/ld+json\" class=\"yoast-schema-graph\">{\"@context\":\"https:\/\/schema.org\",\"@graph\":[{\"@type\":\"WebPage\",\"@id\":\"https:\/\/veritasinfo.org\/?p=9873\",\"url\":\"https:\/\/veritasinfo.org\/?p=9873\",\"name\":\"Krimet e luft\u00ebs n\u00eb zon\u00ebn e Istogut, d\u00ebshmitari rr\u00ebfen ato q\u00eb p\u00ebrjetoi ai dhe bashk\u00ebfshatar\u00ebt nga t\u00eb akuzuarit -\",\"isPartOf\":{\"@id\":\"https:\/\/veritasinfo.org\/#website\"},\"primaryImageOfPage\":{\"@id\":\"https:\/\/veritasinfo.org\/?p=9873#primaryimage\"},\"image\":{\"@id\":\"https:\/\/veritasinfo.org\/?p=9873#primaryimage\"},\"thumbnailUrl\":\"https:\/\/veritasinfo.org\/wp-content\/uploads\/2025\/08\/IMG_3491.jpeg\",\"datePublished\":\"2025-08-29T05:59:36+00:00\",\"author\":{\"@id\":\"https:\/\/veritasinfo.org\/#\/schema\/person\/7701f8c088bece422266b100a712374f\"},\"breadcrumb\":{\"@id\":\"https:\/\/veritasinfo.org\/?p=9873#breadcrumb\"},\"inLanguage\":\"en-US\",\"potentialAction\":[{\"@type\":\"ReadAction\",\"target\":[\"https:\/\/veritasinfo.org\/?p=9873\"]}]},{\"@type\":\"ImageObject\",\"inLanguage\":\"en-US\",\"@id\":\"https:\/\/veritasinfo.org\/?p=9873#primaryimage\",\"url\":\"https:\/\/veritasinfo.org\/wp-content\/uploads\/2025\/08\/IMG_3491.jpeg\",\"contentUrl\":\"https:\/\/veritasinfo.org\/wp-content\/uploads\/2025\/08\/IMG_3491.jpeg\",\"width\":1536,\"height\":1152},{\"@type\":\"BreadcrumbList\",\"@id\":\"https:\/\/veritasinfo.org\/?p=9873#breadcrumb\",\"itemListElement\":[{\"@type\":\"ListItem\",\"position\":1,\"name\":\"Home\",\"item\":\"https:\/\/veritasinfo.org\/\"},{\"@type\":\"ListItem\",\"position\":2,\"name\":\"Krimet e luft\u00ebs n\u00eb zon\u00ebn e Istogut, d\u00ebshmitari rr\u00ebfen ato q\u00eb p\u00ebrjetoi ai dhe bashk\u00ebfshatar\u00ebt nga t\u00eb akuzuarit\"}]},{\"@type\":\"WebSite\",\"@id\":\"https:\/\/veritasinfo.org\/#website\",\"url\":\"https:\/\/veritasinfo.org\/\",\"name\":\"\",\"description\":\"\",\"potentialAction\":[{\"@type\":\"SearchAction\",\"target\":{\"@type\":\"EntryPoint\",\"urlTemplate\":\"https:\/\/veritasinfo.org\/?s={search_term_string}\"},\"query-input\":{\"@type\":\"PropertyValueSpecification\",\"valueRequired\":true,\"valueName\":\"search_term_string\"}}],\"inLanguage\":\"en-US\"},{\"@type\":\"Person\",\"@id\":\"https:\/\/veritasinfo.org\/#\/schema\/person\/7701f8c088bece422266b100a712374f\",\"name\":\"admin\",\"image\":{\"@type\":\"ImageObject\",\"inLanguage\":\"en-US\",\"@id\":\"https:\/\/veritasinfo.org\/#\/schema\/person\/image\/\",\"url\":\"https:\/\/secure.gravatar.com\/avatar\/ea53aa3bf6c9a12d5fde8ce4deff43fef3885ae33cf60184161a50d6987cfd2f?s=96&d=mm&r=g\",\"contentUrl\":\"https:\/\/secure.gravatar.com\/avatar\/ea53aa3bf6c9a12d5fde8ce4deff43fef3885ae33cf60184161a50d6987cfd2f?s=96&d=mm&r=g\",\"caption\":\"admin\"},\"sameAs\":[\"https:\/\/veritasinfo.org\"],\"url\":\"https:\/\/veritasinfo.org\/?author=1\"}]}<\/script>\n<!-- \/ Yoast SEO plugin. -->","yoast_head_json":{"title":"Krimet e luft\u00ebs n\u00eb zon\u00ebn e Istogut, d\u00ebshmitari rr\u00ebfen ato q\u00eb p\u00ebrjetoi ai dhe bashk\u00ebfshatar\u00ebt nga t\u00eb akuzuarit -","robots":{"index":"index","follow":"follow","max-snippet":"max-snippet:-1","max-image-preview":"max-image-preview:large","max-video-preview":"max-video-preview:-1"},"canonical":"https:\/\/veritasinfo.org\/?p=9873","og_locale":"en_US","og_type":"article","og_title":"Krimet e luft\u00ebs n\u00eb zon\u00ebn e Istogut, d\u00ebshmitari rr\u00ebfen ato q\u00eb p\u00ebrjetoi ai dhe bashk\u00ebfshatar\u00ebt nga t\u00eb akuzuarit -","og_description":"Prishtin\u00eb, 29 Gusht 2025 N\u00eb Gjykat\u00ebn e Prishtin\u00ebs n\u00eb gjykimin ndaj dy t\u00eb akuzuarve p\u00ebr krime lufte, Momir Pantiq edhe Zharko Zariq, n\u00eb seanc\u00ebn e","og_url":"https:\/\/veritasinfo.org\/?p=9873","article_published_time":"2025-08-29T05:59:36+00:00","og_image":[{"width":1536,"height":1152,"url":"https:\/\/veritasinfo.org\/wp-content\/uploads\/2025\/08\/IMG_3491.jpeg","type":"image\/jpeg"}],"author":"admin","twitter_card":"summary_large_image","twitter_misc":{"Written by":"admin","Est. reading time":"4 minutes"},"schema":{"@context":"https:\/\/schema.org","@graph":[{"@type":"WebPage","@id":"https:\/\/veritasinfo.org\/?p=9873","url":"https:\/\/veritasinfo.org\/?p=9873","name":"Krimet e luft\u00ebs n\u00eb zon\u00ebn e Istogut, d\u00ebshmitari rr\u00ebfen ato q\u00eb p\u00ebrjetoi ai dhe bashk\u00ebfshatar\u00ebt nga t\u00eb akuzuarit -","isPartOf":{"@id":"https:\/\/veritasinfo.org\/#website"},"primaryImageOfPage":{"@id":"https:\/\/veritasinfo.org\/?p=9873#primaryimage"},"image":{"@id":"https:\/\/veritasinfo.org\/?p=9873#primaryimage"},"thumbnailUrl":"https:\/\/veritasinfo.org\/wp-content\/uploads\/2025\/08\/IMG_3491.jpeg","datePublished":"2025-08-29T05:59:36+00:00","author":{"@id":"https:\/\/veritasinfo.org\/#\/schema\/person\/7701f8c088bece422266b100a712374f"},"breadcrumb":{"@id":"https:\/\/veritasinfo.org\/?p=9873#breadcrumb"},"inLanguage":"en-US","potentialAction":[{"@type":"ReadAction","target":["https:\/\/veritasinfo.org\/?p=9873"]}]},{"@type":"ImageObject","inLanguage":"en-US","@id":"https:\/\/veritasinfo.org\/?p=9873#primaryimage","url":"https:\/\/veritasinfo.org\/wp-content\/uploads\/2025\/08\/IMG_3491.jpeg","contentUrl":"https:\/\/veritasinfo.org\/wp-content\/uploads\/2025\/08\/IMG_3491.jpeg","width":1536,"height":1152},{"@type":"BreadcrumbList","@id":"https:\/\/veritasinfo.org\/?p=9873#breadcrumb","itemListElement":[{"@type":"ListItem","position":1,"name":"Home","item":"https:\/\/veritasinfo.org\/"},{"@type":"ListItem","position":2,"name":"Krimet e luft\u00ebs n\u00eb zon\u00ebn e Istogut, d\u00ebshmitari rr\u00ebfen ato q\u00eb p\u00ebrjetoi ai dhe bashk\u00ebfshatar\u00ebt nga t\u00eb akuzuarit"}]},{"@type":"WebSite","@id":"https:\/\/veritasinfo.org\/#website","url":"https:\/\/veritasinfo.org\/","name":"","description":"","potentialAction":[{"@type":"SearchAction","target":{"@type":"EntryPoint","urlTemplate":"https:\/\/veritasinfo.org\/?s={search_term_string}"},"query-input":{"@type":"PropertyValueSpecification","valueRequired":true,"valueName":"search_term_string"}}],"inLanguage":"en-US"},{"@type":"Person","@id":"https:\/\/veritasinfo.org\/#\/schema\/person\/7701f8c088bece422266b100a712374f","name":"admin","image":{"@type":"ImageObject","inLanguage":"en-US","@id":"https:\/\/veritasinfo.org\/#\/schema\/person\/image\/","url":"https:\/\/secure.gravatar.com\/avatar\/ea53aa3bf6c9a12d5fde8ce4deff43fef3885ae33cf60184161a50d6987cfd2f?s=96&d=mm&r=g","contentUrl":"https:\/\/secure.gravatar.com\/avatar\/ea53aa3bf6c9a12d5fde8ce4deff43fef3885ae33cf60184161a50d6987cfd2f?s=96&d=mm&r=g","caption":"admin"},"sameAs":["https:\/\/veritasinfo.org"],"url":"https:\/\/veritasinfo.org\/?author=1"}]}},"featured_image_urls":{"full":["https:\/\/veritasinfo.org\/wp-content\/uploads\/2025\/08\/IMG_3491.jpeg",1536,1152,false],"thumbnail":["https:\/\/veritasinfo.org\/wp-content\/uploads\/2025\/08\/IMG_3491-150x150.jpeg",150,150,true],"medium":["https:\/\/veritasinfo.org\/wp-content\/uploads\/2025\/08\/IMG_3491-300x225.jpeg",300,225,true],"medium_large":["https:\/\/veritasinfo.org\/wp-content\/uploads\/2025\/08\/IMG_3491-768x576.jpeg",640,480,true],"large":["https:\/\/veritasinfo.org\/wp-content\/uploads\/2025\/08\/IMG_3491-1024x768.jpeg",640,480,true],"1536x1536":["https:\/\/veritasinfo.org\/wp-content\/uploads\/2025\/08\/IMG_3491.jpeg",1536,1152,false],"2048x2048":["https:\/\/veritasinfo.org\/wp-content\/uploads\/2025\/08\/IMG_3491.jpeg",1536,1152,false],"kreeti-slider-full":["https:\/\/veritasinfo.org\/wp-content\/uploads\/2025\/08\/IMG_3491.jpeg",960,720,false],"kreeti-featured":["https:\/\/veritasinfo.org\/wp-content\/uploads\/2025\/08\/IMG_3491.jpeg",1024,768,false],"kreeti-medium":["https:\/\/veritasinfo.org\/wp-content\/uploads\/2025\/08\/IMG_3491.jpeg",707,530,false],"kreeti-medium-square":["https:\/\/veritasinfo.org\/wp-content\/uploads\/2025\/08\/IMG_3491.jpeg",350,263,false]},"author_info":{"info":["admin"]},"category_info":"<a href=\"https:\/\/veritasinfo.org\/?cat=60\" rel=\"category\">Shoq\u00ebrore<\/a>","tag_info":"Shoq\u00ebrore","comment_count":"0","_links":{"self":[{"href":"https:\/\/veritasinfo.org\/index.php?rest_route=\/wp\/v2\/posts\/9873","targetHints":{"allow":["GET"]}}],"collection":[{"href":"https:\/\/veritasinfo.org\/index.php?rest_route=\/wp\/v2\/posts"}],"about":[{"href":"https:\/\/veritasinfo.org\/index.php?rest_route=\/wp\/v2\/types\/post"}],"author":[{"embeddable":true,"href":"https:\/\/veritasinfo.org\/index.php?rest_route=\/wp\/v2\/users\/1"}],"replies":[{"embeddable":true,"href":"https:\/\/veritasinfo.org\/index.php?rest_route=%2Fwp%2Fv2%2Fcomments&post=9873"}],"version-history":[{"count":1,"href":"https:\/\/veritasinfo.org\/index.php?rest_route=\/wp\/v2\/posts\/9873\/revisions"}],"predecessor-version":[{"id":9879,"href":"https:\/\/veritasinfo.org\/index.php?rest_route=\/wp\/v2\/posts\/9873\/revisions\/9879"}],"wp:featuredmedia":[{"embeddable":true,"href":"https:\/\/veritasinfo.org\/index.php?rest_route=\/wp\/v2\/media\/9878"}],"wp:attachment":[{"href":"https:\/\/veritasinfo.org\/index.php?rest_route=%2Fwp%2Fv2%2Fmedia&parent=9873"}],"wp:term":[{"taxonomy":"category","embeddable":true,"href":"https:\/\/veritasinfo.org\/index.php?rest_route=%2Fwp%2Fv2%2Fcategories&post=9873"},{"taxonomy":"post_tag","embeddable":true,"href":"https:\/\/veritasinfo.org\/index.php?rest_route=%2Fwp%2Fv2%2Ftags&post=9873"}],"curies":[{"name":"wp","href":"https:\/\/api.w.org\/{rel}","templated":true}]}}