{"id":9862,"date":"2025-08-28T22:01:25","date_gmt":"2025-08-28T20:01:25","guid":{"rendered":"https:\/\/veritasinfo.org\/?p=9862"},"modified":"2025-08-28T22:01:25","modified_gmt":"2025-08-28T20:01:25","slug":"drita-me-arrijte-historike-kualifikohet-ne-ligen-e-konferences","status":"publish","type":"post","link":"https:\/\/veritasinfo.org\/?p=9862","title":{"rendered":"Drita me arrijte historike, kualifikohet n\u00eb Lig\u00ebn e Konferenc\u00ebs"},"content":{"rendered":"<p>Luksenburg, 28 Gusht 2025<\/p>\n<p>Kampionia e Kosov\u00ebs, Drita, do ta p\u00ebrfaq\u00ebsoj\u00eb futbollin kosovar n\u00eb garat evropiane p\u00ebr sezonin e rregullt.<\/p>\n<p>Drita, do t\u00eb jet\u00eb pjes\u00eb e faz\u00ebs s\u00eb lig\u00ebs t\u00eb Lig\u00ebs s\u00eb Kampion\u00ebve, gar\u00eb n\u00eb t\u00eb cil\u00ebn u kualifikua t\u00eb enjten mbr\u00ebma.<\/p>\n<div class=\"jeg_ad jeg_ad_article jnews_content_inline_ads  \">\n<div class=\"ads-wrapper align-center \"><\/div>\n<\/div>\n<p>P\u00ebr Drit\u00ebn, kjo \u00ebsht\u00eb hera e par\u00eb q\u00eb do t\u00eb paraqitet n\u00eb nj\u00ebr\u00ebn prej tri garave t\u00eb UEFA-s dhe me kualifikim n\u00eb Lig\u00ebn e Konferenc\u00ebs, i ka siguruar edhe mbi 3 milion\u00eb euro.<\/p>\n<p>Drita n\u00eb faz\u00ebn \u201cplay-off\u201d t\u00eb Lig\u00ebs s\u00eb Konferenc\u00ebs, eliminoi kampionin e Luksemburgut, Differdangen me rezultatin e p\u00ebrgjithsh\u00ebm 3:1.<\/p>\n<p>Pas fitores 2:1 n\u00eb ndeshjen e par\u00eb t\u00eb luajtur jav\u00ebn e shkuar n\u00eb Prishtin\u00eb, Drita triumfoi 1:0 edhe n\u00eb duelin e kthimit n\u00eb Luksemburg.<\/p>\n<p>Golin e vet\u00ebm, q\u00eb konfirmoi fitoren p\u00ebr Drit\u00ebn dhe doli t\u00eb jet\u00eb historik, e sh\u00ebnoi Besnik Krasniqi q\u00eb realizoi n\u00eb minut\u00ebn e 62-t\u00eb nga pika e bardh\u00eb pas penalltis\u00eb q\u00eb e siguroi Veton Tusha.<\/p>\n<p>Differdange ndeshjen e p\u00ebrfundoi me nj\u00eb futbollist m\u00eb pak, pasi n\u00eb minut\u00ebn e tret\u00eb t\u00eb takimit u p\u00ebrjashtua direkt me karton t\u00eb kuq, Andreas Buch.<\/p>\n<p>Drita, tani b\u00ebhet vet\u00ebm ekipi i dyt\u00eb nga Kosova q\u00eb do t\u00eb paraqitet n\u00eb Lig\u00ebn e Konferenc\u00ebs, gar\u00eb n\u00eb t\u00eb cil\u00ebn p\u00ebr dy sezone rresht u paraqit skuadra e Ballkanit.<\/p>\n<p>Skuadra gjilanase rrug\u00ebtimin n\u00eb kualifikimet evropiane n\u00eb garat evropiane, e nisi n\u00eb faz\u00ebn e par\u00eb t\u00eb Lig\u00ebs s\u00eb Kampion\u00ebve, ku eliminoi pik\u00ebrisht Differdangen, p\u00ebrpara se t\u00eb eliminohet nga Copenhageni n\u00eb raundin e dyt\u00eb.<\/p>\n<p>Kualifikimet i vazhdoi n\u00eb raundin e tret\u00eb kualifikues t\u00eb Lig\u00ebs s\u00eb Evrop\u00ebs p\u00ebr t\u2019u eliminuar nga Steaua e Bukureshtit, dhe n\u00eb fund p\u00ebr t\u00eb prekur Lig\u00ebn e Konferenc\u00ebs pasi kaloi me sukses faz\u00ebn \u201cplay-off\u201d.<\/p>\n<p>Krahas Drit\u00ebs, k\u00ebt\u00eb sezon n\u00eb kualifikimet e garave evropiane, Kosov\u00ebn e p\u00ebrfaq\u00ebsuan edhe Ballkani, Prishtina e Malisheva, q\u00eb u eliminuan her\u00ebt.<\/p>\n","protected":false},"excerpt":{"rendered":"<p>Luksenburg, 28 Gusht 2025 Kampionia e Kosov\u00ebs, Drita, do ta p\u00ebrfaq\u00ebsoj\u00eb futbollin kosovar n\u00eb garat evropiane p\u00ebr sezonin e rregullt. Drita, do t\u00eb jet\u00eb pjes\u00eb<\/p>\n","protected":false},"author":1,"featured_media":9863,"comment_status":"open","ping_status":"open","sticky":false,"template":"","format":"standard","meta":{"footnotes":""},"categories":[5],"tags":[],"class_list":["post-9862","post","type-post","status-publish","format-standard","has-post-thumbnail","hentry","category-sport-sq"],"yoast_head":"<!-- This site is optimized with the Yoast SEO plugin v25.3.1 - https:\/\/yoast.com\/wordpress\/plugins\/seo\/ -->\n<title>Drita me arrijte historike, kualifikohet n\u00eb Lig\u00ebn e Konferenc\u00ebs -<\/title>\n<meta name=\"robots\" content=\"index, follow, max-snippet:-1, max-image-preview:large, max-video-preview:-1\" \/>\n<link rel=\"canonical\" href=\"https:\/\/veritasinfo.org\/?p=9862\" \/>\n<meta property=\"og:locale\" content=\"en_US\" \/>\n<meta property=\"og:type\" content=\"article\" \/>\n<meta property=\"og:title\" content=\"Drita me arrijte historike, kualifikohet n\u00eb Lig\u00ebn e Konferenc\u00ebs -\" \/>\n<meta property=\"og:description\" content=\"Luksenburg, 28 Gusht 2025 Kampionia e Kosov\u00ebs, Drita, do ta p\u00ebrfaq\u00ebsoj\u00eb futbollin kosovar n\u00eb garat evropiane p\u00ebr sezonin e rregullt. Drita, do t\u00eb jet\u00eb pjes\u00eb\" \/>\n<meta property=\"og:url\" content=\"https:\/\/veritasinfo.org\/?p=9862\" \/>\n<meta property=\"article:published_time\" content=\"2025-08-28T20:01:25+00:00\" \/>\n<meta property=\"og:image\" content=\"https:\/\/veritasinfo.org\/wp-content\/uploads\/2025\/08\/IMG_3489.jpeg\" \/>\n\t<meta property=\"og:image:width\" content=\"1140\" \/>\n\t<meta property=\"og:image:height\" content=\"570\" \/>\n\t<meta property=\"og:image:type\" content=\"image\/jpeg\" \/>\n<meta name=\"author\" content=\"admin\" \/>\n<meta name=\"twitter:card\" content=\"summary_large_image\" \/>\n<meta name=\"twitter:label1\" content=\"Written by\" \/>\n\t<meta name=\"twitter:data1\" content=\"admin\" \/>\n\t<meta name=\"twitter:label2\" content=\"Est. reading time\" \/>\n\t<meta name=\"twitter:data2\" content=\"2 minutes\" \/>\n<script type=\"application\/ld+json\" class=\"yoast-schema-graph\">{\"@context\":\"https:\/\/schema.org\",\"@graph\":[{\"@type\":\"WebPage\",\"@id\":\"https:\/\/veritasinfo.org\/?p=9862\",\"url\":\"https:\/\/veritasinfo.org\/?p=9862\",\"name\":\"Drita me arrijte historike, kualifikohet n\u00eb Lig\u00ebn e Konferenc\u00ebs -\",\"isPartOf\":{\"@id\":\"https:\/\/veritasinfo.org\/#website\"},\"primaryImageOfPage\":{\"@id\":\"https:\/\/veritasinfo.org\/?p=9862#primaryimage\"},\"image\":{\"@id\":\"https:\/\/veritasinfo.org\/?p=9862#primaryimage\"},\"thumbnailUrl\":\"https:\/\/veritasinfo.org\/wp-content\/uploads\/2025\/08\/IMG_3489.jpeg\",\"datePublished\":\"2025-08-28T20:01:25+00:00\",\"author\":{\"@id\":\"https:\/\/veritasinfo.org\/#\/schema\/person\/7701f8c088bece422266b100a712374f\"},\"breadcrumb\":{\"@id\":\"https:\/\/veritasinfo.org\/?p=9862#breadcrumb\"},\"inLanguage\":\"en-US\",\"potentialAction\":[{\"@type\":\"ReadAction\",\"target\":[\"https:\/\/veritasinfo.org\/?p=9862\"]}]},{\"@type\":\"ImageObject\",\"inLanguage\":\"en-US\",\"@id\":\"https:\/\/veritasinfo.org\/?p=9862#primaryimage\",\"url\":\"https:\/\/veritasinfo.org\/wp-content\/uploads\/2025\/08\/IMG_3489.jpeg\",\"contentUrl\":\"https:\/\/veritasinfo.org\/wp-content\/uploads\/2025\/08\/IMG_3489.jpeg\",\"width\":1140,\"height\":570},{\"@type\":\"BreadcrumbList\",\"@id\":\"https:\/\/veritasinfo.org\/?p=9862#breadcrumb\",\"itemListElement\":[{\"@type\":\"ListItem\",\"position\":1,\"name\":\"Home\",\"item\":\"https:\/\/veritasinfo.org\/\"},{\"@type\":\"ListItem\",\"position\":2,\"name\":\"Drita me arrijte historike, kualifikohet n\u00eb Lig\u00ebn e Konferenc\u00ebs\"}]},{\"@type\":\"WebSite\",\"@id\":\"https:\/\/veritasinfo.org\/#website\",\"url\":\"https:\/\/veritasinfo.org\/\",\"name\":\"\",\"description\":\"\",\"potentialAction\":[{\"@type\":\"SearchAction\",\"target\":{\"@type\":\"EntryPoint\",\"urlTemplate\":\"https:\/\/veritasinfo.org\/?s={search_term_string}\"},\"query-input\":{\"@type\":\"PropertyValueSpecification\",\"valueRequired\":true,\"valueName\":\"search_term_string\"}}],\"inLanguage\":\"en-US\"},{\"@type\":\"Person\",\"@id\":\"https:\/\/veritasinfo.org\/#\/schema\/person\/7701f8c088bece422266b100a712374f\",\"name\":\"admin\",\"image\":{\"@type\":\"ImageObject\",\"inLanguage\":\"en-US\",\"@id\":\"https:\/\/veritasinfo.org\/#\/schema\/person\/image\/\",\"url\":\"https:\/\/secure.gravatar.com\/avatar\/ea53aa3bf6c9a12d5fde8ce4deff43fef3885ae33cf60184161a50d6987cfd2f?s=96&d=mm&r=g\",\"contentUrl\":\"https:\/\/secure.gravatar.com\/avatar\/ea53aa3bf6c9a12d5fde8ce4deff43fef3885ae33cf60184161a50d6987cfd2f?s=96&d=mm&r=g\",\"caption\":\"admin\"},\"sameAs\":[\"https:\/\/veritasinfo.org\"],\"url\":\"https:\/\/veritasinfo.org\/?author=1\"}]}<\/script>\n<!-- \/ Yoast SEO plugin. -->","yoast_head_json":{"title":"Drita me arrijte historike, kualifikohet n\u00eb Lig\u00ebn e Konferenc\u00ebs -","robots":{"index":"index","follow":"follow","max-snippet":"max-snippet:-1","max-image-preview":"max-image-preview:large","max-video-preview":"max-video-preview:-1"},"canonical":"https:\/\/veritasinfo.org\/?p=9862","og_locale":"en_US","og_type":"article","og_title":"Drita me arrijte historike, kualifikohet n\u00eb Lig\u00ebn e Konferenc\u00ebs -","og_description":"Luksenburg, 28 Gusht 2025 Kampionia e Kosov\u00ebs, Drita, do ta p\u00ebrfaq\u00ebsoj\u00eb futbollin kosovar n\u00eb garat evropiane p\u00ebr sezonin e rregullt. Drita, do t\u00eb jet\u00eb pjes\u00eb","og_url":"https:\/\/veritasinfo.org\/?p=9862","article_published_time":"2025-08-28T20:01:25+00:00","og_image":[{"width":1140,"height":570,"url":"https:\/\/veritasinfo.org\/wp-content\/uploads\/2025\/08\/IMG_3489.jpeg","type":"image\/jpeg"}],"author":"admin","twitter_card":"summary_large_image","twitter_misc":{"Written by":"admin","Est. reading time":"2 minutes"},"schema":{"@context":"https:\/\/schema.org","@graph":[{"@type":"WebPage","@id":"https:\/\/veritasinfo.org\/?p=9862","url":"https:\/\/veritasinfo.org\/?p=9862","name":"Drita me arrijte historike, kualifikohet n\u00eb Lig\u00ebn e Konferenc\u00ebs -","isPartOf":{"@id":"https:\/\/veritasinfo.org\/#website"},"primaryImageOfPage":{"@id":"https:\/\/veritasinfo.org\/?p=9862#primaryimage"},"image":{"@id":"https:\/\/veritasinfo.org\/?p=9862#primaryimage"},"thumbnailUrl":"https:\/\/veritasinfo.org\/wp-content\/uploads\/2025\/08\/IMG_3489.jpeg","datePublished":"2025-08-28T20:01:25+00:00","author":{"@id":"https:\/\/veritasinfo.org\/#\/schema\/person\/7701f8c088bece422266b100a712374f"},"breadcrumb":{"@id":"https:\/\/veritasinfo.org\/?p=9862#breadcrumb"},"inLanguage":"en-US","potentialAction":[{"@type":"ReadAction","target":["https:\/\/veritasinfo.org\/?p=9862"]}]},{"@type":"ImageObject","inLanguage":"en-US","@id":"https:\/\/veritasinfo.org\/?p=9862#primaryimage","url":"https:\/\/veritasinfo.org\/wp-content\/uploads\/2025\/08\/IMG_3489.jpeg","contentUrl":"https:\/\/veritasinfo.org\/wp-content\/uploads\/2025\/08\/IMG_3489.jpeg","width":1140,"height":570},{"@type":"BreadcrumbList","@id":"https:\/\/veritasinfo.org\/?p=9862#breadcrumb","itemListElement":[{"@type":"ListItem","position":1,"name":"Home","item":"https:\/\/veritasinfo.org\/"},{"@type":"ListItem","position":2,"name":"Drita me arrijte historike, kualifikohet n\u00eb Lig\u00ebn e Konferenc\u00ebs"}]},{"@type":"WebSite","@id":"https:\/\/veritasinfo.org\/#website","url":"https:\/\/veritasinfo.org\/","name":"","description":"","potentialAction":[{"@type":"SearchAction","target":{"@type":"EntryPoint","urlTemplate":"https:\/\/veritasinfo.org\/?s={search_term_string}"},"query-input":{"@type":"PropertyValueSpecification","valueRequired":true,"valueName":"search_term_string"}}],"inLanguage":"en-US"},{"@type":"Person","@id":"https:\/\/veritasinfo.org\/#\/schema\/person\/7701f8c088bece422266b100a712374f","name":"admin","image":{"@type":"ImageObject","inLanguage":"en-US","@id":"https:\/\/veritasinfo.org\/#\/schema\/person\/image\/","url":"https:\/\/secure.gravatar.com\/avatar\/ea53aa3bf6c9a12d5fde8ce4deff43fef3885ae33cf60184161a50d6987cfd2f?s=96&d=mm&r=g","contentUrl":"https:\/\/secure.gravatar.com\/avatar\/ea53aa3bf6c9a12d5fde8ce4deff43fef3885ae33cf60184161a50d6987cfd2f?s=96&d=mm&r=g","caption":"admin"},"sameAs":["https:\/\/veritasinfo.org"],"url":"https:\/\/veritasinfo.org\/?author=1"}]}},"featured_image_urls":{"full":["https:\/\/veritasinfo.org\/wp-content\/uploads\/2025\/08\/IMG_3489.jpeg",1140,570,false],"thumbnail":["https:\/\/veritasinfo.org\/wp-content\/uploads\/2025\/08\/IMG_3489-150x150.jpeg",150,150,true],"medium":["https:\/\/veritasinfo.org\/wp-content\/uploads\/2025\/08\/IMG_3489-300x150.jpeg",300,150,true],"medium_large":["https:\/\/veritasinfo.org\/wp-content\/uploads\/2025\/08\/IMG_3489-768x384.jpeg",640,320,true],"large":["https:\/\/veritasinfo.org\/wp-content\/uploads\/2025\/08\/IMG_3489-1024x512.jpeg",640,320,true],"1536x1536":["https:\/\/veritasinfo.org\/wp-content\/uploads\/2025\/08\/IMG_3489.jpeg",1140,570,false],"2048x2048":["https:\/\/veritasinfo.org\/wp-content\/uploads\/2025\/08\/IMG_3489.jpeg",1140,570,false],"kreeti-slider-full":["https:\/\/veritasinfo.org\/wp-content\/uploads\/2025\/08\/IMG_3489.jpeg",1140,570,false],"kreeti-featured":["https:\/\/veritasinfo.org\/wp-content\/uploads\/2025\/08\/IMG_3489.jpeg",1024,512,false],"kreeti-medium":["https:\/\/veritasinfo.org\/wp-content\/uploads\/2025\/08\/IMG_3489.jpeg",720,360,false],"kreeti-medium-square":["https:\/\/veritasinfo.org\/wp-content\/uploads\/2025\/08\/IMG_3489.jpeg",350,175,false]},"author_info":{"info":["admin"]},"category_info":"<a href=\"https:\/\/veritasinfo.org\/?cat=5\" rel=\"category\">Sport<\/a>","tag_info":"Sport","comment_count":"0","_links":{"self":[{"href":"https:\/\/veritasinfo.org\/index.php?rest_route=\/wp\/v2\/posts\/9862","targetHints":{"allow":["GET"]}}],"collection":[{"href":"https:\/\/veritasinfo.org\/index.php?rest_route=\/wp\/v2\/posts"}],"about":[{"href":"https:\/\/veritasinfo.org\/index.php?rest_route=\/wp\/v2\/types\/post"}],"author":[{"embeddable":true,"href":"https:\/\/veritasinfo.org\/index.php?rest_route=\/wp\/v2\/users\/1"}],"replies":[{"embeddable":true,"href":"https:\/\/veritasinfo.org\/index.php?rest_route=%2Fwp%2Fv2%2Fcomments&post=9862"}],"version-history":[{"count":1,"href":"https:\/\/veritasinfo.org\/index.php?rest_route=\/wp\/v2\/posts\/9862\/revisions"}],"predecessor-version":[{"id":9864,"href":"https:\/\/veritasinfo.org\/index.php?rest_route=\/wp\/v2\/posts\/9862\/revisions\/9864"}],"wp:featuredmedia":[{"embeddable":true,"href":"https:\/\/veritasinfo.org\/index.php?rest_route=\/wp\/v2\/media\/9863"}],"wp:attachment":[{"href":"https:\/\/veritasinfo.org\/index.php?rest_route=%2Fwp%2Fv2%2Fmedia&parent=9862"}],"wp:term":[{"taxonomy":"category","embeddable":true,"href":"https:\/\/veritasinfo.org\/index.php?rest_route=%2Fwp%2Fv2%2Fcategories&post=9862"},{"taxonomy":"post_tag","embeddable":true,"href":"https:\/\/veritasinfo.org\/index.php?rest_route=%2Fwp%2Fv2%2Ftags&post=9862"}],"curies":[{"name":"wp","href":"https:\/\/api.w.org\/{rel}","templated":true}]}}