{"id":984,"date":"2025-06-18T16:32:42","date_gmt":"2025-06-18T14:32:42","guid":{"rendered":"https:\/\/veritasinfo.org\/?p=984"},"modified":"2025-06-18T16:35:58","modified_gmt":"2025-06-18T14:35:58","slug":"dy-ura-te-reja-qe-lidhin-jugun-me-veriun-e-mitrovices-nenshkruhet-memorandumi-i-bashkepunimit","status":"publish","type":"post","link":"https:\/\/veritasinfo.org\/?p=984","title":{"rendered":"Dy ura t\u00eb reja q\u00eb lidhin Jugun me Veriun e Mitrovic\u00ebs &#8211; n\u00ebnshkruhet memorandumi i bashk\u00ebpunimit"},"content":{"rendered":"<p>Mitrovic\u00eb 18.06.2025<br \/>\nGjat\u00eb dit\u00ebs \u00ebsht\u00eb raportuar se do n\u00ebnshkruhet marr\u00ebveshja p\u00ebr nd\u00ebrtimin e dy urave, nj\u00ebra tek tri banesat dhe nj\u00ebra tek palestra, dhe k\u00ebto ishin k\u00ebrkesa t\u00eb n\u00ebnkryetari Arian Tahiri n\u00eb takim ne kryeministrin Kurti.<\/p>\n<p>Nd\u00ebrsa sot Ministri Liburn Aliu, ka n\u00ebnshkruar Memorandum Bashk\u00ebpunimin me Komun\u00ebn e Mitrovic\u00ebs dhe Komun\u00ebn e Mitrovic\u00ebs s\u00eb Veriut, n\u00eb kuad\u00ebr t\u00eb mb\u00ebshtetjes p\u00ebr projekte infrastrukturore q\u00eb synojn\u00eb p\u00ebrmir\u00ebsimin e lidhjes dhe jet\u00ebs urbane n\u00eb k\u00ebt\u00eb zon\u00eb.<\/p>\n<p>N\u00eb ceremonin\u00eb e n\u00ebnshkrimit mor\u00ebn pjes\u00eb edhe Kryetari i Mitrovic\u00ebs s\u00eb Veriut, Erden Atiq, N\u00ebnkryetari i Komun\u00ebs s\u00eb Mitrovic\u00ebs, Arian Tahiri, si dhe Kryesuesi i Bordit t\u00eb Mitrovic\u00ebs, Elbert Krasniqi.<\/p>\n<p>Memorandumi u zyrtarizua p\u00ebrmes fillimit t\u00eb nj\u00eb projekti t\u00eb p\u00ebrbashk\u00ebt \u2013 nd\u00ebrtimi i dy urave t\u00eb reja mbi lumin Ib\u00ebr, t\u00eb cilat do t\u00eb leht\u00ebsojn\u00eb qarkullimin e qytetar\u00ebve t\u00eb t\u00eb dy komunave.<\/p>\n","protected":false},"excerpt":{"rendered":"<p>Mitrovic\u00eb 18.06.2025 Gjat\u00eb dit\u00ebs \u00ebsht\u00eb raportuar se do n\u00ebnshkruhet marr\u00ebveshja p\u00ebr nd\u00ebrtimin e dy urave, nj\u00ebra tek tri banesat dhe nj\u00ebra tek palestra, dhe k\u00ebto<\/p>\n","protected":false},"author":1,"featured_media":985,"comment_status":"open","ping_status":"open","sticky":false,"template":"","format":"standard","meta":{"footnotes":""},"categories":[52],"tags":[],"class_list":["post-984","post","type-post","status-publish","format-standard","has-post-thumbnail","hentry","category-komunat-sq"],"yoast_head":"<!-- This site is optimized with the Yoast SEO plugin v25.3.1 - https:\/\/yoast.com\/wordpress\/plugins\/seo\/ -->\n<title>Dy ura t\u00eb reja q\u00eb lidhin Jugun me Veriun e Mitrovic\u00ebs - n\u00ebnshkruhet memorandumi i bashk\u00ebpunimit -<\/title>\n<meta name=\"robots\" content=\"index, follow, max-snippet:-1, max-image-preview:large, max-video-preview:-1\" \/>\n<link rel=\"canonical\" href=\"https:\/\/veritasinfo.org\/?p=984\" \/>\n<meta property=\"og:locale\" content=\"en_US\" \/>\n<meta property=\"og:type\" content=\"article\" \/>\n<meta property=\"og:title\" content=\"Dy ura t\u00eb reja q\u00eb lidhin Jugun me Veriun e Mitrovic\u00ebs - n\u00ebnshkruhet memorandumi i bashk\u00ebpunimit -\" \/>\n<meta property=\"og:description\" content=\"Mitrovic\u00eb 18.06.2025 Gjat\u00eb dit\u00ebs \u00ebsht\u00eb raportuar se do n\u00ebnshkruhet marr\u00ebveshja p\u00ebr nd\u00ebrtimin e dy urave, nj\u00ebra tek tri banesat dhe nj\u00ebra tek palestra, dhe k\u00ebto\" \/>\n<meta property=\"og:url\" content=\"https:\/\/veritasinfo.org\/?p=984\" \/>\n<meta property=\"article:published_time\" content=\"2025-06-18T14:32:42+00:00\" \/>\n<meta property=\"article:modified_time\" content=\"2025-06-18T14:35:58+00:00\" \/>\n<meta property=\"og:image\" content=\"https:\/\/veritasinfo.org\/wp-content\/uploads\/2025\/06\/IMG_1320.jpeg\" \/>\n\t<meta property=\"og:image:width\" content=\"2048\" \/>\n\t<meta property=\"og:image:height\" content=\"1639\" \/>\n\t<meta property=\"og:image:type\" content=\"image\/jpeg\" \/>\n<meta name=\"author\" content=\"admin\" \/>\n<meta name=\"twitter:card\" content=\"summary_large_image\" \/>\n<meta name=\"twitter:label1\" content=\"Written by\" \/>\n\t<meta name=\"twitter:data1\" content=\"admin\" \/>\n\t<meta name=\"twitter:label2\" content=\"Est. reading time\" \/>\n\t<meta name=\"twitter:data2\" content=\"1 minute\" \/>\n<script type=\"application\/ld+json\" class=\"yoast-schema-graph\">{\"@context\":\"https:\/\/schema.org\",\"@graph\":[{\"@type\":\"WebPage\",\"@id\":\"https:\/\/veritasinfo.org\/?p=984\",\"url\":\"https:\/\/veritasinfo.org\/?p=984\",\"name\":\"Dy ura t\u00eb reja q\u00eb lidhin Jugun me Veriun e Mitrovic\u00ebs - n\u00ebnshkruhet memorandumi i bashk\u00ebpunimit -\",\"isPartOf\":{\"@id\":\"https:\/\/veritasinfo.org\/#website\"},\"primaryImageOfPage\":{\"@id\":\"https:\/\/veritasinfo.org\/?p=984#primaryimage\"},\"image\":{\"@id\":\"https:\/\/veritasinfo.org\/?p=984#primaryimage\"},\"thumbnailUrl\":\"https:\/\/veritasinfo.org\/wp-content\/uploads\/2025\/06\/IMG_1320.jpeg\",\"datePublished\":\"2025-06-18T14:32:42+00:00\",\"dateModified\":\"2025-06-18T14:35:58+00:00\",\"author\":{\"@id\":\"https:\/\/veritasinfo.org\/#\/schema\/person\/7701f8c088bece422266b100a712374f\"},\"breadcrumb\":{\"@id\":\"https:\/\/veritasinfo.org\/?p=984#breadcrumb\"},\"inLanguage\":\"en-US\",\"potentialAction\":[{\"@type\":\"ReadAction\",\"target\":[\"https:\/\/veritasinfo.org\/?p=984\"]}]},{\"@type\":\"ImageObject\",\"inLanguage\":\"en-US\",\"@id\":\"https:\/\/veritasinfo.org\/?p=984#primaryimage\",\"url\":\"https:\/\/veritasinfo.org\/wp-content\/uploads\/2025\/06\/IMG_1320.jpeg\",\"contentUrl\":\"https:\/\/veritasinfo.org\/wp-content\/uploads\/2025\/06\/IMG_1320.jpeg\",\"width\":2048,\"height\":1639},{\"@type\":\"BreadcrumbList\",\"@id\":\"https:\/\/veritasinfo.org\/?p=984#breadcrumb\",\"itemListElement\":[{\"@type\":\"ListItem\",\"position\":1,\"name\":\"Home\",\"item\":\"https:\/\/veritasinfo.org\/\"},{\"@type\":\"ListItem\",\"position\":2,\"name\":\"Dy ura t\u00eb reja q\u00eb lidhin Jugun me Veriun e Mitrovic\u00ebs &#8211; n\u00ebnshkruhet memorandumi i bashk\u00ebpunimit\"}]},{\"@type\":\"WebSite\",\"@id\":\"https:\/\/veritasinfo.org\/#website\",\"url\":\"https:\/\/veritasinfo.org\/\",\"name\":\"\",\"description\":\"\",\"potentialAction\":[{\"@type\":\"SearchAction\",\"target\":{\"@type\":\"EntryPoint\",\"urlTemplate\":\"https:\/\/veritasinfo.org\/?s={search_term_string}\"},\"query-input\":{\"@type\":\"PropertyValueSpecification\",\"valueRequired\":true,\"valueName\":\"search_term_string\"}}],\"inLanguage\":\"en-US\"},{\"@type\":\"Person\",\"@id\":\"https:\/\/veritasinfo.org\/#\/schema\/person\/7701f8c088bece422266b100a712374f\",\"name\":\"admin\",\"image\":{\"@type\":\"ImageObject\",\"inLanguage\":\"en-US\",\"@id\":\"https:\/\/veritasinfo.org\/#\/schema\/person\/image\/\",\"url\":\"https:\/\/secure.gravatar.com\/avatar\/ea53aa3bf6c9a12d5fde8ce4deff43fef3885ae33cf60184161a50d6987cfd2f?s=96&d=mm&r=g\",\"contentUrl\":\"https:\/\/secure.gravatar.com\/avatar\/ea53aa3bf6c9a12d5fde8ce4deff43fef3885ae33cf60184161a50d6987cfd2f?s=96&d=mm&r=g\",\"caption\":\"admin\"},\"sameAs\":[\"https:\/\/veritasinfo.org\"],\"url\":\"https:\/\/veritasinfo.org\/?author=1\"}]}<\/script>\n<!-- \/ Yoast SEO plugin. -->","yoast_head_json":{"title":"Dy ura t\u00eb reja q\u00eb lidhin Jugun me Veriun e Mitrovic\u00ebs - n\u00ebnshkruhet memorandumi i bashk\u00ebpunimit -","robots":{"index":"index","follow":"follow","max-snippet":"max-snippet:-1","max-image-preview":"max-image-preview:large","max-video-preview":"max-video-preview:-1"},"canonical":"https:\/\/veritasinfo.org\/?p=984","og_locale":"en_US","og_type":"article","og_title":"Dy ura t\u00eb reja q\u00eb lidhin Jugun me Veriun e Mitrovic\u00ebs - n\u00ebnshkruhet memorandumi i bashk\u00ebpunimit -","og_description":"Mitrovic\u00eb 18.06.2025 Gjat\u00eb dit\u00ebs \u00ebsht\u00eb raportuar se do n\u00ebnshkruhet marr\u00ebveshja p\u00ebr nd\u00ebrtimin e dy urave, nj\u00ebra tek tri banesat dhe nj\u00ebra tek palestra, dhe k\u00ebto","og_url":"https:\/\/veritasinfo.org\/?p=984","article_published_time":"2025-06-18T14:32:42+00:00","article_modified_time":"2025-06-18T14:35:58+00:00","og_image":[{"width":2048,"height":1639,"url":"https:\/\/veritasinfo.org\/wp-content\/uploads\/2025\/06\/IMG_1320.jpeg","type":"image\/jpeg"}],"author":"admin","twitter_card":"summary_large_image","twitter_misc":{"Written by":"admin","Est. reading time":"1 minute"},"schema":{"@context":"https:\/\/schema.org","@graph":[{"@type":"WebPage","@id":"https:\/\/veritasinfo.org\/?p=984","url":"https:\/\/veritasinfo.org\/?p=984","name":"Dy ura t\u00eb reja q\u00eb lidhin Jugun me Veriun e Mitrovic\u00ebs - n\u00ebnshkruhet memorandumi i bashk\u00ebpunimit -","isPartOf":{"@id":"https:\/\/veritasinfo.org\/#website"},"primaryImageOfPage":{"@id":"https:\/\/veritasinfo.org\/?p=984#primaryimage"},"image":{"@id":"https:\/\/veritasinfo.org\/?p=984#primaryimage"},"thumbnailUrl":"https:\/\/veritasinfo.org\/wp-content\/uploads\/2025\/06\/IMG_1320.jpeg","datePublished":"2025-06-18T14:32:42+00:00","dateModified":"2025-06-18T14:35:58+00:00","author":{"@id":"https:\/\/veritasinfo.org\/#\/schema\/person\/7701f8c088bece422266b100a712374f"},"breadcrumb":{"@id":"https:\/\/veritasinfo.org\/?p=984#breadcrumb"},"inLanguage":"en-US","potentialAction":[{"@type":"ReadAction","target":["https:\/\/veritasinfo.org\/?p=984"]}]},{"@type":"ImageObject","inLanguage":"en-US","@id":"https:\/\/veritasinfo.org\/?p=984#primaryimage","url":"https:\/\/veritasinfo.org\/wp-content\/uploads\/2025\/06\/IMG_1320.jpeg","contentUrl":"https:\/\/veritasinfo.org\/wp-content\/uploads\/2025\/06\/IMG_1320.jpeg","width":2048,"height":1639},{"@type":"BreadcrumbList","@id":"https:\/\/veritasinfo.org\/?p=984#breadcrumb","itemListElement":[{"@type":"ListItem","position":1,"name":"Home","item":"https:\/\/veritasinfo.org\/"},{"@type":"ListItem","position":2,"name":"Dy ura t\u00eb reja q\u00eb lidhin Jugun me Veriun e Mitrovic\u00ebs &#8211; n\u00ebnshkruhet memorandumi i bashk\u00ebpunimit"}]},{"@type":"WebSite","@id":"https:\/\/veritasinfo.org\/#website","url":"https:\/\/veritasinfo.org\/","name":"","description":"","potentialAction":[{"@type":"SearchAction","target":{"@type":"EntryPoint","urlTemplate":"https:\/\/veritasinfo.org\/?s={search_term_string}"},"query-input":{"@type":"PropertyValueSpecification","valueRequired":true,"valueName":"search_term_string"}}],"inLanguage":"en-US"},{"@type":"Person","@id":"https:\/\/veritasinfo.org\/#\/schema\/person\/7701f8c088bece422266b100a712374f","name":"admin","image":{"@type":"ImageObject","inLanguage":"en-US","@id":"https:\/\/veritasinfo.org\/#\/schema\/person\/image\/","url":"https:\/\/secure.gravatar.com\/avatar\/ea53aa3bf6c9a12d5fde8ce4deff43fef3885ae33cf60184161a50d6987cfd2f?s=96&d=mm&r=g","contentUrl":"https:\/\/secure.gravatar.com\/avatar\/ea53aa3bf6c9a12d5fde8ce4deff43fef3885ae33cf60184161a50d6987cfd2f?s=96&d=mm&r=g","caption":"admin"},"sameAs":["https:\/\/veritasinfo.org"],"url":"https:\/\/veritasinfo.org\/?author=1"}]}},"featured_image_urls":{"full":["https:\/\/veritasinfo.org\/wp-content\/uploads\/2025\/06\/IMG_1320.jpeg",2048,1639,false],"thumbnail":["https:\/\/veritasinfo.org\/wp-content\/uploads\/2025\/06\/IMG_1320-150x150.jpeg",150,150,true],"medium":["https:\/\/veritasinfo.org\/wp-content\/uploads\/2025\/06\/IMG_1320-300x240.jpeg",300,240,true],"medium_large":["https:\/\/veritasinfo.org\/wp-content\/uploads\/2025\/06\/IMG_1320-768x615.jpeg",640,513,true],"large":["https:\/\/veritasinfo.org\/wp-content\/uploads\/2025\/06\/IMG_1320-1024x820.jpeg",640,513,true],"1536x1536":["https:\/\/veritasinfo.org\/wp-content\/uploads\/2025\/06\/IMG_1320-1536x1229.jpeg",1536,1229,true],"2048x2048":["https:\/\/veritasinfo.org\/wp-content\/uploads\/2025\/06\/IMG_1320.jpeg",2048,1639,false],"kreeti-slider-full":["https:\/\/veritasinfo.org\/wp-content\/uploads\/2025\/06\/IMG_1320.jpeg",900,720,false],"kreeti-featured":["https:\/\/veritasinfo.org\/wp-content\/uploads\/2025\/06\/IMG_1320.jpeg",1024,820,false],"kreeti-medium":["https:\/\/veritasinfo.org\/wp-content\/uploads\/2025\/06\/IMG_1320.jpeg",662,530,false],"kreeti-medium-square":["https:\/\/veritasinfo.org\/wp-content\/uploads\/2025\/06\/IMG_1320.jpeg",350,280,false]},"author_info":{"info":["admin"]},"category_info":"<a href=\"https:\/\/veritasinfo.org\/?cat=52\" rel=\"category\">Komunat<\/a>","tag_info":"Komunat","comment_count":"0","_links":{"self":[{"href":"https:\/\/veritasinfo.org\/index.php?rest_route=\/wp\/v2\/posts\/984","targetHints":{"allow":["GET"]}}],"collection":[{"href":"https:\/\/veritasinfo.org\/index.php?rest_route=\/wp\/v2\/posts"}],"about":[{"href":"https:\/\/veritasinfo.org\/index.php?rest_route=\/wp\/v2\/types\/post"}],"author":[{"embeddable":true,"href":"https:\/\/veritasinfo.org\/index.php?rest_route=\/wp\/v2\/users\/1"}],"replies":[{"embeddable":true,"href":"https:\/\/veritasinfo.org\/index.php?rest_route=%2Fwp%2Fv2%2Fcomments&post=984"}],"version-history":[{"count":1,"href":"https:\/\/veritasinfo.org\/index.php?rest_route=\/wp\/v2\/posts\/984\/revisions"}],"predecessor-version":[{"id":986,"href":"https:\/\/veritasinfo.org\/index.php?rest_route=\/wp\/v2\/posts\/984\/revisions\/986"}],"wp:featuredmedia":[{"embeddable":true,"href":"https:\/\/veritasinfo.org\/index.php?rest_route=\/wp\/v2\/media\/985"}],"wp:attachment":[{"href":"https:\/\/veritasinfo.org\/index.php?rest_route=%2Fwp%2Fv2%2Fmedia&parent=984"}],"wp:term":[{"taxonomy":"category","embeddable":true,"href":"https:\/\/veritasinfo.org\/index.php?rest_route=%2Fwp%2Fv2%2Fcategories&post=984"},{"taxonomy":"post_tag","embeddable":true,"href":"https:\/\/veritasinfo.org\/index.php?rest_route=%2Fwp%2Fv2%2Ftags&post=984"}],"curies":[{"name":"wp","href":"https:\/\/api.w.org\/{rel}","templated":true}]}}