{"id":9826,"date":"2025-08-28T18:02:01","date_gmt":"2025-08-28T16:02:01","guid":{"rendered":"https:\/\/veritasinfo.org\/?p=9826"},"modified":"2025-08-28T18:05:52","modified_gmt":"2025-08-28T16:05:52","slug":"kosova-e-gatshme-te-bashkepunoje-me-kroacine-per-spiunazhin-nga-serbia","status":"publish","type":"post","link":"https:\/\/veritasinfo.org\/?p=9826","title":{"rendered":"Kosova e gatshme t\u00eb bashk\u00ebpunoj\u00eb me Kroacin\u00eb p\u00ebr spiunazhin nga Serbia"},"content":{"rendered":"<p>Prishtin\u00eb, 28 gusht 2025<\/p>\n<p>Z\u00ebdh\u00ebn\u00ebsi i Qeveris\u00eb n\u00eb detyr\u00eb, P\u00ebrparim Kryeziu, ka th\u00ebn\u00eb se institucionet e Kosov\u00ebs jan\u00eb n\u00eb gatishm\u00ebri t\u00eb plot\u00eb q\u00eb t\u00eb bashk\u00ebpunojn\u00eb me institucionet e Kroacis\u00eb p\u00ebr hetimet lidhur me pilotin kroat dhe t\u00eb dashur\u00ebn e tij serbe nga Kosova, n\u00ebn dyshimet p\u00ebr spiunazh te Serbia.<br \/>\nKryeziu ka th\u00ebn\u00eb se viteve t\u00eb fundit Serbia ka rritur aktivitetet e spiunazhit. Ai ka kujtuar se si n\u00eb korrik ishte arrestuar nj\u00eb toger i Policis\u00eb s\u00eb Serbis\u00eb n\u00ebn dyshimet p\u00ebr spiunazh, p\u00ebr interesa t\u00eb Agjencis\u00eb p\u00ebr Siguri dhe Informim (BIA) si dhe se n\u00eb shkurt qe arrestuar nj\u00eb tjet\u00ebr serbmbi dyshimet p\u00ebr spiunazh. Ajo punonte n\u00eb misionin e OSBE-s\u00eb n\u00eb Kosov\u00eb.<br \/>\n\u201cInstitucionet tona t\u00eb siguris\u00eb dhe inteligjenc\u00ebs po punojn\u00eb n\u00eb vazhdim\u00ebsi e me vigjilenc\u00eb t\u00eb lart\u00eb, dhe suksessh\u00ebm po i kund\u00ebrvihen p\u00ebrpjekjeve t\u00eb dashakeqe dhe destabilizuese t\u00eb Serbis\u00eb n\u00eb Kosov\u00eb&#8221;, tha Kryeziu.<\/p>\n","protected":false},"excerpt":{"rendered":"<p>Prishtin\u00eb, 28 gusht 2025 Z\u00ebdh\u00ebn\u00ebsi i Qeveris\u00eb n\u00eb detyr\u00eb, P\u00ebrparim Kryeziu, ka th\u00ebn\u00eb se institucionet e Kosov\u00ebs jan\u00eb n\u00eb gatishm\u00ebri t\u00eb plot\u00eb q\u00eb t\u00eb bashk\u00ebpunojn\u00eb<\/p>\n","protected":false},"author":1,"featured_media":9831,"comment_status":"open","ping_status":"open","sticky":false,"template":"","format":"standard","meta":{"footnotes":""},"categories":[58],"tags":[],"class_list":["post-9826","post","type-post","status-publish","format-standard","has-post-thumbnail","hentry","category-politike-sq"],"yoast_head":"<!-- This site is optimized with the Yoast SEO plugin v25.3.1 - https:\/\/yoast.com\/wordpress\/plugins\/seo\/ -->\n<title>Kosova e gatshme t\u00eb bashk\u00ebpunoj\u00eb me Kroacin\u00eb p\u00ebr spiunazhin nga Serbia -<\/title>\n<meta name=\"robots\" content=\"index, follow, max-snippet:-1, max-image-preview:large, max-video-preview:-1\" \/>\n<link rel=\"canonical\" href=\"https:\/\/veritasinfo.org\/?p=9826\" \/>\n<meta property=\"og:locale\" content=\"en_US\" \/>\n<meta property=\"og:type\" content=\"article\" \/>\n<meta property=\"og:title\" content=\"Kosova e gatshme t\u00eb bashk\u00ebpunoj\u00eb me Kroacin\u00eb p\u00ebr spiunazhin nga Serbia -\" \/>\n<meta property=\"og:description\" content=\"Prishtin\u00eb, 28 gusht 2025 Z\u00ebdh\u00ebn\u00ebsi i Qeveris\u00eb n\u00eb detyr\u00eb, P\u00ebrparim Kryeziu, ka th\u00ebn\u00eb se institucionet e Kosov\u00ebs jan\u00eb n\u00eb gatishm\u00ebri t\u00eb plot\u00eb q\u00eb t\u00eb bashk\u00ebpunojn\u00eb\" \/>\n<meta property=\"og:url\" content=\"https:\/\/veritasinfo.org\/?p=9826\" \/>\n<meta property=\"article:published_time\" content=\"2025-08-28T16:02:01+00:00\" \/>\n<meta property=\"article:modified_time\" content=\"2025-08-28T16:05:52+00:00\" \/>\n<meta property=\"og:image\" content=\"https:\/\/veritasinfo.org\/wp-content\/uploads\/2025\/08\/IMG_3480.jpeg\" \/>\n\t<meta property=\"og:image:width\" content=\"1023\" \/>\n\t<meta property=\"og:image:height\" content=\"575\" \/>\n\t<meta property=\"og:image:type\" content=\"image\/jpeg\" \/>\n<meta name=\"author\" content=\"admin\" \/>\n<meta name=\"twitter:card\" content=\"summary_large_image\" \/>\n<meta name=\"twitter:label1\" content=\"Written by\" \/>\n\t<meta name=\"twitter:data1\" content=\"admin\" \/>\n\t<meta name=\"twitter:label2\" content=\"Est. reading time\" \/>\n\t<meta name=\"twitter:data2\" content=\"1 minute\" \/>\n<script type=\"application\/ld+json\" class=\"yoast-schema-graph\">{\"@context\":\"https:\/\/schema.org\",\"@graph\":[{\"@type\":\"WebPage\",\"@id\":\"https:\/\/veritasinfo.org\/?p=9826\",\"url\":\"https:\/\/veritasinfo.org\/?p=9826\",\"name\":\"Kosova e gatshme t\u00eb bashk\u00ebpunoj\u00eb me Kroacin\u00eb p\u00ebr spiunazhin nga Serbia -\",\"isPartOf\":{\"@id\":\"https:\/\/veritasinfo.org\/#website\"},\"primaryImageOfPage\":{\"@id\":\"https:\/\/veritasinfo.org\/?p=9826#primaryimage\"},\"image\":{\"@id\":\"https:\/\/veritasinfo.org\/?p=9826#primaryimage\"},\"thumbnailUrl\":\"https:\/\/veritasinfo.org\/wp-content\/uploads\/2025\/08\/IMG_3480.jpeg\",\"datePublished\":\"2025-08-28T16:02:01+00:00\",\"dateModified\":\"2025-08-28T16:05:52+00:00\",\"author\":{\"@id\":\"https:\/\/veritasinfo.org\/#\/schema\/person\/7701f8c088bece422266b100a712374f\"},\"breadcrumb\":{\"@id\":\"https:\/\/veritasinfo.org\/?p=9826#breadcrumb\"},\"inLanguage\":\"en-US\",\"potentialAction\":[{\"@type\":\"ReadAction\",\"target\":[\"https:\/\/veritasinfo.org\/?p=9826\"]}]},{\"@type\":\"ImageObject\",\"inLanguage\":\"en-US\",\"@id\":\"https:\/\/veritasinfo.org\/?p=9826#primaryimage\",\"url\":\"https:\/\/veritasinfo.org\/wp-content\/uploads\/2025\/08\/IMG_3480.jpeg\",\"contentUrl\":\"https:\/\/veritasinfo.org\/wp-content\/uploads\/2025\/08\/IMG_3480.jpeg\",\"width\":1023,\"height\":575},{\"@type\":\"BreadcrumbList\",\"@id\":\"https:\/\/veritasinfo.org\/?p=9826#breadcrumb\",\"itemListElement\":[{\"@type\":\"ListItem\",\"position\":1,\"name\":\"Home\",\"item\":\"https:\/\/veritasinfo.org\/\"},{\"@type\":\"ListItem\",\"position\":2,\"name\":\"Kosova e gatshme t\u00eb bashk\u00ebpunoj\u00eb me Kroacin\u00eb p\u00ebr spiunazhin nga Serbia\"}]},{\"@type\":\"WebSite\",\"@id\":\"https:\/\/veritasinfo.org\/#website\",\"url\":\"https:\/\/veritasinfo.org\/\",\"name\":\"\",\"description\":\"\",\"potentialAction\":[{\"@type\":\"SearchAction\",\"target\":{\"@type\":\"EntryPoint\",\"urlTemplate\":\"https:\/\/veritasinfo.org\/?s={search_term_string}\"},\"query-input\":{\"@type\":\"PropertyValueSpecification\",\"valueRequired\":true,\"valueName\":\"search_term_string\"}}],\"inLanguage\":\"en-US\"},{\"@type\":\"Person\",\"@id\":\"https:\/\/veritasinfo.org\/#\/schema\/person\/7701f8c088bece422266b100a712374f\",\"name\":\"admin\",\"image\":{\"@type\":\"ImageObject\",\"inLanguage\":\"en-US\",\"@id\":\"https:\/\/veritasinfo.org\/#\/schema\/person\/image\/\",\"url\":\"https:\/\/secure.gravatar.com\/avatar\/ea53aa3bf6c9a12d5fde8ce4deff43fef3885ae33cf60184161a50d6987cfd2f?s=96&d=mm&r=g\",\"contentUrl\":\"https:\/\/secure.gravatar.com\/avatar\/ea53aa3bf6c9a12d5fde8ce4deff43fef3885ae33cf60184161a50d6987cfd2f?s=96&d=mm&r=g\",\"caption\":\"admin\"},\"sameAs\":[\"https:\/\/veritasinfo.org\"],\"url\":\"https:\/\/veritasinfo.org\/?author=1\"}]}<\/script>\n<!-- \/ Yoast SEO plugin. -->","yoast_head_json":{"title":"Kosova e gatshme t\u00eb bashk\u00ebpunoj\u00eb me Kroacin\u00eb p\u00ebr spiunazhin nga Serbia -","robots":{"index":"index","follow":"follow","max-snippet":"max-snippet:-1","max-image-preview":"max-image-preview:large","max-video-preview":"max-video-preview:-1"},"canonical":"https:\/\/veritasinfo.org\/?p=9826","og_locale":"en_US","og_type":"article","og_title":"Kosova e gatshme t\u00eb bashk\u00ebpunoj\u00eb me Kroacin\u00eb p\u00ebr spiunazhin nga Serbia -","og_description":"Prishtin\u00eb, 28 gusht 2025 Z\u00ebdh\u00ebn\u00ebsi i Qeveris\u00eb n\u00eb detyr\u00eb, P\u00ebrparim Kryeziu, ka th\u00ebn\u00eb se institucionet e Kosov\u00ebs jan\u00eb n\u00eb gatishm\u00ebri t\u00eb plot\u00eb q\u00eb t\u00eb bashk\u00ebpunojn\u00eb","og_url":"https:\/\/veritasinfo.org\/?p=9826","article_published_time":"2025-08-28T16:02:01+00:00","article_modified_time":"2025-08-28T16:05:52+00:00","og_image":[{"width":1023,"height":575,"url":"https:\/\/veritasinfo.org\/wp-content\/uploads\/2025\/08\/IMG_3480.jpeg","type":"image\/jpeg"}],"author":"admin","twitter_card":"summary_large_image","twitter_misc":{"Written by":"admin","Est. reading time":"1 minute"},"schema":{"@context":"https:\/\/schema.org","@graph":[{"@type":"WebPage","@id":"https:\/\/veritasinfo.org\/?p=9826","url":"https:\/\/veritasinfo.org\/?p=9826","name":"Kosova e gatshme t\u00eb bashk\u00ebpunoj\u00eb me Kroacin\u00eb p\u00ebr spiunazhin nga Serbia -","isPartOf":{"@id":"https:\/\/veritasinfo.org\/#website"},"primaryImageOfPage":{"@id":"https:\/\/veritasinfo.org\/?p=9826#primaryimage"},"image":{"@id":"https:\/\/veritasinfo.org\/?p=9826#primaryimage"},"thumbnailUrl":"https:\/\/veritasinfo.org\/wp-content\/uploads\/2025\/08\/IMG_3480.jpeg","datePublished":"2025-08-28T16:02:01+00:00","dateModified":"2025-08-28T16:05:52+00:00","author":{"@id":"https:\/\/veritasinfo.org\/#\/schema\/person\/7701f8c088bece422266b100a712374f"},"breadcrumb":{"@id":"https:\/\/veritasinfo.org\/?p=9826#breadcrumb"},"inLanguage":"en-US","potentialAction":[{"@type":"ReadAction","target":["https:\/\/veritasinfo.org\/?p=9826"]}]},{"@type":"ImageObject","inLanguage":"en-US","@id":"https:\/\/veritasinfo.org\/?p=9826#primaryimage","url":"https:\/\/veritasinfo.org\/wp-content\/uploads\/2025\/08\/IMG_3480.jpeg","contentUrl":"https:\/\/veritasinfo.org\/wp-content\/uploads\/2025\/08\/IMG_3480.jpeg","width":1023,"height":575},{"@type":"BreadcrumbList","@id":"https:\/\/veritasinfo.org\/?p=9826#breadcrumb","itemListElement":[{"@type":"ListItem","position":1,"name":"Home","item":"https:\/\/veritasinfo.org\/"},{"@type":"ListItem","position":2,"name":"Kosova e gatshme t\u00eb bashk\u00ebpunoj\u00eb me Kroacin\u00eb p\u00ebr spiunazhin nga Serbia"}]},{"@type":"WebSite","@id":"https:\/\/veritasinfo.org\/#website","url":"https:\/\/veritasinfo.org\/","name":"","description":"","potentialAction":[{"@type":"SearchAction","target":{"@type":"EntryPoint","urlTemplate":"https:\/\/veritasinfo.org\/?s={search_term_string}"},"query-input":{"@type":"PropertyValueSpecification","valueRequired":true,"valueName":"search_term_string"}}],"inLanguage":"en-US"},{"@type":"Person","@id":"https:\/\/veritasinfo.org\/#\/schema\/person\/7701f8c088bece422266b100a712374f","name":"admin","image":{"@type":"ImageObject","inLanguage":"en-US","@id":"https:\/\/veritasinfo.org\/#\/schema\/person\/image\/","url":"https:\/\/secure.gravatar.com\/avatar\/ea53aa3bf6c9a12d5fde8ce4deff43fef3885ae33cf60184161a50d6987cfd2f?s=96&d=mm&r=g","contentUrl":"https:\/\/secure.gravatar.com\/avatar\/ea53aa3bf6c9a12d5fde8ce4deff43fef3885ae33cf60184161a50d6987cfd2f?s=96&d=mm&r=g","caption":"admin"},"sameAs":["https:\/\/veritasinfo.org"],"url":"https:\/\/veritasinfo.org\/?author=1"}]}},"featured_image_urls":{"full":["https:\/\/veritasinfo.org\/wp-content\/uploads\/2025\/08\/IMG_3480.jpeg",1023,575,false],"thumbnail":["https:\/\/veritasinfo.org\/wp-content\/uploads\/2025\/08\/IMG_3480-150x150.jpeg",150,150,true],"medium":["https:\/\/veritasinfo.org\/wp-content\/uploads\/2025\/08\/IMG_3480-300x169.jpeg",300,169,true],"medium_large":["https:\/\/veritasinfo.org\/wp-content\/uploads\/2025\/08\/IMG_3480-768x432.jpeg",640,360,true],"large":["https:\/\/veritasinfo.org\/wp-content\/uploads\/2025\/08\/IMG_3480.jpeg",640,360,false],"1536x1536":["https:\/\/veritasinfo.org\/wp-content\/uploads\/2025\/08\/IMG_3480.jpeg",1023,575,false],"2048x2048":["https:\/\/veritasinfo.org\/wp-content\/uploads\/2025\/08\/IMG_3480.jpeg",1023,575,false],"kreeti-slider-full":["https:\/\/veritasinfo.org\/wp-content\/uploads\/2025\/08\/IMG_3480.jpeg",1023,575,false],"kreeti-featured":["https:\/\/veritasinfo.org\/wp-content\/uploads\/2025\/08\/IMG_3480.jpeg",1023,575,false],"kreeti-medium":["https:\/\/veritasinfo.org\/wp-content\/uploads\/2025\/08\/IMG_3480.jpeg",720,405,false],"kreeti-medium-square":["https:\/\/veritasinfo.org\/wp-content\/uploads\/2025\/08\/IMG_3480.jpeg",350,197,false]},"author_info":{"info":["admin"]},"category_info":"<a href=\"https:\/\/veritasinfo.org\/?cat=58\" rel=\"category\">Politik\u00eb<\/a>","tag_info":"Politik\u00eb","comment_count":"0","_links":{"self":[{"href":"https:\/\/veritasinfo.org\/index.php?rest_route=\/wp\/v2\/posts\/9826","targetHints":{"allow":["GET"]}}],"collection":[{"href":"https:\/\/veritasinfo.org\/index.php?rest_route=\/wp\/v2\/posts"}],"about":[{"href":"https:\/\/veritasinfo.org\/index.php?rest_route=\/wp\/v2\/types\/post"}],"author":[{"embeddable":true,"href":"https:\/\/veritasinfo.org\/index.php?rest_route=\/wp\/v2\/users\/1"}],"replies":[{"embeddable":true,"href":"https:\/\/veritasinfo.org\/index.php?rest_route=%2Fwp%2Fv2%2Fcomments&post=9826"}],"version-history":[{"count":1,"href":"https:\/\/veritasinfo.org\/index.php?rest_route=\/wp\/v2\/posts\/9826\/revisions"}],"predecessor-version":[{"id":9827,"href":"https:\/\/veritasinfo.org\/index.php?rest_route=\/wp\/v2\/posts\/9826\/revisions\/9827"}],"wp:featuredmedia":[{"embeddable":true,"href":"https:\/\/veritasinfo.org\/index.php?rest_route=\/wp\/v2\/media\/9831"}],"wp:attachment":[{"href":"https:\/\/veritasinfo.org\/index.php?rest_route=%2Fwp%2Fv2%2Fmedia&parent=9826"}],"wp:term":[{"taxonomy":"category","embeddable":true,"href":"https:\/\/veritasinfo.org\/index.php?rest_route=%2Fwp%2Fv2%2Fcategories&post=9826"},{"taxonomy":"post_tag","embeddable":true,"href":"https:\/\/veritasinfo.org\/index.php?rest_route=%2Fwp%2Fv2%2Ftags&post=9826"}],"curies":[{"name":"wp","href":"https:\/\/api.w.org\/{rel}","templated":true}]}}