{"id":9816,"date":"2025-08-28T15:42:38","date_gmt":"2025-08-28T13:42:38","guid":{"rendered":"https:\/\/veritasinfo.org\/?p=9816"},"modified":"2025-08-28T15:42:38","modified_gmt":"2025-08-28T13:42:38","slug":"begaj-pret-disa-nga-luftetaret-e-pare-per-clirimin-e-kosoves-qe-u-sterviten-ne-shqiperi-me-91-en","status":"publish","type":"post","link":"https:\/\/veritasinfo.org\/?p=9816","title":{"rendered":"Begaj pret disa nga luft\u00ebtar\u00ebt e par\u00eb p\u00ebr \u00e7lirimin e Kosov\u00ebs q\u00eb u st\u00ebrvit\u00ebn n\u00eb Shqip\u00ebri m\u00eb 91-\u00ebn"},"content":{"rendered":"<p>Tiran\u00eb, 28 Gusht 2025<\/p>\n<p>Presidenti shqiptar, Bajram Begaj, ka pritur n\u00eb takim luft\u00ebtar\u00ebt e par\u00eb t\u00eb U\u00c7K-s\u00eb q\u00eb u st\u00ebrvit\u00ebn n\u00eb vitin 1991 n\u00eb Repartin Ushtarak t\u00eb Surrelit nga pedagog\u00ebt e ish-Shkoll\u00ebs s\u00eb Bashkuar t\u00eb Oficer\u00ebve n\u00eb Shqip\u00ebri.<\/p>\n<p>Begaj k\u00ebrkoi q\u00eb kjo ngjarje t\u00eb marr\u00eb vendin q\u00eb i takon n\u00eb histori, duke e konsideruar si b\u00ebrtham\u00ebn e par\u00eb t\u00eb U\u00c7K-s\u00eb.<\/p>\n<p>\u201cMe luft\u00ebtar\u00ebt e par\u00eb p\u00ebr \u00e7lirimin e Kosov\u00ebs, q\u00eb u st\u00ebrvit\u00ebn n\u00eb vitin 1991 n\u00eb Repartin Ushtarak t\u00eb Surrelit nga pedagog\u00ebt e ish-Shkoll\u00ebs s\u00eb Bashkuar t\u00eb Oficer\u00ebve. Kjo ngjarje duhet t\u00eb marr\u00eb vler\u00ebn e pesh\u00ebs historike, pasi aty u ndez flaka e madhe p\u00ebr \u00e7lirimin e Kosov\u00ebs, b\u00ebrtham\u00eb e par\u00eb e U\u00c7K-s\u00eb. Nder p\u00ebrjet\u00eb t\u00eb gjith\u00eb atyre q\u00eb sakrifikojn\u00eb p\u00ebr shqiptarin\u00eb!\u201d, shkroi Begaj, derisa publikoi <a href=\"https:\/\/www.facebook.com\/reel\/1831133571172392\">pamje<\/a> nga takimi me ish-luft\u00ebtar\u00ebt e U\u00c7K-s\u00eb, t\u00eb cil\u00ebt shpreh\u00ebn mir\u00ebnjohjen e tyre ndaj shtetit shqiptar q\u00eb iu q\u00ebndroi n\u00eb krah gjat\u00eb luft\u00ebs.<\/p>\n<p>\u201cJemi d\u00ebshmitar\u00eb t\u00eb nj\u00eb historie t\u00eb gjall\u00eb, t\u00eb nj\u00eb historie q\u00eb pak \u00ebsht\u00eb vler\u00ebsuar, q\u00eb nuk duhet harruar\u201d, tha Begaj.<\/p>\n","protected":false},"excerpt":{"rendered":"<p>Tiran\u00eb, 28 Gusht 2025 Presidenti shqiptar, Bajram Begaj, ka pritur n\u00eb takim luft\u00ebtar\u00ebt e par\u00eb t\u00eb U\u00c7K-s\u00eb q\u00eb u st\u00ebrvit\u00ebn n\u00eb vitin 1991 n\u00eb Repartin<\/p>\n","protected":false},"author":1,"featured_media":9817,"comment_status":"open","ping_status":"open","sticky":false,"template":"","format":"standard","meta":{"footnotes":""},"categories":[58],"tags":[],"class_list":["post-9816","post","type-post","status-publish","format-standard","has-post-thumbnail","hentry","category-politike-sq"],"yoast_head":"<!-- This site is optimized with the Yoast SEO plugin v25.3.1 - https:\/\/yoast.com\/wordpress\/plugins\/seo\/ -->\n<title>Begaj pret disa nga luft\u00ebtar\u00ebt e par\u00eb p\u00ebr \u00e7lirimin e Kosov\u00ebs q\u00eb u st\u00ebrvit\u00ebn n\u00eb Shqip\u00ebri m\u00eb 91-\u00ebn -<\/title>\n<meta name=\"robots\" content=\"index, follow, max-snippet:-1, max-image-preview:large, max-video-preview:-1\" \/>\n<link rel=\"canonical\" href=\"https:\/\/veritasinfo.org\/?p=9816\" \/>\n<meta property=\"og:locale\" content=\"en_US\" \/>\n<meta property=\"og:type\" content=\"article\" \/>\n<meta property=\"og:title\" content=\"Begaj pret disa nga luft\u00ebtar\u00ebt e par\u00eb p\u00ebr \u00e7lirimin e Kosov\u00ebs q\u00eb u st\u00ebrvit\u00ebn n\u00eb Shqip\u00ebri m\u00eb 91-\u00ebn -\" \/>\n<meta property=\"og:description\" content=\"Tiran\u00eb, 28 Gusht 2025 Presidenti shqiptar, Bajram Begaj, ka pritur n\u00eb takim luft\u00ebtar\u00ebt e par\u00eb t\u00eb U\u00c7K-s\u00eb q\u00eb u st\u00ebrvit\u00ebn n\u00eb vitin 1991 n\u00eb Repartin\" \/>\n<meta property=\"og:url\" content=\"https:\/\/veritasinfo.org\/?p=9816\" \/>\n<meta property=\"article:published_time\" content=\"2025-08-28T13:42:38+00:00\" \/>\n<meta property=\"og:image\" content=\"https:\/\/veritasinfo.org\/wp-content\/uploads\/2025\/08\/IMG_2811.png\" \/>\n\t<meta property=\"og:image:width\" content=\"551\" \/>\n\t<meta property=\"og:image:height\" content=\"347\" \/>\n\t<meta property=\"og:image:type\" content=\"image\/png\" \/>\n<meta name=\"author\" content=\"admin\" \/>\n<meta name=\"twitter:card\" content=\"summary_large_image\" \/>\n<meta name=\"twitter:label1\" content=\"Written by\" \/>\n\t<meta name=\"twitter:data1\" content=\"admin\" \/>\n\t<meta name=\"twitter:label2\" content=\"Est. reading time\" \/>\n\t<meta name=\"twitter:data2\" content=\"1 minute\" \/>\n<script type=\"application\/ld+json\" class=\"yoast-schema-graph\">{\"@context\":\"https:\/\/schema.org\",\"@graph\":[{\"@type\":\"WebPage\",\"@id\":\"https:\/\/veritasinfo.org\/?p=9816\",\"url\":\"https:\/\/veritasinfo.org\/?p=9816\",\"name\":\"Begaj pret disa nga luft\u00ebtar\u00ebt e par\u00eb p\u00ebr \u00e7lirimin e Kosov\u00ebs q\u00eb u st\u00ebrvit\u00ebn n\u00eb Shqip\u00ebri m\u00eb 91-\u00ebn -\",\"isPartOf\":{\"@id\":\"https:\/\/veritasinfo.org\/#website\"},\"primaryImageOfPage\":{\"@id\":\"https:\/\/veritasinfo.org\/?p=9816#primaryimage\"},\"image\":{\"@id\":\"https:\/\/veritasinfo.org\/?p=9816#primaryimage\"},\"thumbnailUrl\":\"https:\/\/veritasinfo.org\/wp-content\/uploads\/2025\/08\/IMG_2811.png\",\"datePublished\":\"2025-08-28T13:42:38+00:00\",\"author\":{\"@id\":\"https:\/\/veritasinfo.org\/#\/schema\/person\/7701f8c088bece422266b100a712374f\"},\"breadcrumb\":{\"@id\":\"https:\/\/veritasinfo.org\/?p=9816#breadcrumb\"},\"inLanguage\":\"en-US\",\"potentialAction\":[{\"@type\":\"ReadAction\",\"target\":[\"https:\/\/veritasinfo.org\/?p=9816\"]}]},{\"@type\":\"ImageObject\",\"inLanguage\":\"en-US\",\"@id\":\"https:\/\/veritasinfo.org\/?p=9816#primaryimage\",\"url\":\"https:\/\/veritasinfo.org\/wp-content\/uploads\/2025\/08\/IMG_2811.png\",\"contentUrl\":\"https:\/\/veritasinfo.org\/wp-content\/uploads\/2025\/08\/IMG_2811.png\",\"width\":551,\"height\":347},{\"@type\":\"BreadcrumbList\",\"@id\":\"https:\/\/veritasinfo.org\/?p=9816#breadcrumb\",\"itemListElement\":[{\"@type\":\"ListItem\",\"position\":1,\"name\":\"Home\",\"item\":\"https:\/\/veritasinfo.org\/\"},{\"@type\":\"ListItem\",\"position\":2,\"name\":\"Begaj pret disa nga luft\u00ebtar\u00ebt e par\u00eb p\u00ebr \u00e7lirimin e Kosov\u00ebs q\u00eb u st\u00ebrvit\u00ebn n\u00eb Shqip\u00ebri m\u00eb 91-\u00ebn\"}]},{\"@type\":\"WebSite\",\"@id\":\"https:\/\/veritasinfo.org\/#website\",\"url\":\"https:\/\/veritasinfo.org\/\",\"name\":\"\",\"description\":\"\",\"potentialAction\":[{\"@type\":\"SearchAction\",\"target\":{\"@type\":\"EntryPoint\",\"urlTemplate\":\"https:\/\/veritasinfo.org\/?s={search_term_string}\"},\"query-input\":{\"@type\":\"PropertyValueSpecification\",\"valueRequired\":true,\"valueName\":\"search_term_string\"}}],\"inLanguage\":\"en-US\"},{\"@type\":\"Person\",\"@id\":\"https:\/\/veritasinfo.org\/#\/schema\/person\/7701f8c088bece422266b100a712374f\",\"name\":\"admin\",\"image\":{\"@type\":\"ImageObject\",\"inLanguage\":\"en-US\",\"@id\":\"https:\/\/veritasinfo.org\/#\/schema\/person\/image\/\",\"url\":\"https:\/\/secure.gravatar.com\/avatar\/ea53aa3bf6c9a12d5fde8ce4deff43fef3885ae33cf60184161a50d6987cfd2f?s=96&d=mm&r=g\",\"contentUrl\":\"https:\/\/secure.gravatar.com\/avatar\/ea53aa3bf6c9a12d5fde8ce4deff43fef3885ae33cf60184161a50d6987cfd2f?s=96&d=mm&r=g\",\"caption\":\"admin\"},\"sameAs\":[\"https:\/\/veritasinfo.org\"],\"url\":\"https:\/\/veritasinfo.org\/?author=1\"}]}<\/script>\n<!-- \/ Yoast SEO plugin. -->","yoast_head_json":{"title":"Begaj pret disa nga luft\u00ebtar\u00ebt e par\u00eb p\u00ebr \u00e7lirimin e Kosov\u00ebs q\u00eb u st\u00ebrvit\u00ebn n\u00eb Shqip\u00ebri m\u00eb 91-\u00ebn -","robots":{"index":"index","follow":"follow","max-snippet":"max-snippet:-1","max-image-preview":"max-image-preview:large","max-video-preview":"max-video-preview:-1"},"canonical":"https:\/\/veritasinfo.org\/?p=9816","og_locale":"en_US","og_type":"article","og_title":"Begaj pret disa nga luft\u00ebtar\u00ebt e par\u00eb p\u00ebr \u00e7lirimin e Kosov\u00ebs q\u00eb u st\u00ebrvit\u00ebn n\u00eb Shqip\u00ebri m\u00eb 91-\u00ebn -","og_description":"Tiran\u00eb, 28 Gusht 2025 Presidenti shqiptar, Bajram Begaj, ka pritur n\u00eb takim luft\u00ebtar\u00ebt e par\u00eb t\u00eb U\u00c7K-s\u00eb q\u00eb u st\u00ebrvit\u00ebn n\u00eb vitin 1991 n\u00eb Repartin","og_url":"https:\/\/veritasinfo.org\/?p=9816","article_published_time":"2025-08-28T13:42:38+00:00","og_image":[{"width":551,"height":347,"url":"https:\/\/veritasinfo.org\/wp-content\/uploads\/2025\/08\/IMG_2811.png","type":"image\/png"}],"author":"admin","twitter_card":"summary_large_image","twitter_misc":{"Written by":"admin","Est. reading time":"1 minute"},"schema":{"@context":"https:\/\/schema.org","@graph":[{"@type":"WebPage","@id":"https:\/\/veritasinfo.org\/?p=9816","url":"https:\/\/veritasinfo.org\/?p=9816","name":"Begaj pret disa nga luft\u00ebtar\u00ebt e par\u00eb p\u00ebr \u00e7lirimin e Kosov\u00ebs q\u00eb u st\u00ebrvit\u00ebn n\u00eb Shqip\u00ebri m\u00eb 91-\u00ebn -","isPartOf":{"@id":"https:\/\/veritasinfo.org\/#website"},"primaryImageOfPage":{"@id":"https:\/\/veritasinfo.org\/?p=9816#primaryimage"},"image":{"@id":"https:\/\/veritasinfo.org\/?p=9816#primaryimage"},"thumbnailUrl":"https:\/\/veritasinfo.org\/wp-content\/uploads\/2025\/08\/IMG_2811.png","datePublished":"2025-08-28T13:42:38+00:00","author":{"@id":"https:\/\/veritasinfo.org\/#\/schema\/person\/7701f8c088bece422266b100a712374f"},"breadcrumb":{"@id":"https:\/\/veritasinfo.org\/?p=9816#breadcrumb"},"inLanguage":"en-US","potentialAction":[{"@type":"ReadAction","target":["https:\/\/veritasinfo.org\/?p=9816"]}]},{"@type":"ImageObject","inLanguage":"en-US","@id":"https:\/\/veritasinfo.org\/?p=9816#primaryimage","url":"https:\/\/veritasinfo.org\/wp-content\/uploads\/2025\/08\/IMG_2811.png","contentUrl":"https:\/\/veritasinfo.org\/wp-content\/uploads\/2025\/08\/IMG_2811.png","width":551,"height":347},{"@type":"BreadcrumbList","@id":"https:\/\/veritasinfo.org\/?p=9816#breadcrumb","itemListElement":[{"@type":"ListItem","position":1,"name":"Home","item":"https:\/\/veritasinfo.org\/"},{"@type":"ListItem","position":2,"name":"Begaj pret disa nga luft\u00ebtar\u00ebt e par\u00eb p\u00ebr \u00e7lirimin e Kosov\u00ebs q\u00eb u st\u00ebrvit\u00ebn n\u00eb Shqip\u00ebri m\u00eb 91-\u00ebn"}]},{"@type":"WebSite","@id":"https:\/\/veritasinfo.org\/#website","url":"https:\/\/veritasinfo.org\/","name":"","description":"","potentialAction":[{"@type":"SearchAction","target":{"@type":"EntryPoint","urlTemplate":"https:\/\/veritasinfo.org\/?s={search_term_string}"},"query-input":{"@type":"PropertyValueSpecification","valueRequired":true,"valueName":"search_term_string"}}],"inLanguage":"en-US"},{"@type":"Person","@id":"https:\/\/veritasinfo.org\/#\/schema\/person\/7701f8c088bece422266b100a712374f","name":"admin","image":{"@type":"ImageObject","inLanguage":"en-US","@id":"https:\/\/veritasinfo.org\/#\/schema\/person\/image\/","url":"https:\/\/secure.gravatar.com\/avatar\/ea53aa3bf6c9a12d5fde8ce4deff43fef3885ae33cf60184161a50d6987cfd2f?s=96&d=mm&r=g","contentUrl":"https:\/\/secure.gravatar.com\/avatar\/ea53aa3bf6c9a12d5fde8ce4deff43fef3885ae33cf60184161a50d6987cfd2f?s=96&d=mm&r=g","caption":"admin"},"sameAs":["https:\/\/veritasinfo.org"],"url":"https:\/\/veritasinfo.org\/?author=1"}]}},"featured_image_urls":{"full":["https:\/\/veritasinfo.org\/wp-content\/uploads\/2025\/08\/IMG_2811.png",551,347,false],"thumbnail":["https:\/\/veritasinfo.org\/wp-content\/uploads\/2025\/08\/IMG_2811-150x150.png",150,150,true],"medium":["https:\/\/veritasinfo.org\/wp-content\/uploads\/2025\/08\/IMG_2811-300x189.png",300,189,true],"medium_large":["https:\/\/veritasinfo.org\/wp-content\/uploads\/2025\/08\/IMG_2811.png",551,347,false],"large":["https:\/\/veritasinfo.org\/wp-content\/uploads\/2025\/08\/IMG_2811.png",551,347,false],"1536x1536":["https:\/\/veritasinfo.org\/wp-content\/uploads\/2025\/08\/IMG_2811.png",551,347,false],"2048x2048":["https:\/\/veritasinfo.org\/wp-content\/uploads\/2025\/08\/IMG_2811.png",551,347,false],"kreeti-slider-full":["https:\/\/veritasinfo.org\/wp-content\/uploads\/2025\/08\/IMG_2811.png",551,347,false],"kreeti-featured":["https:\/\/veritasinfo.org\/wp-content\/uploads\/2025\/08\/IMG_2811.png",551,347,false],"kreeti-medium":["https:\/\/veritasinfo.org\/wp-content\/uploads\/2025\/08\/IMG_2811.png",551,347,false],"kreeti-medium-square":["https:\/\/veritasinfo.org\/wp-content\/uploads\/2025\/08\/IMG_2811.png",350,220,false]},"author_info":{"info":["admin"]},"category_info":"<a href=\"https:\/\/veritasinfo.org\/?cat=58\" rel=\"category\">Politik\u00eb<\/a>","tag_info":"Politik\u00eb","comment_count":"0","_links":{"self":[{"href":"https:\/\/veritasinfo.org\/index.php?rest_route=\/wp\/v2\/posts\/9816","targetHints":{"allow":["GET"]}}],"collection":[{"href":"https:\/\/veritasinfo.org\/index.php?rest_route=\/wp\/v2\/posts"}],"about":[{"href":"https:\/\/veritasinfo.org\/index.php?rest_route=\/wp\/v2\/types\/post"}],"author":[{"embeddable":true,"href":"https:\/\/veritasinfo.org\/index.php?rest_route=\/wp\/v2\/users\/1"}],"replies":[{"embeddable":true,"href":"https:\/\/veritasinfo.org\/index.php?rest_route=%2Fwp%2Fv2%2Fcomments&post=9816"}],"version-history":[{"count":1,"href":"https:\/\/veritasinfo.org\/index.php?rest_route=\/wp\/v2\/posts\/9816\/revisions"}],"predecessor-version":[{"id":9818,"href":"https:\/\/veritasinfo.org\/index.php?rest_route=\/wp\/v2\/posts\/9816\/revisions\/9818"}],"wp:featuredmedia":[{"embeddable":true,"href":"https:\/\/veritasinfo.org\/index.php?rest_route=\/wp\/v2\/media\/9817"}],"wp:attachment":[{"href":"https:\/\/veritasinfo.org\/index.php?rest_route=%2Fwp%2Fv2%2Fmedia&parent=9816"}],"wp:term":[{"taxonomy":"category","embeddable":true,"href":"https:\/\/veritasinfo.org\/index.php?rest_route=%2Fwp%2Fv2%2Fcategories&post=9816"},{"taxonomy":"post_tag","embeddable":true,"href":"https:\/\/veritasinfo.org\/index.php?rest_route=%2Fwp%2Fv2%2Ftags&post=9816"}],"curies":[{"name":"wp","href":"https:\/\/api.w.org\/{rel}","templated":true}]}}