{"id":9809,"date":"2025-08-28T15:04:58","date_gmt":"2025-08-28T13:04:58","guid":{"rendered":"https:\/\/veritasinfo.org\/?p=9809"},"modified":"2025-08-28T15:04:58","modified_gmt":"2025-08-28T13:04:58","slug":"radoniqi-informon-te-derguarin-francez-per-pergatitjet-e-zgjedhjeve-lokale","status":"publish","type":"post","link":"https:\/\/veritasinfo.org\/?p=9809","title":{"rendered":"Radoniqi informon t\u00eb d\u00ebrguarin francez p\u00ebr p\u00ebrgatitjet e zgjedhjeve lokale"},"content":{"rendered":"<p data-start=\"91\" data-end=\"360\">Prishtin\u00eb, 28 gusht 2025<\/p>\n<p data-start=\"91\" data-end=\"360\">Kryetari i Komisionit Qendror t\u00eb Zgjedhjeve (KQZ), Kreshnik Radoniqi, ka pritur n\u00eb takim t\u00eb d\u00ebrguarin e posa\u00e7\u00ebm t\u00eb Franc\u00ebs, Rene Troccaz, me t\u00eb cilin ka diskutuar p\u00ebr p\u00ebrgatitjet e procesit zgjedhor lokal t\u00eb planifikuar t\u00eb mbahet m\u00eb 12 tetor.<\/p>\n<p data-start=\"362\" data-end=\"733\">Sipas njoftimit t\u00eb KQZ-s\u00eb, Radoniqi e informoi Troccaz-in mbi hapat konkret\u00eb q\u00eb institucioni ka nd\u00ebrmarr\u00eb, si dhe p\u00ebr aktivitetet q\u00eb jan\u00eb duke u zhvilluar aktualisht p\u00ebr garantimin e nj\u00eb procesi zgjedhor t\u00eb lir\u00eb, t\u00eb drejt\u00eb dhe transparent. Ai gjithashtu ka theksuar r\u00ebnd\u00ebsin\u00eb e bashk\u00ebpunimit me partner\u00ebt nd\u00ebrkomb\u00ebtar\u00eb p\u00ebr avancimin e standardeve demokratike n\u00eb Kosov\u00eb.<\/p>\n<p data-start=\"735\" data-end=\"887\">N\u00eb takim mor\u00ebn pjes\u00eb edhe Gabrielle Juve, redaktore p\u00ebr Kosov\u00ebn n\u00eb Ministrin\u00eb e Jashtme t\u00eb Franc\u00ebs, si dhe ambasadori francez n\u00eb Kosov\u00eb, Olivier Guerot.<\/p>\n<p data-start=\"889\" data-end=\"1075\">Nga ana tjet\u00ebr, i d\u00ebrguari francez Troccaz e vler\u00ebsoi pun\u00ebn e KQZ-s\u00eb si nj\u00eb institucion i pavarur dhe shprehu mb\u00ebshtetjen e tij p\u00ebr mbajtjen e zgjedhjeve t\u00eb lira dhe demokratike n\u00eb vend.<\/p>\n","protected":false},"excerpt":{"rendered":"<p>Prishtin\u00eb, 28 gusht 2025 Kryetari i Komisionit Qendror t\u00eb Zgjedhjeve (KQZ), Kreshnik Radoniqi, ka pritur n\u00eb takim t\u00eb d\u00ebrguarin e posa\u00e7\u00ebm t\u00eb Franc\u00ebs, Rene Troccaz,<\/p>\n","protected":false},"author":1,"featured_media":9807,"comment_status":"open","ping_status":"open","sticky":false,"template":"","format":"standard","meta":{"footnotes":""},"categories":[58],"tags":[],"class_list":["post-9809","post","type-post","status-publish","format-standard","has-post-thumbnail","hentry","category-politike-sq"],"yoast_head":"<!-- This site is optimized with the Yoast SEO plugin v25.3.1 - https:\/\/yoast.com\/wordpress\/plugins\/seo\/ -->\n<title>Radoniqi informon t\u00eb d\u00ebrguarin francez p\u00ebr p\u00ebrgatitjet e zgjedhjeve lokale -<\/title>\n<meta name=\"robots\" content=\"index, follow, max-snippet:-1, max-image-preview:large, max-video-preview:-1\" \/>\n<link rel=\"canonical\" href=\"https:\/\/veritasinfo.org\/?p=9809\" \/>\n<meta property=\"og:locale\" content=\"en_US\" \/>\n<meta property=\"og:type\" content=\"article\" \/>\n<meta property=\"og:title\" content=\"Radoniqi informon t\u00eb d\u00ebrguarin francez p\u00ebr p\u00ebrgatitjet e zgjedhjeve lokale -\" \/>\n<meta property=\"og:description\" content=\"Prishtin\u00eb, 28 gusht 2025 Kryetari i Komisionit Qendror t\u00eb Zgjedhjeve (KQZ), Kreshnik Radoniqi, ka pritur n\u00eb takim t\u00eb d\u00ebrguarin e posa\u00e7\u00ebm t\u00eb Franc\u00ebs, Rene Troccaz,\" \/>\n<meta property=\"og:url\" content=\"https:\/\/veritasinfo.org\/?p=9809\" \/>\n<meta property=\"article:published_time\" content=\"2025-08-28T13:04:58+00:00\" \/>\n<meta property=\"og:image\" content=\"https:\/\/veritasinfo.org\/wp-content\/uploads\/2025\/08\/z-12-600x360-1.jpg\" \/>\n\t<meta property=\"og:image:width\" content=\"600\" \/>\n\t<meta property=\"og:image:height\" content=\"360\" \/>\n\t<meta property=\"og:image:type\" content=\"image\/jpeg\" \/>\n<meta name=\"author\" content=\"admin\" \/>\n<meta name=\"twitter:card\" content=\"summary_large_image\" \/>\n<meta name=\"twitter:label1\" content=\"Written by\" \/>\n\t<meta name=\"twitter:data1\" content=\"admin\" \/>\n\t<meta name=\"twitter:label2\" content=\"Est. reading time\" \/>\n\t<meta name=\"twitter:data2\" content=\"1 minute\" \/>\n<script type=\"application\/ld+json\" class=\"yoast-schema-graph\">{\"@context\":\"https:\/\/schema.org\",\"@graph\":[{\"@type\":\"WebPage\",\"@id\":\"https:\/\/veritasinfo.org\/?p=9809\",\"url\":\"https:\/\/veritasinfo.org\/?p=9809\",\"name\":\"Radoniqi informon t\u00eb d\u00ebrguarin francez p\u00ebr p\u00ebrgatitjet e zgjedhjeve lokale -\",\"isPartOf\":{\"@id\":\"https:\/\/veritasinfo.org\/#website\"},\"primaryImageOfPage\":{\"@id\":\"https:\/\/veritasinfo.org\/?p=9809#primaryimage\"},\"image\":{\"@id\":\"https:\/\/veritasinfo.org\/?p=9809#primaryimage\"},\"thumbnailUrl\":\"https:\/\/veritasinfo.org\/wp-content\/uploads\/2025\/08\/z-12-600x360-1.jpg\",\"datePublished\":\"2025-08-28T13:04:58+00:00\",\"author\":{\"@id\":\"https:\/\/veritasinfo.org\/#\/schema\/person\/7701f8c088bece422266b100a712374f\"},\"breadcrumb\":{\"@id\":\"https:\/\/veritasinfo.org\/?p=9809#breadcrumb\"},\"inLanguage\":\"en-US\",\"potentialAction\":[{\"@type\":\"ReadAction\",\"target\":[\"https:\/\/veritasinfo.org\/?p=9809\"]}]},{\"@type\":\"ImageObject\",\"inLanguage\":\"en-US\",\"@id\":\"https:\/\/veritasinfo.org\/?p=9809#primaryimage\",\"url\":\"https:\/\/veritasinfo.org\/wp-content\/uploads\/2025\/08\/z-12-600x360-1.jpg\",\"contentUrl\":\"https:\/\/veritasinfo.org\/wp-content\/uploads\/2025\/08\/z-12-600x360-1.jpg\",\"width\":600,\"height\":360},{\"@type\":\"BreadcrumbList\",\"@id\":\"https:\/\/veritasinfo.org\/?p=9809#breadcrumb\",\"itemListElement\":[{\"@type\":\"ListItem\",\"position\":1,\"name\":\"Home\",\"item\":\"https:\/\/veritasinfo.org\/\"},{\"@type\":\"ListItem\",\"position\":2,\"name\":\"Radoniqi informon t\u00eb d\u00ebrguarin francez p\u00ebr p\u00ebrgatitjet e zgjedhjeve lokale\"}]},{\"@type\":\"WebSite\",\"@id\":\"https:\/\/veritasinfo.org\/#website\",\"url\":\"https:\/\/veritasinfo.org\/\",\"name\":\"\",\"description\":\"\",\"potentialAction\":[{\"@type\":\"SearchAction\",\"target\":{\"@type\":\"EntryPoint\",\"urlTemplate\":\"https:\/\/veritasinfo.org\/?s={search_term_string}\"},\"query-input\":{\"@type\":\"PropertyValueSpecification\",\"valueRequired\":true,\"valueName\":\"search_term_string\"}}],\"inLanguage\":\"en-US\"},{\"@type\":\"Person\",\"@id\":\"https:\/\/veritasinfo.org\/#\/schema\/person\/7701f8c088bece422266b100a712374f\",\"name\":\"admin\",\"image\":{\"@type\":\"ImageObject\",\"inLanguage\":\"en-US\",\"@id\":\"https:\/\/veritasinfo.org\/#\/schema\/person\/image\/\",\"url\":\"https:\/\/secure.gravatar.com\/avatar\/ea53aa3bf6c9a12d5fde8ce4deff43fef3885ae33cf60184161a50d6987cfd2f?s=96&d=mm&r=g\",\"contentUrl\":\"https:\/\/secure.gravatar.com\/avatar\/ea53aa3bf6c9a12d5fde8ce4deff43fef3885ae33cf60184161a50d6987cfd2f?s=96&d=mm&r=g\",\"caption\":\"admin\"},\"sameAs\":[\"https:\/\/veritasinfo.org\"],\"url\":\"https:\/\/veritasinfo.org\/?author=1\"}]}<\/script>\n<!-- \/ Yoast SEO plugin. -->","yoast_head_json":{"title":"Radoniqi informon t\u00eb d\u00ebrguarin francez p\u00ebr p\u00ebrgatitjet e zgjedhjeve lokale -","robots":{"index":"index","follow":"follow","max-snippet":"max-snippet:-1","max-image-preview":"max-image-preview:large","max-video-preview":"max-video-preview:-1"},"canonical":"https:\/\/veritasinfo.org\/?p=9809","og_locale":"en_US","og_type":"article","og_title":"Radoniqi informon t\u00eb d\u00ebrguarin francez p\u00ebr p\u00ebrgatitjet e zgjedhjeve lokale -","og_description":"Prishtin\u00eb, 28 gusht 2025 Kryetari i Komisionit Qendror t\u00eb Zgjedhjeve (KQZ), Kreshnik Radoniqi, ka pritur n\u00eb takim t\u00eb d\u00ebrguarin e posa\u00e7\u00ebm t\u00eb Franc\u00ebs, Rene Troccaz,","og_url":"https:\/\/veritasinfo.org\/?p=9809","article_published_time":"2025-08-28T13:04:58+00:00","og_image":[{"width":600,"height":360,"url":"https:\/\/veritasinfo.org\/wp-content\/uploads\/2025\/08\/z-12-600x360-1.jpg","type":"image\/jpeg"}],"author":"admin","twitter_card":"summary_large_image","twitter_misc":{"Written by":"admin","Est. reading time":"1 minute"},"schema":{"@context":"https:\/\/schema.org","@graph":[{"@type":"WebPage","@id":"https:\/\/veritasinfo.org\/?p=9809","url":"https:\/\/veritasinfo.org\/?p=9809","name":"Radoniqi informon t\u00eb d\u00ebrguarin francez p\u00ebr p\u00ebrgatitjet e zgjedhjeve lokale -","isPartOf":{"@id":"https:\/\/veritasinfo.org\/#website"},"primaryImageOfPage":{"@id":"https:\/\/veritasinfo.org\/?p=9809#primaryimage"},"image":{"@id":"https:\/\/veritasinfo.org\/?p=9809#primaryimage"},"thumbnailUrl":"https:\/\/veritasinfo.org\/wp-content\/uploads\/2025\/08\/z-12-600x360-1.jpg","datePublished":"2025-08-28T13:04:58+00:00","author":{"@id":"https:\/\/veritasinfo.org\/#\/schema\/person\/7701f8c088bece422266b100a712374f"},"breadcrumb":{"@id":"https:\/\/veritasinfo.org\/?p=9809#breadcrumb"},"inLanguage":"en-US","potentialAction":[{"@type":"ReadAction","target":["https:\/\/veritasinfo.org\/?p=9809"]}]},{"@type":"ImageObject","inLanguage":"en-US","@id":"https:\/\/veritasinfo.org\/?p=9809#primaryimage","url":"https:\/\/veritasinfo.org\/wp-content\/uploads\/2025\/08\/z-12-600x360-1.jpg","contentUrl":"https:\/\/veritasinfo.org\/wp-content\/uploads\/2025\/08\/z-12-600x360-1.jpg","width":600,"height":360},{"@type":"BreadcrumbList","@id":"https:\/\/veritasinfo.org\/?p=9809#breadcrumb","itemListElement":[{"@type":"ListItem","position":1,"name":"Home","item":"https:\/\/veritasinfo.org\/"},{"@type":"ListItem","position":2,"name":"Radoniqi informon t\u00eb d\u00ebrguarin francez p\u00ebr p\u00ebrgatitjet e zgjedhjeve lokale"}]},{"@type":"WebSite","@id":"https:\/\/veritasinfo.org\/#website","url":"https:\/\/veritasinfo.org\/","name":"","description":"","potentialAction":[{"@type":"SearchAction","target":{"@type":"EntryPoint","urlTemplate":"https:\/\/veritasinfo.org\/?s={search_term_string}"},"query-input":{"@type":"PropertyValueSpecification","valueRequired":true,"valueName":"search_term_string"}}],"inLanguage":"en-US"},{"@type":"Person","@id":"https:\/\/veritasinfo.org\/#\/schema\/person\/7701f8c088bece422266b100a712374f","name":"admin","image":{"@type":"ImageObject","inLanguage":"en-US","@id":"https:\/\/veritasinfo.org\/#\/schema\/person\/image\/","url":"https:\/\/secure.gravatar.com\/avatar\/ea53aa3bf6c9a12d5fde8ce4deff43fef3885ae33cf60184161a50d6987cfd2f?s=96&d=mm&r=g","contentUrl":"https:\/\/secure.gravatar.com\/avatar\/ea53aa3bf6c9a12d5fde8ce4deff43fef3885ae33cf60184161a50d6987cfd2f?s=96&d=mm&r=g","caption":"admin"},"sameAs":["https:\/\/veritasinfo.org"],"url":"https:\/\/veritasinfo.org\/?author=1"}]}},"featured_image_urls":{"full":["https:\/\/veritasinfo.org\/wp-content\/uploads\/2025\/08\/z-12-600x360-1.jpg",600,360,false],"thumbnail":["https:\/\/veritasinfo.org\/wp-content\/uploads\/2025\/08\/z-12-600x360-1-150x150.jpg",150,150,true],"medium":["https:\/\/veritasinfo.org\/wp-content\/uploads\/2025\/08\/z-12-600x360-1-300x180.jpg",300,180,true],"medium_large":["https:\/\/veritasinfo.org\/wp-content\/uploads\/2025\/08\/z-12-600x360-1.jpg",600,360,false],"large":["https:\/\/veritasinfo.org\/wp-content\/uploads\/2025\/08\/z-12-600x360-1.jpg",600,360,false],"1536x1536":["https:\/\/veritasinfo.org\/wp-content\/uploads\/2025\/08\/z-12-600x360-1.jpg",600,360,false],"2048x2048":["https:\/\/veritasinfo.org\/wp-content\/uploads\/2025\/08\/z-12-600x360-1.jpg",600,360,false],"kreeti-slider-full":["https:\/\/veritasinfo.org\/wp-content\/uploads\/2025\/08\/z-12-600x360-1.jpg",600,360,false],"kreeti-featured":["https:\/\/veritasinfo.org\/wp-content\/uploads\/2025\/08\/z-12-600x360-1.jpg",600,360,false],"kreeti-medium":["https:\/\/veritasinfo.org\/wp-content\/uploads\/2025\/08\/z-12-600x360-1.jpg",600,360,false],"kreeti-medium-square":["https:\/\/veritasinfo.org\/wp-content\/uploads\/2025\/08\/z-12-600x360-1.jpg",350,210,false]},"author_info":{"info":["admin"]},"category_info":"<a href=\"https:\/\/veritasinfo.org\/?cat=58\" rel=\"category\">Politik\u00eb<\/a>","tag_info":"Politik\u00eb","comment_count":"0","_links":{"self":[{"href":"https:\/\/veritasinfo.org\/index.php?rest_route=\/wp\/v2\/posts\/9809","targetHints":{"allow":["GET"]}}],"collection":[{"href":"https:\/\/veritasinfo.org\/index.php?rest_route=\/wp\/v2\/posts"}],"about":[{"href":"https:\/\/veritasinfo.org\/index.php?rest_route=\/wp\/v2\/types\/post"}],"author":[{"embeddable":true,"href":"https:\/\/veritasinfo.org\/index.php?rest_route=\/wp\/v2\/users\/1"}],"replies":[{"embeddable":true,"href":"https:\/\/veritasinfo.org\/index.php?rest_route=%2Fwp%2Fv2%2Fcomments&post=9809"}],"version-history":[{"count":1,"href":"https:\/\/veritasinfo.org\/index.php?rest_route=\/wp\/v2\/posts\/9809\/revisions"}],"predecessor-version":[{"id":9810,"href":"https:\/\/veritasinfo.org\/index.php?rest_route=\/wp\/v2\/posts\/9809\/revisions\/9810"}],"wp:featuredmedia":[{"embeddable":true,"href":"https:\/\/veritasinfo.org\/index.php?rest_route=\/wp\/v2\/media\/9807"}],"wp:attachment":[{"href":"https:\/\/veritasinfo.org\/index.php?rest_route=%2Fwp%2Fv2%2Fmedia&parent=9809"}],"wp:term":[{"taxonomy":"category","embeddable":true,"href":"https:\/\/veritasinfo.org\/index.php?rest_route=%2Fwp%2Fv2%2Fcategories&post=9809"},{"taxonomy":"post_tag","embeddable":true,"href":"https:\/\/veritasinfo.org\/index.php?rest_route=%2Fwp%2Fv2%2Ftags&post=9809"}],"curies":[{"name":"wp","href":"https:\/\/api.w.org\/{rel}","templated":true}]}}