{"id":980,"date":"2025-06-18T16:35:58","date_gmt":"2025-06-18T14:35:58","guid":{"rendered":"https:\/\/veritasinfo.org\/?p=980"},"modified":"2025-06-18T16:35:58","modified_gmt":"2025-06-18T14:35:58","slug":"specijalno-tuzilastvo-izdalo-nalog-za-hapsenje-milana-radoicica-zbog-barikade-na-severu","status":"publish","type":"post","link":"https:\/\/veritasinfo.org\/?p=980&lang=sr","title":{"rendered":"Specijalno tu\u017eila\u0161tvo izdalo nalog za hap\u0161enje Milana Radoi\u010di\u0107a zbog barikade na severu"},"content":{"rendered":"<p>Specijalno tu\u017eila\u0161tvo Kosova izdalo je poternicu za Milanom Radoi\u010di\u0107em u vezi sa postavljanjem barikade u \u010detiri op\u0161tine na severu, tokom 2022. godine.<\/p>\n<p>Vest je za Periskop potvrdio portparol Arbnor Luta, koji je izjavio da je, pored Radoi\u010di\u0107a, STRK izdao nalog za hap\u0161enje i za jo\u0161 deset drugih osumnji\u010denih u ovom slu\u010daju.<\/p>\n<p>\u201eOsnovni sud u Pri\u0161tini je odobrio zahtev Specijalnog tu\u017eila\u0161tva, odnosno tu\u017eioca slu\u010daja, za izdavanje doma\u0107e i me\u0111unarodne poternice za Milanom Radoji\u010di\u0107em. Nalog za hap\u0161enje je izdat u okviru istra\u017enih radnji koje se preduzimaju u slu\u010daju postavljanja barikade u \u010detiri op\u0161tine na severu tokom 2022. godine. Pored Radoji\u010di\u0107a, STRK je izdao naloge za hap\u0161enje i za jo\u0161 10 drugih osumnji\u010denih u ovom slu\u010daju\u201c, navodi se u odgovoru tu\u017eila\u0161tva.<\/p>\n<p>Dalje u odgovoru se dodaje da se trenutno istra\u017euje oko 50 osoba, za krivi\u010dna dela: ometanje slu\u017ebenog lica u vr\u0161enju slu\u017ebene du\u017enosti, pozivanje na otpor i udru\u017eivanje radi protivustavnog delovanja.<\/p>\n<p>\u201e\u0160to se ti\u010de ostalih radnji, javnost \u0107e biti blagovremeno obave\u0161tena, s obzirom na to da je slu\u010daj jo\u0161 u fazi istrage, trenutno ne mo\u017eemo podeliti vi\u0161e informacija\u201c.<\/p>\n","protected":false},"excerpt":{"rendered":"<p>Specijalno tu\u017eila\u0161tvo Kosova izdalo je poternicu za Milanom Radoi\u010di\u0107em u vezi sa postavljanjem barikade u \u010detiri op\u0161tine na severu, tokom 2022. godine. Vest je za<\/p>\n","protected":false},"author":1,"featured_media":977,"comment_status":"open","ping_status":"open","sticky":false,"template":"","format":"standard","meta":{"footnotes":""},"categories":[28],"tags":[],"class_list":["post-980","post","type-post","status-publish","format-standard","has-post-thumbnail","hentry","category-politika"],"yoast_head":"<!-- This site is optimized with the Yoast SEO plugin v25.3.1 - https:\/\/yoast.com\/wordpress\/plugins\/seo\/ -->\n<title>Specijalno tu\u017eila\u0161tvo izdalo nalog za hap\u0161enje Milana Radoi\u010di\u0107a zbog barikade na severu -<\/title>\n<meta name=\"robots\" content=\"index, follow, max-snippet:-1, max-image-preview:large, max-video-preview:-1\" \/>\n<link rel=\"canonical\" href=\"https:\/\/veritasinfo.org\/?p=980&lang=sr\" \/>\n<meta property=\"og:locale\" content=\"en_US\" \/>\n<meta property=\"og:type\" content=\"article\" \/>\n<meta property=\"og:title\" content=\"Specijalno tu\u017eila\u0161tvo izdalo nalog za hap\u0161enje Milana Radoi\u010di\u0107a zbog barikade na severu -\" \/>\n<meta property=\"og:description\" content=\"Specijalno tu\u017eila\u0161tvo Kosova izdalo je poternicu za Milanom Radoi\u010di\u0107em u vezi sa postavljanjem barikade u \u010detiri op\u0161tine na severu, tokom 2022. godine. Vest je za\" \/>\n<meta property=\"og:url\" content=\"https:\/\/veritasinfo.org\/?p=980&amp;lang=sr\" \/>\n<meta property=\"article:published_time\" content=\"2025-06-18T14:35:58+00:00\" \/>\n<meta property=\"og:image\" content=\"https:\/\/veritasinfo.org\/wp-content\/uploads\/2025\/06\/IMG_9992.jpeg\" \/>\n\t<meta property=\"og:image:width\" content=\"800\" \/>\n\t<meta property=\"og:image:height\" content=\"532\" \/>\n\t<meta property=\"og:image:type\" content=\"image\/jpeg\" \/>\n<meta name=\"author\" content=\"admin\" \/>\n<meta name=\"twitter:card\" content=\"summary_large_image\" \/>\n<meta name=\"twitter:label1\" content=\"Written by\" \/>\n\t<meta name=\"twitter:data1\" content=\"admin\" \/>\n\t<meta name=\"twitter:label2\" content=\"Est. reading time\" \/>\n\t<meta name=\"twitter:data2\" content=\"1 minute\" \/>\n<script type=\"application\/ld+json\" class=\"yoast-schema-graph\">{\"@context\":\"https:\/\/schema.org\",\"@graph\":[{\"@type\":\"WebPage\",\"@id\":\"https:\/\/veritasinfo.org\/?p=980&lang=sr\",\"url\":\"https:\/\/veritasinfo.org\/?p=980&lang=sr\",\"name\":\"Specijalno tu\u017eila\u0161tvo izdalo nalog za hap\u0161enje Milana Radoi\u010di\u0107a zbog barikade na severu -\",\"isPartOf\":{\"@id\":\"https:\/\/veritasinfo.org\/#website\"},\"primaryImageOfPage\":{\"@id\":\"https:\/\/veritasinfo.org\/?p=980&lang=sr#primaryimage\"},\"image\":{\"@id\":\"https:\/\/veritasinfo.org\/?p=980&lang=sr#primaryimage\"},\"thumbnailUrl\":\"https:\/\/veritasinfo.org\/wp-content\/uploads\/2025\/06\/IMG_9992.jpeg\",\"datePublished\":\"2025-06-18T14:35:58+00:00\",\"author\":{\"@id\":\"https:\/\/veritasinfo.org\/#\/schema\/person\/7701f8c088bece422266b100a712374f\"},\"breadcrumb\":{\"@id\":\"https:\/\/veritasinfo.org\/?p=980&lang=sr#breadcrumb\"},\"inLanguage\":\"en-US\",\"potentialAction\":[{\"@type\":\"ReadAction\",\"target\":[\"https:\/\/veritasinfo.org\/?p=980&lang=sr\"]}]},{\"@type\":\"ImageObject\",\"inLanguage\":\"en-US\",\"@id\":\"https:\/\/veritasinfo.org\/?p=980&lang=sr#primaryimage\",\"url\":\"https:\/\/veritasinfo.org\/wp-content\/uploads\/2025\/06\/IMG_9992.jpeg\",\"contentUrl\":\"https:\/\/veritasinfo.org\/wp-content\/uploads\/2025\/06\/IMG_9992.jpeg\",\"width\":800,\"height\":532},{\"@type\":\"BreadcrumbList\",\"@id\":\"https:\/\/veritasinfo.org\/?p=980&lang=sr#breadcrumb\",\"itemListElement\":[{\"@type\":\"ListItem\",\"position\":1,\"name\":\"Home\",\"item\":\"https:\/\/veritasinfo.org\/\"},{\"@type\":\"ListItem\",\"position\":2,\"name\":\"Specijalno tu\u017eila\u0161tvo izdalo nalog za hap\u0161enje Milana Radoi\u010di\u0107a zbog barikade na severu\"}]},{\"@type\":\"WebSite\",\"@id\":\"https:\/\/veritasinfo.org\/#website\",\"url\":\"https:\/\/veritasinfo.org\/\",\"name\":\"\",\"description\":\"\",\"potentialAction\":[{\"@type\":\"SearchAction\",\"target\":{\"@type\":\"EntryPoint\",\"urlTemplate\":\"https:\/\/veritasinfo.org\/?s={search_term_string}\"},\"query-input\":{\"@type\":\"PropertyValueSpecification\",\"valueRequired\":true,\"valueName\":\"search_term_string\"}}],\"inLanguage\":\"en-US\"},{\"@type\":\"Person\",\"@id\":\"https:\/\/veritasinfo.org\/#\/schema\/person\/7701f8c088bece422266b100a712374f\",\"name\":\"admin\",\"image\":{\"@type\":\"ImageObject\",\"inLanguage\":\"en-US\",\"@id\":\"https:\/\/veritasinfo.org\/#\/schema\/person\/image\/\",\"url\":\"https:\/\/secure.gravatar.com\/avatar\/ea53aa3bf6c9a12d5fde8ce4deff43fef3885ae33cf60184161a50d6987cfd2f?s=96&d=mm&r=g\",\"contentUrl\":\"https:\/\/secure.gravatar.com\/avatar\/ea53aa3bf6c9a12d5fde8ce4deff43fef3885ae33cf60184161a50d6987cfd2f?s=96&d=mm&r=g\",\"caption\":\"admin\"},\"sameAs\":[\"https:\/\/veritasinfo.org\"],\"url\":\"https:\/\/veritasinfo.org\/?author=1\"}]}<\/script>\n<!-- \/ Yoast SEO plugin. -->","yoast_head_json":{"title":"Specijalno tu\u017eila\u0161tvo izdalo nalog za hap\u0161enje Milana Radoi\u010di\u0107a zbog barikade na severu -","robots":{"index":"index","follow":"follow","max-snippet":"max-snippet:-1","max-image-preview":"max-image-preview:large","max-video-preview":"max-video-preview:-1"},"canonical":"https:\/\/veritasinfo.org\/?p=980&lang=sr","og_locale":"en_US","og_type":"article","og_title":"Specijalno tu\u017eila\u0161tvo izdalo nalog za hap\u0161enje Milana Radoi\u010di\u0107a zbog barikade na severu -","og_description":"Specijalno tu\u017eila\u0161tvo Kosova izdalo je poternicu za Milanom Radoi\u010di\u0107em u vezi sa postavljanjem barikade u \u010detiri op\u0161tine na severu, tokom 2022. godine. Vest je za","og_url":"https:\/\/veritasinfo.org\/?p=980&lang=sr","article_published_time":"2025-06-18T14:35:58+00:00","og_image":[{"width":800,"height":532,"url":"https:\/\/veritasinfo.org\/wp-content\/uploads\/2025\/06\/IMG_9992.jpeg","type":"image\/jpeg"}],"author":"admin","twitter_card":"summary_large_image","twitter_misc":{"Written by":"admin","Est. reading time":"1 minute"},"schema":{"@context":"https:\/\/schema.org","@graph":[{"@type":"WebPage","@id":"https:\/\/veritasinfo.org\/?p=980&lang=sr","url":"https:\/\/veritasinfo.org\/?p=980&lang=sr","name":"Specijalno tu\u017eila\u0161tvo izdalo nalog za hap\u0161enje Milana Radoi\u010di\u0107a zbog barikade na severu -","isPartOf":{"@id":"https:\/\/veritasinfo.org\/#website"},"primaryImageOfPage":{"@id":"https:\/\/veritasinfo.org\/?p=980&lang=sr#primaryimage"},"image":{"@id":"https:\/\/veritasinfo.org\/?p=980&lang=sr#primaryimage"},"thumbnailUrl":"https:\/\/veritasinfo.org\/wp-content\/uploads\/2025\/06\/IMG_9992.jpeg","datePublished":"2025-06-18T14:35:58+00:00","author":{"@id":"https:\/\/veritasinfo.org\/#\/schema\/person\/7701f8c088bece422266b100a712374f"},"breadcrumb":{"@id":"https:\/\/veritasinfo.org\/?p=980&lang=sr#breadcrumb"},"inLanguage":"en-US","potentialAction":[{"@type":"ReadAction","target":["https:\/\/veritasinfo.org\/?p=980&lang=sr"]}]},{"@type":"ImageObject","inLanguage":"en-US","@id":"https:\/\/veritasinfo.org\/?p=980&lang=sr#primaryimage","url":"https:\/\/veritasinfo.org\/wp-content\/uploads\/2025\/06\/IMG_9992.jpeg","contentUrl":"https:\/\/veritasinfo.org\/wp-content\/uploads\/2025\/06\/IMG_9992.jpeg","width":800,"height":532},{"@type":"BreadcrumbList","@id":"https:\/\/veritasinfo.org\/?p=980&lang=sr#breadcrumb","itemListElement":[{"@type":"ListItem","position":1,"name":"Home","item":"https:\/\/veritasinfo.org\/"},{"@type":"ListItem","position":2,"name":"Specijalno tu\u017eila\u0161tvo izdalo nalog za hap\u0161enje Milana Radoi\u010di\u0107a zbog barikade na severu"}]},{"@type":"WebSite","@id":"https:\/\/veritasinfo.org\/#website","url":"https:\/\/veritasinfo.org\/","name":"","description":"","potentialAction":[{"@type":"SearchAction","target":{"@type":"EntryPoint","urlTemplate":"https:\/\/veritasinfo.org\/?s={search_term_string}"},"query-input":{"@type":"PropertyValueSpecification","valueRequired":true,"valueName":"search_term_string"}}],"inLanguage":"en-US"},{"@type":"Person","@id":"https:\/\/veritasinfo.org\/#\/schema\/person\/7701f8c088bece422266b100a712374f","name":"admin","image":{"@type":"ImageObject","inLanguage":"en-US","@id":"https:\/\/veritasinfo.org\/#\/schema\/person\/image\/","url":"https:\/\/secure.gravatar.com\/avatar\/ea53aa3bf6c9a12d5fde8ce4deff43fef3885ae33cf60184161a50d6987cfd2f?s=96&d=mm&r=g","contentUrl":"https:\/\/secure.gravatar.com\/avatar\/ea53aa3bf6c9a12d5fde8ce4deff43fef3885ae33cf60184161a50d6987cfd2f?s=96&d=mm&r=g","caption":"admin"},"sameAs":["https:\/\/veritasinfo.org"],"url":"https:\/\/veritasinfo.org\/?author=1"}]}},"featured_image_urls":{"full":["https:\/\/veritasinfo.org\/wp-content\/uploads\/2025\/06\/IMG_9992.jpeg",800,532,false],"thumbnail":["https:\/\/veritasinfo.org\/wp-content\/uploads\/2025\/06\/IMG_9992-150x150.jpeg",150,150,true],"medium":["https:\/\/veritasinfo.org\/wp-content\/uploads\/2025\/06\/IMG_9992-300x200.jpeg",300,200,true],"medium_large":["https:\/\/veritasinfo.org\/wp-content\/uploads\/2025\/06\/IMG_9992-768x511.jpeg",640,426,true],"large":["https:\/\/veritasinfo.org\/wp-content\/uploads\/2025\/06\/IMG_9992.jpeg",640,426,false],"1536x1536":["https:\/\/veritasinfo.org\/wp-content\/uploads\/2025\/06\/IMG_9992.jpeg",800,532,false],"2048x2048":["https:\/\/veritasinfo.org\/wp-content\/uploads\/2025\/06\/IMG_9992.jpeg",800,532,false],"kreeti-slider-full":["https:\/\/veritasinfo.org\/wp-content\/uploads\/2025\/06\/IMG_9992.jpeg",800,532,false],"kreeti-featured":["https:\/\/veritasinfo.org\/wp-content\/uploads\/2025\/06\/IMG_9992.jpeg",800,532,false],"kreeti-medium":["https:\/\/veritasinfo.org\/wp-content\/uploads\/2025\/06\/IMG_9992.jpeg",720,479,false],"kreeti-medium-square":["https:\/\/veritasinfo.org\/wp-content\/uploads\/2025\/06\/IMG_9992.jpeg",350,233,false]},"author_info":{"info":["admin"]},"category_info":"<a href=\"https:\/\/veritasinfo.org\/?cat=28&#038;lang=sr\" rel=\"category\">Politika<\/a>","tag_info":"Politika","comment_count":"0","_links":{"self":[{"href":"https:\/\/veritasinfo.org\/index.php?rest_route=\/wp\/v2\/posts\/980","targetHints":{"allow":["GET"]}}],"collection":[{"href":"https:\/\/veritasinfo.org\/index.php?rest_route=\/wp\/v2\/posts"}],"about":[{"href":"https:\/\/veritasinfo.org\/index.php?rest_route=\/wp\/v2\/types\/post"}],"author":[{"embeddable":true,"href":"https:\/\/veritasinfo.org\/index.php?rest_route=\/wp\/v2\/users\/1"}],"replies":[{"embeddable":true,"href":"https:\/\/veritasinfo.org\/index.php?rest_route=%2Fwp%2Fv2%2Fcomments&post=980"}],"version-history":[{"count":1,"href":"https:\/\/veritasinfo.org\/index.php?rest_route=\/wp\/v2\/posts\/980\/revisions"}],"predecessor-version":[{"id":987,"href":"https:\/\/veritasinfo.org\/index.php?rest_route=\/wp\/v2\/posts\/980\/revisions\/987"}],"wp:featuredmedia":[{"embeddable":true,"href":"https:\/\/veritasinfo.org\/index.php?rest_route=\/wp\/v2\/media\/977"}],"wp:attachment":[{"href":"https:\/\/veritasinfo.org\/index.php?rest_route=%2Fwp%2Fv2%2Fmedia&parent=980"}],"wp:term":[{"taxonomy":"category","embeddable":true,"href":"https:\/\/veritasinfo.org\/index.php?rest_route=%2Fwp%2Fv2%2Fcategories&post=980"},{"taxonomy":"post_tag","embeddable":true,"href":"https:\/\/veritasinfo.org\/index.php?rest_route=%2Fwp%2Fv2%2Ftags&post=980"}],"curies":[{"name":"wp","href":"https:\/\/api.w.org\/{rel}","templated":true}]}}