{"id":9795,"date":"2025-08-28T13:56:30","date_gmt":"2025-08-28T11:56:30","guid":{"rendered":"https:\/\/veritasinfo.org\/?p=9795"},"modified":"2025-08-28T13:56:30","modified_gmt":"2025-08-28T11:56:30","slug":"avokati-niniq-kercenimet-ndaj-meje-filluan-kur-permenda-milan-radoiciqin","status":"publish","type":"post","link":"https:\/\/veritasinfo.org\/?p=9795","title":{"rendered":"Avokati Niniq: K\u00ebrc\u00ebnimet ndaj meje filluan kur p\u00ebrmenda Milan Radoi\u00e7iqin"},"content":{"rendered":"<p>Prishtin\u00eb, 28 Gusht 2025<\/p>\n<p>Avokati serb, Ivan Niniq, ka deklaruar se fushata e k\u00ebrc\u00ebnimeve dhe targetimeve ndaj tij ka nisur rreth nj\u00eb muaj m\u00eb par\u00eb, pasi n\u00eb nj\u00eb tubim publik p\u00ebrmendi emrin e Milan Radoi\u00e7iqit dhe k\u00ebrkoi p\u00ebrgjegj\u00ebsi p\u00ebr ngjarjet e Banjsk\u00ebs.<\/p>\n<p>Ai theksoi se q\u00eb nga ajo dit\u00eb \u00ebsht\u00eb shpallur \u201cagjent shqiptar\u201d nga mediat e af\u00ebrta me regjimin e Vu\u00e7iqit dhe faqe t\u00eb rreme n\u00eb internet, si pjes\u00eb e nj\u00eb fushate propagandistike p\u00ebr ta diskredituar.<\/p>\n<p>\u201cTargetimi im dhe k\u00ebrc\u00ebnimet nis\u00ebn pik\u00ebrisht kur e p\u00ebrmenda emrin e Radoi\u00e7iqit. Narrativi i tyre \u00ebsht\u00eb se un\u00eb jam z\u00ebdh\u00ebn\u00ebs i Albin Kurtit, vet\u00ebm pse k\u00ebrkoj p\u00ebrgjegj\u00ebsi p\u00ebr at\u00eb q\u00eb ndodhi n\u00eb Banjsk\u00eb\u201d, u shpreh Niniq, raporton e p\u00ebrditshmja beogradase \u201cDanas\u201d.<\/p>\n<p>Ai ka deklaruar se do t\u2019i k\u00ebrkoj\u00eb Ministris\u00eb s\u00eb Brendshme t\u00eb Serbis\u00eb nj\u00eb vler\u00ebsim t\u00eb siguris\u00eb s\u00eb tij, por jo mbrojtje policore, pasi, sipas tij, e nj\u00ebjta polici ka rrahur student\u00eb dhe ka mbrojtur \u201cJovanjic\u00ebn\u201d, t\u00eb cil\u00ebn e cil\u00ebson si plantazhin m\u00eb t\u00eb madhe t\u00eb marihuan\u00ebs n\u00eb Evrop\u00eb.<\/p>\n<p>\u201cKy sistem \u00ebsht\u00eb kriminalizuar dhe polarizuar thell\u00eb. Vu\u00e7iq qeveris vet\u00ebm p\u00ebrmes propagand\u00ebs dhe represionit. Zgjidhja e vetme jan\u00eb zgjedhjet e jasht\u00ebzakonshme n\u00eb t\u00eb gjitha nivelet\u201d, u shpreh Niniq.<\/p>\n","protected":false},"excerpt":{"rendered":"<p>Prishtin\u00eb, 28 Gusht 2025 Avokati serb, Ivan Niniq, ka deklaruar se fushata e k\u00ebrc\u00ebnimeve dhe targetimeve ndaj tij ka nisur rreth nj\u00eb muaj m\u00eb par\u00eb,<\/p>\n","protected":false},"author":1,"featured_media":9798,"comment_status":"open","ping_status":"open","sticky":false,"template":"","format":"standard","meta":{"footnotes":""},"categories":[58],"tags":[],"class_list":["post-9795","post","type-post","status-publish","format-standard","has-post-thumbnail","hentry","category-politike-sq"],"yoast_head":"<!-- This site is optimized with the Yoast SEO plugin v25.3.1 - https:\/\/yoast.com\/wordpress\/plugins\/seo\/ -->\n<title>Avokati Niniq: K\u00ebrc\u00ebnimet ndaj meje filluan kur p\u00ebrmenda Milan Radoi\u00e7iqin -<\/title>\n<meta name=\"robots\" content=\"index, follow, max-snippet:-1, max-image-preview:large, max-video-preview:-1\" \/>\n<link rel=\"canonical\" href=\"https:\/\/veritasinfo.org\/?p=9795\" \/>\n<meta property=\"og:locale\" content=\"en_US\" \/>\n<meta property=\"og:type\" content=\"article\" \/>\n<meta property=\"og:title\" content=\"Avokati Niniq: K\u00ebrc\u00ebnimet ndaj meje filluan kur p\u00ebrmenda Milan Radoi\u00e7iqin -\" \/>\n<meta property=\"og:description\" content=\"Prishtin\u00eb, 28 Gusht 2025 Avokati serb, Ivan Niniq, ka deklaruar se fushata e k\u00ebrc\u00ebnimeve dhe targetimeve ndaj tij ka nisur rreth nj\u00eb muaj m\u00eb par\u00eb,\" \/>\n<meta property=\"og:url\" content=\"https:\/\/veritasinfo.org\/?p=9795\" \/>\n<meta property=\"article:published_time\" content=\"2025-08-28T11:56:30+00:00\" \/>\n<meta property=\"og:image\" content=\"https:\/\/veritasinfo.org\/wp-content\/uploads\/2025\/08\/IMG_3478.jpeg\" \/>\n\t<meta property=\"og:image:width\" content=\"780\" \/>\n\t<meta property=\"og:image:height\" content=\"500\" \/>\n\t<meta property=\"og:image:type\" content=\"image\/jpeg\" \/>\n<meta name=\"author\" content=\"admin\" \/>\n<meta name=\"twitter:card\" content=\"summary_large_image\" \/>\n<meta name=\"twitter:label1\" content=\"Written by\" \/>\n\t<meta name=\"twitter:data1\" content=\"admin\" \/>\n\t<meta name=\"twitter:label2\" content=\"Est. reading time\" \/>\n\t<meta name=\"twitter:data2\" content=\"2 minutes\" \/>\n<script type=\"application\/ld+json\" class=\"yoast-schema-graph\">{\"@context\":\"https:\/\/schema.org\",\"@graph\":[{\"@type\":\"WebPage\",\"@id\":\"https:\/\/veritasinfo.org\/?p=9795\",\"url\":\"https:\/\/veritasinfo.org\/?p=9795\",\"name\":\"Avokati Niniq: K\u00ebrc\u00ebnimet ndaj meje filluan kur p\u00ebrmenda Milan Radoi\u00e7iqin -\",\"isPartOf\":{\"@id\":\"https:\/\/veritasinfo.org\/#website\"},\"primaryImageOfPage\":{\"@id\":\"https:\/\/veritasinfo.org\/?p=9795#primaryimage\"},\"image\":{\"@id\":\"https:\/\/veritasinfo.org\/?p=9795#primaryimage\"},\"thumbnailUrl\":\"https:\/\/veritasinfo.org\/wp-content\/uploads\/2025\/08\/IMG_3478.jpeg\",\"datePublished\":\"2025-08-28T11:56:30+00:00\",\"author\":{\"@id\":\"https:\/\/veritasinfo.org\/#\/schema\/person\/7701f8c088bece422266b100a712374f\"},\"breadcrumb\":{\"@id\":\"https:\/\/veritasinfo.org\/?p=9795#breadcrumb\"},\"inLanguage\":\"en-US\",\"potentialAction\":[{\"@type\":\"ReadAction\",\"target\":[\"https:\/\/veritasinfo.org\/?p=9795\"]}]},{\"@type\":\"ImageObject\",\"inLanguage\":\"en-US\",\"@id\":\"https:\/\/veritasinfo.org\/?p=9795#primaryimage\",\"url\":\"https:\/\/veritasinfo.org\/wp-content\/uploads\/2025\/08\/IMG_3478.jpeg\",\"contentUrl\":\"https:\/\/veritasinfo.org\/wp-content\/uploads\/2025\/08\/IMG_3478.jpeg\",\"width\":780,\"height\":500},{\"@type\":\"BreadcrumbList\",\"@id\":\"https:\/\/veritasinfo.org\/?p=9795#breadcrumb\",\"itemListElement\":[{\"@type\":\"ListItem\",\"position\":1,\"name\":\"Home\",\"item\":\"https:\/\/veritasinfo.org\/\"},{\"@type\":\"ListItem\",\"position\":2,\"name\":\"Avokati Niniq: K\u00ebrc\u00ebnimet ndaj meje filluan kur p\u00ebrmenda Milan Radoi\u00e7iqin\"}]},{\"@type\":\"WebSite\",\"@id\":\"https:\/\/veritasinfo.org\/#website\",\"url\":\"https:\/\/veritasinfo.org\/\",\"name\":\"\",\"description\":\"\",\"potentialAction\":[{\"@type\":\"SearchAction\",\"target\":{\"@type\":\"EntryPoint\",\"urlTemplate\":\"https:\/\/veritasinfo.org\/?s={search_term_string}\"},\"query-input\":{\"@type\":\"PropertyValueSpecification\",\"valueRequired\":true,\"valueName\":\"search_term_string\"}}],\"inLanguage\":\"en-US\"},{\"@type\":\"Person\",\"@id\":\"https:\/\/veritasinfo.org\/#\/schema\/person\/7701f8c088bece422266b100a712374f\",\"name\":\"admin\",\"image\":{\"@type\":\"ImageObject\",\"inLanguage\":\"en-US\",\"@id\":\"https:\/\/veritasinfo.org\/#\/schema\/person\/image\/\",\"url\":\"https:\/\/secure.gravatar.com\/avatar\/ea53aa3bf6c9a12d5fde8ce4deff43fef3885ae33cf60184161a50d6987cfd2f?s=96&d=mm&r=g\",\"contentUrl\":\"https:\/\/secure.gravatar.com\/avatar\/ea53aa3bf6c9a12d5fde8ce4deff43fef3885ae33cf60184161a50d6987cfd2f?s=96&d=mm&r=g\",\"caption\":\"admin\"},\"sameAs\":[\"https:\/\/veritasinfo.org\"],\"url\":\"https:\/\/veritasinfo.org\/?author=1\"}]}<\/script>\n<!-- \/ Yoast SEO plugin. -->","yoast_head_json":{"title":"Avokati Niniq: K\u00ebrc\u00ebnimet ndaj meje filluan kur p\u00ebrmenda Milan Radoi\u00e7iqin -","robots":{"index":"index","follow":"follow","max-snippet":"max-snippet:-1","max-image-preview":"max-image-preview:large","max-video-preview":"max-video-preview:-1"},"canonical":"https:\/\/veritasinfo.org\/?p=9795","og_locale":"en_US","og_type":"article","og_title":"Avokati Niniq: K\u00ebrc\u00ebnimet ndaj meje filluan kur p\u00ebrmenda Milan Radoi\u00e7iqin -","og_description":"Prishtin\u00eb, 28 Gusht 2025 Avokati serb, Ivan Niniq, ka deklaruar se fushata e k\u00ebrc\u00ebnimeve dhe targetimeve ndaj tij ka nisur rreth nj\u00eb muaj m\u00eb par\u00eb,","og_url":"https:\/\/veritasinfo.org\/?p=9795","article_published_time":"2025-08-28T11:56:30+00:00","og_image":[{"width":780,"height":500,"url":"https:\/\/veritasinfo.org\/wp-content\/uploads\/2025\/08\/IMG_3478.jpeg","type":"image\/jpeg"}],"author":"admin","twitter_card":"summary_large_image","twitter_misc":{"Written by":"admin","Est. reading time":"2 minutes"},"schema":{"@context":"https:\/\/schema.org","@graph":[{"@type":"WebPage","@id":"https:\/\/veritasinfo.org\/?p=9795","url":"https:\/\/veritasinfo.org\/?p=9795","name":"Avokati Niniq: K\u00ebrc\u00ebnimet ndaj meje filluan kur p\u00ebrmenda Milan Radoi\u00e7iqin -","isPartOf":{"@id":"https:\/\/veritasinfo.org\/#website"},"primaryImageOfPage":{"@id":"https:\/\/veritasinfo.org\/?p=9795#primaryimage"},"image":{"@id":"https:\/\/veritasinfo.org\/?p=9795#primaryimage"},"thumbnailUrl":"https:\/\/veritasinfo.org\/wp-content\/uploads\/2025\/08\/IMG_3478.jpeg","datePublished":"2025-08-28T11:56:30+00:00","author":{"@id":"https:\/\/veritasinfo.org\/#\/schema\/person\/7701f8c088bece422266b100a712374f"},"breadcrumb":{"@id":"https:\/\/veritasinfo.org\/?p=9795#breadcrumb"},"inLanguage":"en-US","potentialAction":[{"@type":"ReadAction","target":["https:\/\/veritasinfo.org\/?p=9795"]}]},{"@type":"ImageObject","inLanguage":"en-US","@id":"https:\/\/veritasinfo.org\/?p=9795#primaryimage","url":"https:\/\/veritasinfo.org\/wp-content\/uploads\/2025\/08\/IMG_3478.jpeg","contentUrl":"https:\/\/veritasinfo.org\/wp-content\/uploads\/2025\/08\/IMG_3478.jpeg","width":780,"height":500},{"@type":"BreadcrumbList","@id":"https:\/\/veritasinfo.org\/?p=9795#breadcrumb","itemListElement":[{"@type":"ListItem","position":1,"name":"Home","item":"https:\/\/veritasinfo.org\/"},{"@type":"ListItem","position":2,"name":"Avokati Niniq: K\u00ebrc\u00ebnimet ndaj meje filluan kur p\u00ebrmenda Milan Radoi\u00e7iqin"}]},{"@type":"WebSite","@id":"https:\/\/veritasinfo.org\/#website","url":"https:\/\/veritasinfo.org\/","name":"","description":"","potentialAction":[{"@type":"SearchAction","target":{"@type":"EntryPoint","urlTemplate":"https:\/\/veritasinfo.org\/?s={search_term_string}"},"query-input":{"@type":"PropertyValueSpecification","valueRequired":true,"valueName":"search_term_string"}}],"inLanguage":"en-US"},{"@type":"Person","@id":"https:\/\/veritasinfo.org\/#\/schema\/person\/7701f8c088bece422266b100a712374f","name":"admin","image":{"@type":"ImageObject","inLanguage":"en-US","@id":"https:\/\/veritasinfo.org\/#\/schema\/person\/image\/","url":"https:\/\/secure.gravatar.com\/avatar\/ea53aa3bf6c9a12d5fde8ce4deff43fef3885ae33cf60184161a50d6987cfd2f?s=96&d=mm&r=g","contentUrl":"https:\/\/secure.gravatar.com\/avatar\/ea53aa3bf6c9a12d5fde8ce4deff43fef3885ae33cf60184161a50d6987cfd2f?s=96&d=mm&r=g","caption":"admin"},"sameAs":["https:\/\/veritasinfo.org"],"url":"https:\/\/veritasinfo.org\/?author=1"}]}},"featured_image_urls":{"full":["https:\/\/veritasinfo.org\/wp-content\/uploads\/2025\/08\/IMG_3478.jpeg",780,500,false],"thumbnail":["https:\/\/veritasinfo.org\/wp-content\/uploads\/2025\/08\/IMG_3478-150x150.jpeg",150,150,true],"medium":["https:\/\/veritasinfo.org\/wp-content\/uploads\/2025\/08\/IMG_3478-300x192.jpeg",300,192,true],"medium_large":["https:\/\/veritasinfo.org\/wp-content\/uploads\/2025\/08\/IMG_3478-768x492.jpeg",640,410,true],"large":["https:\/\/veritasinfo.org\/wp-content\/uploads\/2025\/08\/IMG_3478.jpeg",640,410,false],"1536x1536":["https:\/\/veritasinfo.org\/wp-content\/uploads\/2025\/08\/IMG_3478.jpeg",780,500,false],"2048x2048":["https:\/\/veritasinfo.org\/wp-content\/uploads\/2025\/08\/IMG_3478.jpeg",780,500,false],"kreeti-slider-full":["https:\/\/veritasinfo.org\/wp-content\/uploads\/2025\/08\/IMG_3478.jpeg",780,500,false],"kreeti-featured":["https:\/\/veritasinfo.org\/wp-content\/uploads\/2025\/08\/IMG_3478.jpeg",780,500,false],"kreeti-medium":["https:\/\/veritasinfo.org\/wp-content\/uploads\/2025\/08\/IMG_3478.jpeg",720,462,false],"kreeti-medium-square":["https:\/\/veritasinfo.org\/wp-content\/uploads\/2025\/08\/IMG_3478.jpeg",350,224,false]},"author_info":{"info":["admin"]},"category_info":"<a href=\"https:\/\/veritasinfo.org\/?cat=58\" rel=\"category\">Politik\u00eb<\/a>","tag_info":"Politik\u00eb","comment_count":"0","_links":{"self":[{"href":"https:\/\/veritasinfo.org\/index.php?rest_route=\/wp\/v2\/posts\/9795","targetHints":{"allow":["GET"]}}],"collection":[{"href":"https:\/\/veritasinfo.org\/index.php?rest_route=\/wp\/v2\/posts"}],"about":[{"href":"https:\/\/veritasinfo.org\/index.php?rest_route=\/wp\/v2\/types\/post"}],"author":[{"embeddable":true,"href":"https:\/\/veritasinfo.org\/index.php?rest_route=\/wp\/v2\/users\/1"}],"replies":[{"embeddable":true,"href":"https:\/\/veritasinfo.org\/index.php?rest_route=%2Fwp%2Fv2%2Fcomments&post=9795"}],"version-history":[{"count":1,"href":"https:\/\/veritasinfo.org\/index.php?rest_route=\/wp\/v2\/posts\/9795\/revisions"}],"predecessor-version":[{"id":9801,"href":"https:\/\/veritasinfo.org\/index.php?rest_route=\/wp\/v2\/posts\/9795\/revisions\/9801"}],"wp:featuredmedia":[{"embeddable":true,"href":"https:\/\/veritasinfo.org\/index.php?rest_route=\/wp\/v2\/media\/9798"}],"wp:attachment":[{"href":"https:\/\/veritasinfo.org\/index.php?rest_route=%2Fwp%2Fv2%2Fmedia&parent=9795"}],"wp:term":[{"taxonomy":"category","embeddable":true,"href":"https:\/\/veritasinfo.org\/index.php?rest_route=%2Fwp%2Fv2%2Fcategories&post=9795"},{"taxonomy":"post_tag","embeddable":true,"href":"https:\/\/veritasinfo.org\/index.php?rest_route=%2Fwp%2Fv2%2Ftags&post=9795"}],"curies":[{"name":"wp","href":"https:\/\/api.w.org\/{rel}","templated":true}]}}