{"id":9777,"date":"2025-08-28T09:18:36","date_gmt":"2025-08-28T07:18:36","guid":{"rendered":"https:\/\/veritasinfo.org\/?p=9777"},"modified":"2025-08-28T09:18:36","modified_gmt":"2025-08-28T07:18:36","slug":"gjykata-merr-vendim-per-pilotin-kroat-dhe-te-dashuren-e-tij-serbe-nga-kosova","status":"publish","type":"post","link":"https:\/\/veritasinfo.org\/?p=9777","title":{"rendered":"Gjykata merr vendim p\u00ebr pilotin kroat dhe t\u00eb dashur\u00ebn e tij serbe nga Kosova"},"content":{"rendered":"<p>Split, 28 Gusht 2025<\/p>\n<p style=\"font-weight: 400;\"><span style=\"font-style: inherit; font-weight: inherit;\">Nga nj\u00eb muaj paraburgim u \u00ebsht\u00eb vendosur pilotit kroat dhe t\u00eb dashur\u00ebs s\u00eb tij, serbe nga Kosova, p\u00ebr dyshimet p\u00ebr spiunazh, ka vendosur\u00a0<\/span> <span style=\"font-style: inherit; font-weight: inherit;\">Gjykata e Qarkut t\u00eb Splitit.<\/span><\/p>\n<p style=\"font-weight: 400;\"><span style=\"font-style: inherit; font-weight: inherit;\">Ata jan\u00eb l\u00ebn\u00eb n\u00eb paraburgim p\u00ebr shkak t\u00eb mund\u00ebsis\u00eb s\u00eb ndikimit mbi d\u00ebshmitar\u00eb dhe rrezikut t\u00eb shkat\u00ebrrimit t\u00eb provave, thuhet n\u00eb vendimin e mas\u00ebs s\u00eb gjykat\u00ebs. Serbja e dyshuar \u00ebsht\u00eb l\u00ebn\u00eb n\u00eb mbajtje p\u00ebr shkak edhe t\u00eb rrezikut p\u00ebr arrati meq\u00eb n\u00eb Kroaci \u00ebsht\u00eb shtetase e huaj, raportoi media kroate \u201cIndex\u201d.<\/span><\/p>\n<p style=\"font-weight: 400;\"><span style=\"font-style: inherit; font-weight: inherit;\">T\u00eb dy jan\u00eb intervistuar t\u00eb m\u00ebrkur\u00ebn, nd\u00ebrsa rasti i tyre po hetohet nga policia dhe Europoli. Dyshimet jan\u00eb se piloti kroat derisa ka sh\u00ebrbyer edhe n\u00eb KFOR, i ka dh\u00ebn\u00eb informacione mbi l\u00ebvizjet e trupave t\u00eb KFOR-it t\u00eb dashur\u00ebs s\u00eb tij serbe, e cila m\u00eb pas ia ka dh\u00ebn\u00eb ato List\u00ebs Serbe.<\/span><\/p>\n<p style=\"font-weight: 400;\">Sipas \u201cIndexit\u201d, i dyshuari i dha informacione partneres s\u00eb tij mbi l\u00ebvizjet e serb\u00ebve n\u00eb veri t\u00eb Kosov\u00ebs q\u00eb nga fundi i vitit 2022 deri k\u00ebt\u00eb vit, ashtu si edhe p\u00ebr l\u00ebvizjet e trupave t\u00eb KFOR-it.<\/p>\n<p style=\"font-weight: 400;\">Mes tjerash, hetuesit dyshojn\u00eb se ai i zbuloi asaj informacione t\u00eb r\u00ebnd\u00ebsishme lidhur me Zubin-Potokun, nj\u00eb prej komunave problematike mes serb\u00ebve e shqiptar\u00ebve t\u00eb Kosov\u00ebs n\u00eb veri.<\/p>\n<p style=\"font-weight: 400;\">T\u00eb dy po ashtu akuzohen p\u00ebr shk\u00ebmbim informacionesh lidhur me transportin e serbit t\u00eb arrestuar Dejan Pantiq, ish-polic i Kosov\u00ebs, i cili akuzohet p\u00ebr pjes\u00ebmarrje n\u00eb sulmet ndaj \u00a0zyrave t\u00eb KQZ-s\u00eb n\u00eb Mitrovic\u00ebn e Veriut.<\/p>\n","protected":false},"excerpt":{"rendered":"<p>Split, 28 Gusht 2025 Nga nj\u00eb muaj paraburgim u \u00ebsht\u00eb vendosur pilotit kroat dhe t\u00eb dashur\u00ebs s\u00eb tij, serbe nga Kosova, p\u00ebr dyshimet p\u00ebr spiunazh,<\/p>\n","protected":false},"author":1,"featured_media":9738,"comment_status":"open","ping_status":"open","sticky":false,"template":"","format":"standard","meta":{"footnotes":""},"categories":[60],"tags":[],"class_list":["post-9777","post","type-post","status-publish","format-standard","has-post-thumbnail","hentry","category-shoqerore-sq"],"yoast_head":"<!-- This site is optimized with the Yoast SEO plugin v25.3.1 - https:\/\/yoast.com\/wordpress\/plugins\/seo\/ -->\n<title>Gjykata merr vendim p\u00ebr pilotin kroat dhe t\u00eb dashur\u00ebn e tij serbe nga Kosova -<\/title>\n<meta name=\"robots\" content=\"index, follow, max-snippet:-1, max-image-preview:large, max-video-preview:-1\" \/>\n<link rel=\"canonical\" href=\"https:\/\/veritasinfo.org\/?p=9777\" \/>\n<meta property=\"og:locale\" content=\"en_US\" \/>\n<meta property=\"og:type\" content=\"article\" \/>\n<meta property=\"og:title\" content=\"Gjykata merr vendim p\u00ebr pilotin kroat dhe t\u00eb dashur\u00ebn e tij serbe nga Kosova -\" \/>\n<meta property=\"og:description\" content=\"Split, 28 Gusht 2025 Nga nj\u00eb muaj paraburgim u \u00ebsht\u00eb vendosur pilotit kroat dhe t\u00eb dashur\u00ebs s\u00eb tij, serbe nga Kosova, p\u00ebr dyshimet p\u00ebr spiunazh,\" \/>\n<meta property=\"og:url\" content=\"https:\/\/veritasinfo.org\/?p=9777\" \/>\n<meta property=\"article:published_time\" content=\"2025-08-28T07:18:36+00:00\" \/>\n<meta property=\"og:image\" content=\"https:\/\/veritasinfo.org\/wp-content\/uploads\/2025\/08\/IMG_3470.webp\" \/>\n\t<meta property=\"og:image:width\" content=\"1200\" \/>\n\t<meta property=\"og:image:height\" content=\"630\" \/>\n\t<meta property=\"og:image:type\" content=\"image\/webp\" \/>\n<meta name=\"author\" content=\"admin\" \/>\n<meta name=\"twitter:card\" content=\"summary_large_image\" \/>\n<meta name=\"twitter:label1\" content=\"Written by\" \/>\n\t<meta name=\"twitter:data1\" content=\"admin\" \/>\n\t<meta name=\"twitter:label2\" content=\"Est. reading time\" \/>\n\t<meta name=\"twitter:data2\" content=\"2 minutes\" \/>\n<script type=\"application\/ld+json\" class=\"yoast-schema-graph\">{\"@context\":\"https:\/\/schema.org\",\"@graph\":[{\"@type\":\"WebPage\",\"@id\":\"https:\/\/veritasinfo.org\/?p=9777\",\"url\":\"https:\/\/veritasinfo.org\/?p=9777\",\"name\":\"Gjykata merr vendim p\u00ebr pilotin kroat dhe t\u00eb dashur\u00ebn e tij serbe nga Kosova -\",\"isPartOf\":{\"@id\":\"https:\/\/veritasinfo.org\/#website\"},\"primaryImageOfPage\":{\"@id\":\"https:\/\/veritasinfo.org\/?p=9777#primaryimage\"},\"image\":{\"@id\":\"https:\/\/veritasinfo.org\/?p=9777#primaryimage\"},\"thumbnailUrl\":\"https:\/\/veritasinfo.org\/wp-content\/uploads\/2025\/08\/IMG_3470.webp\",\"datePublished\":\"2025-08-28T07:18:36+00:00\",\"author\":{\"@id\":\"https:\/\/veritasinfo.org\/#\/schema\/person\/7701f8c088bece422266b100a712374f\"},\"breadcrumb\":{\"@id\":\"https:\/\/veritasinfo.org\/?p=9777#breadcrumb\"},\"inLanguage\":\"en-US\",\"potentialAction\":[{\"@type\":\"ReadAction\",\"target\":[\"https:\/\/veritasinfo.org\/?p=9777\"]}]},{\"@type\":\"ImageObject\",\"inLanguage\":\"en-US\",\"@id\":\"https:\/\/veritasinfo.org\/?p=9777#primaryimage\",\"url\":\"https:\/\/veritasinfo.org\/wp-content\/uploads\/2025\/08\/IMG_3470.webp\",\"contentUrl\":\"https:\/\/veritasinfo.org\/wp-content\/uploads\/2025\/08\/IMG_3470.webp\",\"width\":1200,\"height\":630},{\"@type\":\"BreadcrumbList\",\"@id\":\"https:\/\/veritasinfo.org\/?p=9777#breadcrumb\",\"itemListElement\":[{\"@type\":\"ListItem\",\"position\":1,\"name\":\"Home\",\"item\":\"https:\/\/veritasinfo.org\/\"},{\"@type\":\"ListItem\",\"position\":2,\"name\":\"Gjykata merr vendim p\u00ebr pilotin kroat dhe t\u00eb dashur\u00ebn e tij serbe nga Kosova\"}]},{\"@type\":\"WebSite\",\"@id\":\"https:\/\/veritasinfo.org\/#website\",\"url\":\"https:\/\/veritasinfo.org\/\",\"name\":\"\",\"description\":\"\",\"potentialAction\":[{\"@type\":\"SearchAction\",\"target\":{\"@type\":\"EntryPoint\",\"urlTemplate\":\"https:\/\/veritasinfo.org\/?s={search_term_string}\"},\"query-input\":{\"@type\":\"PropertyValueSpecification\",\"valueRequired\":true,\"valueName\":\"search_term_string\"}}],\"inLanguage\":\"en-US\"},{\"@type\":\"Person\",\"@id\":\"https:\/\/veritasinfo.org\/#\/schema\/person\/7701f8c088bece422266b100a712374f\",\"name\":\"admin\",\"image\":{\"@type\":\"ImageObject\",\"inLanguage\":\"en-US\",\"@id\":\"https:\/\/veritasinfo.org\/#\/schema\/person\/image\/\",\"url\":\"https:\/\/secure.gravatar.com\/avatar\/ea53aa3bf6c9a12d5fde8ce4deff43fef3885ae33cf60184161a50d6987cfd2f?s=96&d=mm&r=g\",\"contentUrl\":\"https:\/\/secure.gravatar.com\/avatar\/ea53aa3bf6c9a12d5fde8ce4deff43fef3885ae33cf60184161a50d6987cfd2f?s=96&d=mm&r=g\",\"caption\":\"admin\"},\"sameAs\":[\"https:\/\/veritasinfo.org\"],\"url\":\"https:\/\/veritasinfo.org\/?author=1\"}]}<\/script>\n<!-- \/ Yoast SEO plugin. -->","yoast_head_json":{"title":"Gjykata merr vendim p\u00ebr pilotin kroat dhe t\u00eb dashur\u00ebn e tij serbe nga Kosova -","robots":{"index":"index","follow":"follow","max-snippet":"max-snippet:-1","max-image-preview":"max-image-preview:large","max-video-preview":"max-video-preview:-1"},"canonical":"https:\/\/veritasinfo.org\/?p=9777","og_locale":"en_US","og_type":"article","og_title":"Gjykata merr vendim p\u00ebr pilotin kroat dhe t\u00eb dashur\u00ebn e tij serbe nga Kosova -","og_description":"Split, 28 Gusht 2025 Nga nj\u00eb muaj paraburgim u \u00ebsht\u00eb vendosur pilotit kroat dhe t\u00eb dashur\u00ebs s\u00eb tij, serbe nga Kosova, p\u00ebr dyshimet p\u00ebr spiunazh,","og_url":"https:\/\/veritasinfo.org\/?p=9777","article_published_time":"2025-08-28T07:18:36+00:00","og_image":[{"width":1200,"height":630,"url":"https:\/\/veritasinfo.org\/wp-content\/uploads\/2025\/08\/IMG_3470.webp","type":"image\/webp"}],"author":"admin","twitter_card":"summary_large_image","twitter_misc":{"Written by":"admin","Est. reading time":"2 minutes"},"schema":{"@context":"https:\/\/schema.org","@graph":[{"@type":"WebPage","@id":"https:\/\/veritasinfo.org\/?p=9777","url":"https:\/\/veritasinfo.org\/?p=9777","name":"Gjykata merr vendim p\u00ebr pilotin kroat dhe t\u00eb dashur\u00ebn e tij serbe nga Kosova -","isPartOf":{"@id":"https:\/\/veritasinfo.org\/#website"},"primaryImageOfPage":{"@id":"https:\/\/veritasinfo.org\/?p=9777#primaryimage"},"image":{"@id":"https:\/\/veritasinfo.org\/?p=9777#primaryimage"},"thumbnailUrl":"https:\/\/veritasinfo.org\/wp-content\/uploads\/2025\/08\/IMG_3470.webp","datePublished":"2025-08-28T07:18:36+00:00","author":{"@id":"https:\/\/veritasinfo.org\/#\/schema\/person\/7701f8c088bece422266b100a712374f"},"breadcrumb":{"@id":"https:\/\/veritasinfo.org\/?p=9777#breadcrumb"},"inLanguage":"en-US","potentialAction":[{"@type":"ReadAction","target":["https:\/\/veritasinfo.org\/?p=9777"]}]},{"@type":"ImageObject","inLanguage":"en-US","@id":"https:\/\/veritasinfo.org\/?p=9777#primaryimage","url":"https:\/\/veritasinfo.org\/wp-content\/uploads\/2025\/08\/IMG_3470.webp","contentUrl":"https:\/\/veritasinfo.org\/wp-content\/uploads\/2025\/08\/IMG_3470.webp","width":1200,"height":630},{"@type":"BreadcrumbList","@id":"https:\/\/veritasinfo.org\/?p=9777#breadcrumb","itemListElement":[{"@type":"ListItem","position":1,"name":"Home","item":"https:\/\/veritasinfo.org\/"},{"@type":"ListItem","position":2,"name":"Gjykata merr vendim p\u00ebr pilotin kroat dhe t\u00eb dashur\u00ebn e tij serbe nga Kosova"}]},{"@type":"WebSite","@id":"https:\/\/veritasinfo.org\/#website","url":"https:\/\/veritasinfo.org\/","name":"","description":"","potentialAction":[{"@type":"SearchAction","target":{"@type":"EntryPoint","urlTemplate":"https:\/\/veritasinfo.org\/?s={search_term_string}"},"query-input":{"@type":"PropertyValueSpecification","valueRequired":true,"valueName":"search_term_string"}}],"inLanguage":"en-US"},{"@type":"Person","@id":"https:\/\/veritasinfo.org\/#\/schema\/person\/7701f8c088bece422266b100a712374f","name":"admin","image":{"@type":"ImageObject","inLanguage":"en-US","@id":"https:\/\/veritasinfo.org\/#\/schema\/person\/image\/","url":"https:\/\/secure.gravatar.com\/avatar\/ea53aa3bf6c9a12d5fde8ce4deff43fef3885ae33cf60184161a50d6987cfd2f?s=96&d=mm&r=g","contentUrl":"https:\/\/secure.gravatar.com\/avatar\/ea53aa3bf6c9a12d5fde8ce4deff43fef3885ae33cf60184161a50d6987cfd2f?s=96&d=mm&r=g","caption":"admin"},"sameAs":["https:\/\/veritasinfo.org"],"url":"https:\/\/veritasinfo.org\/?author=1"}]}},"featured_image_urls":{"full":["https:\/\/veritasinfo.org\/wp-content\/uploads\/2025\/08\/IMG_3470.webp",1200,630,false],"thumbnail":["https:\/\/veritasinfo.org\/wp-content\/uploads\/2025\/08\/IMG_3470-150x150.webp",150,150,true],"medium":["https:\/\/veritasinfo.org\/wp-content\/uploads\/2025\/08\/IMG_3470-300x158.webp",300,158,true],"medium_large":["https:\/\/veritasinfo.org\/wp-content\/uploads\/2025\/08\/IMG_3470-768x403.webp",640,336,true],"large":["https:\/\/veritasinfo.org\/wp-content\/uploads\/2025\/08\/IMG_3470-1024x538.webp",640,336,true],"1536x1536":["https:\/\/veritasinfo.org\/wp-content\/uploads\/2025\/08\/IMG_3470.webp",1200,630,false],"2048x2048":["https:\/\/veritasinfo.org\/wp-content\/uploads\/2025\/08\/IMG_3470.webp",1200,630,false],"kreeti-slider-full":["https:\/\/veritasinfo.org\/wp-content\/uploads\/2025\/08\/IMG_3470.webp",1200,630,false],"kreeti-featured":["https:\/\/veritasinfo.org\/wp-content\/uploads\/2025\/08\/IMG_3470.webp",1024,538,false],"kreeti-medium":["https:\/\/veritasinfo.org\/wp-content\/uploads\/2025\/08\/IMG_3470.webp",720,378,false],"kreeti-medium-square":["https:\/\/veritasinfo.org\/wp-content\/uploads\/2025\/08\/IMG_3470.webp",350,184,false]},"author_info":{"info":["admin"]},"category_info":"<a href=\"https:\/\/veritasinfo.org\/?cat=60\" rel=\"category\">Shoq\u00ebrore<\/a>","tag_info":"Shoq\u00ebrore","comment_count":"0","_links":{"self":[{"href":"https:\/\/veritasinfo.org\/index.php?rest_route=\/wp\/v2\/posts\/9777","targetHints":{"allow":["GET"]}}],"collection":[{"href":"https:\/\/veritasinfo.org\/index.php?rest_route=\/wp\/v2\/posts"}],"about":[{"href":"https:\/\/veritasinfo.org\/index.php?rest_route=\/wp\/v2\/types\/post"}],"author":[{"embeddable":true,"href":"https:\/\/veritasinfo.org\/index.php?rest_route=\/wp\/v2\/users\/1"}],"replies":[{"embeddable":true,"href":"https:\/\/veritasinfo.org\/index.php?rest_route=%2Fwp%2Fv2%2Fcomments&post=9777"}],"version-history":[{"count":1,"href":"https:\/\/veritasinfo.org\/index.php?rest_route=\/wp\/v2\/posts\/9777\/revisions"}],"predecessor-version":[{"id":9778,"href":"https:\/\/veritasinfo.org\/index.php?rest_route=\/wp\/v2\/posts\/9777\/revisions\/9778"}],"wp:featuredmedia":[{"embeddable":true,"href":"https:\/\/veritasinfo.org\/index.php?rest_route=\/wp\/v2\/media\/9738"}],"wp:attachment":[{"href":"https:\/\/veritasinfo.org\/index.php?rest_route=%2Fwp%2Fv2%2Fmedia&parent=9777"}],"wp:term":[{"taxonomy":"category","embeddable":true,"href":"https:\/\/veritasinfo.org\/index.php?rest_route=%2Fwp%2Fv2%2Fcategories&post=9777"},{"taxonomy":"post_tag","embeddable":true,"href":"https:\/\/veritasinfo.org\/index.php?rest_route=%2Fwp%2Fv2%2Ftags&post=9777"}],"curies":[{"name":"wp","href":"https:\/\/api.w.org\/{rel}","templated":true}]}}