{"id":9771,"date":"2025-08-28T08:56:20","date_gmt":"2025-08-28T06:56:20","guid":{"rendered":"https:\/\/veritasinfo.org\/?p=9771"},"modified":"2025-08-28T08:56:20","modified_gmt":"2025-08-28T06:56:20","slug":"uefa-e-ceferinit-ende-hesht-per-marreveshjet-mafioze-te-yllit-te-kuq-dhe-aleksandar-vucic-oskar","status":"publish","type":"post","link":"https:\/\/veritasinfo.org\/?p=9771","title":{"rendered":"UEFA e \u00c7eferinit ende hesht p\u00ebr marr\u00ebveshjet mafioze t\u00eb Yllit t\u00eb Kuq dhe Aleksandar Vu\u00e7i\u00e7-Oskar"},"content":{"rendered":"<p>Prishtin\u00eb, 28 gusht 2025<\/p>\n<p>Presidenti i UEFA-s, Aleksandar \u00c7eferin, pas t\u00eb gjitha aferave kontroverse t\u00eb udh\u00ebheq\u00ebsit t\u00eb Yllit t\u00eb Kuq dhe tifoz\u00ebve t\u00eb tij n\u00ebn kujdesin e Aleksandar Vu\u00e7i\u00e7 Oskar, \u00ebsht\u00eb ende mbrojt\u00ebsi m\u00eb i madh i klubit nga Ljutica Bogdan 1a dhe organizat\u00ebs s\u00eb vendosur n\u00eb katakombet e stadiumit n\u00ebn rezervuar.<\/p>\n<p>\u00c7eferini dhe partner\u00ebt e tij dhe miqt\u00eb e ngusht\u00eb t\u00eb Zvezdan Terzi\u00e7it, Zoran Lakovi\u00e7 dhe Vlado Glogjovi\u00e7, i dhan\u00eb Yllit t\u00eb Kuq (Crvena Zvezda) t\u00eb Beogradit privilegje t\u00eb shumta dhe nuk duan t&#8217;u p\u00ebrgjigjen pyetjeve t\u00eb gazetar\u00ebve n\u00eb lidhje me provat dhe regjistrimet q\u00eb tregojn\u00eb drejtp\u00ebrdrejt p\u00ebr pun\u00ebt e dyshimta t\u00eb udh\u00ebheq\u00ebsit t\u00eb nj\u00eb klubi t\u00eb ngjash\u00ebm me nj\u00eb organizat\u00eb mafioze, t\u00eb krijuar nga presidenti i gjith\u00e7kaje, ve\u00e7an\u00ebrisht mafias, krimit t\u00eb organizuar dhe korrupsionit.<\/p>\n<p>\u00c7eferini dhe Lakovi\u00e7 mendojn\u00eb se gazetar\u00ebt q\u00eb hetojn\u00eb korrupsionin dhe krimin do t\u00eb heqin dor\u00eb nga ndjekja e pun\u00ebve mafioze t\u00eb Yllit t\u00eb Kuq, n\u00eb t\u00eb cilat UEFA \u00ebsht\u00eb, n\u00eb fund t\u00eb fundit, nj\u00eb bashk\u00ebpun\u00ebtore me d\u00ebshir\u00eb ose pa d\u00ebshir\u00eb, por ata gabuan, sepse pun\u00ebt e bos\u00ebve t\u00eb mafias t\u00eb lartp\u00ebrmendur kan\u00eb shkaktuar shum\u00eb d\u00ebme n\u00eb shoq\u00ebrin\u00eb serbe dhe ve\u00e7an\u00ebrisht n\u00eb sportin serb.<\/p>\n<p>Gazetar\u00ebt paralajm\u00ebruan vazhdimisht se Crvena Zvezda shkel t\u00eb gjitha parimet financiare t\u00eb UEFA-s. Ish-futbollist\u00ebt e Yllit t\u00eb Kuq, Ognjen Koroman dhe Nemanja Vidiq, paralajm\u00ebruan p\u00ebr k\u00ebt\u00eb, teksa konfirmuan se klubi po mban kontabilitet t\u00eb dyfisht\u00eb, gj\u00eb q\u00eb \u00ebsht\u00eb e ndaluar me ligj. Drejtuesit e UEFA-s nuk e hetuan k\u00ebt\u00eb dhe nuk donin t&#8217;u p\u00ebrgjigjeshin pyetjeve.<\/p>\n","protected":false},"excerpt":{"rendered":"<p>Prishtin\u00eb, 28 gusht 2025 Presidenti i UEFA-s, Aleksandar \u00c7eferin, pas t\u00eb gjitha aferave kontroverse t\u00eb udh\u00ebheq\u00ebsit t\u00eb Yllit t\u00eb Kuq dhe tifoz\u00ebve t\u00eb tij n\u00ebn<\/p>\n","protected":false},"author":1,"featured_media":9773,"comment_status":"open","ping_status":"open","sticky":false,"template":"","format":"standard","meta":{"footnotes":""},"categories":[5],"tags":[],"class_list":["post-9771","post","type-post","status-publish","format-standard","has-post-thumbnail","hentry","category-sport-sq"],"yoast_head":"<!-- This site is optimized with the Yoast SEO plugin v25.3.1 - https:\/\/yoast.com\/wordpress\/plugins\/seo\/ -->\n<title>UEFA e \u00c7eferinit ende hesht p\u00ebr marr\u00ebveshjet mafioze t\u00eb Yllit t\u00eb Kuq dhe Aleksandar Vu\u00e7i\u00e7-Oskar -<\/title>\n<meta name=\"robots\" content=\"index, follow, max-snippet:-1, max-image-preview:large, max-video-preview:-1\" \/>\n<link rel=\"canonical\" href=\"https:\/\/veritasinfo.org\/?p=9771\" \/>\n<meta property=\"og:locale\" content=\"en_US\" \/>\n<meta property=\"og:type\" content=\"article\" \/>\n<meta property=\"og:title\" content=\"UEFA e \u00c7eferinit ende hesht p\u00ebr marr\u00ebveshjet mafioze t\u00eb Yllit t\u00eb Kuq dhe Aleksandar Vu\u00e7i\u00e7-Oskar -\" \/>\n<meta property=\"og:description\" content=\"Prishtin\u00eb, 28 gusht 2025 Presidenti i UEFA-s, Aleksandar \u00c7eferin, pas t\u00eb gjitha aferave kontroverse t\u00eb udh\u00ebheq\u00ebsit t\u00eb Yllit t\u00eb Kuq dhe tifoz\u00ebve t\u00eb tij n\u00ebn\" \/>\n<meta property=\"og:url\" content=\"https:\/\/veritasinfo.org\/?p=9771\" \/>\n<meta property=\"article:published_time\" content=\"2025-08-28T06:56:20+00:00\" \/>\n<meta property=\"og:image\" content=\"https:\/\/veritasinfo.org\/wp-content\/uploads\/2025\/08\/IMG_2804.jpeg\" \/>\n\t<meta property=\"og:image:width\" content=\"1068\" \/>\n\t<meta property=\"og:image:height\" content=\"712\" \/>\n\t<meta property=\"og:image:type\" content=\"image\/jpeg\" \/>\n<meta name=\"author\" content=\"admin\" \/>\n<meta name=\"twitter:card\" content=\"summary_large_image\" \/>\n<meta name=\"twitter:label1\" content=\"Written by\" \/>\n\t<meta name=\"twitter:data1\" content=\"admin\" \/>\n\t<meta name=\"twitter:label2\" content=\"Est. reading time\" \/>\n\t<meta name=\"twitter:data2\" content=\"2 minutes\" \/>\n<script type=\"application\/ld+json\" class=\"yoast-schema-graph\">{\"@context\":\"https:\/\/schema.org\",\"@graph\":[{\"@type\":\"WebPage\",\"@id\":\"https:\/\/veritasinfo.org\/?p=9771\",\"url\":\"https:\/\/veritasinfo.org\/?p=9771\",\"name\":\"UEFA e \u00c7eferinit ende hesht p\u00ebr marr\u00ebveshjet mafioze t\u00eb Yllit t\u00eb Kuq dhe Aleksandar Vu\u00e7i\u00e7-Oskar -\",\"isPartOf\":{\"@id\":\"https:\/\/veritasinfo.org\/#website\"},\"primaryImageOfPage\":{\"@id\":\"https:\/\/veritasinfo.org\/?p=9771#primaryimage\"},\"image\":{\"@id\":\"https:\/\/veritasinfo.org\/?p=9771#primaryimage\"},\"thumbnailUrl\":\"https:\/\/veritasinfo.org\/wp-content\/uploads\/2025\/08\/IMG_2804.jpeg\",\"datePublished\":\"2025-08-28T06:56:20+00:00\",\"author\":{\"@id\":\"https:\/\/veritasinfo.org\/#\/schema\/person\/7701f8c088bece422266b100a712374f\"},\"breadcrumb\":{\"@id\":\"https:\/\/veritasinfo.org\/?p=9771#breadcrumb\"},\"inLanguage\":\"en-US\",\"potentialAction\":[{\"@type\":\"ReadAction\",\"target\":[\"https:\/\/veritasinfo.org\/?p=9771\"]}]},{\"@type\":\"ImageObject\",\"inLanguage\":\"en-US\",\"@id\":\"https:\/\/veritasinfo.org\/?p=9771#primaryimage\",\"url\":\"https:\/\/veritasinfo.org\/wp-content\/uploads\/2025\/08\/IMG_2804.jpeg\",\"contentUrl\":\"https:\/\/veritasinfo.org\/wp-content\/uploads\/2025\/08\/IMG_2804.jpeg\",\"width\":1068,\"height\":712},{\"@type\":\"BreadcrumbList\",\"@id\":\"https:\/\/veritasinfo.org\/?p=9771#breadcrumb\",\"itemListElement\":[{\"@type\":\"ListItem\",\"position\":1,\"name\":\"Home\",\"item\":\"https:\/\/veritasinfo.org\/\"},{\"@type\":\"ListItem\",\"position\":2,\"name\":\"UEFA e \u00c7eferinit ende hesht p\u00ebr marr\u00ebveshjet mafioze t\u00eb Yllit t\u00eb Kuq dhe Aleksandar Vu\u00e7i\u00e7-Oskar\"}]},{\"@type\":\"WebSite\",\"@id\":\"https:\/\/veritasinfo.org\/#website\",\"url\":\"https:\/\/veritasinfo.org\/\",\"name\":\"\",\"description\":\"\",\"potentialAction\":[{\"@type\":\"SearchAction\",\"target\":{\"@type\":\"EntryPoint\",\"urlTemplate\":\"https:\/\/veritasinfo.org\/?s={search_term_string}\"},\"query-input\":{\"@type\":\"PropertyValueSpecification\",\"valueRequired\":true,\"valueName\":\"search_term_string\"}}],\"inLanguage\":\"en-US\"},{\"@type\":\"Person\",\"@id\":\"https:\/\/veritasinfo.org\/#\/schema\/person\/7701f8c088bece422266b100a712374f\",\"name\":\"admin\",\"image\":{\"@type\":\"ImageObject\",\"inLanguage\":\"en-US\",\"@id\":\"https:\/\/veritasinfo.org\/#\/schema\/person\/image\/\",\"url\":\"https:\/\/secure.gravatar.com\/avatar\/ea53aa3bf6c9a12d5fde8ce4deff43fef3885ae33cf60184161a50d6987cfd2f?s=96&d=mm&r=g\",\"contentUrl\":\"https:\/\/secure.gravatar.com\/avatar\/ea53aa3bf6c9a12d5fde8ce4deff43fef3885ae33cf60184161a50d6987cfd2f?s=96&d=mm&r=g\",\"caption\":\"admin\"},\"sameAs\":[\"https:\/\/veritasinfo.org\"],\"url\":\"https:\/\/veritasinfo.org\/?author=1\"}]}<\/script>\n<!-- \/ Yoast SEO plugin. -->","yoast_head_json":{"title":"UEFA e \u00c7eferinit ende hesht p\u00ebr marr\u00ebveshjet mafioze t\u00eb Yllit t\u00eb Kuq dhe Aleksandar Vu\u00e7i\u00e7-Oskar -","robots":{"index":"index","follow":"follow","max-snippet":"max-snippet:-1","max-image-preview":"max-image-preview:large","max-video-preview":"max-video-preview:-1"},"canonical":"https:\/\/veritasinfo.org\/?p=9771","og_locale":"en_US","og_type":"article","og_title":"UEFA e \u00c7eferinit ende hesht p\u00ebr marr\u00ebveshjet mafioze t\u00eb Yllit t\u00eb Kuq dhe Aleksandar Vu\u00e7i\u00e7-Oskar -","og_description":"Prishtin\u00eb, 28 gusht 2025 Presidenti i UEFA-s, Aleksandar \u00c7eferin, pas t\u00eb gjitha aferave kontroverse t\u00eb udh\u00ebheq\u00ebsit t\u00eb Yllit t\u00eb Kuq dhe tifoz\u00ebve t\u00eb tij n\u00ebn","og_url":"https:\/\/veritasinfo.org\/?p=9771","article_published_time":"2025-08-28T06:56:20+00:00","og_image":[{"width":1068,"height":712,"url":"https:\/\/veritasinfo.org\/wp-content\/uploads\/2025\/08\/IMG_2804.jpeg","type":"image\/jpeg"}],"author":"admin","twitter_card":"summary_large_image","twitter_misc":{"Written by":"admin","Est. reading time":"2 minutes"},"schema":{"@context":"https:\/\/schema.org","@graph":[{"@type":"WebPage","@id":"https:\/\/veritasinfo.org\/?p=9771","url":"https:\/\/veritasinfo.org\/?p=9771","name":"UEFA e \u00c7eferinit ende hesht p\u00ebr marr\u00ebveshjet mafioze t\u00eb Yllit t\u00eb Kuq dhe Aleksandar Vu\u00e7i\u00e7-Oskar -","isPartOf":{"@id":"https:\/\/veritasinfo.org\/#website"},"primaryImageOfPage":{"@id":"https:\/\/veritasinfo.org\/?p=9771#primaryimage"},"image":{"@id":"https:\/\/veritasinfo.org\/?p=9771#primaryimage"},"thumbnailUrl":"https:\/\/veritasinfo.org\/wp-content\/uploads\/2025\/08\/IMG_2804.jpeg","datePublished":"2025-08-28T06:56:20+00:00","author":{"@id":"https:\/\/veritasinfo.org\/#\/schema\/person\/7701f8c088bece422266b100a712374f"},"breadcrumb":{"@id":"https:\/\/veritasinfo.org\/?p=9771#breadcrumb"},"inLanguage":"en-US","potentialAction":[{"@type":"ReadAction","target":["https:\/\/veritasinfo.org\/?p=9771"]}]},{"@type":"ImageObject","inLanguage":"en-US","@id":"https:\/\/veritasinfo.org\/?p=9771#primaryimage","url":"https:\/\/veritasinfo.org\/wp-content\/uploads\/2025\/08\/IMG_2804.jpeg","contentUrl":"https:\/\/veritasinfo.org\/wp-content\/uploads\/2025\/08\/IMG_2804.jpeg","width":1068,"height":712},{"@type":"BreadcrumbList","@id":"https:\/\/veritasinfo.org\/?p=9771#breadcrumb","itemListElement":[{"@type":"ListItem","position":1,"name":"Home","item":"https:\/\/veritasinfo.org\/"},{"@type":"ListItem","position":2,"name":"UEFA e \u00c7eferinit ende hesht p\u00ebr marr\u00ebveshjet mafioze t\u00eb Yllit t\u00eb Kuq dhe Aleksandar Vu\u00e7i\u00e7-Oskar"}]},{"@type":"WebSite","@id":"https:\/\/veritasinfo.org\/#website","url":"https:\/\/veritasinfo.org\/","name":"","description":"","potentialAction":[{"@type":"SearchAction","target":{"@type":"EntryPoint","urlTemplate":"https:\/\/veritasinfo.org\/?s={search_term_string}"},"query-input":{"@type":"PropertyValueSpecification","valueRequired":true,"valueName":"search_term_string"}}],"inLanguage":"en-US"},{"@type":"Person","@id":"https:\/\/veritasinfo.org\/#\/schema\/person\/7701f8c088bece422266b100a712374f","name":"admin","image":{"@type":"ImageObject","inLanguage":"en-US","@id":"https:\/\/veritasinfo.org\/#\/schema\/person\/image\/","url":"https:\/\/secure.gravatar.com\/avatar\/ea53aa3bf6c9a12d5fde8ce4deff43fef3885ae33cf60184161a50d6987cfd2f?s=96&d=mm&r=g","contentUrl":"https:\/\/secure.gravatar.com\/avatar\/ea53aa3bf6c9a12d5fde8ce4deff43fef3885ae33cf60184161a50d6987cfd2f?s=96&d=mm&r=g","caption":"admin"},"sameAs":["https:\/\/veritasinfo.org"],"url":"https:\/\/veritasinfo.org\/?author=1"}]}},"featured_image_urls":{"full":["https:\/\/veritasinfo.org\/wp-content\/uploads\/2025\/08\/IMG_2804.jpeg",1068,712,false],"thumbnail":["https:\/\/veritasinfo.org\/wp-content\/uploads\/2025\/08\/IMG_2804-150x150.jpeg",150,150,true],"medium":["https:\/\/veritasinfo.org\/wp-content\/uploads\/2025\/08\/IMG_2804-300x200.jpeg",300,200,true],"medium_large":["https:\/\/veritasinfo.org\/wp-content\/uploads\/2025\/08\/IMG_2804-768x512.jpeg",640,427,true],"large":["https:\/\/veritasinfo.org\/wp-content\/uploads\/2025\/08\/IMG_2804-1024x683.jpeg",640,427,true],"1536x1536":["https:\/\/veritasinfo.org\/wp-content\/uploads\/2025\/08\/IMG_2804.jpeg",1068,712,false],"2048x2048":["https:\/\/veritasinfo.org\/wp-content\/uploads\/2025\/08\/IMG_2804.jpeg",1068,712,false],"kreeti-slider-full":["https:\/\/veritasinfo.org\/wp-content\/uploads\/2025\/08\/IMG_2804.jpeg",1068,712,false],"kreeti-featured":["https:\/\/veritasinfo.org\/wp-content\/uploads\/2025\/08\/IMG_2804.jpeg",1024,683,false],"kreeti-medium":["https:\/\/veritasinfo.org\/wp-content\/uploads\/2025\/08\/IMG_2804.jpeg",720,480,false],"kreeti-medium-square":["https:\/\/veritasinfo.org\/wp-content\/uploads\/2025\/08\/IMG_2804.jpeg",350,233,false]},"author_info":{"info":["admin"]},"category_info":"<a href=\"https:\/\/veritasinfo.org\/?cat=5\" rel=\"category\">Sport<\/a>","tag_info":"Sport","comment_count":"0","_links":{"self":[{"href":"https:\/\/veritasinfo.org\/index.php?rest_route=\/wp\/v2\/posts\/9771","targetHints":{"allow":["GET"]}}],"collection":[{"href":"https:\/\/veritasinfo.org\/index.php?rest_route=\/wp\/v2\/posts"}],"about":[{"href":"https:\/\/veritasinfo.org\/index.php?rest_route=\/wp\/v2\/types\/post"}],"author":[{"embeddable":true,"href":"https:\/\/veritasinfo.org\/index.php?rest_route=\/wp\/v2\/users\/1"}],"replies":[{"embeddable":true,"href":"https:\/\/veritasinfo.org\/index.php?rest_route=%2Fwp%2Fv2%2Fcomments&post=9771"}],"version-history":[{"count":1,"href":"https:\/\/veritasinfo.org\/index.php?rest_route=\/wp\/v2\/posts\/9771\/revisions"}],"predecessor-version":[{"id":9774,"href":"https:\/\/veritasinfo.org\/index.php?rest_route=\/wp\/v2\/posts\/9771\/revisions\/9774"}],"wp:featuredmedia":[{"embeddable":true,"href":"https:\/\/veritasinfo.org\/index.php?rest_route=\/wp\/v2\/media\/9773"}],"wp:attachment":[{"href":"https:\/\/veritasinfo.org\/index.php?rest_route=%2Fwp%2Fv2%2Fmedia&parent=9771"}],"wp:term":[{"taxonomy":"category","embeddable":true,"href":"https:\/\/veritasinfo.org\/index.php?rest_route=%2Fwp%2Fv2%2Fcategories&post=9771"},{"taxonomy":"post_tag","embeddable":true,"href":"https:\/\/veritasinfo.org\/index.php?rest_route=%2Fwp%2Fv2%2Ftags&post=9771"}],"curies":[{"name":"wp","href":"https:\/\/api.w.org\/{rel}","templated":true}]}}