{"id":976,"date":"2025-06-18T16:23:11","date_gmt":"2025-06-18T14:23:11","guid":{"rendered":"https:\/\/veritasinfo.org\/?p=976"},"modified":"2025-06-18T16:23:11","modified_gmt":"2025-06-18T14:23:11","slug":"prokuroria-speciale-leshon-urdherarrest-ndaj-milan-radoiciqit-per-barrikadat-ne-veri","status":"publish","type":"post","link":"https:\/\/veritasinfo.org\/?p=976","title":{"rendered":"Prokuroria Speciale l\u00ebshon urdh\u00ebrarrest ndaj Milan Radoi\u00e7iqit p\u00ebr barrikadat n\u00eb veri"},"content":{"rendered":"<p>Prokuroria Speciale e Kosov\u00ebs ka l\u00ebshuar let\u00ebr-rreshtim ndaj Millan Radoi\u00e7iqit, lidhur me rastin e vendosjes s\u00eb barrikadave n\u00eb kat\u00ebr komunat veriore, n\u00eb vitin 2022.<\/p>\n<p>Lajmin p\u00ebr Periskopin e ka konfirmuar z\u00ebdh\u00ebn\u00ebsja Arbnor Luta, tha se p\u00ebrve\u00e7 Radoi\u00e7iqit PSRK-ja ka l\u00ebshuar urdh\u00ebrarrest edhe ndaj 10 personave tjer\u00eb t\u00eb dyshuar n\u00eb k\u00ebt\u00eb rast.<\/p>\n<p>\u201cGjykata Themelore n\u00eb Prishtin\u00eb ka aprovuar k\u00ebrkes\u00ebn e Prokuroris\u00eb Speciale, respektivisht prokurorit t\u00eb rastit p\u00ebr l\u00ebshimin e let\u00ebr-rreshtimit vendor dhe atij nd\u00ebrkomb\u00ebtar ndaj Milan Radoji\u00e7iq. Urdh\u00ebrarresti \u00ebsht\u00eb l\u00ebshuar n\u00eb kuad\u00ebr t\u00eb veprimeve hetimore q\u00eb jan\u00eb duke u nd\u00ebrmarr\u00eb n\u00eb rastin e vendosjes s\u00eb barrikadave n\u00eb kat\u00ebr komunat veriore n\u00eb vitin 2022. P\u00ebrve\u00e7 Radoji\u00e7iq, PSRK-ja ka l\u00ebshuar urdh\u00ebrarrest edhe ndaj 10 personave tjer\u00eb t\u00eb dyshuar n\u00eb k\u00ebt\u00eb rast\u201d, thuhet n\u00eb p\u00ebrgjigjen e prokuroris\u00eb.<\/p>\n<p>Tutje n\u00eb p\u00ebrgjigje, ajo shtoi se jan\u00eb duke u hetuar rreth 50 persona, p\u00ebr veprat penale: pengim i personit zyrtar n\u00eb kryerjen e detyrave zyrtare, thirrje p\u00ebr rezistenc\u00eb dhe bashkimi p\u00ebr veprimtari kund\u00ebr kushtetuese.<\/p>\n<p>\u201cNd\u00ebrsa p\u00ebr veprimet tjera publiku do t\u00eb njoftohet n\u00eb koh\u00eb, pasi duke pasur parasysh se rasti \u00ebsht\u00eb n\u00eb faz\u00ebn e hetimeve, aktualisht nuk mund t\u00eb ndajm\u00eb m\u00eb shum\u00eb informacione\u201d.<\/p>\n<p>&nbsp;<\/p>\n","protected":false},"excerpt":{"rendered":"<p>Prokuroria Speciale e Kosov\u00ebs ka l\u00ebshuar let\u00ebr-rreshtim ndaj Millan Radoi\u00e7iqit, lidhur me rastin e vendosjes s\u00eb barrikadave n\u00eb kat\u00ebr komunat veriore, n\u00eb vitin 2022. Lajmin<\/p>\n","protected":false},"author":1,"featured_media":977,"comment_status":"open","ping_status":"open","sticky":false,"template":"","format":"standard","meta":{"footnotes":""},"categories":[58],"tags":[],"class_list":["post-976","post","type-post","status-publish","format-standard","has-post-thumbnail","hentry","category-politike-sq"],"yoast_head":"<!-- This site is optimized with the Yoast SEO plugin v25.3.1 - https:\/\/yoast.com\/wordpress\/plugins\/seo\/ -->\n<title>Prokuroria Speciale l\u00ebshon urdh\u00ebrarrest ndaj Milan Radoi\u00e7iqit p\u00ebr barrikadat n\u00eb veri -<\/title>\n<meta name=\"robots\" content=\"index, follow, max-snippet:-1, max-image-preview:large, max-video-preview:-1\" \/>\n<link rel=\"canonical\" href=\"https:\/\/veritasinfo.org\/?p=976\" \/>\n<meta property=\"og:locale\" content=\"en_US\" \/>\n<meta property=\"og:type\" content=\"article\" \/>\n<meta property=\"og:title\" content=\"Prokuroria Speciale l\u00ebshon urdh\u00ebrarrest ndaj Milan Radoi\u00e7iqit p\u00ebr barrikadat n\u00eb veri -\" \/>\n<meta property=\"og:description\" content=\"Prokuroria Speciale e Kosov\u00ebs ka l\u00ebshuar let\u00ebr-rreshtim ndaj Millan Radoi\u00e7iqit, lidhur me rastin e vendosjes s\u00eb barrikadave n\u00eb kat\u00ebr komunat veriore, n\u00eb vitin 2022. Lajmin\" \/>\n<meta property=\"og:url\" content=\"https:\/\/veritasinfo.org\/?p=976\" \/>\n<meta property=\"article:published_time\" content=\"2025-06-18T14:23:11+00:00\" \/>\n<meta property=\"og:image\" content=\"https:\/\/veritasinfo.org\/wp-content\/uploads\/2025\/06\/IMG_9992.jpeg\" \/>\n\t<meta property=\"og:image:width\" content=\"800\" \/>\n\t<meta property=\"og:image:height\" content=\"532\" \/>\n\t<meta property=\"og:image:type\" content=\"image\/jpeg\" \/>\n<meta name=\"author\" content=\"admin\" \/>\n<meta name=\"twitter:card\" content=\"summary_large_image\" \/>\n<meta name=\"twitter:label1\" content=\"Written by\" \/>\n\t<meta name=\"twitter:data1\" content=\"admin\" \/>\n\t<meta name=\"twitter:label2\" content=\"Est. reading time\" \/>\n\t<meta name=\"twitter:data2\" content=\"2 minutes\" \/>\n<script type=\"application\/ld+json\" class=\"yoast-schema-graph\">{\"@context\":\"https:\/\/schema.org\",\"@graph\":[{\"@type\":\"WebPage\",\"@id\":\"https:\/\/veritasinfo.org\/?p=976\",\"url\":\"https:\/\/veritasinfo.org\/?p=976\",\"name\":\"Prokuroria Speciale l\u00ebshon urdh\u00ebrarrest ndaj Milan Radoi\u00e7iqit p\u00ebr barrikadat n\u00eb veri -\",\"isPartOf\":{\"@id\":\"https:\/\/veritasinfo.org\/#website\"},\"primaryImageOfPage\":{\"@id\":\"https:\/\/veritasinfo.org\/?p=976#primaryimage\"},\"image\":{\"@id\":\"https:\/\/veritasinfo.org\/?p=976#primaryimage\"},\"thumbnailUrl\":\"https:\/\/veritasinfo.org\/wp-content\/uploads\/2025\/06\/IMG_9992.jpeg\",\"datePublished\":\"2025-06-18T14:23:11+00:00\",\"author\":{\"@id\":\"https:\/\/veritasinfo.org\/#\/schema\/person\/7701f8c088bece422266b100a712374f\"},\"breadcrumb\":{\"@id\":\"https:\/\/veritasinfo.org\/?p=976#breadcrumb\"},\"inLanguage\":\"en-US\",\"potentialAction\":[{\"@type\":\"ReadAction\",\"target\":[\"https:\/\/veritasinfo.org\/?p=976\"]}]},{\"@type\":\"ImageObject\",\"inLanguage\":\"en-US\",\"@id\":\"https:\/\/veritasinfo.org\/?p=976#primaryimage\",\"url\":\"https:\/\/veritasinfo.org\/wp-content\/uploads\/2025\/06\/IMG_9992.jpeg\",\"contentUrl\":\"https:\/\/veritasinfo.org\/wp-content\/uploads\/2025\/06\/IMG_9992.jpeg\",\"width\":800,\"height\":532},{\"@type\":\"BreadcrumbList\",\"@id\":\"https:\/\/veritasinfo.org\/?p=976#breadcrumb\",\"itemListElement\":[{\"@type\":\"ListItem\",\"position\":1,\"name\":\"Home\",\"item\":\"https:\/\/veritasinfo.org\/\"},{\"@type\":\"ListItem\",\"position\":2,\"name\":\"Prokuroria Speciale l\u00ebshon urdh\u00ebrarrest ndaj Milan Radoi\u00e7iqit p\u00ebr barrikadat n\u00eb veri\"}]},{\"@type\":\"WebSite\",\"@id\":\"https:\/\/veritasinfo.org\/#website\",\"url\":\"https:\/\/veritasinfo.org\/\",\"name\":\"\",\"description\":\"\",\"potentialAction\":[{\"@type\":\"SearchAction\",\"target\":{\"@type\":\"EntryPoint\",\"urlTemplate\":\"https:\/\/veritasinfo.org\/?s={search_term_string}\"},\"query-input\":{\"@type\":\"PropertyValueSpecification\",\"valueRequired\":true,\"valueName\":\"search_term_string\"}}],\"inLanguage\":\"en-US\"},{\"@type\":\"Person\",\"@id\":\"https:\/\/veritasinfo.org\/#\/schema\/person\/7701f8c088bece422266b100a712374f\",\"name\":\"admin\",\"image\":{\"@type\":\"ImageObject\",\"inLanguage\":\"en-US\",\"@id\":\"https:\/\/veritasinfo.org\/#\/schema\/person\/image\/\",\"url\":\"https:\/\/secure.gravatar.com\/avatar\/ea53aa3bf6c9a12d5fde8ce4deff43fef3885ae33cf60184161a50d6987cfd2f?s=96&d=mm&r=g\",\"contentUrl\":\"https:\/\/secure.gravatar.com\/avatar\/ea53aa3bf6c9a12d5fde8ce4deff43fef3885ae33cf60184161a50d6987cfd2f?s=96&d=mm&r=g\",\"caption\":\"admin\"},\"sameAs\":[\"https:\/\/veritasinfo.org\"],\"url\":\"https:\/\/veritasinfo.org\/?author=1\"}]}<\/script>\n<!-- \/ Yoast SEO plugin. -->","yoast_head_json":{"title":"Prokuroria Speciale l\u00ebshon urdh\u00ebrarrest ndaj Milan Radoi\u00e7iqit p\u00ebr barrikadat n\u00eb veri -","robots":{"index":"index","follow":"follow","max-snippet":"max-snippet:-1","max-image-preview":"max-image-preview:large","max-video-preview":"max-video-preview:-1"},"canonical":"https:\/\/veritasinfo.org\/?p=976","og_locale":"en_US","og_type":"article","og_title":"Prokuroria Speciale l\u00ebshon urdh\u00ebrarrest ndaj Milan Radoi\u00e7iqit p\u00ebr barrikadat n\u00eb veri -","og_description":"Prokuroria Speciale e Kosov\u00ebs ka l\u00ebshuar let\u00ebr-rreshtim ndaj Millan Radoi\u00e7iqit, lidhur me rastin e vendosjes s\u00eb barrikadave n\u00eb kat\u00ebr komunat veriore, n\u00eb vitin 2022. Lajmin","og_url":"https:\/\/veritasinfo.org\/?p=976","article_published_time":"2025-06-18T14:23:11+00:00","og_image":[{"width":800,"height":532,"url":"https:\/\/veritasinfo.org\/wp-content\/uploads\/2025\/06\/IMG_9992.jpeg","type":"image\/jpeg"}],"author":"admin","twitter_card":"summary_large_image","twitter_misc":{"Written by":"admin","Est. reading time":"2 minutes"},"schema":{"@context":"https:\/\/schema.org","@graph":[{"@type":"WebPage","@id":"https:\/\/veritasinfo.org\/?p=976","url":"https:\/\/veritasinfo.org\/?p=976","name":"Prokuroria Speciale l\u00ebshon urdh\u00ebrarrest ndaj Milan Radoi\u00e7iqit p\u00ebr barrikadat n\u00eb veri -","isPartOf":{"@id":"https:\/\/veritasinfo.org\/#website"},"primaryImageOfPage":{"@id":"https:\/\/veritasinfo.org\/?p=976#primaryimage"},"image":{"@id":"https:\/\/veritasinfo.org\/?p=976#primaryimage"},"thumbnailUrl":"https:\/\/veritasinfo.org\/wp-content\/uploads\/2025\/06\/IMG_9992.jpeg","datePublished":"2025-06-18T14:23:11+00:00","author":{"@id":"https:\/\/veritasinfo.org\/#\/schema\/person\/7701f8c088bece422266b100a712374f"},"breadcrumb":{"@id":"https:\/\/veritasinfo.org\/?p=976#breadcrumb"},"inLanguage":"en-US","potentialAction":[{"@type":"ReadAction","target":["https:\/\/veritasinfo.org\/?p=976"]}]},{"@type":"ImageObject","inLanguage":"en-US","@id":"https:\/\/veritasinfo.org\/?p=976#primaryimage","url":"https:\/\/veritasinfo.org\/wp-content\/uploads\/2025\/06\/IMG_9992.jpeg","contentUrl":"https:\/\/veritasinfo.org\/wp-content\/uploads\/2025\/06\/IMG_9992.jpeg","width":800,"height":532},{"@type":"BreadcrumbList","@id":"https:\/\/veritasinfo.org\/?p=976#breadcrumb","itemListElement":[{"@type":"ListItem","position":1,"name":"Home","item":"https:\/\/veritasinfo.org\/"},{"@type":"ListItem","position":2,"name":"Prokuroria Speciale l\u00ebshon urdh\u00ebrarrest ndaj Milan Radoi\u00e7iqit p\u00ebr barrikadat n\u00eb veri"}]},{"@type":"WebSite","@id":"https:\/\/veritasinfo.org\/#website","url":"https:\/\/veritasinfo.org\/","name":"","description":"","potentialAction":[{"@type":"SearchAction","target":{"@type":"EntryPoint","urlTemplate":"https:\/\/veritasinfo.org\/?s={search_term_string}"},"query-input":{"@type":"PropertyValueSpecification","valueRequired":true,"valueName":"search_term_string"}}],"inLanguage":"en-US"},{"@type":"Person","@id":"https:\/\/veritasinfo.org\/#\/schema\/person\/7701f8c088bece422266b100a712374f","name":"admin","image":{"@type":"ImageObject","inLanguage":"en-US","@id":"https:\/\/veritasinfo.org\/#\/schema\/person\/image\/","url":"https:\/\/secure.gravatar.com\/avatar\/ea53aa3bf6c9a12d5fde8ce4deff43fef3885ae33cf60184161a50d6987cfd2f?s=96&d=mm&r=g","contentUrl":"https:\/\/secure.gravatar.com\/avatar\/ea53aa3bf6c9a12d5fde8ce4deff43fef3885ae33cf60184161a50d6987cfd2f?s=96&d=mm&r=g","caption":"admin"},"sameAs":["https:\/\/veritasinfo.org"],"url":"https:\/\/veritasinfo.org\/?author=1"}]}},"featured_image_urls":{"full":["https:\/\/veritasinfo.org\/wp-content\/uploads\/2025\/06\/IMG_9992.jpeg",800,532,false],"thumbnail":["https:\/\/veritasinfo.org\/wp-content\/uploads\/2025\/06\/IMG_9992-150x150.jpeg",150,150,true],"medium":["https:\/\/veritasinfo.org\/wp-content\/uploads\/2025\/06\/IMG_9992-300x200.jpeg",300,200,true],"medium_large":["https:\/\/veritasinfo.org\/wp-content\/uploads\/2025\/06\/IMG_9992-768x511.jpeg",640,426,true],"large":["https:\/\/veritasinfo.org\/wp-content\/uploads\/2025\/06\/IMG_9992.jpeg",640,426,false],"1536x1536":["https:\/\/veritasinfo.org\/wp-content\/uploads\/2025\/06\/IMG_9992.jpeg",800,532,false],"2048x2048":["https:\/\/veritasinfo.org\/wp-content\/uploads\/2025\/06\/IMG_9992.jpeg",800,532,false],"kreeti-slider-full":["https:\/\/veritasinfo.org\/wp-content\/uploads\/2025\/06\/IMG_9992.jpeg",800,532,false],"kreeti-featured":["https:\/\/veritasinfo.org\/wp-content\/uploads\/2025\/06\/IMG_9992.jpeg",800,532,false],"kreeti-medium":["https:\/\/veritasinfo.org\/wp-content\/uploads\/2025\/06\/IMG_9992.jpeg",720,479,false],"kreeti-medium-square":["https:\/\/veritasinfo.org\/wp-content\/uploads\/2025\/06\/IMG_9992.jpeg",350,233,false]},"author_info":{"info":["admin"]},"category_info":"<a href=\"https:\/\/veritasinfo.org\/?cat=58\" rel=\"category\">Politik\u00eb<\/a>","tag_info":"Politik\u00eb","comment_count":"0","_links":{"self":[{"href":"https:\/\/veritasinfo.org\/index.php?rest_route=\/wp\/v2\/posts\/976","targetHints":{"allow":["GET"]}}],"collection":[{"href":"https:\/\/veritasinfo.org\/index.php?rest_route=\/wp\/v2\/posts"}],"about":[{"href":"https:\/\/veritasinfo.org\/index.php?rest_route=\/wp\/v2\/types\/post"}],"author":[{"embeddable":true,"href":"https:\/\/veritasinfo.org\/index.php?rest_route=\/wp\/v2\/users\/1"}],"replies":[{"embeddable":true,"href":"https:\/\/veritasinfo.org\/index.php?rest_route=%2Fwp%2Fv2%2Fcomments&post=976"}],"version-history":[{"count":1,"href":"https:\/\/veritasinfo.org\/index.php?rest_route=\/wp\/v2\/posts\/976\/revisions"}],"predecessor-version":[{"id":978,"href":"https:\/\/veritasinfo.org\/index.php?rest_route=\/wp\/v2\/posts\/976\/revisions\/978"}],"wp:featuredmedia":[{"embeddable":true,"href":"https:\/\/veritasinfo.org\/index.php?rest_route=\/wp\/v2\/media\/977"}],"wp:attachment":[{"href":"https:\/\/veritasinfo.org\/index.php?rest_route=%2Fwp%2Fv2%2Fmedia&parent=976"}],"wp:term":[{"taxonomy":"category","embeddable":true,"href":"https:\/\/veritasinfo.org\/index.php?rest_route=%2Fwp%2Fv2%2Fcategories&post=976"},{"taxonomy":"post_tag","embeddable":true,"href":"https:\/\/veritasinfo.org\/index.php?rest_route=%2Fwp%2Fv2%2Ftags&post=976"}],"curies":[{"name":"wp","href":"https:\/\/api.w.org\/{rel}","templated":true}]}}