{"id":9727,"date":"2025-08-28T07:50:49","date_gmt":"2025-08-28T05:50:49","guid":{"rendered":"https:\/\/veritasinfo.org\/?p=9727"},"modified":"2025-08-28T07:50:49","modified_gmt":"2025-08-28T05:50:49","slug":"vdes-veprimtari-kombetar-ilmi-ramadani","status":"publish","type":"post","link":"https:\/\/veritasinfo.org\/?p=9727","title":{"rendered":"Vdes veprimtari komb\u00ebtar, Ilmi Ramadani"},"content":{"rendered":"<p>Gjilan, 28 Gusht 2025<\/p>\n<p>\u00cbsht\u00eb ndar\u00eb nga jeta veprimtari komb\u00ebtar, Ilmi Ramadani.<\/p>\n<p>\u201cPartia Demokratike e Kosov\u00ebs, Dega n\u00eb Gjilan, me pik\u00ebllim t\u00eb thell\u00eb mori lajmin p\u00ebr ndarjen nga jeta t\u00eb veprimtarit t\u00eb \u00e7\u00ebshtjes komb\u00ebtare, bashk\u00ebveprimtarit t\u00eb Rexhep Mal\u00ebs dhe Nuhi Berish\u00ebs, Ilmi Ramadani\u201d, thuhet n\u00eb njoftimin e k\u00ebsaj dege n\u00eb Facebook.<\/p>\n<p>Ata e quajt\u00ebn Ramadanin atdhetar t\u00eb paepur dhe indelektual q\u00eb idealin p\u00ebr liri e mbajti mbi gjithcka.<\/p>\n<p>\u201cIlmi Ramadani do t\u00eb mbetet p\u00ebrher\u00eb n\u00eb kujtes\u00ebn ton\u00eb si njeri i p\u00ebrkushtuar, atdhetar i paepur dhe intelektual q\u00eb idealin p\u00ebr lirin\u00eb e vendit e mbajti mbi gjith\u00e7ka. Largimi i tij \u00ebsht\u00eb humbje e madhe p\u00ebr familjen, bashk\u00ebveprimtar\u00ebt dhe gjith\u00eb shoq\u00ebrin\u00eb\u201d.<\/p>\n<p>\u201cN\u00eb em\u00ebr t\u00eb Partis\u00eb Demokratike t\u00eb Kosov\u00ebs, Dega n\u00eb Gjilan, ju shprehim ngush\u00ebllimet m\u00eb t\u00eb sinqerta familjes Ramadani, miqve dhe t\u00eb gjith\u00eb t\u00eb af\u00ebrmve\u201d.<\/p>\n<p>\u201cLavdi jet\u00ebs dhe vepr\u00ebs s\u00eb Ilmi Ramadanit!\u2019<\/p>\n<p>&nbsp;<\/p>\n<p>&nbsp;<\/p>\n","protected":false},"excerpt":{"rendered":"<p>Gjilan, 28 Gusht 2025 \u00cbsht\u00eb ndar\u00eb nga jeta veprimtari komb\u00ebtar, Ilmi Ramadani. \u201cPartia Demokratike e Kosov\u00ebs, Dega n\u00eb Gjilan, me pik\u00ebllim t\u00eb thell\u00eb mori lajmin<\/p>\n","protected":false},"author":1,"featured_media":9728,"comment_status":"open","ping_status":"open","sticky":false,"template":"","format":"standard","meta":{"footnotes":""},"categories":[60],"tags":[],"class_list":["post-9727","post","type-post","status-publish","format-standard","has-post-thumbnail","hentry","category-shoqerore-sq"],"yoast_head":"<!-- This site is optimized with the Yoast SEO plugin v25.3.1 - https:\/\/yoast.com\/wordpress\/plugins\/seo\/ -->\n<title>Vdes veprimtari komb\u00ebtar, Ilmi Ramadani -<\/title>\n<meta name=\"robots\" content=\"index, follow, max-snippet:-1, max-image-preview:large, max-video-preview:-1\" \/>\n<link rel=\"canonical\" href=\"https:\/\/veritasinfo.org\/?p=9727\" \/>\n<meta property=\"og:locale\" content=\"en_US\" \/>\n<meta property=\"og:type\" content=\"article\" \/>\n<meta property=\"og:title\" content=\"Vdes veprimtari komb\u00ebtar, Ilmi Ramadani -\" \/>\n<meta property=\"og:description\" content=\"Gjilan, 28 Gusht 2025 \u00cbsht\u00eb ndar\u00eb nga jeta veprimtari komb\u00ebtar, Ilmi Ramadani. \u201cPartia Demokratike e Kosov\u00ebs, Dega n\u00eb Gjilan, me pik\u00ebllim t\u00eb thell\u00eb mori lajmin\" \/>\n<meta property=\"og:url\" content=\"https:\/\/veritasinfo.org\/?p=9727\" \/>\n<meta property=\"article:published_time\" content=\"2025-08-28T05:50:49+00:00\" \/>\n<meta property=\"og:image\" content=\"https:\/\/veritasinfo.org\/wp-content\/uploads\/2025\/08\/IMG_3469.jpeg\" \/>\n\t<meta property=\"og:image:width\" content=\"900\" \/>\n\t<meta property=\"og:image:height\" content=\"681\" \/>\n\t<meta property=\"og:image:type\" content=\"image\/jpeg\" \/>\n<meta name=\"author\" content=\"admin\" \/>\n<meta name=\"twitter:card\" content=\"summary_large_image\" \/>\n<meta name=\"twitter:label1\" content=\"Written by\" \/>\n\t<meta name=\"twitter:data1\" content=\"admin\" \/>\n\t<meta name=\"twitter:label2\" content=\"Est. reading time\" \/>\n\t<meta name=\"twitter:data2\" content=\"1 minute\" \/>\n<script type=\"application\/ld+json\" class=\"yoast-schema-graph\">{\"@context\":\"https:\/\/schema.org\",\"@graph\":[{\"@type\":\"WebPage\",\"@id\":\"https:\/\/veritasinfo.org\/?p=9727\",\"url\":\"https:\/\/veritasinfo.org\/?p=9727\",\"name\":\"Vdes veprimtari komb\u00ebtar, Ilmi Ramadani -\",\"isPartOf\":{\"@id\":\"https:\/\/veritasinfo.org\/#website\"},\"primaryImageOfPage\":{\"@id\":\"https:\/\/veritasinfo.org\/?p=9727#primaryimage\"},\"image\":{\"@id\":\"https:\/\/veritasinfo.org\/?p=9727#primaryimage\"},\"thumbnailUrl\":\"https:\/\/veritasinfo.org\/wp-content\/uploads\/2025\/08\/IMG_3469.jpeg\",\"datePublished\":\"2025-08-28T05:50:49+00:00\",\"author\":{\"@id\":\"https:\/\/veritasinfo.org\/#\/schema\/person\/7701f8c088bece422266b100a712374f\"},\"breadcrumb\":{\"@id\":\"https:\/\/veritasinfo.org\/?p=9727#breadcrumb\"},\"inLanguage\":\"en-US\",\"potentialAction\":[{\"@type\":\"ReadAction\",\"target\":[\"https:\/\/veritasinfo.org\/?p=9727\"]}]},{\"@type\":\"ImageObject\",\"inLanguage\":\"en-US\",\"@id\":\"https:\/\/veritasinfo.org\/?p=9727#primaryimage\",\"url\":\"https:\/\/veritasinfo.org\/wp-content\/uploads\/2025\/08\/IMG_3469.jpeg\",\"contentUrl\":\"https:\/\/veritasinfo.org\/wp-content\/uploads\/2025\/08\/IMG_3469.jpeg\",\"width\":900,\"height\":681},{\"@type\":\"BreadcrumbList\",\"@id\":\"https:\/\/veritasinfo.org\/?p=9727#breadcrumb\",\"itemListElement\":[{\"@type\":\"ListItem\",\"position\":1,\"name\":\"Home\",\"item\":\"https:\/\/veritasinfo.org\/\"},{\"@type\":\"ListItem\",\"position\":2,\"name\":\"Vdes veprimtari komb\u00ebtar, Ilmi Ramadani\"}]},{\"@type\":\"WebSite\",\"@id\":\"https:\/\/veritasinfo.org\/#website\",\"url\":\"https:\/\/veritasinfo.org\/\",\"name\":\"\",\"description\":\"\",\"potentialAction\":[{\"@type\":\"SearchAction\",\"target\":{\"@type\":\"EntryPoint\",\"urlTemplate\":\"https:\/\/veritasinfo.org\/?s={search_term_string}\"},\"query-input\":{\"@type\":\"PropertyValueSpecification\",\"valueRequired\":true,\"valueName\":\"search_term_string\"}}],\"inLanguage\":\"en-US\"},{\"@type\":\"Person\",\"@id\":\"https:\/\/veritasinfo.org\/#\/schema\/person\/7701f8c088bece422266b100a712374f\",\"name\":\"admin\",\"image\":{\"@type\":\"ImageObject\",\"inLanguage\":\"en-US\",\"@id\":\"https:\/\/veritasinfo.org\/#\/schema\/person\/image\/\",\"url\":\"https:\/\/secure.gravatar.com\/avatar\/ea53aa3bf6c9a12d5fde8ce4deff43fef3885ae33cf60184161a50d6987cfd2f?s=96&d=mm&r=g\",\"contentUrl\":\"https:\/\/secure.gravatar.com\/avatar\/ea53aa3bf6c9a12d5fde8ce4deff43fef3885ae33cf60184161a50d6987cfd2f?s=96&d=mm&r=g\",\"caption\":\"admin\"},\"sameAs\":[\"https:\/\/veritasinfo.org\"],\"url\":\"https:\/\/veritasinfo.org\/?author=1\"}]}<\/script>\n<!-- \/ Yoast SEO plugin. -->","yoast_head_json":{"title":"Vdes veprimtari komb\u00ebtar, Ilmi Ramadani -","robots":{"index":"index","follow":"follow","max-snippet":"max-snippet:-1","max-image-preview":"max-image-preview:large","max-video-preview":"max-video-preview:-1"},"canonical":"https:\/\/veritasinfo.org\/?p=9727","og_locale":"en_US","og_type":"article","og_title":"Vdes veprimtari komb\u00ebtar, Ilmi Ramadani -","og_description":"Gjilan, 28 Gusht 2025 \u00cbsht\u00eb ndar\u00eb nga jeta veprimtari komb\u00ebtar, Ilmi Ramadani. \u201cPartia Demokratike e Kosov\u00ebs, Dega n\u00eb Gjilan, me pik\u00ebllim t\u00eb thell\u00eb mori lajmin","og_url":"https:\/\/veritasinfo.org\/?p=9727","article_published_time":"2025-08-28T05:50:49+00:00","og_image":[{"width":900,"height":681,"url":"https:\/\/veritasinfo.org\/wp-content\/uploads\/2025\/08\/IMG_3469.jpeg","type":"image\/jpeg"}],"author":"admin","twitter_card":"summary_large_image","twitter_misc":{"Written by":"admin","Est. reading time":"1 minute"},"schema":{"@context":"https:\/\/schema.org","@graph":[{"@type":"WebPage","@id":"https:\/\/veritasinfo.org\/?p=9727","url":"https:\/\/veritasinfo.org\/?p=9727","name":"Vdes veprimtari komb\u00ebtar, Ilmi Ramadani -","isPartOf":{"@id":"https:\/\/veritasinfo.org\/#website"},"primaryImageOfPage":{"@id":"https:\/\/veritasinfo.org\/?p=9727#primaryimage"},"image":{"@id":"https:\/\/veritasinfo.org\/?p=9727#primaryimage"},"thumbnailUrl":"https:\/\/veritasinfo.org\/wp-content\/uploads\/2025\/08\/IMG_3469.jpeg","datePublished":"2025-08-28T05:50:49+00:00","author":{"@id":"https:\/\/veritasinfo.org\/#\/schema\/person\/7701f8c088bece422266b100a712374f"},"breadcrumb":{"@id":"https:\/\/veritasinfo.org\/?p=9727#breadcrumb"},"inLanguage":"en-US","potentialAction":[{"@type":"ReadAction","target":["https:\/\/veritasinfo.org\/?p=9727"]}]},{"@type":"ImageObject","inLanguage":"en-US","@id":"https:\/\/veritasinfo.org\/?p=9727#primaryimage","url":"https:\/\/veritasinfo.org\/wp-content\/uploads\/2025\/08\/IMG_3469.jpeg","contentUrl":"https:\/\/veritasinfo.org\/wp-content\/uploads\/2025\/08\/IMG_3469.jpeg","width":900,"height":681},{"@type":"BreadcrumbList","@id":"https:\/\/veritasinfo.org\/?p=9727#breadcrumb","itemListElement":[{"@type":"ListItem","position":1,"name":"Home","item":"https:\/\/veritasinfo.org\/"},{"@type":"ListItem","position":2,"name":"Vdes veprimtari komb\u00ebtar, Ilmi Ramadani"}]},{"@type":"WebSite","@id":"https:\/\/veritasinfo.org\/#website","url":"https:\/\/veritasinfo.org\/","name":"","description":"","potentialAction":[{"@type":"SearchAction","target":{"@type":"EntryPoint","urlTemplate":"https:\/\/veritasinfo.org\/?s={search_term_string}"},"query-input":{"@type":"PropertyValueSpecification","valueRequired":true,"valueName":"search_term_string"}}],"inLanguage":"en-US"},{"@type":"Person","@id":"https:\/\/veritasinfo.org\/#\/schema\/person\/7701f8c088bece422266b100a712374f","name":"admin","image":{"@type":"ImageObject","inLanguage":"en-US","@id":"https:\/\/veritasinfo.org\/#\/schema\/person\/image\/","url":"https:\/\/secure.gravatar.com\/avatar\/ea53aa3bf6c9a12d5fde8ce4deff43fef3885ae33cf60184161a50d6987cfd2f?s=96&d=mm&r=g","contentUrl":"https:\/\/secure.gravatar.com\/avatar\/ea53aa3bf6c9a12d5fde8ce4deff43fef3885ae33cf60184161a50d6987cfd2f?s=96&d=mm&r=g","caption":"admin"},"sameAs":["https:\/\/veritasinfo.org"],"url":"https:\/\/veritasinfo.org\/?author=1"}]}},"featured_image_urls":{"full":["https:\/\/veritasinfo.org\/wp-content\/uploads\/2025\/08\/IMG_3469.jpeg",900,681,false],"thumbnail":["https:\/\/veritasinfo.org\/wp-content\/uploads\/2025\/08\/IMG_3469-150x150.jpeg",150,150,true],"medium":["https:\/\/veritasinfo.org\/wp-content\/uploads\/2025\/08\/IMG_3469-300x227.jpeg",300,227,true],"medium_large":["https:\/\/veritasinfo.org\/wp-content\/uploads\/2025\/08\/IMG_3469-768x581.jpeg",640,484,true],"large":["https:\/\/veritasinfo.org\/wp-content\/uploads\/2025\/08\/IMG_3469.jpeg",640,484,false],"1536x1536":["https:\/\/veritasinfo.org\/wp-content\/uploads\/2025\/08\/IMG_3469.jpeg",900,681,false],"2048x2048":["https:\/\/veritasinfo.org\/wp-content\/uploads\/2025\/08\/IMG_3469.jpeg",900,681,false],"kreeti-slider-full":["https:\/\/veritasinfo.org\/wp-content\/uploads\/2025\/08\/IMG_3469.jpeg",900,681,false],"kreeti-featured":["https:\/\/veritasinfo.org\/wp-content\/uploads\/2025\/08\/IMG_3469.jpeg",900,681,false],"kreeti-medium":["https:\/\/veritasinfo.org\/wp-content\/uploads\/2025\/08\/IMG_3469.jpeg",700,530,false],"kreeti-medium-square":["https:\/\/veritasinfo.org\/wp-content\/uploads\/2025\/08\/IMG_3469.jpeg",350,265,false]},"author_info":{"info":["admin"]},"category_info":"<a href=\"https:\/\/veritasinfo.org\/?cat=60\" rel=\"category\">Shoq\u00ebrore<\/a>","tag_info":"Shoq\u00ebrore","comment_count":"0","_links":{"self":[{"href":"https:\/\/veritasinfo.org\/index.php?rest_route=\/wp\/v2\/posts\/9727","targetHints":{"allow":["GET"]}}],"collection":[{"href":"https:\/\/veritasinfo.org\/index.php?rest_route=\/wp\/v2\/posts"}],"about":[{"href":"https:\/\/veritasinfo.org\/index.php?rest_route=\/wp\/v2\/types\/post"}],"author":[{"embeddable":true,"href":"https:\/\/veritasinfo.org\/index.php?rest_route=\/wp\/v2\/users\/1"}],"replies":[{"embeddable":true,"href":"https:\/\/veritasinfo.org\/index.php?rest_route=%2Fwp%2Fv2%2Fcomments&post=9727"}],"version-history":[{"count":1,"href":"https:\/\/veritasinfo.org\/index.php?rest_route=\/wp\/v2\/posts\/9727\/revisions"}],"predecessor-version":[{"id":9729,"href":"https:\/\/veritasinfo.org\/index.php?rest_route=\/wp\/v2\/posts\/9727\/revisions\/9729"}],"wp:featuredmedia":[{"embeddable":true,"href":"https:\/\/veritasinfo.org\/index.php?rest_route=\/wp\/v2\/media\/9728"}],"wp:attachment":[{"href":"https:\/\/veritasinfo.org\/index.php?rest_route=%2Fwp%2Fv2%2Fmedia&parent=9727"}],"wp:term":[{"taxonomy":"category","embeddable":true,"href":"https:\/\/veritasinfo.org\/index.php?rest_route=%2Fwp%2Fv2%2Fcategories&post=9727"},{"taxonomy":"post_tag","embeddable":true,"href":"https:\/\/veritasinfo.org\/index.php?rest_route=%2Fwp%2Fv2%2Ftags&post=9727"}],"curies":[{"name":"wp","href":"https:\/\/api.w.org\/{rel}","templated":true}]}}