{"id":9696,"date":"2025-08-27T20:02:16","date_gmt":"2025-08-27T18:02:16","guid":{"rendered":"https:\/\/veritasinfo.org\/?p=9696"},"modified":"2025-08-27T20:02:16","modified_gmt":"2025-08-27T18:02:16","slug":"ferizaj-vdes-nje-58-vjecar-pasi-dyshohet-se-ra-ne-hapesiren-e-ashensorit","status":"publish","type":"post","link":"https:\/\/veritasinfo.org\/?p=9696","title":{"rendered":"Ferizaj: Vdes nj\u00eb 58-vje\u00e7ar pasi dyshohet se ra n\u00eb hap\u00ebsir\u00ebn e ashensorit"},"content":{"rendered":"<p>27 gusht, 2025<\/p>\n<p>Nj\u00eb ngjarje tragjike ka ndodhur sot n\u00eb Ferizaj, ku nj\u00eb 58-vje\u00e7ar ka humbur jet\u00ebn pasi dyshohet se ka r\u00ebn\u00eb n\u00eb hap\u00ebsir\u00ebn e ashensorit t\u00eb nj\u00eb nd\u00ebrtese banimi n\u00eb rrug\u00ebn \u201cSadik Bega\u201d.<\/p>\n<p>Policia e Kosov\u00ebs ka b\u00ebr\u00eb t\u00eb ditur se rasti \u00ebsht\u00eb raportuar pas or\u00ebs 09:00 t\u00eb m\u00ebngjesit t\u00eb s\u00eb m\u00ebrkur\u00ebs. Sipas z\u00ebdh\u00ebn\u00ebsit t\u00eb policis\u00eb p\u00ebr rajonin e Ferizajt, Kanun Veseli, n\u00eb vendngjarje kan\u00eb dal\u00eb ekipet policore, zjarrfik\u00ebsit dhe ekipi mjek\u00ebsor, t\u00eb cil\u00ebt kan\u00eb konstatuar se viktima ishte pa shenja jete.<\/p>\n<p>\u201cPersoni i vdekur \u00ebsht\u00eb nj\u00eb mashkull kosovar, 58 vje\u00e7. N\u00eb vendngjarje kan\u00eb dal\u00eb edhe nj\u00ebsit\u00eb e hetimeve t\u00eb stacionit policor n\u00eb Ferizaj si dhe ato t\u00eb Sektorit Rajonal. Me vendim t\u00eb prokurorit t\u00eb shtetit, trupi i pajet\u00eb \u00ebsht\u00eb d\u00ebrguar n\u00eb Institutin e Mjek\u00ebsis\u00eb Ligjore n\u00eb Prishtin\u00eb p\u00ebr obduksion\u201d, ka deklaruar Veseli.<\/p>\n<p>Hetimet lidhur me rastin jan\u00eb duke vazhduar.<\/p>\n","protected":false},"excerpt":{"rendered":"<p>27 gusht, 2025 Nj\u00eb ngjarje tragjike ka ndodhur sot n\u00eb Ferizaj, ku nj\u00eb 58-vje\u00e7ar ka humbur jet\u00ebn pasi dyshohet se ka r\u00ebn\u00eb n\u00eb hap\u00ebsir\u00ebn e<\/p>\n","protected":false},"author":1,"featured_media":9697,"comment_status":"open","ping_status":"open","sticky":false,"template":"","format":"standard","meta":{"footnotes":""},"categories":[60],"tags":[],"class_list":["post-9696","post","type-post","status-publish","format-standard","has-post-thumbnail","hentry","category-shoqerore-sq"],"yoast_head":"<!-- This site is optimized with the Yoast SEO plugin v25.3.1 - https:\/\/yoast.com\/wordpress\/plugins\/seo\/ -->\n<title>Ferizaj: Vdes nj\u00eb 58-vje\u00e7ar pasi dyshohet se ra n\u00eb hap\u00ebsir\u00ebn e ashensorit -<\/title>\n<meta name=\"robots\" content=\"index, follow, max-snippet:-1, max-image-preview:large, max-video-preview:-1\" \/>\n<link rel=\"canonical\" href=\"https:\/\/veritasinfo.org\/?p=9696\" \/>\n<meta property=\"og:locale\" content=\"en_US\" \/>\n<meta property=\"og:type\" content=\"article\" \/>\n<meta property=\"og:title\" content=\"Ferizaj: Vdes nj\u00eb 58-vje\u00e7ar pasi dyshohet se ra n\u00eb hap\u00ebsir\u00ebn e ashensorit -\" \/>\n<meta property=\"og:description\" content=\"27 gusht, 2025 Nj\u00eb ngjarje tragjike ka ndodhur sot n\u00eb Ferizaj, ku nj\u00eb 58-vje\u00e7ar ka humbur jet\u00ebn pasi dyshohet se ka r\u00ebn\u00eb n\u00eb hap\u00ebsir\u00ebn e\" \/>\n<meta property=\"og:url\" content=\"https:\/\/veritasinfo.org\/?p=9696\" \/>\n<meta property=\"article:published_time\" content=\"2025-08-27T18:02:16+00:00\" \/>\n<meta property=\"og:image\" content=\"https:\/\/veritasinfo.org\/wp-content\/uploads\/2025\/08\/871098.webp\" \/>\n\t<meta property=\"og:image:width\" content=\"608\" \/>\n\t<meta property=\"og:image:height\" content=\"352\" \/>\n\t<meta property=\"og:image:type\" content=\"image\/webp\" \/>\n<meta name=\"author\" content=\"admin\" \/>\n<meta name=\"twitter:card\" content=\"summary_large_image\" \/>\n<meta name=\"twitter:label1\" content=\"Written by\" \/>\n\t<meta name=\"twitter:data1\" content=\"admin\" \/>\n\t<meta name=\"twitter:label2\" content=\"Est. reading time\" \/>\n\t<meta name=\"twitter:data2\" content=\"1 minute\" \/>\n<script type=\"application\/ld+json\" class=\"yoast-schema-graph\">{\"@context\":\"https:\/\/schema.org\",\"@graph\":[{\"@type\":\"WebPage\",\"@id\":\"https:\/\/veritasinfo.org\/?p=9696\",\"url\":\"https:\/\/veritasinfo.org\/?p=9696\",\"name\":\"Ferizaj: Vdes nj\u00eb 58-vje\u00e7ar pasi dyshohet se ra n\u00eb hap\u00ebsir\u00ebn e ashensorit -\",\"isPartOf\":{\"@id\":\"https:\/\/veritasinfo.org\/#website\"},\"primaryImageOfPage\":{\"@id\":\"https:\/\/veritasinfo.org\/?p=9696#primaryimage\"},\"image\":{\"@id\":\"https:\/\/veritasinfo.org\/?p=9696#primaryimage\"},\"thumbnailUrl\":\"https:\/\/veritasinfo.org\/wp-content\/uploads\/2025\/08\/871098.webp\",\"datePublished\":\"2025-08-27T18:02:16+00:00\",\"author\":{\"@id\":\"https:\/\/veritasinfo.org\/#\/schema\/person\/7701f8c088bece422266b100a712374f\"},\"breadcrumb\":{\"@id\":\"https:\/\/veritasinfo.org\/?p=9696#breadcrumb\"},\"inLanguage\":\"en-US\",\"potentialAction\":[{\"@type\":\"ReadAction\",\"target\":[\"https:\/\/veritasinfo.org\/?p=9696\"]}]},{\"@type\":\"ImageObject\",\"inLanguage\":\"en-US\",\"@id\":\"https:\/\/veritasinfo.org\/?p=9696#primaryimage\",\"url\":\"https:\/\/veritasinfo.org\/wp-content\/uploads\/2025\/08\/871098.webp\",\"contentUrl\":\"https:\/\/veritasinfo.org\/wp-content\/uploads\/2025\/08\/871098.webp\",\"width\":608,\"height\":352},{\"@type\":\"BreadcrumbList\",\"@id\":\"https:\/\/veritasinfo.org\/?p=9696#breadcrumb\",\"itemListElement\":[{\"@type\":\"ListItem\",\"position\":1,\"name\":\"Home\",\"item\":\"https:\/\/veritasinfo.org\/\"},{\"@type\":\"ListItem\",\"position\":2,\"name\":\"Ferizaj: Vdes nj\u00eb 58-vje\u00e7ar pasi dyshohet se ra n\u00eb hap\u00ebsir\u00ebn e ashensorit\"}]},{\"@type\":\"WebSite\",\"@id\":\"https:\/\/veritasinfo.org\/#website\",\"url\":\"https:\/\/veritasinfo.org\/\",\"name\":\"\",\"description\":\"\",\"potentialAction\":[{\"@type\":\"SearchAction\",\"target\":{\"@type\":\"EntryPoint\",\"urlTemplate\":\"https:\/\/veritasinfo.org\/?s={search_term_string}\"},\"query-input\":{\"@type\":\"PropertyValueSpecification\",\"valueRequired\":true,\"valueName\":\"search_term_string\"}}],\"inLanguage\":\"en-US\"},{\"@type\":\"Person\",\"@id\":\"https:\/\/veritasinfo.org\/#\/schema\/person\/7701f8c088bece422266b100a712374f\",\"name\":\"admin\",\"image\":{\"@type\":\"ImageObject\",\"inLanguage\":\"en-US\",\"@id\":\"https:\/\/veritasinfo.org\/#\/schema\/person\/image\/\",\"url\":\"https:\/\/secure.gravatar.com\/avatar\/ea53aa3bf6c9a12d5fde8ce4deff43fef3885ae33cf60184161a50d6987cfd2f?s=96&d=mm&r=g\",\"contentUrl\":\"https:\/\/secure.gravatar.com\/avatar\/ea53aa3bf6c9a12d5fde8ce4deff43fef3885ae33cf60184161a50d6987cfd2f?s=96&d=mm&r=g\",\"caption\":\"admin\"},\"sameAs\":[\"https:\/\/veritasinfo.org\"],\"url\":\"https:\/\/veritasinfo.org\/?author=1\"}]}<\/script>\n<!-- \/ Yoast SEO plugin. -->","yoast_head_json":{"title":"Ferizaj: Vdes nj\u00eb 58-vje\u00e7ar pasi dyshohet se ra n\u00eb hap\u00ebsir\u00ebn e ashensorit -","robots":{"index":"index","follow":"follow","max-snippet":"max-snippet:-1","max-image-preview":"max-image-preview:large","max-video-preview":"max-video-preview:-1"},"canonical":"https:\/\/veritasinfo.org\/?p=9696","og_locale":"en_US","og_type":"article","og_title":"Ferizaj: Vdes nj\u00eb 58-vje\u00e7ar pasi dyshohet se ra n\u00eb hap\u00ebsir\u00ebn e ashensorit -","og_description":"27 gusht, 2025 Nj\u00eb ngjarje tragjike ka ndodhur sot n\u00eb Ferizaj, ku nj\u00eb 58-vje\u00e7ar ka humbur jet\u00ebn pasi dyshohet se ka r\u00ebn\u00eb n\u00eb hap\u00ebsir\u00ebn e","og_url":"https:\/\/veritasinfo.org\/?p=9696","article_published_time":"2025-08-27T18:02:16+00:00","og_image":[{"width":608,"height":352,"url":"https:\/\/veritasinfo.org\/wp-content\/uploads\/2025\/08\/871098.webp","type":"image\/webp"}],"author":"admin","twitter_card":"summary_large_image","twitter_misc":{"Written by":"admin","Est. reading time":"1 minute"},"schema":{"@context":"https:\/\/schema.org","@graph":[{"@type":"WebPage","@id":"https:\/\/veritasinfo.org\/?p=9696","url":"https:\/\/veritasinfo.org\/?p=9696","name":"Ferizaj: Vdes nj\u00eb 58-vje\u00e7ar pasi dyshohet se ra n\u00eb hap\u00ebsir\u00ebn e ashensorit -","isPartOf":{"@id":"https:\/\/veritasinfo.org\/#website"},"primaryImageOfPage":{"@id":"https:\/\/veritasinfo.org\/?p=9696#primaryimage"},"image":{"@id":"https:\/\/veritasinfo.org\/?p=9696#primaryimage"},"thumbnailUrl":"https:\/\/veritasinfo.org\/wp-content\/uploads\/2025\/08\/871098.webp","datePublished":"2025-08-27T18:02:16+00:00","author":{"@id":"https:\/\/veritasinfo.org\/#\/schema\/person\/7701f8c088bece422266b100a712374f"},"breadcrumb":{"@id":"https:\/\/veritasinfo.org\/?p=9696#breadcrumb"},"inLanguage":"en-US","potentialAction":[{"@type":"ReadAction","target":["https:\/\/veritasinfo.org\/?p=9696"]}]},{"@type":"ImageObject","inLanguage":"en-US","@id":"https:\/\/veritasinfo.org\/?p=9696#primaryimage","url":"https:\/\/veritasinfo.org\/wp-content\/uploads\/2025\/08\/871098.webp","contentUrl":"https:\/\/veritasinfo.org\/wp-content\/uploads\/2025\/08\/871098.webp","width":608,"height":352},{"@type":"BreadcrumbList","@id":"https:\/\/veritasinfo.org\/?p=9696#breadcrumb","itemListElement":[{"@type":"ListItem","position":1,"name":"Home","item":"https:\/\/veritasinfo.org\/"},{"@type":"ListItem","position":2,"name":"Ferizaj: Vdes nj\u00eb 58-vje\u00e7ar pasi dyshohet se ra n\u00eb hap\u00ebsir\u00ebn e ashensorit"}]},{"@type":"WebSite","@id":"https:\/\/veritasinfo.org\/#website","url":"https:\/\/veritasinfo.org\/","name":"","description":"","potentialAction":[{"@type":"SearchAction","target":{"@type":"EntryPoint","urlTemplate":"https:\/\/veritasinfo.org\/?s={search_term_string}"},"query-input":{"@type":"PropertyValueSpecification","valueRequired":true,"valueName":"search_term_string"}}],"inLanguage":"en-US"},{"@type":"Person","@id":"https:\/\/veritasinfo.org\/#\/schema\/person\/7701f8c088bece422266b100a712374f","name":"admin","image":{"@type":"ImageObject","inLanguage":"en-US","@id":"https:\/\/veritasinfo.org\/#\/schema\/person\/image\/","url":"https:\/\/secure.gravatar.com\/avatar\/ea53aa3bf6c9a12d5fde8ce4deff43fef3885ae33cf60184161a50d6987cfd2f?s=96&d=mm&r=g","contentUrl":"https:\/\/secure.gravatar.com\/avatar\/ea53aa3bf6c9a12d5fde8ce4deff43fef3885ae33cf60184161a50d6987cfd2f?s=96&d=mm&r=g","caption":"admin"},"sameAs":["https:\/\/veritasinfo.org"],"url":"https:\/\/veritasinfo.org\/?author=1"}]}},"featured_image_urls":{"full":["https:\/\/veritasinfo.org\/wp-content\/uploads\/2025\/08\/871098.webp",608,352,false],"thumbnail":["https:\/\/veritasinfo.org\/wp-content\/uploads\/2025\/08\/871098-150x150.webp",150,150,true],"medium":["https:\/\/veritasinfo.org\/wp-content\/uploads\/2025\/08\/871098-300x174.webp",300,174,true],"medium_large":["https:\/\/veritasinfo.org\/wp-content\/uploads\/2025\/08\/871098.webp",608,352,false],"large":["https:\/\/veritasinfo.org\/wp-content\/uploads\/2025\/08\/871098.webp",608,352,false],"1536x1536":["https:\/\/veritasinfo.org\/wp-content\/uploads\/2025\/08\/871098.webp",608,352,false],"2048x2048":["https:\/\/veritasinfo.org\/wp-content\/uploads\/2025\/08\/871098.webp",608,352,false],"kreeti-slider-full":["https:\/\/veritasinfo.org\/wp-content\/uploads\/2025\/08\/871098.webp",608,352,false],"kreeti-featured":["https:\/\/veritasinfo.org\/wp-content\/uploads\/2025\/08\/871098.webp",608,352,false],"kreeti-medium":["https:\/\/veritasinfo.org\/wp-content\/uploads\/2025\/08\/871098.webp",608,352,false],"kreeti-medium-square":["https:\/\/veritasinfo.org\/wp-content\/uploads\/2025\/08\/871098.webp",350,203,false]},"author_info":{"info":["admin"]},"category_info":"<a href=\"https:\/\/veritasinfo.org\/?cat=60\" rel=\"category\">Shoq\u00ebrore<\/a>","tag_info":"Shoq\u00ebrore","comment_count":"0","_links":{"self":[{"href":"https:\/\/veritasinfo.org\/index.php?rest_route=\/wp\/v2\/posts\/9696","targetHints":{"allow":["GET"]}}],"collection":[{"href":"https:\/\/veritasinfo.org\/index.php?rest_route=\/wp\/v2\/posts"}],"about":[{"href":"https:\/\/veritasinfo.org\/index.php?rest_route=\/wp\/v2\/types\/post"}],"author":[{"embeddable":true,"href":"https:\/\/veritasinfo.org\/index.php?rest_route=\/wp\/v2\/users\/1"}],"replies":[{"embeddable":true,"href":"https:\/\/veritasinfo.org\/index.php?rest_route=%2Fwp%2Fv2%2Fcomments&post=9696"}],"version-history":[{"count":1,"href":"https:\/\/veritasinfo.org\/index.php?rest_route=\/wp\/v2\/posts\/9696\/revisions"}],"predecessor-version":[{"id":9698,"href":"https:\/\/veritasinfo.org\/index.php?rest_route=\/wp\/v2\/posts\/9696\/revisions\/9698"}],"wp:featuredmedia":[{"embeddable":true,"href":"https:\/\/veritasinfo.org\/index.php?rest_route=\/wp\/v2\/media\/9697"}],"wp:attachment":[{"href":"https:\/\/veritasinfo.org\/index.php?rest_route=%2Fwp%2Fv2%2Fmedia&parent=9696"}],"wp:term":[{"taxonomy":"category","embeddable":true,"href":"https:\/\/veritasinfo.org\/index.php?rest_route=%2Fwp%2Fv2%2Fcategories&post=9696"},{"taxonomy":"post_tag","embeddable":true,"href":"https:\/\/veritasinfo.org\/index.php?rest_route=%2Fwp%2Fv2%2Ftags&post=9696"}],"curies":[{"name":"wp","href":"https:\/\/api.w.org\/{rel}","templated":true}]}}