{"id":9691,"date":"2025-08-27T18:35:54","date_gmt":"2025-08-27T16:35:54","guid":{"rendered":"https:\/\/veritasinfo.org\/?p=9691"},"modified":"2025-08-27T18:35:54","modified_gmt":"2025-08-27T16:35:54","slug":"osmani-perfaqesuesit-francez-radoiciqi-pengonte-normalitetin-jo-urat","status":"publish","type":"post","link":"https:\/\/veritasinfo.org\/?p=9691","title":{"rendered":"Osmani p\u00ebrfaq\u00ebsuesit francez: Radoi\u00e7iqi pengonte normalitetin, jo urat"},"content":{"rendered":"<p>27 gusht, 2025<\/p>\n<p>Presidentja e Kosov\u00ebs, Vjosa Osmani, ka deklaruar se veprimtaria kriminale e Milan Radoi\u00e7iqit dhe grupeve ilegale n\u00eb veri kan\u00eb qen\u00eb pengesa kryesore p\u00ebr normalitetin dhe l\u00ebvizjen e lir\u00eb t\u00eb qytetar\u00ebve, e jo urat mbi lumin Ib\u00ebr.<\/p>\n<p>Gjat\u00eb takimit me t\u00eb d\u00ebrguarin e posa\u00e7\u00ebm t\u00eb Franc\u00ebs p\u00ebr Ballkanin Per\u00ebndimor, ambasadorin Rene Troccaz, Osmani tha se mir\u00ebpret hapjen e urave t\u00eb reja n\u00eb Mitrovic\u00eb, duke theksuar se mbyllja e ur\u00ebs kryesore m\u00eb 1999 nuk ishte p\u00ebr arsye sigurie, por si rezultat i vendimeve t\u00eb d\u00ebmshme politike. Ajo shtoi se \u00ebsht\u00eb p\u00ebr keqardhje q\u00eb kjo ur\u00eb mbetet e mbyllur edhe pas nj\u00eb dekade nga marr\u00ebveshja e Brukselit.<\/p>\n<p>\u201c\u00cbsht\u00eb veprimtaria kriminale dhe destabilizuese e Radoi\u00e7iqit dhe grupeve kriminale n\u00eb veri q\u00eb pengonte normalitetin dhe l\u00ebvizjen e lir\u00eb, duke krijuar atmosfer\u00eb frike e tensioni, e jo urat,\u201d ka theksuar Osmani. Ajo n\u00ebnvizoi se k\u00ebto struktura ilegale jan\u00eb p\u00ebrgjegj\u00ebse p\u00ebr dhun\u00ebn dhe tensionet, dhe jo infrastruktura q\u00eb nd\u00ebrtohet p\u00ebr t\u00eb lidhur komunitetet.<\/p>\n<p>Presidentja gjithashtu i ka konsideruar t\u00eb padrejta masat kufizuese t\u00eb Bashkimit Evropian ndaj Kosov\u00ebs, duke th\u00ebn\u00eb se ato d\u00ebmtojn\u00eb mir\u00ebqenien e qytetar\u00ebve, proceset demokratike dhe kredibilitetin e dialogut t\u00eb udh\u00ebhequr nga BE-ja.<\/p>\n<p>N\u00eb takim u diskutuan gjithashtu zhvillimet politike n\u00eb Kosov\u00eb dhe siguria rajonale, ku Osmani p\u00ebrs\u00ebriti orientimin strategjik t\u00eb vendit drejt integrimit n\u00eb BE dhe NATO.<\/p>\n","protected":false},"excerpt":{"rendered":"<p>27 gusht, 2025 Presidentja e Kosov\u00ebs, Vjosa Osmani, ka deklaruar se veprimtaria kriminale e Milan Radoi\u00e7iqit dhe grupeve ilegale n\u00eb veri kan\u00eb qen\u00eb pengesa kryesore<\/p>\n","protected":false},"author":1,"featured_media":9692,"comment_status":"open","ping_status":"open","sticky":false,"template":"","format":"standard","meta":{"footnotes":""},"categories":[58],"tags":[],"class_list":["post-9691","post","type-post","status-publish","format-standard","has-post-thumbnail","hentry","category-politike-sq"],"yoast_head":"<!-- This site is optimized with the Yoast SEO plugin v25.3.1 - https:\/\/yoast.com\/wordpress\/plugins\/seo\/ -->\n<title>Osmani p\u00ebrfaq\u00ebsuesit francez: Radoi\u00e7iqi pengonte normalitetin, jo urat -<\/title>\n<meta name=\"robots\" content=\"index, follow, max-snippet:-1, max-image-preview:large, max-video-preview:-1\" \/>\n<link rel=\"canonical\" href=\"https:\/\/veritasinfo.org\/?p=9691\" \/>\n<meta property=\"og:locale\" content=\"en_US\" \/>\n<meta property=\"og:type\" content=\"article\" \/>\n<meta property=\"og:title\" content=\"Osmani p\u00ebrfaq\u00ebsuesit francez: Radoi\u00e7iqi pengonte normalitetin, jo urat -\" \/>\n<meta property=\"og:description\" content=\"27 gusht, 2025 Presidentja e Kosov\u00ebs, Vjosa Osmani, ka deklaruar se veprimtaria kriminale e Milan Radoi\u00e7iqit dhe grupeve ilegale n\u00eb veri kan\u00eb qen\u00eb pengesa kryesore\" \/>\n<meta property=\"og:url\" content=\"https:\/\/veritasinfo.org\/?p=9691\" \/>\n<meta property=\"article:published_time\" content=\"2025-08-27T16:35:54+00:00\" \/>\n<meta property=\"og:image\" content=\"https:\/\/veritasinfo.org\/wp-content\/uploads\/2025\/08\/451e4129-5cd5-4111-b0fc-19ac37475c96.webp\" \/>\n\t<meta property=\"og:image:width\" content=\"1360\" \/>\n\t<meta property=\"og:image:height\" content=\"870\" \/>\n\t<meta property=\"og:image:type\" content=\"image\/webp\" \/>\n<meta name=\"author\" content=\"admin\" \/>\n<meta name=\"twitter:card\" content=\"summary_large_image\" \/>\n<meta name=\"twitter:label1\" content=\"Written by\" \/>\n\t<meta name=\"twitter:data1\" content=\"admin\" \/>\n\t<meta name=\"twitter:label2\" content=\"Est. reading time\" \/>\n\t<meta name=\"twitter:data2\" content=\"2 minutes\" \/>\n<script type=\"application\/ld+json\" class=\"yoast-schema-graph\">{\"@context\":\"https:\/\/schema.org\",\"@graph\":[{\"@type\":\"WebPage\",\"@id\":\"https:\/\/veritasinfo.org\/?p=9691\",\"url\":\"https:\/\/veritasinfo.org\/?p=9691\",\"name\":\"Osmani p\u00ebrfaq\u00ebsuesit francez: Radoi\u00e7iqi pengonte normalitetin, jo urat -\",\"isPartOf\":{\"@id\":\"https:\/\/veritasinfo.org\/#website\"},\"primaryImageOfPage\":{\"@id\":\"https:\/\/veritasinfo.org\/?p=9691#primaryimage\"},\"image\":{\"@id\":\"https:\/\/veritasinfo.org\/?p=9691#primaryimage\"},\"thumbnailUrl\":\"https:\/\/veritasinfo.org\/wp-content\/uploads\/2025\/08\/451e4129-5cd5-4111-b0fc-19ac37475c96.webp\",\"datePublished\":\"2025-08-27T16:35:54+00:00\",\"author\":{\"@id\":\"https:\/\/veritasinfo.org\/#\/schema\/person\/7701f8c088bece422266b100a712374f\"},\"breadcrumb\":{\"@id\":\"https:\/\/veritasinfo.org\/?p=9691#breadcrumb\"},\"inLanguage\":\"en-US\",\"potentialAction\":[{\"@type\":\"ReadAction\",\"target\":[\"https:\/\/veritasinfo.org\/?p=9691\"]}]},{\"@type\":\"ImageObject\",\"inLanguage\":\"en-US\",\"@id\":\"https:\/\/veritasinfo.org\/?p=9691#primaryimage\",\"url\":\"https:\/\/veritasinfo.org\/wp-content\/uploads\/2025\/08\/451e4129-5cd5-4111-b0fc-19ac37475c96.webp\",\"contentUrl\":\"https:\/\/veritasinfo.org\/wp-content\/uploads\/2025\/08\/451e4129-5cd5-4111-b0fc-19ac37475c96.webp\",\"width\":1360,\"height\":870},{\"@type\":\"BreadcrumbList\",\"@id\":\"https:\/\/veritasinfo.org\/?p=9691#breadcrumb\",\"itemListElement\":[{\"@type\":\"ListItem\",\"position\":1,\"name\":\"Home\",\"item\":\"https:\/\/veritasinfo.org\/\"},{\"@type\":\"ListItem\",\"position\":2,\"name\":\"Osmani p\u00ebrfaq\u00ebsuesit francez: Radoi\u00e7iqi pengonte normalitetin, jo urat\"}]},{\"@type\":\"WebSite\",\"@id\":\"https:\/\/veritasinfo.org\/#website\",\"url\":\"https:\/\/veritasinfo.org\/\",\"name\":\"\",\"description\":\"\",\"potentialAction\":[{\"@type\":\"SearchAction\",\"target\":{\"@type\":\"EntryPoint\",\"urlTemplate\":\"https:\/\/veritasinfo.org\/?s={search_term_string}\"},\"query-input\":{\"@type\":\"PropertyValueSpecification\",\"valueRequired\":true,\"valueName\":\"search_term_string\"}}],\"inLanguage\":\"en-US\"},{\"@type\":\"Person\",\"@id\":\"https:\/\/veritasinfo.org\/#\/schema\/person\/7701f8c088bece422266b100a712374f\",\"name\":\"admin\",\"image\":{\"@type\":\"ImageObject\",\"inLanguage\":\"en-US\",\"@id\":\"https:\/\/veritasinfo.org\/#\/schema\/person\/image\/\",\"url\":\"https:\/\/secure.gravatar.com\/avatar\/ea53aa3bf6c9a12d5fde8ce4deff43fef3885ae33cf60184161a50d6987cfd2f?s=96&d=mm&r=g\",\"contentUrl\":\"https:\/\/secure.gravatar.com\/avatar\/ea53aa3bf6c9a12d5fde8ce4deff43fef3885ae33cf60184161a50d6987cfd2f?s=96&d=mm&r=g\",\"caption\":\"admin\"},\"sameAs\":[\"https:\/\/veritasinfo.org\"],\"url\":\"https:\/\/veritasinfo.org\/?author=1\"}]}<\/script>\n<!-- \/ Yoast SEO plugin. -->","yoast_head_json":{"title":"Osmani p\u00ebrfaq\u00ebsuesit francez: Radoi\u00e7iqi pengonte normalitetin, jo urat -","robots":{"index":"index","follow":"follow","max-snippet":"max-snippet:-1","max-image-preview":"max-image-preview:large","max-video-preview":"max-video-preview:-1"},"canonical":"https:\/\/veritasinfo.org\/?p=9691","og_locale":"en_US","og_type":"article","og_title":"Osmani p\u00ebrfaq\u00ebsuesit francez: Radoi\u00e7iqi pengonte normalitetin, jo urat -","og_description":"27 gusht, 2025 Presidentja e Kosov\u00ebs, Vjosa Osmani, ka deklaruar se veprimtaria kriminale e Milan Radoi\u00e7iqit dhe grupeve ilegale n\u00eb veri kan\u00eb qen\u00eb pengesa kryesore","og_url":"https:\/\/veritasinfo.org\/?p=9691","article_published_time":"2025-08-27T16:35:54+00:00","og_image":[{"width":1360,"height":870,"url":"https:\/\/veritasinfo.org\/wp-content\/uploads\/2025\/08\/451e4129-5cd5-4111-b0fc-19ac37475c96.webp","type":"image\/webp"}],"author":"admin","twitter_card":"summary_large_image","twitter_misc":{"Written by":"admin","Est. reading time":"2 minutes"},"schema":{"@context":"https:\/\/schema.org","@graph":[{"@type":"WebPage","@id":"https:\/\/veritasinfo.org\/?p=9691","url":"https:\/\/veritasinfo.org\/?p=9691","name":"Osmani p\u00ebrfaq\u00ebsuesit francez: Radoi\u00e7iqi pengonte normalitetin, jo urat -","isPartOf":{"@id":"https:\/\/veritasinfo.org\/#website"},"primaryImageOfPage":{"@id":"https:\/\/veritasinfo.org\/?p=9691#primaryimage"},"image":{"@id":"https:\/\/veritasinfo.org\/?p=9691#primaryimage"},"thumbnailUrl":"https:\/\/veritasinfo.org\/wp-content\/uploads\/2025\/08\/451e4129-5cd5-4111-b0fc-19ac37475c96.webp","datePublished":"2025-08-27T16:35:54+00:00","author":{"@id":"https:\/\/veritasinfo.org\/#\/schema\/person\/7701f8c088bece422266b100a712374f"},"breadcrumb":{"@id":"https:\/\/veritasinfo.org\/?p=9691#breadcrumb"},"inLanguage":"en-US","potentialAction":[{"@type":"ReadAction","target":["https:\/\/veritasinfo.org\/?p=9691"]}]},{"@type":"ImageObject","inLanguage":"en-US","@id":"https:\/\/veritasinfo.org\/?p=9691#primaryimage","url":"https:\/\/veritasinfo.org\/wp-content\/uploads\/2025\/08\/451e4129-5cd5-4111-b0fc-19ac37475c96.webp","contentUrl":"https:\/\/veritasinfo.org\/wp-content\/uploads\/2025\/08\/451e4129-5cd5-4111-b0fc-19ac37475c96.webp","width":1360,"height":870},{"@type":"BreadcrumbList","@id":"https:\/\/veritasinfo.org\/?p=9691#breadcrumb","itemListElement":[{"@type":"ListItem","position":1,"name":"Home","item":"https:\/\/veritasinfo.org\/"},{"@type":"ListItem","position":2,"name":"Osmani p\u00ebrfaq\u00ebsuesit francez: Radoi\u00e7iqi pengonte normalitetin, jo urat"}]},{"@type":"WebSite","@id":"https:\/\/veritasinfo.org\/#website","url":"https:\/\/veritasinfo.org\/","name":"","description":"","potentialAction":[{"@type":"SearchAction","target":{"@type":"EntryPoint","urlTemplate":"https:\/\/veritasinfo.org\/?s={search_term_string}"},"query-input":{"@type":"PropertyValueSpecification","valueRequired":true,"valueName":"search_term_string"}}],"inLanguage":"en-US"},{"@type":"Person","@id":"https:\/\/veritasinfo.org\/#\/schema\/person\/7701f8c088bece422266b100a712374f","name":"admin","image":{"@type":"ImageObject","inLanguage":"en-US","@id":"https:\/\/veritasinfo.org\/#\/schema\/person\/image\/","url":"https:\/\/secure.gravatar.com\/avatar\/ea53aa3bf6c9a12d5fde8ce4deff43fef3885ae33cf60184161a50d6987cfd2f?s=96&d=mm&r=g","contentUrl":"https:\/\/secure.gravatar.com\/avatar\/ea53aa3bf6c9a12d5fde8ce4deff43fef3885ae33cf60184161a50d6987cfd2f?s=96&d=mm&r=g","caption":"admin"},"sameAs":["https:\/\/veritasinfo.org"],"url":"https:\/\/veritasinfo.org\/?author=1"}]}},"featured_image_urls":{"full":["https:\/\/veritasinfo.org\/wp-content\/uploads\/2025\/08\/451e4129-5cd5-4111-b0fc-19ac37475c96.webp",1360,870,false],"thumbnail":["https:\/\/veritasinfo.org\/wp-content\/uploads\/2025\/08\/451e4129-5cd5-4111-b0fc-19ac37475c96-150x150.webp",150,150,true],"medium":["https:\/\/veritasinfo.org\/wp-content\/uploads\/2025\/08\/451e4129-5cd5-4111-b0fc-19ac37475c96-300x192.webp",300,192,true],"medium_large":["https:\/\/veritasinfo.org\/wp-content\/uploads\/2025\/08\/451e4129-5cd5-4111-b0fc-19ac37475c96-768x491.webp",640,409,true],"large":["https:\/\/veritasinfo.org\/wp-content\/uploads\/2025\/08\/451e4129-5cd5-4111-b0fc-19ac37475c96-1024x655.webp",640,409,true],"1536x1536":["https:\/\/veritasinfo.org\/wp-content\/uploads\/2025\/08\/451e4129-5cd5-4111-b0fc-19ac37475c96.webp",1360,870,false],"2048x2048":["https:\/\/veritasinfo.org\/wp-content\/uploads\/2025\/08\/451e4129-5cd5-4111-b0fc-19ac37475c96.webp",1360,870,false],"kreeti-slider-full":["https:\/\/veritasinfo.org\/wp-content\/uploads\/2025\/08\/451e4129-5cd5-4111-b0fc-19ac37475c96.webp",1126,720,false],"kreeti-featured":["https:\/\/veritasinfo.org\/wp-content\/uploads\/2025\/08\/451e4129-5cd5-4111-b0fc-19ac37475c96.webp",1024,655,false],"kreeti-medium":["https:\/\/veritasinfo.org\/wp-content\/uploads\/2025\/08\/451e4129-5cd5-4111-b0fc-19ac37475c96.webp",720,461,false],"kreeti-medium-square":["https:\/\/veritasinfo.org\/wp-content\/uploads\/2025\/08\/451e4129-5cd5-4111-b0fc-19ac37475c96.webp",350,224,false]},"author_info":{"info":["admin"]},"category_info":"<a href=\"https:\/\/veritasinfo.org\/?cat=58\" rel=\"category\">Politik\u00eb<\/a>","tag_info":"Politik\u00eb","comment_count":"0","_links":{"self":[{"href":"https:\/\/veritasinfo.org\/index.php?rest_route=\/wp\/v2\/posts\/9691","targetHints":{"allow":["GET"]}}],"collection":[{"href":"https:\/\/veritasinfo.org\/index.php?rest_route=\/wp\/v2\/posts"}],"about":[{"href":"https:\/\/veritasinfo.org\/index.php?rest_route=\/wp\/v2\/types\/post"}],"author":[{"embeddable":true,"href":"https:\/\/veritasinfo.org\/index.php?rest_route=\/wp\/v2\/users\/1"}],"replies":[{"embeddable":true,"href":"https:\/\/veritasinfo.org\/index.php?rest_route=%2Fwp%2Fv2%2Fcomments&post=9691"}],"version-history":[{"count":1,"href":"https:\/\/veritasinfo.org\/index.php?rest_route=\/wp\/v2\/posts\/9691\/revisions"}],"predecessor-version":[{"id":9693,"href":"https:\/\/veritasinfo.org\/index.php?rest_route=\/wp\/v2\/posts\/9691\/revisions\/9693"}],"wp:featuredmedia":[{"embeddable":true,"href":"https:\/\/veritasinfo.org\/index.php?rest_route=\/wp\/v2\/media\/9692"}],"wp:attachment":[{"href":"https:\/\/veritasinfo.org\/index.php?rest_route=%2Fwp%2Fv2%2Fmedia&parent=9691"}],"wp:term":[{"taxonomy":"category","embeddable":true,"href":"https:\/\/veritasinfo.org\/index.php?rest_route=%2Fwp%2Fv2%2Fcategories&post=9691"},{"taxonomy":"post_tag","embeddable":true,"href":"https:\/\/veritasinfo.org\/index.php?rest_route=%2Fwp%2Fv2%2Ftags&post=9691"}],"curies":[{"name":"wp","href":"https:\/\/api.w.org\/{rel}","templated":true}]}}