{"id":9687,"date":"2025-08-27T17:44:56","date_gmt":"2025-08-27T15:44:56","guid":{"rendered":"https:\/\/veritasinfo.org\/?p=9687"},"modified":"2025-08-27T17:44:56","modified_gmt":"2025-08-27T15:44:56","slug":"pilot-hrvatskog-kfor-a-i-njegova-devojka-iz-mitrovice-uhapseni-zbog-sumnje-u-spijunazu-za-srbiju","status":"publish","type":"post","link":"https:\/\/veritasinfo.org\/?p=9687&lang=sr","title":{"rendered":"Pilot hrvatskog KFOR-a i njegova devojka iz Mitrovice uhap\u0161eni zbog sumnje u \u0161pijuna\u017eu za Srbiju"},"content":{"rendered":"<p data-start=\"2020\" data-end=\"2120\"><b>27 avgust, 2025<\/b><\/p>\n<p data-start=\"2122\" data-end=\"2365\">Pilot Hrvatskog ratnog vazduhoplovstva, koji je ranije slu\u017eio i u misiji KFOR-a na Kosovu, zajedno sa svojom devojkom iz Mitrovice, uhap\u0161en je na ostrvu Vis u Hrvatskoj zbog sumnje da je u\u010destvovao u \u0161pijuna\u017ei u korist Srbije i Srpske liste.<\/p>\n<p data-start=\"2367\" data-end=\"2650\">Do hap\u0161enja je do\u0161lo 25. jula, a u istragu su uklju\u010deni i Europol i hrvatska policija. Istra\u017eitelji sumnjaju da je pilot svojoj partnerki prenosio poverljive informacije o kretanjima jedinica KFOR-a i de\u0161avanjima na severu Kosova, koje je ona prosle\u0111ivala strukturama Srpske liste.<\/p>\n<p data-start=\"2652\" data-end=\"2891\">Podaci koje je obezbe\u0111ivao obuhvatali su period od kraja 2022. do 2025. godine, uklju\u010duju\u0107i detalje o situaciji u Zubin Potoku, op\u0161tini koja je \u010desto bila \u017eari\u0161te tenzija izme\u0111u lokalnih Srba i kosovskih vlasti, kao i me\u0111unarodnih snaga.<\/p>\n<p data-start=\"2893\" data-end=\"3398\">Par se tako\u0111e sumnji\u010di da je razmenjivao informacije o transportu biv\u0161eg kosovskog policajca Dejana Panti\u0107a, uhap\u0161enog u decembru 2022. godine zbog napada na kancelarije Centralne izborne komisije u Severnoj Mitrovici. Njegovo hap\u0161enje tada je izazvalo proteste i barikade u Jarinju i Brnjaku koje su trajale skoro tri nedelje, dok sud nije odlu\u010dio da mu odredi ku\u0107ni pritvor. Panti\u0107 je kasnije osu\u0111en na dve godine zatvora zbog huliganizma, a kao mera obezbe\u0111enja odre\u0111ena mu je kaucija od 30.000 evra.<\/p>\n<p data-start=\"3400\" data-end=\"3698\">Prema nalazima istrage, u telefonima osumnji\u010denih prona\u0111ene su komunikacije koje, kako se navodi, potvr\u0111uju njihovu ume\u0161anost u \u0161pijunske aktivnosti. Pilot je sproveden u pritvor, dok je za osumnji\u010denu doneta odluka o proterivanju iz Hrvatske, nakon \u010dega je sme\u0161tena u centar za strance u Trilju.<\/p>\n","protected":false},"excerpt":{"rendered":"<p>27 avgust, 2025 Pilot Hrvatskog ratnog vazduhoplovstva, koji je ranije slu\u017eio i u misiji KFOR-a na Kosovu, zajedno sa svojom devojkom iz Mitrovice, uhap\u0161en je<\/p>\n","protected":false},"author":1,"featured_media":9685,"comment_status":"open","ping_status":"open","sticky":false,"template":"","format":"standard","meta":{"footnotes":""},"categories":[30],"tags":[],"class_list":["post-9687","post","type-post","status-publish","format-standard","has-post-thumbnail","hentry","category-drustvo"],"yoast_head":"<!-- This site is optimized with the Yoast SEO plugin v25.3.1 - https:\/\/yoast.com\/wordpress\/plugins\/seo\/ -->\n<title>Pilot hrvatskog KFOR-a i njegova devojka iz Mitrovice uhap\u0161eni zbog sumnje u \u0161pijuna\u017eu za Srbiju -<\/title>\n<meta name=\"robots\" content=\"index, follow, max-snippet:-1, max-image-preview:large, max-video-preview:-1\" \/>\n<link rel=\"canonical\" href=\"https:\/\/veritasinfo.org\/?p=9687&lang=sr\" \/>\n<meta property=\"og:locale\" content=\"en_US\" \/>\n<meta property=\"og:type\" content=\"article\" \/>\n<meta property=\"og:title\" content=\"Pilot hrvatskog KFOR-a i njegova devojka iz Mitrovice uhap\u0161eni zbog sumnje u \u0161pijuna\u017eu za Srbiju -\" \/>\n<meta property=\"og:description\" content=\"27 avgust, 2025 Pilot Hrvatskog ratnog vazduhoplovstva, koji je ranije slu\u017eio i u misiji KFOR-a na Kosovu, zajedno sa svojom devojkom iz Mitrovice, uhap\u0161en je\" \/>\n<meta property=\"og:url\" content=\"https:\/\/veritasinfo.org\/?p=9687&amp;lang=sr\" \/>\n<meta property=\"article:published_time\" content=\"2025-08-27T15:44:56+00:00\" \/>\n<meta property=\"og:image\" content=\"https:\/\/veritasinfo.org\/wp-content\/uploads\/2025\/08\/20200508-heli-recce-croatian-082-main-r-qXghH1.jpg\" \/>\n\t<meta property=\"og:image:width\" content=\"1024\" \/>\n\t<meta property=\"og:image:height\" content=\"685\" \/>\n\t<meta property=\"og:image:type\" content=\"image\/jpeg\" \/>\n<meta name=\"author\" content=\"admin\" \/>\n<meta name=\"twitter:card\" content=\"summary_large_image\" \/>\n<meta name=\"twitter:label1\" content=\"Written by\" \/>\n\t<meta name=\"twitter:data1\" content=\"admin\" \/>\n\t<meta name=\"twitter:label2\" content=\"Est. reading time\" \/>\n\t<meta name=\"twitter:data2\" content=\"2 minutes\" \/>\n<script type=\"application\/ld+json\" class=\"yoast-schema-graph\">{\"@context\":\"https:\/\/schema.org\",\"@graph\":[{\"@type\":\"WebPage\",\"@id\":\"https:\/\/veritasinfo.org\/?p=9687&lang=sr\",\"url\":\"https:\/\/veritasinfo.org\/?p=9687&lang=sr\",\"name\":\"Pilot hrvatskog KFOR-a i njegova devojka iz Mitrovice uhap\u0161eni zbog sumnje u \u0161pijuna\u017eu za Srbiju -\",\"isPartOf\":{\"@id\":\"https:\/\/veritasinfo.org\/#website\"},\"primaryImageOfPage\":{\"@id\":\"https:\/\/veritasinfo.org\/?p=9687&lang=sr#primaryimage\"},\"image\":{\"@id\":\"https:\/\/veritasinfo.org\/?p=9687&lang=sr#primaryimage\"},\"thumbnailUrl\":\"https:\/\/veritasinfo.org\/wp-content\/uploads\/2025\/08\/20200508-heli-recce-croatian-082-main-r-qXghH1.jpg\",\"datePublished\":\"2025-08-27T15:44:56+00:00\",\"author\":{\"@id\":\"https:\/\/veritasinfo.org\/#\/schema\/person\/7701f8c088bece422266b100a712374f\"},\"breadcrumb\":{\"@id\":\"https:\/\/veritasinfo.org\/?p=9687&lang=sr#breadcrumb\"},\"inLanguage\":\"en-US\",\"potentialAction\":[{\"@type\":\"ReadAction\",\"target\":[\"https:\/\/veritasinfo.org\/?p=9687&lang=sr\"]}]},{\"@type\":\"ImageObject\",\"inLanguage\":\"en-US\",\"@id\":\"https:\/\/veritasinfo.org\/?p=9687&lang=sr#primaryimage\",\"url\":\"https:\/\/veritasinfo.org\/wp-content\/uploads\/2025\/08\/20200508-heli-recce-croatian-082-main-r-qXghH1.jpg\",\"contentUrl\":\"https:\/\/veritasinfo.org\/wp-content\/uploads\/2025\/08\/20200508-heli-recce-croatian-082-main-r-qXghH1.jpg\",\"width\":1024,\"height\":685},{\"@type\":\"BreadcrumbList\",\"@id\":\"https:\/\/veritasinfo.org\/?p=9687&lang=sr#breadcrumb\",\"itemListElement\":[{\"@type\":\"ListItem\",\"position\":1,\"name\":\"Home\",\"item\":\"https:\/\/veritasinfo.org\/\"},{\"@type\":\"ListItem\",\"position\":2,\"name\":\"Pilot hrvatskog KFOR-a i njegova devojka iz Mitrovice uhap\u0161eni zbog sumnje u \u0161pijuna\u017eu za Srbiju\"}]},{\"@type\":\"WebSite\",\"@id\":\"https:\/\/veritasinfo.org\/#website\",\"url\":\"https:\/\/veritasinfo.org\/\",\"name\":\"\",\"description\":\"\",\"potentialAction\":[{\"@type\":\"SearchAction\",\"target\":{\"@type\":\"EntryPoint\",\"urlTemplate\":\"https:\/\/veritasinfo.org\/?s={search_term_string}\"},\"query-input\":{\"@type\":\"PropertyValueSpecification\",\"valueRequired\":true,\"valueName\":\"search_term_string\"}}],\"inLanguage\":\"en-US\"},{\"@type\":\"Person\",\"@id\":\"https:\/\/veritasinfo.org\/#\/schema\/person\/7701f8c088bece422266b100a712374f\",\"name\":\"admin\",\"image\":{\"@type\":\"ImageObject\",\"inLanguage\":\"en-US\",\"@id\":\"https:\/\/veritasinfo.org\/#\/schema\/person\/image\/\",\"url\":\"https:\/\/secure.gravatar.com\/avatar\/ea53aa3bf6c9a12d5fde8ce4deff43fef3885ae33cf60184161a50d6987cfd2f?s=96&d=mm&r=g\",\"contentUrl\":\"https:\/\/secure.gravatar.com\/avatar\/ea53aa3bf6c9a12d5fde8ce4deff43fef3885ae33cf60184161a50d6987cfd2f?s=96&d=mm&r=g\",\"caption\":\"admin\"},\"sameAs\":[\"https:\/\/veritasinfo.org\"],\"url\":\"https:\/\/veritasinfo.org\/?author=1\"}]}<\/script>\n<!-- \/ Yoast SEO plugin. -->","yoast_head_json":{"title":"Pilot hrvatskog KFOR-a i njegova devojka iz Mitrovice uhap\u0161eni zbog sumnje u \u0161pijuna\u017eu za Srbiju -","robots":{"index":"index","follow":"follow","max-snippet":"max-snippet:-1","max-image-preview":"max-image-preview:large","max-video-preview":"max-video-preview:-1"},"canonical":"https:\/\/veritasinfo.org\/?p=9687&lang=sr","og_locale":"en_US","og_type":"article","og_title":"Pilot hrvatskog KFOR-a i njegova devojka iz Mitrovice uhap\u0161eni zbog sumnje u \u0161pijuna\u017eu za Srbiju -","og_description":"27 avgust, 2025 Pilot Hrvatskog ratnog vazduhoplovstva, koji je ranije slu\u017eio i u misiji KFOR-a na Kosovu, zajedno sa svojom devojkom iz Mitrovice, uhap\u0161en je","og_url":"https:\/\/veritasinfo.org\/?p=9687&lang=sr","article_published_time":"2025-08-27T15:44:56+00:00","og_image":[{"width":1024,"height":685,"url":"https:\/\/veritasinfo.org\/wp-content\/uploads\/2025\/08\/20200508-heli-recce-croatian-082-main-r-qXghH1.jpg","type":"image\/jpeg"}],"author":"admin","twitter_card":"summary_large_image","twitter_misc":{"Written by":"admin","Est. reading time":"2 minutes"},"schema":{"@context":"https:\/\/schema.org","@graph":[{"@type":"WebPage","@id":"https:\/\/veritasinfo.org\/?p=9687&lang=sr","url":"https:\/\/veritasinfo.org\/?p=9687&lang=sr","name":"Pilot hrvatskog KFOR-a i njegova devojka iz Mitrovice uhap\u0161eni zbog sumnje u \u0161pijuna\u017eu za Srbiju -","isPartOf":{"@id":"https:\/\/veritasinfo.org\/#website"},"primaryImageOfPage":{"@id":"https:\/\/veritasinfo.org\/?p=9687&lang=sr#primaryimage"},"image":{"@id":"https:\/\/veritasinfo.org\/?p=9687&lang=sr#primaryimage"},"thumbnailUrl":"https:\/\/veritasinfo.org\/wp-content\/uploads\/2025\/08\/20200508-heli-recce-croatian-082-main-r-qXghH1.jpg","datePublished":"2025-08-27T15:44:56+00:00","author":{"@id":"https:\/\/veritasinfo.org\/#\/schema\/person\/7701f8c088bece422266b100a712374f"},"breadcrumb":{"@id":"https:\/\/veritasinfo.org\/?p=9687&lang=sr#breadcrumb"},"inLanguage":"en-US","potentialAction":[{"@type":"ReadAction","target":["https:\/\/veritasinfo.org\/?p=9687&lang=sr"]}]},{"@type":"ImageObject","inLanguage":"en-US","@id":"https:\/\/veritasinfo.org\/?p=9687&lang=sr#primaryimage","url":"https:\/\/veritasinfo.org\/wp-content\/uploads\/2025\/08\/20200508-heli-recce-croatian-082-main-r-qXghH1.jpg","contentUrl":"https:\/\/veritasinfo.org\/wp-content\/uploads\/2025\/08\/20200508-heli-recce-croatian-082-main-r-qXghH1.jpg","width":1024,"height":685},{"@type":"BreadcrumbList","@id":"https:\/\/veritasinfo.org\/?p=9687&lang=sr#breadcrumb","itemListElement":[{"@type":"ListItem","position":1,"name":"Home","item":"https:\/\/veritasinfo.org\/"},{"@type":"ListItem","position":2,"name":"Pilot hrvatskog KFOR-a i njegova devojka iz Mitrovice uhap\u0161eni zbog sumnje u \u0161pijuna\u017eu za Srbiju"}]},{"@type":"WebSite","@id":"https:\/\/veritasinfo.org\/#website","url":"https:\/\/veritasinfo.org\/","name":"","description":"","potentialAction":[{"@type":"SearchAction","target":{"@type":"EntryPoint","urlTemplate":"https:\/\/veritasinfo.org\/?s={search_term_string}"},"query-input":{"@type":"PropertyValueSpecification","valueRequired":true,"valueName":"search_term_string"}}],"inLanguage":"en-US"},{"@type":"Person","@id":"https:\/\/veritasinfo.org\/#\/schema\/person\/7701f8c088bece422266b100a712374f","name":"admin","image":{"@type":"ImageObject","inLanguage":"en-US","@id":"https:\/\/veritasinfo.org\/#\/schema\/person\/image\/","url":"https:\/\/secure.gravatar.com\/avatar\/ea53aa3bf6c9a12d5fde8ce4deff43fef3885ae33cf60184161a50d6987cfd2f?s=96&d=mm&r=g","contentUrl":"https:\/\/secure.gravatar.com\/avatar\/ea53aa3bf6c9a12d5fde8ce4deff43fef3885ae33cf60184161a50d6987cfd2f?s=96&d=mm&r=g","caption":"admin"},"sameAs":["https:\/\/veritasinfo.org"],"url":"https:\/\/veritasinfo.org\/?author=1"}]}},"featured_image_urls":{"full":["https:\/\/veritasinfo.org\/wp-content\/uploads\/2025\/08\/20200508-heli-recce-croatian-082-main-r-qXghH1.jpg",1024,685,false],"thumbnail":["https:\/\/veritasinfo.org\/wp-content\/uploads\/2025\/08\/20200508-heli-recce-croatian-082-main-r-qXghH1-150x150.jpg",150,150,true],"medium":["https:\/\/veritasinfo.org\/wp-content\/uploads\/2025\/08\/20200508-heli-recce-croatian-082-main-r-qXghH1-300x201.jpg",300,201,true],"medium_large":["https:\/\/veritasinfo.org\/wp-content\/uploads\/2025\/08\/20200508-heli-recce-croatian-082-main-r-qXghH1-768x514.jpg",640,428,true],"large":["https:\/\/veritasinfo.org\/wp-content\/uploads\/2025\/08\/20200508-heli-recce-croatian-082-main-r-qXghH1.jpg",640,428,false],"1536x1536":["https:\/\/veritasinfo.org\/wp-content\/uploads\/2025\/08\/20200508-heli-recce-croatian-082-main-r-qXghH1.jpg",1024,685,false],"2048x2048":["https:\/\/veritasinfo.org\/wp-content\/uploads\/2025\/08\/20200508-heli-recce-croatian-082-main-r-qXghH1.jpg",1024,685,false],"kreeti-slider-full":["https:\/\/veritasinfo.org\/wp-content\/uploads\/2025\/08\/20200508-heli-recce-croatian-082-main-r-qXghH1.jpg",1024,685,false],"kreeti-featured":["https:\/\/veritasinfo.org\/wp-content\/uploads\/2025\/08\/20200508-heli-recce-croatian-082-main-r-qXghH1.jpg",1024,685,false],"kreeti-medium":["https:\/\/veritasinfo.org\/wp-content\/uploads\/2025\/08\/20200508-heli-recce-croatian-082-main-r-qXghH1.jpg",720,482,false],"kreeti-medium-square":["https:\/\/veritasinfo.org\/wp-content\/uploads\/2025\/08\/20200508-heli-recce-croatian-082-main-r-qXghH1.jpg",350,234,false]},"author_info":{"info":["admin"]},"category_info":"<a href=\"https:\/\/veritasinfo.org\/?cat=30&#038;lang=sr\" rel=\"category\">Dru\u0161tvo<\/a>","tag_info":"Dru\u0161tvo","comment_count":"0","_links":{"self":[{"href":"https:\/\/veritasinfo.org\/index.php?rest_route=\/wp\/v2\/posts\/9687","targetHints":{"allow":["GET"]}}],"collection":[{"href":"https:\/\/veritasinfo.org\/index.php?rest_route=\/wp\/v2\/posts"}],"about":[{"href":"https:\/\/veritasinfo.org\/index.php?rest_route=\/wp\/v2\/types\/post"}],"author":[{"embeddable":true,"href":"https:\/\/veritasinfo.org\/index.php?rest_route=\/wp\/v2\/users\/1"}],"replies":[{"embeddable":true,"href":"https:\/\/veritasinfo.org\/index.php?rest_route=%2Fwp%2Fv2%2Fcomments&post=9687"}],"version-history":[{"count":1,"href":"https:\/\/veritasinfo.org\/index.php?rest_route=\/wp\/v2\/posts\/9687\/revisions"}],"predecessor-version":[{"id":9688,"href":"https:\/\/veritasinfo.org\/index.php?rest_route=\/wp\/v2\/posts\/9687\/revisions\/9688"}],"wp:featuredmedia":[{"embeddable":true,"href":"https:\/\/veritasinfo.org\/index.php?rest_route=\/wp\/v2\/media\/9685"}],"wp:attachment":[{"href":"https:\/\/veritasinfo.org\/index.php?rest_route=%2Fwp%2Fv2%2Fmedia&parent=9687"}],"wp:term":[{"taxonomy":"category","embeddable":true,"href":"https:\/\/veritasinfo.org\/index.php?rest_route=%2Fwp%2Fv2%2Fcategories&post=9687"},{"taxonomy":"post_tag","embeddable":true,"href":"https:\/\/veritasinfo.org\/index.php?rest_route=%2Fwp%2Fv2%2Ftags&post=9687"}],"curies":[{"name":"wp","href":"https:\/\/api.w.org\/{rel}","templated":true}]}}