{"id":9684,"date":"2025-08-27T17:42:48","date_gmt":"2025-08-27T15:42:48","guid":{"rendered":"https:\/\/veritasinfo.org\/?p=9684"},"modified":"2025-08-27T17:42:48","modified_gmt":"2025-08-27T15:42:48","slug":"piloti-kroat-i-kfor-it-dhe-e-dashura-e-tij-nga-mitrovica-arrestohen-per-dyshime-spiunazhi-per-serbine","status":"publish","type":"post","link":"https:\/\/veritasinfo.org\/?p=9684","title":{"rendered":"Piloti kroat i KFOR-it dhe e dashura e tij nga Mitrovica arrestohen p\u00ebr dyshime spiunazhi p\u00ebr Serbin\u00eb"},"content":{"rendered":"<p data-start=\"169\" data-end=\"274\">27 gusht, 2025<\/p>\n<p data-start=\"276\" data-end=\"527\">Nj\u00eb pilot i Forcave Ajrore t\u00eb Kroacis\u00eb, i cili ka sh\u00ebrbyer edhe n\u00eb misionin e KFOR-it n\u00eb Kosov\u00eb, dhe e dashura e tij nga Mitrovica, jan\u00eb arrestuar n\u00eb ishullin Vis t\u00eb Kroacis\u00eb n\u00ebn dyshimin se kan\u00eb kryer veprime spiunazhi p\u00ebr Serbin\u00eb dhe List\u00ebn Serbe.<\/p>\n<p data-start=\"529\" data-end=\"869\">Arrestimi \u00ebsht\u00eb kryer m\u00eb 25 korrik, nd\u00ebrsa n\u00eb hetime \u00ebsht\u00eb p\u00ebrfshir\u00eb edhe Europoli p\u00ebrve\u00e7 policis\u00eb kroate. Hetuesit dyshojn\u00eb se piloti i ka transmetuar partneres s\u00eb tij informacione konfidenciale p\u00ebr l\u00ebvizjet e trupave t\u00eb KFOR-it dhe p\u00ebr zhvillimet n\u00eb veri t\u00eb Kosov\u00ebs, t\u00eb cilat ajo dyshohet se ia ka p\u00ebrcjell\u00eb strukturave t\u00eb List\u00ebs Serbe.<\/p>\n<p data-start=\"871\" data-end=\"1138\">Informacionet e siguruara nga piloti p\u00ebrfshinin t\u00eb dh\u00ebna nga fundi i vitit 2022 deri n\u00eb vitin 2025, p\u00ebrfshir\u00eb detaje mbi situat\u00ebn n\u00eb Zubin Potok, komun\u00eb q\u00eb shpesh ka qen\u00eb vat\u00ebr tensionesh mes serb\u00ebve lokal\u00eb dhe autoriteteve t\u00eb Kosov\u00ebs, si dhe forcave nd\u00ebrkomb\u00ebtare.<\/p>\n<p data-start=\"1140\" data-end=\"1656\">T\u00eb dyshuarit akuzohen gjithashtu p\u00ebr shk\u00ebmbim t\u00eb dh\u00ebnash mbi transportimin e ish-policit kosovar Dejan Pantiq, i arrestuar n\u00eb dhjetor 2022 p\u00ebr sulmet ndaj zyrave t\u00eb Komisionit Qendror t\u00eb Zgjedhjeve n\u00eb Mitrovic\u00ebn e Veriut. Arrestimi i tij kishte nxitur protesta dhe vendosjen e barrikadave n\u00eb Jarinj\u00eb e B\u00ebrnjak p\u00ebr gati tri jav\u00eb, derisa gjykata vendosi q\u00eb Pantiq t\u00eb kalonte n\u00eb arrest sht\u00ebpiak. Ai m\u00eb pas u d\u00ebnua me dy vjet burgim p\u00ebr huliganiz\u00ebm, nd\u00ebrsa masa e siguris\u00eb ndaj tij ishte dor\u00ebzania prej 30 mij\u00eb eurosh.<\/p>\n<p data-start=\"1658\" data-end=\"1977\">Sipas hetimeve, jan\u00eb zbuluar komunikime telefonike midis pilotit kroat dhe partneres s\u00eb tij, t\u00eb cilat d\u00ebshmojn\u00eb p\u00ebr p\u00ebrfshirjen e tyre n\u00eb aktivitete t\u00eb spiunazhit. Piloti \u00ebsht\u00eb d\u00ebrguar n\u00eb paraburgim, nd\u00ebrsa p\u00ebr t\u00eb dyshuar\u00ebn \u00ebsht\u00eb marr\u00eb vendim p\u00ebr d\u00ebbim nga Kroacia dhe \u00ebsht\u00eb vendosur n\u00eb qendr\u00ebn p\u00ebr t\u00eb huaj n\u00eb Trilje.<\/p>\n","protected":false},"excerpt":{"rendered":"<p>27 gusht, 2025 Nj\u00eb pilot i Forcave Ajrore t\u00eb Kroacis\u00eb, i cili ka sh\u00ebrbyer edhe n\u00eb misionin e KFOR-it n\u00eb Kosov\u00eb, dhe e dashura e<\/p>\n","protected":false},"author":1,"featured_media":9685,"comment_status":"open","ping_status":"open","sticky":false,"template":"","format":"standard","meta":{"footnotes":""},"categories":[60],"tags":[],"class_list":["post-9684","post","type-post","status-publish","format-standard","has-post-thumbnail","hentry","category-shoqerore-sq"],"yoast_head":"<!-- This site is optimized with the Yoast SEO plugin v25.3.1 - https:\/\/yoast.com\/wordpress\/plugins\/seo\/ -->\n<title>Piloti kroat i KFOR-it dhe e dashura e tij nga Mitrovica arrestohen p\u00ebr dyshime spiunazhi p\u00ebr Serbin\u00eb -<\/title>\n<meta name=\"robots\" content=\"index, follow, max-snippet:-1, max-image-preview:large, max-video-preview:-1\" \/>\n<link rel=\"canonical\" href=\"https:\/\/veritasinfo.org\/?p=9684\" \/>\n<meta property=\"og:locale\" content=\"en_US\" \/>\n<meta property=\"og:type\" content=\"article\" \/>\n<meta property=\"og:title\" content=\"Piloti kroat i KFOR-it dhe e dashura e tij nga Mitrovica arrestohen p\u00ebr dyshime spiunazhi p\u00ebr Serbin\u00eb -\" \/>\n<meta property=\"og:description\" content=\"27 gusht, 2025 Nj\u00eb pilot i Forcave Ajrore t\u00eb Kroacis\u00eb, i cili ka sh\u00ebrbyer edhe n\u00eb misionin e KFOR-it n\u00eb Kosov\u00eb, dhe e dashura e\" \/>\n<meta property=\"og:url\" content=\"https:\/\/veritasinfo.org\/?p=9684\" \/>\n<meta property=\"article:published_time\" content=\"2025-08-27T15:42:48+00:00\" \/>\n<meta property=\"og:image\" content=\"https:\/\/veritasinfo.org\/wp-content\/uploads\/2025\/08\/20200508-heli-recce-croatian-082-main-r-qXghH1.jpg\" \/>\n\t<meta property=\"og:image:width\" content=\"1024\" \/>\n\t<meta property=\"og:image:height\" content=\"685\" \/>\n\t<meta property=\"og:image:type\" content=\"image\/jpeg\" \/>\n<meta name=\"author\" content=\"admin\" \/>\n<meta name=\"twitter:card\" content=\"summary_large_image\" \/>\n<meta name=\"twitter:label1\" content=\"Written by\" \/>\n\t<meta name=\"twitter:data1\" content=\"admin\" \/>\n\t<meta name=\"twitter:label2\" content=\"Est. reading time\" \/>\n\t<meta name=\"twitter:data2\" content=\"2 minutes\" \/>\n<script type=\"application\/ld+json\" class=\"yoast-schema-graph\">{\"@context\":\"https:\/\/schema.org\",\"@graph\":[{\"@type\":\"WebPage\",\"@id\":\"https:\/\/veritasinfo.org\/?p=9684\",\"url\":\"https:\/\/veritasinfo.org\/?p=9684\",\"name\":\"Piloti kroat i KFOR-it dhe e dashura e tij nga Mitrovica arrestohen p\u00ebr dyshime spiunazhi p\u00ebr Serbin\u00eb -\",\"isPartOf\":{\"@id\":\"https:\/\/veritasinfo.org\/#website\"},\"primaryImageOfPage\":{\"@id\":\"https:\/\/veritasinfo.org\/?p=9684#primaryimage\"},\"image\":{\"@id\":\"https:\/\/veritasinfo.org\/?p=9684#primaryimage\"},\"thumbnailUrl\":\"https:\/\/veritasinfo.org\/wp-content\/uploads\/2025\/08\/20200508-heli-recce-croatian-082-main-r-qXghH1.jpg\",\"datePublished\":\"2025-08-27T15:42:48+00:00\",\"author\":{\"@id\":\"https:\/\/veritasinfo.org\/#\/schema\/person\/7701f8c088bece422266b100a712374f\"},\"breadcrumb\":{\"@id\":\"https:\/\/veritasinfo.org\/?p=9684#breadcrumb\"},\"inLanguage\":\"en-US\",\"potentialAction\":[{\"@type\":\"ReadAction\",\"target\":[\"https:\/\/veritasinfo.org\/?p=9684\"]}]},{\"@type\":\"ImageObject\",\"inLanguage\":\"en-US\",\"@id\":\"https:\/\/veritasinfo.org\/?p=9684#primaryimage\",\"url\":\"https:\/\/veritasinfo.org\/wp-content\/uploads\/2025\/08\/20200508-heli-recce-croatian-082-main-r-qXghH1.jpg\",\"contentUrl\":\"https:\/\/veritasinfo.org\/wp-content\/uploads\/2025\/08\/20200508-heli-recce-croatian-082-main-r-qXghH1.jpg\",\"width\":1024,\"height\":685},{\"@type\":\"BreadcrumbList\",\"@id\":\"https:\/\/veritasinfo.org\/?p=9684#breadcrumb\",\"itemListElement\":[{\"@type\":\"ListItem\",\"position\":1,\"name\":\"Home\",\"item\":\"https:\/\/veritasinfo.org\/\"},{\"@type\":\"ListItem\",\"position\":2,\"name\":\"Piloti kroat i KFOR-it dhe e dashura e tij nga Mitrovica arrestohen p\u00ebr dyshime spiunazhi p\u00ebr Serbin\u00eb\"}]},{\"@type\":\"WebSite\",\"@id\":\"https:\/\/veritasinfo.org\/#website\",\"url\":\"https:\/\/veritasinfo.org\/\",\"name\":\"\",\"description\":\"\",\"potentialAction\":[{\"@type\":\"SearchAction\",\"target\":{\"@type\":\"EntryPoint\",\"urlTemplate\":\"https:\/\/veritasinfo.org\/?s={search_term_string}\"},\"query-input\":{\"@type\":\"PropertyValueSpecification\",\"valueRequired\":true,\"valueName\":\"search_term_string\"}}],\"inLanguage\":\"en-US\"},{\"@type\":\"Person\",\"@id\":\"https:\/\/veritasinfo.org\/#\/schema\/person\/7701f8c088bece422266b100a712374f\",\"name\":\"admin\",\"image\":{\"@type\":\"ImageObject\",\"inLanguage\":\"en-US\",\"@id\":\"https:\/\/veritasinfo.org\/#\/schema\/person\/image\/\",\"url\":\"https:\/\/secure.gravatar.com\/avatar\/ea53aa3bf6c9a12d5fde8ce4deff43fef3885ae33cf60184161a50d6987cfd2f?s=96&d=mm&r=g\",\"contentUrl\":\"https:\/\/secure.gravatar.com\/avatar\/ea53aa3bf6c9a12d5fde8ce4deff43fef3885ae33cf60184161a50d6987cfd2f?s=96&d=mm&r=g\",\"caption\":\"admin\"},\"sameAs\":[\"https:\/\/veritasinfo.org\"],\"url\":\"https:\/\/veritasinfo.org\/?author=1\"}]}<\/script>\n<!-- \/ Yoast SEO plugin. -->","yoast_head_json":{"title":"Piloti kroat i KFOR-it dhe e dashura e tij nga Mitrovica arrestohen p\u00ebr dyshime spiunazhi p\u00ebr Serbin\u00eb -","robots":{"index":"index","follow":"follow","max-snippet":"max-snippet:-1","max-image-preview":"max-image-preview:large","max-video-preview":"max-video-preview:-1"},"canonical":"https:\/\/veritasinfo.org\/?p=9684","og_locale":"en_US","og_type":"article","og_title":"Piloti kroat i KFOR-it dhe e dashura e tij nga Mitrovica arrestohen p\u00ebr dyshime spiunazhi p\u00ebr Serbin\u00eb -","og_description":"27 gusht, 2025 Nj\u00eb pilot i Forcave Ajrore t\u00eb Kroacis\u00eb, i cili ka sh\u00ebrbyer edhe n\u00eb misionin e KFOR-it n\u00eb Kosov\u00eb, dhe e dashura e","og_url":"https:\/\/veritasinfo.org\/?p=9684","article_published_time":"2025-08-27T15:42:48+00:00","og_image":[{"width":1024,"height":685,"url":"https:\/\/veritasinfo.org\/wp-content\/uploads\/2025\/08\/20200508-heli-recce-croatian-082-main-r-qXghH1.jpg","type":"image\/jpeg"}],"author":"admin","twitter_card":"summary_large_image","twitter_misc":{"Written by":"admin","Est. reading time":"2 minutes"},"schema":{"@context":"https:\/\/schema.org","@graph":[{"@type":"WebPage","@id":"https:\/\/veritasinfo.org\/?p=9684","url":"https:\/\/veritasinfo.org\/?p=9684","name":"Piloti kroat i KFOR-it dhe e dashura e tij nga Mitrovica arrestohen p\u00ebr dyshime spiunazhi p\u00ebr Serbin\u00eb -","isPartOf":{"@id":"https:\/\/veritasinfo.org\/#website"},"primaryImageOfPage":{"@id":"https:\/\/veritasinfo.org\/?p=9684#primaryimage"},"image":{"@id":"https:\/\/veritasinfo.org\/?p=9684#primaryimage"},"thumbnailUrl":"https:\/\/veritasinfo.org\/wp-content\/uploads\/2025\/08\/20200508-heli-recce-croatian-082-main-r-qXghH1.jpg","datePublished":"2025-08-27T15:42:48+00:00","author":{"@id":"https:\/\/veritasinfo.org\/#\/schema\/person\/7701f8c088bece422266b100a712374f"},"breadcrumb":{"@id":"https:\/\/veritasinfo.org\/?p=9684#breadcrumb"},"inLanguage":"en-US","potentialAction":[{"@type":"ReadAction","target":["https:\/\/veritasinfo.org\/?p=9684"]}]},{"@type":"ImageObject","inLanguage":"en-US","@id":"https:\/\/veritasinfo.org\/?p=9684#primaryimage","url":"https:\/\/veritasinfo.org\/wp-content\/uploads\/2025\/08\/20200508-heli-recce-croatian-082-main-r-qXghH1.jpg","contentUrl":"https:\/\/veritasinfo.org\/wp-content\/uploads\/2025\/08\/20200508-heli-recce-croatian-082-main-r-qXghH1.jpg","width":1024,"height":685},{"@type":"BreadcrumbList","@id":"https:\/\/veritasinfo.org\/?p=9684#breadcrumb","itemListElement":[{"@type":"ListItem","position":1,"name":"Home","item":"https:\/\/veritasinfo.org\/"},{"@type":"ListItem","position":2,"name":"Piloti kroat i KFOR-it dhe e dashura e tij nga Mitrovica arrestohen p\u00ebr dyshime spiunazhi p\u00ebr Serbin\u00eb"}]},{"@type":"WebSite","@id":"https:\/\/veritasinfo.org\/#website","url":"https:\/\/veritasinfo.org\/","name":"","description":"","potentialAction":[{"@type":"SearchAction","target":{"@type":"EntryPoint","urlTemplate":"https:\/\/veritasinfo.org\/?s={search_term_string}"},"query-input":{"@type":"PropertyValueSpecification","valueRequired":true,"valueName":"search_term_string"}}],"inLanguage":"en-US"},{"@type":"Person","@id":"https:\/\/veritasinfo.org\/#\/schema\/person\/7701f8c088bece422266b100a712374f","name":"admin","image":{"@type":"ImageObject","inLanguage":"en-US","@id":"https:\/\/veritasinfo.org\/#\/schema\/person\/image\/","url":"https:\/\/secure.gravatar.com\/avatar\/ea53aa3bf6c9a12d5fde8ce4deff43fef3885ae33cf60184161a50d6987cfd2f?s=96&d=mm&r=g","contentUrl":"https:\/\/secure.gravatar.com\/avatar\/ea53aa3bf6c9a12d5fde8ce4deff43fef3885ae33cf60184161a50d6987cfd2f?s=96&d=mm&r=g","caption":"admin"},"sameAs":["https:\/\/veritasinfo.org"],"url":"https:\/\/veritasinfo.org\/?author=1"}]}},"featured_image_urls":{"full":["https:\/\/veritasinfo.org\/wp-content\/uploads\/2025\/08\/20200508-heli-recce-croatian-082-main-r-qXghH1.jpg",1024,685,false],"thumbnail":["https:\/\/veritasinfo.org\/wp-content\/uploads\/2025\/08\/20200508-heli-recce-croatian-082-main-r-qXghH1-150x150.jpg",150,150,true],"medium":["https:\/\/veritasinfo.org\/wp-content\/uploads\/2025\/08\/20200508-heli-recce-croatian-082-main-r-qXghH1-300x201.jpg",300,201,true],"medium_large":["https:\/\/veritasinfo.org\/wp-content\/uploads\/2025\/08\/20200508-heli-recce-croatian-082-main-r-qXghH1-768x514.jpg",640,428,true],"large":["https:\/\/veritasinfo.org\/wp-content\/uploads\/2025\/08\/20200508-heli-recce-croatian-082-main-r-qXghH1.jpg",640,428,false],"1536x1536":["https:\/\/veritasinfo.org\/wp-content\/uploads\/2025\/08\/20200508-heli-recce-croatian-082-main-r-qXghH1.jpg",1024,685,false],"2048x2048":["https:\/\/veritasinfo.org\/wp-content\/uploads\/2025\/08\/20200508-heli-recce-croatian-082-main-r-qXghH1.jpg",1024,685,false],"kreeti-slider-full":["https:\/\/veritasinfo.org\/wp-content\/uploads\/2025\/08\/20200508-heli-recce-croatian-082-main-r-qXghH1.jpg",1024,685,false],"kreeti-featured":["https:\/\/veritasinfo.org\/wp-content\/uploads\/2025\/08\/20200508-heli-recce-croatian-082-main-r-qXghH1.jpg",1024,685,false],"kreeti-medium":["https:\/\/veritasinfo.org\/wp-content\/uploads\/2025\/08\/20200508-heli-recce-croatian-082-main-r-qXghH1.jpg",720,482,false],"kreeti-medium-square":["https:\/\/veritasinfo.org\/wp-content\/uploads\/2025\/08\/20200508-heli-recce-croatian-082-main-r-qXghH1.jpg",350,234,false]},"author_info":{"info":["admin"]},"category_info":"<a href=\"https:\/\/veritasinfo.org\/?cat=60\" rel=\"category\">Shoq\u00ebrore<\/a>","tag_info":"Shoq\u00ebrore","comment_count":"0","_links":{"self":[{"href":"https:\/\/veritasinfo.org\/index.php?rest_route=\/wp\/v2\/posts\/9684","targetHints":{"allow":["GET"]}}],"collection":[{"href":"https:\/\/veritasinfo.org\/index.php?rest_route=\/wp\/v2\/posts"}],"about":[{"href":"https:\/\/veritasinfo.org\/index.php?rest_route=\/wp\/v2\/types\/post"}],"author":[{"embeddable":true,"href":"https:\/\/veritasinfo.org\/index.php?rest_route=\/wp\/v2\/users\/1"}],"replies":[{"embeddable":true,"href":"https:\/\/veritasinfo.org\/index.php?rest_route=%2Fwp%2Fv2%2Fcomments&post=9684"}],"version-history":[{"count":1,"href":"https:\/\/veritasinfo.org\/index.php?rest_route=\/wp\/v2\/posts\/9684\/revisions"}],"predecessor-version":[{"id":9686,"href":"https:\/\/veritasinfo.org\/index.php?rest_route=\/wp\/v2\/posts\/9684\/revisions\/9686"}],"wp:featuredmedia":[{"embeddable":true,"href":"https:\/\/veritasinfo.org\/index.php?rest_route=\/wp\/v2\/media\/9685"}],"wp:attachment":[{"href":"https:\/\/veritasinfo.org\/index.php?rest_route=%2Fwp%2Fv2%2Fmedia&parent=9684"}],"wp:term":[{"taxonomy":"category","embeddable":true,"href":"https:\/\/veritasinfo.org\/index.php?rest_route=%2Fwp%2Fv2%2Fcategories&post=9684"},{"taxonomy":"post_tag","embeddable":true,"href":"https:\/\/veritasinfo.org\/index.php?rest_route=%2Fwp%2Fv2%2Ftags&post=9684"}],"curies":[{"name":"wp","href":"https:\/\/api.w.org\/{rel}","templated":true}]}}