{"id":968,"date":"2025-06-18T14:54:20","date_gmt":"2025-06-18T12:54:20","guid":{"rendered":"https:\/\/veritasinfo.org\/?p=968"},"modified":"2025-06-18T14:54:20","modified_gmt":"2025-06-18T12:54:20","slug":"maqedonci-pret-komandantin-e-kfor-it-ne-takim-flasin-per-sigurine-ne-nivel-global-dhe-rajonal","status":"publish","type":"post","link":"https:\/\/veritasinfo.org\/?p=968","title":{"rendered":"Maqedonci pret komandantin e KFOR-it n\u00eb takim, flasin p\u00ebr sigurin\u00eb n\u00eb nivel global dhe rajonal"},"content":{"rendered":"<p>Prishtin\u00eb, 18.06.2025<\/p>\n<p><strong>Ministri n\u00eb detyr\u00eb i Mbrojtjes, Ejup Maqedonci, ka pritur sot n\u00eb nj\u00eb takim zyrtar komandantin e KFOR-it, gjeneralmajor Enrico Banduani.<\/strong><\/p>\n<p>N\u00eb fokus t\u00eb takimit ishte situata e siguris\u00eb n\u00eb rajon dhe n\u00eb nivel global.<\/p>\n<p>T\u00eb dy pal\u00ebt vler\u00ebsuan lart pjes\u00ebmarrjen e Forc\u00ebs s\u00eb Siguris\u00eb s\u00eb Kosov\u00ebs n\u00eb ushtrimin nd\u00ebrinstitucional \u201cGolden Sabre 25\u201d, i organizuar nga KFOR-i n\u00eb bashk\u00ebpunim me FSK-n\u00eb dhe Policin\u00eb e Kosov\u00ebs.<\/p>\n<p>Ushtrimi \u201cGolden Sabre 25\u201d u cil\u00ebsua si nj\u00eb shembull konkret i koordinimit dhe bashk\u00ebrendimit nd\u00ebrinstitucional, q\u00eb ndihmon n\u00eb forcimin e kapaciteteve t\u00eb reagimit n\u00eb situata emergjente dhe ngritjen e besueshm\u00ebris\u00eb n\u00eb sigurin\u00eb kolektive.<\/p>\n<p><strong>Postimi i plot\u00eb:<\/strong><\/p>\n<p><em>Ministri n\u00eb detyr\u00eb i Mbrojtjes, Ejup Maqedonci, sot ka pritur n\u00eb takim komandantin e KFOR-it, gjeneralmajor Enrico Barduani, me t\u00eb cilin diskutuan rreth situat\u00ebs s\u00eb siguris\u00eb n\u00eb nivel regjional dhe global.<\/em><\/p>\n<div class=\"adds__image mt-3 mb-3\"><ins id=\"revive-0-2\" data-revive-zoneid=\"20\" data-revive-id=\"c2fed3e4361f158a5f99e0aa345b1985\" data-revive-seq=\"2\" data-revive-loaded=\"1\"><\/p>\n<div id=\"beacon_d04362c8e2\"><img decoding=\"async\" src=\"https:\/\/adserver.sinjali.com\/www\/delivery\/lg.php?bannerid=140&amp;campaignid=32&amp;zoneid=20&amp;loc=https%3A%2F%2Fsinjali.com%2Fmaqedonci-pret-komandantin-e-kfor-it-ne-takim-flasin-per-sigurine-ne-nivel-global-dhe-rajonal%2F%3Ffbclid%3DIwQ0xDSwK_lVlleHRuA2FlbQIxMQABHlpzgzG4J-tA8_C0Q36FyQeK7gTHILa9v85qY3y_VnrzgKPKwGLsFklirHSS_aem_ARZy7mSM8RZdiy-ozXufrg%23g00sexddjk7tzwpclz835y9gfor6hlvb&amp;cb=d04362c8e2\" alt=\"\" width=\"0\" height=\"0\" \/><em>T\u00eb dy bashk\u00ebbiseduesit vler\u00ebsuan t\u00eb r\u00ebnd\u00ebsish\u00ebm pjes\u00ebmarrjen e FSK-s\u00eb n\u00eb kuad\u00ebr t\u00eb ushtrimit nd\u00ebrinstitucional nd\u00ebrmjet FSK, KFOR-it dhe Policis\u00eb, \u201cGolden Sabre 25\u201d, organizuar nga misioni i NATO-s n\u00eb Kosov\u00eb, gj\u00eb q\u00eb ka ndikuar n\u00eb thellimin e bashk\u00ebpunimit nd\u00ebrmjet Ministris\u00eb s\u00eb Mbrojtjes dhe KFOR-it.<\/em><\/div>\n<p><\/ins><\/div>\n<p><em>Me k\u00ebt\u00eb rast Ministri Maqedonci shprehi dhe gatishm\u00ebrin\u00eb p\u00ebr vazhdimin e koordinimit t\u00eb nd\u00ebrsjell\u00eb p\u00ebr \u00e7\u00ebshtjet me interes t\u00eb p\u00ebrbashk\u00ebt n\u00eb kuad\u00ebr t\u00eb zhvillimeve aktuale dhe ndikimit t\u00eb tyre n\u00eb mjedisin e siguris\u00eb.<\/em><\/p>\n","protected":false},"excerpt":{"rendered":"<p>Prishtin\u00eb, 18.06.2025 Ministri n\u00eb detyr\u00eb i Mbrojtjes, Ejup Maqedonci, ka pritur sot n\u00eb nj\u00eb takim zyrtar komandantin e KFOR-it, gjeneralmajor Enrico Banduani. N\u00eb fokus t\u00eb<\/p>\n","protected":false},"author":1,"featured_media":969,"comment_status":"open","ping_status":"open","sticky":false,"template":"","format":"standard","meta":{"footnotes":""},"categories":[58],"tags":[],"class_list":["post-968","post","type-post","status-publish","format-standard","has-post-thumbnail","hentry","category-politike-sq"],"yoast_head":"<!-- This site is optimized with the Yoast SEO plugin v25.3.1 - https:\/\/yoast.com\/wordpress\/plugins\/seo\/ -->\n<title>Maqedonci pret komandantin e KFOR-it n\u00eb takim, flasin p\u00ebr sigurin\u00eb n\u00eb nivel global dhe rajonal -<\/title>\n<meta name=\"robots\" content=\"index, follow, max-snippet:-1, max-image-preview:large, max-video-preview:-1\" \/>\n<link rel=\"canonical\" href=\"https:\/\/veritasinfo.org\/?p=968\" \/>\n<meta property=\"og:locale\" content=\"en_US\" \/>\n<meta property=\"og:type\" content=\"article\" \/>\n<meta property=\"og:title\" content=\"Maqedonci pret komandantin e KFOR-it n\u00eb takim, flasin p\u00ebr sigurin\u00eb n\u00eb nivel global dhe rajonal -\" \/>\n<meta property=\"og:description\" content=\"Prishtin\u00eb, 18.06.2025 Ministri n\u00eb detyr\u00eb i Mbrojtjes, Ejup Maqedonci, ka pritur sot n\u00eb nj\u00eb takim zyrtar komandantin e KFOR-it, gjeneralmajor Enrico Banduani. N\u00eb fokus t\u00eb\" \/>\n<meta property=\"og:url\" content=\"https:\/\/veritasinfo.org\/?p=968\" \/>\n<meta property=\"article:published_time\" content=\"2025-06-18T12:54:20+00:00\" \/>\n<meta property=\"og:image\" content=\"https:\/\/veritasinfo.org\/wp-content\/uploads\/2025\/06\/IMG_1319.jpeg\" \/>\n\t<meta property=\"og:image:width\" content=\"960\" \/>\n\t<meta property=\"og:image:height\" content=\"640\" \/>\n\t<meta property=\"og:image:type\" content=\"image\/jpeg\" \/>\n<meta name=\"author\" content=\"admin\" \/>\n<meta name=\"twitter:card\" content=\"summary_large_image\" \/>\n<meta name=\"twitter:label1\" content=\"Written by\" \/>\n\t<meta name=\"twitter:data1\" content=\"admin\" \/>\n\t<meta name=\"twitter:label2\" content=\"Est. reading time\" \/>\n\t<meta name=\"twitter:data2\" content=\"2 minutes\" \/>\n<script type=\"application\/ld+json\" class=\"yoast-schema-graph\">{\"@context\":\"https:\/\/schema.org\",\"@graph\":[{\"@type\":\"WebPage\",\"@id\":\"https:\/\/veritasinfo.org\/?p=968\",\"url\":\"https:\/\/veritasinfo.org\/?p=968\",\"name\":\"Maqedonci pret komandantin e KFOR-it n\u00eb takim, flasin p\u00ebr sigurin\u00eb n\u00eb nivel global dhe rajonal -\",\"isPartOf\":{\"@id\":\"https:\/\/veritasinfo.org\/#website\"},\"primaryImageOfPage\":{\"@id\":\"https:\/\/veritasinfo.org\/?p=968#primaryimage\"},\"image\":{\"@id\":\"https:\/\/veritasinfo.org\/?p=968#primaryimage\"},\"thumbnailUrl\":\"https:\/\/veritasinfo.org\/wp-content\/uploads\/2025\/06\/IMG_1319.jpeg\",\"datePublished\":\"2025-06-18T12:54:20+00:00\",\"author\":{\"@id\":\"https:\/\/veritasinfo.org\/#\/schema\/person\/7701f8c088bece422266b100a712374f\"},\"breadcrumb\":{\"@id\":\"https:\/\/veritasinfo.org\/?p=968#breadcrumb\"},\"inLanguage\":\"en-US\",\"potentialAction\":[{\"@type\":\"ReadAction\",\"target\":[\"https:\/\/veritasinfo.org\/?p=968\"]}]},{\"@type\":\"ImageObject\",\"inLanguage\":\"en-US\",\"@id\":\"https:\/\/veritasinfo.org\/?p=968#primaryimage\",\"url\":\"https:\/\/veritasinfo.org\/wp-content\/uploads\/2025\/06\/IMG_1319.jpeg\",\"contentUrl\":\"https:\/\/veritasinfo.org\/wp-content\/uploads\/2025\/06\/IMG_1319.jpeg\",\"width\":960,\"height\":640},{\"@type\":\"BreadcrumbList\",\"@id\":\"https:\/\/veritasinfo.org\/?p=968#breadcrumb\",\"itemListElement\":[{\"@type\":\"ListItem\",\"position\":1,\"name\":\"Home\",\"item\":\"https:\/\/veritasinfo.org\/\"},{\"@type\":\"ListItem\",\"position\":2,\"name\":\"Maqedonci pret komandantin e KFOR-it n\u00eb takim, flasin p\u00ebr sigurin\u00eb n\u00eb nivel global dhe rajonal\"}]},{\"@type\":\"WebSite\",\"@id\":\"https:\/\/veritasinfo.org\/#website\",\"url\":\"https:\/\/veritasinfo.org\/\",\"name\":\"\",\"description\":\"\",\"potentialAction\":[{\"@type\":\"SearchAction\",\"target\":{\"@type\":\"EntryPoint\",\"urlTemplate\":\"https:\/\/veritasinfo.org\/?s={search_term_string}\"},\"query-input\":{\"@type\":\"PropertyValueSpecification\",\"valueRequired\":true,\"valueName\":\"search_term_string\"}}],\"inLanguage\":\"en-US\"},{\"@type\":\"Person\",\"@id\":\"https:\/\/veritasinfo.org\/#\/schema\/person\/7701f8c088bece422266b100a712374f\",\"name\":\"admin\",\"image\":{\"@type\":\"ImageObject\",\"inLanguage\":\"en-US\",\"@id\":\"https:\/\/veritasinfo.org\/#\/schema\/person\/image\/\",\"url\":\"https:\/\/secure.gravatar.com\/avatar\/ea53aa3bf6c9a12d5fde8ce4deff43fef3885ae33cf60184161a50d6987cfd2f?s=96&d=mm&r=g\",\"contentUrl\":\"https:\/\/secure.gravatar.com\/avatar\/ea53aa3bf6c9a12d5fde8ce4deff43fef3885ae33cf60184161a50d6987cfd2f?s=96&d=mm&r=g\",\"caption\":\"admin\"},\"sameAs\":[\"https:\/\/veritasinfo.org\"],\"url\":\"https:\/\/veritasinfo.org\/?author=1\"}]}<\/script>\n<!-- \/ Yoast SEO plugin. -->","yoast_head_json":{"title":"Maqedonci pret komandantin e KFOR-it n\u00eb takim, flasin p\u00ebr sigurin\u00eb n\u00eb nivel global dhe rajonal -","robots":{"index":"index","follow":"follow","max-snippet":"max-snippet:-1","max-image-preview":"max-image-preview:large","max-video-preview":"max-video-preview:-1"},"canonical":"https:\/\/veritasinfo.org\/?p=968","og_locale":"en_US","og_type":"article","og_title":"Maqedonci pret komandantin e KFOR-it n\u00eb takim, flasin p\u00ebr sigurin\u00eb n\u00eb nivel global dhe rajonal -","og_description":"Prishtin\u00eb, 18.06.2025 Ministri n\u00eb detyr\u00eb i Mbrojtjes, Ejup Maqedonci, ka pritur sot n\u00eb nj\u00eb takim zyrtar komandantin e KFOR-it, gjeneralmajor Enrico Banduani. N\u00eb fokus t\u00eb","og_url":"https:\/\/veritasinfo.org\/?p=968","article_published_time":"2025-06-18T12:54:20+00:00","og_image":[{"width":960,"height":640,"url":"https:\/\/veritasinfo.org\/wp-content\/uploads\/2025\/06\/IMG_1319.jpeg","type":"image\/jpeg"}],"author":"admin","twitter_card":"summary_large_image","twitter_misc":{"Written by":"admin","Est. reading time":"2 minutes"},"schema":{"@context":"https:\/\/schema.org","@graph":[{"@type":"WebPage","@id":"https:\/\/veritasinfo.org\/?p=968","url":"https:\/\/veritasinfo.org\/?p=968","name":"Maqedonci pret komandantin e KFOR-it n\u00eb takim, flasin p\u00ebr sigurin\u00eb n\u00eb nivel global dhe rajonal -","isPartOf":{"@id":"https:\/\/veritasinfo.org\/#website"},"primaryImageOfPage":{"@id":"https:\/\/veritasinfo.org\/?p=968#primaryimage"},"image":{"@id":"https:\/\/veritasinfo.org\/?p=968#primaryimage"},"thumbnailUrl":"https:\/\/veritasinfo.org\/wp-content\/uploads\/2025\/06\/IMG_1319.jpeg","datePublished":"2025-06-18T12:54:20+00:00","author":{"@id":"https:\/\/veritasinfo.org\/#\/schema\/person\/7701f8c088bece422266b100a712374f"},"breadcrumb":{"@id":"https:\/\/veritasinfo.org\/?p=968#breadcrumb"},"inLanguage":"en-US","potentialAction":[{"@type":"ReadAction","target":["https:\/\/veritasinfo.org\/?p=968"]}]},{"@type":"ImageObject","inLanguage":"en-US","@id":"https:\/\/veritasinfo.org\/?p=968#primaryimage","url":"https:\/\/veritasinfo.org\/wp-content\/uploads\/2025\/06\/IMG_1319.jpeg","contentUrl":"https:\/\/veritasinfo.org\/wp-content\/uploads\/2025\/06\/IMG_1319.jpeg","width":960,"height":640},{"@type":"BreadcrumbList","@id":"https:\/\/veritasinfo.org\/?p=968#breadcrumb","itemListElement":[{"@type":"ListItem","position":1,"name":"Home","item":"https:\/\/veritasinfo.org\/"},{"@type":"ListItem","position":2,"name":"Maqedonci pret komandantin e KFOR-it n\u00eb takim, flasin p\u00ebr sigurin\u00eb n\u00eb nivel global dhe rajonal"}]},{"@type":"WebSite","@id":"https:\/\/veritasinfo.org\/#website","url":"https:\/\/veritasinfo.org\/","name":"","description":"","potentialAction":[{"@type":"SearchAction","target":{"@type":"EntryPoint","urlTemplate":"https:\/\/veritasinfo.org\/?s={search_term_string}"},"query-input":{"@type":"PropertyValueSpecification","valueRequired":true,"valueName":"search_term_string"}}],"inLanguage":"en-US"},{"@type":"Person","@id":"https:\/\/veritasinfo.org\/#\/schema\/person\/7701f8c088bece422266b100a712374f","name":"admin","image":{"@type":"ImageObject","inLanguage":"en-US","@id":"https:\/\/veritasinfo.org\/#\/schema\/person\/image\/","url":"https:\/\/secure.gravatar.com\/avatar\/ea53aa3bf6c9a12d5fde8ce4deff43fef3885ae33cf60184161a50d6987cfd2f?s=96&d=mm&r=g","contentUrl":"https:\/\/secure.gravatar.com\/avatar\/ea53aa3bf6c9a12d5fde8ce4deff43fef3885ae33cf60184161a50d6987cfd2f?s=96&d=mm&r=g","caption":"admin"},"sameAs":["https:\/\/veritasinfo.org"],"url":"https:\/\/veritasinfo.org\/?author=1"}]}},"featured_image_urls":{"full":["https:\/\/veritasinfo.org\/wp-content\/uploads\/2025\/06\/IMG_1319.jpeg",960,640,false],"thumbnail":["https:\/\/veritasinfo.org\/wp-content\/uploads\/2025\/06\/IMG_1319-150x150.jpeg",150,150,true],"medium":["https:\/\/veritasinfo.org\/wp-content\/uploads\/2025\/06\/IMG_1319-300x200.jpeg",300,200,true],"medium_large":["https:\/\/veritasinfo.org\/wp-content\/uploads\/2025\/06\/IMG_1319-768x512.jpeg",640,427,true],"large":["https:\/\/veritasinfo.org\/wp-content\/uploads\/2025\/06\/IMG_1319.jpeg",640,427,false],"1536x1536":["https:\/\/veritasinfo.org\/wp-content\/uploads\/2025\/06\/IMG_1319.jpeg",960,640,false],"2048x2048":["https:\/\/veritasinfo.org\/wp-content\/uploads\/2025\/06\/IMG_1319.jpeg",960,640,false],"kreeti-slider-full":["https:\/\/veritasinfo.org\/wp-content\/uploads\/2025\/06\/IMG_1319.jpeg",960,640,false],"kreeti-featured":["https:\/\/veritasinfo.org\/wp-content\/uploads\/2025\/06\/IMG_1319.jpeg",960,640,false],"kreeti-medium":["https:\/\/veritasinfo.org\/wp-content\/uploads\/2025\/06\/IMG_1319.jpeg",720,480,false],"kreeti-medium-square":["https:\/\/veritasinfo.org\/wp-content\/uploads\/2025\/06\/IMG_1319.jpeg",350,233,false]},"author_info":{"info":["admin"]},"category_info":"<a href=\"https:\/\/veritasinfo.org\/?cat=58\" rel=\"category\">Politik\u00eb<\/a>","tag_info":"Politik\u00eb","comment_count":"0","_links":{"self":[{"href":"https:\/\/veritasinfo.org\/index.php?rest_route=\/wp\/v2\/posts\/968","targetHints":{"allow":["GET"]}}],"collection":[{"href":"https:\/\/veritasinfo.org\/index.php?rest_route=\/wp\/v2\/posts"}],"about":[{"href":"https:\/\/veritasinfo.org\/index.php?rest_route=\/wp\/v2\/types\/post"}],"author":[{"embeddable":true,"href":"https:\/\/veritasinfo.org\/index.php?rest_route=\/wp\/v2\/users\/1"}],"replies":[{"embeddable":true,"href":"https:\/\/veritasinfo.org\/index.php?rest_route=%2Fwp%2Fv2%2Fcomments&post=968"}],"version-history":[{"count":1,"href":"https:\/\/veritasinfo.org\/index.php?rest_route=\/wp\/v2\/posts\/968\/revisions"}],"predecessor-version":[{"id":970,"href":"https:\/\/veritasinfo.org\/index.php?rest_route=\/wp\/v2\/posts\/968\/revisions\/970"}],"wp:featuredmedia":[{"embeddable":true,"href":"https:\/\/veritasinfo.org\/index.php?rest_route=\/wp\/v2\/media\/969"}],"wp:attachment":[{"href":"https:\/\/veritasinfo.org\/index.php?rest_route=%2Fwp%2Fv2%2Fmedia&parent=968"}],"wp:term":[{"taxonomy":"category","embeddable":true,"href":"https:\/\/veritasinfo.org\/index.php?rest_route=%2Fwp%2Fv2%2Fcategories&post=968"},{"taxonomy":"post_tag","embeddable":true,"href":"https:\/\/veritasinfo.org\/index.php?rest_route=%2Fwp%2Fv2%2Ftags&post=968"}],"curies":[{"name":"wp","href":"https:\/\/api.w.org\/{rel}","templated":true}]}}