{"id":9636,"date":"2025-08-27T12:20:40","date_gmt":"2025-08-27T10:20:40","guid":{"rendered":"https:\/\/veritasinfo.org\/?p=9636"},"modified":"2025-08-27T12:20:40","modified_gmt":"2025-08-27T10:20:40","slug":"kqz-ja-decertifikon-12-kandidate-per-zgjedhjet-lokale","status":"publish","type":"post","link":"https:\/\/veritasinfo.org\/?p=9636","title":{"rendered":"KQZ-ja decertifikon 12 kandidat\u00eb p\u00ebr zgjedhjet lokale"},"content":{"rendered":"<p>Prishtin\u00eb, 27 Gusht 2025<\/p>\n<p style=\"font-weight: 400;\"><span style=\"font-style: inherit; font-weight: inherit;\">Komisioni Qendror i zgjedhjeve n\u00eb mbledhjen e sotme ka marr\u00eb vendim p\u00ebr decertifikimin e disa kandidat\u00ebve q\u00eb m\u00eb her\u00ebt ishin certifikuar. Disa prej tyre jan\u00eb certifikuar me kandidat\u00eb t\u00eb tjer\u00eb.<\/span><\/p>\n<p style=\"font-weight: 400;\"><strong><span style=\"font-style: inherit;\">P\u00ebr k\u00ebt\u00eb, KQZ mori vendime si n\u00eb vijim:<\/span><\/strong><\/p>\n<p style=\"font-weight: 400;\"><span style=\"font-style: inherit; font-weight: inherit;\">&#8211;<\/span><span style=\"font-style: inherit; font-weight: inherit;\">\u00a0\u00a0\u00a0\u00a0\u00a0\u00a0\u00a0\u00a0\u00a0\u00a0 <\/span><span style=\"font-style: inherit; font-weight: inherit;\">Vendim p\u00ebr decertifikim e 2 kandidat\u00ebve dhe certifikim 3 kandidat\u00ebve tjer\u00eb nga L\u00ebvizja Vet\u00ebvendosje p\u00ebr Zgjedhjet Lokale;<\/span><\/p>\n<p style=\"font-weight: 400;\"><span style=\"font-style: inherit; font-weight: inherit;\">&#8211;<\/span><span style=\"font-style: inherit; font-weight: inherit;\">\u00a0\u00a0\u00a0\u00a0\u00a0\u00a0\u00a0\u00a0\u00a0\u00a0 <\/span><span style=\"font-style: inherit; font-weight: inherit;\">Vendim p\u00ebr decertifikim e 2 kandidat\u00ebve dhe certifikim 2 kandidat\u00ebve tjer\u00eb nga Lidhja Demokratike e Kosov\u00ebs p\u00ebr Zgjedhjet Lokale;<\/span><\/p>\n<p style=\"font-style: inherit; font-weight: 400;\"><span style=\"font-style: inherit; font-weight: inherit;\">&#8211;<\/span><span style=\"font-style: inherit; font-weight: inherit;\">\u00a0\u00a0\u00a0\u00a0\u00a0\u00a0\u00a0\u00a0\u00a0\u00a0 <\/span><span style=\"font-style: inherit; font-weight: inherit;\">Vendim p\u00ebr decertifikim e 3 kandidat\u00ebve nga GUXO p\u00ebr Zgjedhjet Lokale;<\/span><\/p>\n<p style=\"font-style: inherit; font-weight: 400;\"><span style=\"font-style: inherit; font-weight: inherit;\">&#8211;<\/span><span style=\"font-style: inherit; font-weight: inherit;\">\u00a0\u00a0\u00a0\u00a0\u00a0\u00a0\u00a0\u00a0\u00a0\u00a0 <\/span><span style=\"font-style: inherit; font-weight: inherit;\">Vendim p\u00ebr decertifikim e 2 kandidat\u00ebve nga Alternativa p\u00ebr Zgjedhjet Lokale;<\/span><\/p>\n<p style=\"font-style: inherit; font-weight: 400;\"><span style=\"font-style: inherit; font-weight: inherit;\">&#8211;<\/span><span style=\"font-style: inherit; font-weight: inherit;\">\u00a0\u00a0\u00a0\u00a0\u00a0\u00a0\u00a0\u00a0\u00a0\u00a0 <\/span><span style=\"font-style: inherit; font-weight: inherit;\">Vendim p\u00ebr decertifikim e 1 kandidati nga Bashkimi Demokratik p\u00ebr Zgjedhjet Lokale;<\/span><\/p>\n<p style=\"font-weight: 400;\"><span style=\"font-style: inherit; font-weight: inherit;\">&#8211;<\/span><span style=\"font-style: inherit; font-weight: inherit;\">\u00a0\u00a0\u00a0\u00a0\u00a0\u00a0\u00a0\u00a0\u00a0\u00a0 <\/span><span style=\"font-style: inherit; font-weight: inherit;\">Vendim p\u00ebr decertifikim e 1 kandidati nga Kosovski Savez p\u00ebr Zgjedhjet Lokale;<\/span><\/p>\n<p style=\"font-weight: 400;\"><span style=\"font-style: inherit; font-weight: inherit;\">&#8211;<\/span><span style=\"font-style: inherit; font-weight: inherit;\">\u00a0\u00a0\u00a0\u00a0\u00a0\u00a0\u00a0\u00a0\u00a0\u00a0 <\/span><span style=\"font-style: inherit; font-weight: inherit;\">Vendim p\u00ebr decertifikim e 1 kandidati nga Koalicija VAKAT p\u00ebr Zgjedhjet Lokale;<\/span><\/p>\n","protected":false},"excerpt":{"rendered":"<p>Prishtin\u00eb, 27 Gusht 2025 Komisioni Qendror i zgjedhjeve n\u00eb mbledhjen e sotme ka marr\u00eb vendim p\u00ebr decertifikimin e disa kandidat\u00ebve q\u00eb m\u00eb her\u00ebt ishin certifikuar.<\/p>\n","protected":false},"author":1,"featured_media":9637,"comment_status":"open","ping_status":"open","sticky":false,"template":"","format":"standard","meta":{"footnotes":""},"categories":[60],"tags":[],"class_list":["post-9636","post","type-post","status-publish","format-standard","has-post-thumbnail","hentry","category-shoqerore-sq"],"yoast_head":"<!-- This site is optimized with the Yoast SEO plugin v25.3.1 - https:\/\/yoast.com\/wordpress\/plugins\/seo\/ -->\n<title>KQZ-ja decertifikon 12 kandidat\u00eb p\u00ebr zgjedhjet lokale -<\/title>\n<meta name=\"robots\" content=\"index, follow, max-snippet:-1, max-image-preview:large, max-video-preview:-1\" \/>\n<link rel=\"canonical\" href=\"https:\/\/veritasinfo.org\/?p=9636\" \/>\n<meta property=\"og:locale\" content=\"en_US\" \/>\n<meta property=\"og:type\" content=\"article\" \/>\n<meta property=\"og:title\" content=\"KQZ-ja decertifikon 12 kandidat\u00eb p\u00ebr zgjedhjet lokale -\" \/>\n<meta property=\"og:description\" content=\"Prishtin\u00eb, 27 Gusht 2025 Komisioni Qendror i zgjedhjeve n\u00eb mbledhjen e sotme ka marr\u00eb vendim p\u00ebr decertifikimin e disa kandidat\u00ebve q\u00eb m\u00eb her\u00ebt ishin certifikuar.\" \/>\n<meta property=\"og:url\" content=\"https:\/\/veritasinfo.org\/?p=9636\" \/>\n<meta property=\"article:published_time\" content=\"2025-08-27T10:20:40+00:00\" \/>\n<meta property=\"og:image\" content=\"https:\/\/veritasinfo.org\/wp-content\/uploads\/2025\/08\/IMG_2777.webp\" \/>\n\t<meta property=\"og:image:width\" content=\"1360\" \/>\n\t<meta property=\"og:image:height\" content=\"870\" \/>\n\t<meta property=\"og:image:type\" content=\"image\/webp\" \/>\n<meta name=\"author\" content=\"admin\" \/>\n<meta name=\"twitter:card\" content=\"summary_large_image\" \/>\n<meta name=\"twitter:label1\" content=\"Written by\" \/>\n\t<meta name=\"twitter:data1\" content=\"admin\" \/>\n\t<meta name=\"twitter:label2\" content=\"Est. reading time\" \/>\n\t<meta name=\"twitter:data2\" content=\"1 minute\" \/>\n<script type=\"application\/ld+json\" class=\"yoast-schema-graph\">{\"@context\":\"https:\/\/schema.org\",\"@graph\":[{\"@type\":\"WebPage\",\"@id\":\"https:\/\/veritasinfo.org\/?p=9636\",\"url\":\"https:\/\/veritasinfo.org\/?p=9636\",\"name\":\"KQZ-ja decertifikon 12 kandidat\u00eb p\u00ebr zgjedhjet lokale -\",\"isPartOf\":{\"@id\":\"https:\/\/veritasinfo.org\/#website\"},\"primaryImageOfPage\":{\"@id\":\"https:\/\/veritasinfo.org\/?p=9636#primaryimage\"},\"image\":{\"@id\":\"https:\/\/veritasinfo.org\/?p=9636#primaryimage\"},\"thumbnailUrl\":\"https:\/\/veritasinfo.org\/wp-content\/uploads\/2025\/08\/IMG_2777.webp\",\"datePublished\":\"2025-08-27T10:20:40+00:00\",\"author\":{\"@id\":\"https:\/\/veritasinfo.org\/#\/schema\/person\/7701f8c088bece422266b100a712374f\"},\"breadcrumb\":{\"@id\":\"https:\/\/veritasinfo.org\/?p=9636#breadcrumb\"},\"inLanguage\":\"en-US\",\"potentialAction\":[{\"@type\":\"ReadAction\",\"target\":[\"https:\/\/veritasinfo.org\/?p=9636\"]}]},{\"@type\":\"ImageObject\",\"inLanguage\":\"en-US\",\"@id\":\"https:\/\/veritasinfo.org\/?p=9636#primaryimage\",\"url\":\"https:\/\/veritasinfo.org\/wp-content\/uploads\/2025\/08\/IMG_2777.webp\",\"contentUrl\":\"https:\/\/veritasinfo.org\/wp-content\/uploads\/2025\/08\/IMG_2777.webp\",\"width\":1360,\"height\":870},{\"@type\":\"BreadcrumbList\",\"@id\":\"https:\/\/veritasinfo.org\/?p=9636#breadcrumb\",\"itemListElement\":[{\"@type\":\"ListItem\",\"position\":1,\"name\":\"Home\",\"item\":\"https:\/\/veritasinfo.org\/\"},{\"@type\":\"ListItem\",\"position\":2,\"name\":\"KQZ-ja decertifikon 12 kandidat\u00eb p\u00ebr zgjedhjet lokale\"}]},{\"@type\":\"WebSite\",\"@id\":\"https:\/\/veritasinfo.org\/#website\",\"url\":\"https:\/\/veritasinfo.org\/\",\"name\":\"\",\"description\":\"\",\"potentialAction\":[{\"@type\":\"SearchAction\",\"target\":{\"@type\":\"EntryPoint\",\"urlTemplate\":\"https:\/\/veritasinfo.org\/?s={search_term_string}\"},\"query-input\":{\"@type\":\"PropertyValueSpecification\",\"valueRequired\":true,\"valueName\":\"search_term_string\"}}],\"inLanguage\":\"en-US\"},{\"@type\":\"Person\",\"@id\":\"https:\/\/veritasinfo.org\/#\/schema\/person\/7701f8c088bece422266b100a712374f\",\"name\":\"admin\",\"image\":{\"@type\":\"ImageObject\",\"inLanguage\":\"en-US\",\"@id\":\"https:\/\/veritasinfo.org\/#\/schema\/person\/image\/\",\"url\":\"https:\/\/secure.gravatar.com\/avatar\/ea53aa3bf6c9a12d5fde8ce4deff43fef3885ae33cf60184161a50d6987cfd2f?s=96&d=mm&r=g\",\"contentUrl\":\"https:\/\/secure.gravatar.com\/avatar\/ea53aa3bf6c9a12d5fde8ce4deff43fef3885ae33cf60184161a50d6987cfd2f?s=96&d=mm&r=g\",\"caption\":\"admin\"},\"sameAs\":[\"https:\/\/veritasinfo.org\"],\"url\":\"https:\/\/veritasinfo.org\/?author=1\"}]}<\/script>\n<!-- \/ Yoast SEO plugin. -->","yoast_head_json":{"title":"KQZ-ja decertifikon 12 kandidat\u00eb p\u00ebr zgjedhjet lokale -","robots":{"index":"index","follow":"follow","max-snippet":"max-snippet:-1","max-image-preview":"max-image-preview:large","max-video-preview":"max-video-preview:-1"},"canonical":"https:\/\/veritasinfo.org\/?p=9636","og_locale":"en_US","og_type":"article","og_title":"KQZ-ja decertifikon 12 kandidat\u00eb p\u00ebr zgjedhjet lokale -","og_description":"Prishtin\u00eb, 27 Gusht 2025 Komisioni Qendror i zgjedhjeve n\u00eb mbledhjen e sotme ka marr\u00eb vendim p\u00ebr decertifikimin e disa kandidat\u00ebve q\u00eb m\u00eb her\u00ebt ishin certifikuar.","og_url":"https:\/\/veritasinfo.org\/?p=9636","article_published_time":"2025-08-27T10:20:40+00:00","og_image":[{"width":1360,"height":870,"url":"https:\/\/veritasinfo.org\/wp-content\/uploads\/2025\/08\/IMG_2777.webp","type":"image\/webp"}],"author":"admin","twitter_card":"summary_large_image","twitter_misc":{"Written by":"admin","Est. reading time":"1 minute"},"schema":{"@context":"https:\/\/schema.org","@graph":[{"@type":"WebPage","@id":"https:\/\/veritasinfo.org\/?p=9636","url":"https:\/\/veritasinfo.org\/?p=9636","name":"KQZ-ja decertifikon 12 kandidat\u00eb p\u00ebr zgjedhjet lokale -","isPartOf":{"@id":"https:\/\/veritasinfo.org\/#website"},"primaryImageOfPage":{"@id":"https:\/\/veritasinfo.org\/?p=9636#primaryimage"},"image":{"@id":"https:\/\/veritasinfo.org\/?p=9636#primaryimage"},"thumbnailUrl":"https:\/\/veritasinfo.org\/wp-content\/uploads\/2025\/08\/IMG_2777.webp","datePublished":"2025-08-27T10:20:40+00:00","author":{"@id":"https:\/\/veritasinfo.org\/#\/schema\/person\/7701f8c088bece422266b100a712374f"},"breadcrumb":{"@id":"https:\/\/veritasinfo.org\/?p=9636#breadcrumb"},"inLanguage":"en-US","potentialAction":[{"@type":"ReadAction","target":["https:\/\/veritasinfo.org\/?p=9636"]}]},{"@type":"ImageObject","inLanguage":"en-US","@id":"https:\/\/veritasinfo.org\/?p=9636#primaryimage","url":"https:\/\/veritasinfo.org\/wp-content\/uploads\/2025\/08\/IMG_2777.webp","contentUrl":"https:\/\/veritasinfo.org\/wp-content\/uploads\/2025\/08\/IMG_2777.webp","width":1360,"height":870},{"@type":"BreadcrumbList","@id":"https:\/\/veritasinfo.org\/?p=9636#breadcrumb","itemListElement":[{"@type":"ListItem","position":1,"name":"Home","item":"https:\/\/veritasinfo.org\/"},{"@type":"ListItem","position":2,"name":"KQZ-ja decertifikon 12 kandidat\u00eb p\u00ebr zgjedhjet lokale"}]},{"@type":"WebSite","@id":"https:\/\/veritasinfo.org\/#website","url":"https:\/\/veritasinfo.org\/","name":"","description":"","potentialAction":[{"@type":"SearchAction","target":{"@type":"EntryPoint","urlTemplate":"https:\/\/veritasinfo.org\/?s={search_term_string}"},"query-input":{"@type":"PropertyValueSpecification","valueRequired":true,"valueName":"search_term_string"}}],"inLanguage":"en-US"},{"@type":"Person","@id":"https:\/\/veritasinfo.org\/#\/schema\/person\/7701f8c088bece422266b100a712374f","name":"admin","image":{"@type":"ImageObject","inLanguage":"en-US","@id":"https:\/\/veritasinfo.org\/#\/schema\/person\/image\/","url":"https:\/\/secure.gravatar.com\/avatar\/ea53aa3bf6c9a12d5fde8ce4deff43fef3885ae33cf60184161a50d6987cfd2f?s=96&d=mm&r=g","contentUrl":"https:\/\/secure.gravatar.com\/avatar\/ea53aa3bf6c9a12d5fde8ce4deff43fef3885ae33cf60184161a50d6987cfd2f?s=96&d=mm&r=g","caption":"admin"},"sameAs":["https:\/\/veritasinfo.org"],"url":"https:\/\/veritasinfo.org\/?author=1"}]}},"featured_image_urls":{"full":["https:\/\/veritasinfo.org\/wp-content\/uploads\/2025\/08\/IMG_2777.webp",1360,870,false],"thumbnail":["https:\/\/veritasinfo.org\/wp-content\/uploads\/2025\/08\/IMG_2777-150x150.webp",150,150,true],"medium":["https:\/\/veritasinfo.org\/wp-content\/uploads\/2025\/08\/IMG_2777-300x192.webp",300,192,true],"medium_large":["https:\/\/veritasinfo.org\/wp-content\/uploads\/2025\/08\/IMG_2777-768x491.webp",640,409,true],"large":["https:\/\/veritasinfo.org\/wp-content\/uploads\/2025\/08\/IMG_2777-1024x655.webp",640,409,true],"1536x1536":["https:\/\/veritasinfo.org\/wp-content\/uploads\/2025\/08\/IMG_2777.webp",1360,870,false],"2048x2048":["https:\/\/veritasinfo.org\/wp-content\/uploads\/2025\/08\/IMG_2777.webp",1360,870,false],"kreeti-slider-full":["https:\/\/veritasinfo.org\/wp-content\/uploads\/2025\/08\/IMG_2777.webp",1126,720,false],"kreeti-featured":["https:\/\/veritasinfo.org\/wp-content\/uploads\/2025\/08\/IMG_2777.webp",1024,655,false],"kreeti-medium":["https:\/\/veritasinfo.org\/wp-content\/uploads\/2025\/08\/IMG_2777.webp",720,461,false],"kreeti-medium-square":["https:\/\/veritasinfo.org\/wp-content\/uploads\/2025\/08\/IMG_2777.webp",350,224,false]},"author_info":{"info":["admin"]},"category_info":"<a href=\"https:\/\/veritasinfo.org\/?cat=60\" rel=\"category\">Shoq\u00ebrore<\/a>","tag_info":"Shoq\u00ebrore","comment_count":"0","_links":{"self":[{"href":"https:\/\/veritasinfo.org\/index.php?rest_route=\/wp\/v2\/posts\/9636","targetHints":{"allow":["GET"]}}],"collection":[{"href":"https:\/\/veritasinfo.org\/index.php?rest_route=\/wp\/v2\/posts"}],"about":[{"href":"https:\/\/veritasinfo.org\/index.php?rest_route=\/wp\/v2\/types\/post"}],"author":[{"embeddable":true,"href":"https:\/\/veritasinfo.org\/index.php?rest_route=\/wp\/v2\/users\/1"}],"replies":[{"embeddable":true,"href":"https:\/\/veritasinfo.org\/index.php?rest_route=%2Fwp%2Fv2%2Fcomments&post=9636"}],"version-history":[{"count":1,"href":"https:\/\/veritasinfo.org\/index.php?rest_route=\/wp\/v2\/posts\/9636\/revisions"}],"predecessor-version":[{"id":9638,"href":"https:\/\/veritasinfo.org\/index.php?rest_route=\/wp\/v2\/posts\/9636\/revisions\/9638"}],"wp:featuredmedia":[{"embeddable":true,"href":"https:\/\/veritasinfo.org\/index.php?rest_route=\/wp\/v2\/media\/9637"}],"wp:attachment":[{"href":"https:\/\/veritasinfo.org\/index.php?rest_route=%2Fwp%2Fv2%2Fmedia&parent=9636"}],"wp:term":[{"taxonomy":"category","embeddable":true,"href":"https:\/\/veritasinfo.org\/index.php?rest_route=%2Fwp%2Fv2%2Fcategories&post=9636"},{"taxonomy":"post_tag","embeddable":true,"href":"https:\/\/veritasinfo.org\/index.php?rest_route=%2Fwp%2Fv2%2Ftags&post=9636"}],"curies":[{"name":"wp","href":"https:\/\/api.w.org\/{rel}","templated":true}]}}