{"id":9631,"date":"2025-08-27T11:31:09","date_gmt":"2025-08-27T09:31:09","guid":{"rendered":"https:\/\/veritasinfo.org\/?p=9631"},"modified":"2025-08-27T11:31:09","modified_gmt":"2025-08-27T09:31:09","slug":"liburn-aliu-jep-doreheqje-pas-zgjedhjes-se-bashes-kryeparlamentar","status":"publish","type":"post","link":"https:\/\/veritasinfo.org\/?p=9631","title":{"rendered":"Liburn Aliu jep dor\u00ebheqje pas zgjedhjes s\u00eb Bash\u00ebs kryeparlamentar"},"content":{"rendered":"<p>Prishtin\u00eb, 27 Gusht 2025<\/p>\n<p style=\"font-weight: 400;\">Ministri n\u00eb detyr\u00eb i Infrastruktures, Liburn Aliu ka dh\u00ebn\u00eb dor\u00ebheqje sot.<\/p>\n<p style=\"font-weight: 400;\"><span style=\"font-style: inherit; font-weight: inherit;\">Ai ka th\u00ebn\u00eb se arsyeja e dor\u00ebheqjes \u00ebsht\u00eb zgjedhja e djeshme e Dimal Bash\u00ebs n\u00eb pozit\u00ebn e kryeparlamentarit.<\/span><\/p>\n<p style=\"font-weight: 400;\"><span style=\"font-style: inherit;\">\u201cDua t\u2019ju njoftoj q\u00eb sapo e dor\u00ebzova te Kryeministri i Republik\u00ebs s\u00eb Kosov\u00ebs, z. Albin Kurti, letr\u00ebn e dor\u00ebheqjes sime nga detyra e Ministrit n\u00eb Ministrin\u00eb e Mjedisit, Planifikimit Hap\u00ebsinor dhe Infrastruktur\u00ebs. Dor\u00ebheqja ime vjen pas zgjedhjes s\u00eb djeshme t\u00eb kryetarit te Kuvendit t\u00eb Republik\u00ebs s\u00eb Kosov\u00ebs. Dje, pas votimit te kryetarit t\u00eb Kuvendit, e kam njoftuar Kryeministrin Kurti p\u00ebr vendimin tim\u201d, ka th\u00ebn\u00eb ai.<\/span><\/p>\n<p style=\"font-weight: 400;\"><span style=\"font-style: inherit; font-weight: inherit;\">Aliu ka shtuar se zgjedhja e djeshme e Kryetarit t\u00eb Kuvendit, institucionit m\u00eb t\u00eb lart\u00eb, ku vendosen ligjet dhe jep llogari qeveria, nuk \u00ebsht\u00eb n\u00eb frym\u00ebn e n\u00eb lart\u00ebsin\u00eb e atij ideali p\u00ebr Republik\u00ebn q\u00eb ka qen\u00eb dhe mbetet arsye angazhimi p\u00ebr t\u00eb.<\/span><\/p>\n","protected":false},"excerpt":{"rendered":"<p>Prishtin\u00eb, 27 Gusht 2025 Ministri n\u00eb detyr\u00eb i Infrastruktures, Liburn Aliu ka dh\u00ebn\u00eb dor\u00ebheqje sot. Ai ka th\u00ebn\u00eb se arsyeja e dor\u00ebheqjes \u00ebsht\u00eb zgjedhja e<\/p>\n","protected":false},"author":1,"featured_media":9632,"comment_status":"open","ping_status":"open","sticky":false,"template":"","format":"standard","meta":{"footnotes":""},"categories":[93],"tags":[],"class_list":["post-9631","post","type-post","status-publish","format-standard","has-post-thumbnail","hentry","category-politika-sq"],"yoast_head":"<!-- This site is optimized with the Yoast SEO plugin v25.3.1 - https:\/\/yoast.com\/wordpress\/plugins\/seo\/ -->\n<title>Liburn Aliu jep dor\u00ebheqje pas zgjedhjes s\u00eb Bash\u00ebs kryeparlamentar -<\/title>\n<meta name=\"robots\" content=\"index, follow, max-snippet:-1, max-image-preview:large, max-video-preview:-1\" \/>\n<link rel=\"canonical\" href=\"https:\/\/veritasinfo.org\/?p=9631\" \/>\n<meta property=\"og:locale\" content=\"en_US\" \/>\n<meta property=\"og:type\" content=\"article\" \/>\n<meta property=\"og:title\" content=\"Liburn Aliu jep dor\u00ebheqje pas zgjedhjes s\u00eb Bash\u00ebs kryeparlamentar -\" \/>\n<meta property=\"og:description\" content=\"Prishtin\u00eb, 27 Gusht 2025 Ministri n\u00eb detyr\u00eb i Infrastruktures, Liburn Aliu ka dh\u00ebn\u00eb dor\u00ebheqje sot. Ai ka th\u00ebn\u00eb se arsyeja e dor\u00ebheqjes \u00ebsht\u00eb zgjedhja e\" \/>\n<meta property=\"og:url\" content=\"https:\/\/veritasinfo.org\/?p=9631\" \/>\n<meta property=\"article:published_time\" content=\"2025-08-27T09:31:09+00:00\" \/>\n<meta property=\"og:image\" content=\"https:\/\/veritasinfo.org\/wp-content\/uploads\/2025\/08\/IMG_3456.webp\" \/>\n\t<meta property=\"og:image:width\" content=\"1360\" \/>\n\t<meta property=\"og:image:height\" content=\"870\" \/>\n\t<meta property=\"og:image:type\" content=\"image\/webp\" \/>\n<meta name=\"author\" content=\"admin\" \/>\n<meta name=\"twitter:card\" content=\"summary_large_image\" \/>\n<meta name=\"twitter:label1\" content=\"Written by\" \/>\n\t<meta name=\"twitter:data1\" content=\"admin\" \/>\n\t<meta name=\"twitter:label2\" content=\"Est. reading time\" \/>\n\t<meta name=\"twitter:data2\" content=\"1 minute\" \/>\n<script type=\"application\/ld+json\" class=\"yoast-schema-graph\">{\"@context\":\"https:\/\/schema.org\",\"@graph\":[{\"@type\":\"WebPage\",\"@id\":\"https:\/\/veritasinfo.org\/?p=9631\",\"url\":\"https:\/\/veritasinfo.org\/?p=9631\",\"name\":\"Liburn Aliu jep dor\u00ebheqje pas zgjedhjes s\u00eb Bash\u00ebs kryeparlamentar -\",\"isPartOf\":{\"@id\":\"https:\/\/veritasinfo.org\/#website\"},\"primaryImageOfPage\":{\"@id\":\"https:\/\/veritasinfo.org\/?p=9631#primaryimage\"},\"image\":{\"@id\":\"https:\/\/veritasinfo.org\/?p=9631#primaryimage\"},\"thumbnailUrl\":\"https:\/\/veritasinfo.org\/wp-content\/uploads\/2025\/08\/IMG_3456.webp\",\"datePublished\":\"2025-08-27T09:31:09+00:00\",\"author\":{\"@id\":\"https:\/\/veritasinfo.org\/#\/schema\/person\/7701f8c088bece422266b100a712374f\"},\"breadcrumb\":{\"@id\":\"https:\/\/veritasinfo.org\/?p=9631#breadcrumb\"},\"inLanguage\":\"en-US\",\"potentialAction\":[{\"@type\":\"ReadAction\",\"target\":[\"https:\/\/veritasinfo.org\/?p=9631\"]}]},{\"@type\":\"ImageObject\",\"inLanguage\":\"en-US\",\"@id\":\"https:\/\/veritasinfo.org\/?p=9631#primaryimage\",\"url\":\"https:\/\/veritasinfo.org\/wp-content\/uploads\/2025\/08\/IMG_3456.webp\",\"contentUrl\":\"https:\/\/veritasinfo.org\/wp-content\/uploads\/2025\/08\/IMG_3456.webp\",\"width\":1360,\"height\":870},{\"@type\":\"BreadcrumbList\",\"@id\":\"https:\/\/veritasinfo.org\/?p=9631#breadcrumb\",\"itemListElement\":[{\"@type\":\"ListItem\",\"position\":1,\"name\":\"Home\",\"item\":\"https:\/\/veritasinfo.org\/\"},{\"@type\":\"ListItem\",\"position\":2,\"name\":\"Liburn Aliu jep dor\u00ebheqje pas zgjedhjes s\u00eb Bash\u00ebs kryeparlamentar\"}]},{\"@type\":\"WebSite\",\"@id\":\"https:\/\/veritasinfo.org\/#website\",\"url\":\"https:\/\/veritasinfo.org\/\",\"name\":\"\",\"description\":\"\",\"potentialAction\":[{\"@type\":\"SearchAction\",\"target\":{\"@type\":\"EntryPoint\",\"urlTemplate\":\"https:\/\/veritasinfo.org\/?s={search_term_string}\"},\"query-input\":{\"@type\":\"PropertyValueSpecification\",\"valueRequired\":true,\"valueName\":\"search_term_string\"}}],\"inLanguage\":\"en-US\"},{\"@type\":\"Person\",\"@id\":\"https:\/\/veritasinfo.org\/#\/schema\/person\/7701f8c088bece422266b100a712374f\",\"name\":\"admin\",\"image\":{\"@type\":\"ImageObject\",\"inLanguage\":\"en-US\",\"@id\":\"https:\/\/veritasinfo.org\/#\/schema\/person\/image\/\",\"url\":\"https:\/\/secure.gravatar.com\/avatar\/ea53aa3bf6c9a12d5fde8ce4deff43fef3885ae33cf60184161a50d6987cfd2f?s=96&d=mm&r=g\",\"contentUrl\":\"https:\/\/secure.gravatar.com\/avatar\/ea53aa3bf6c9a12d5fde8ce4deff43fef3885ae33cf60184161a50d6987cfd2f?s=96&d=mm&r=g\",\"caption\":\"admin\"},\"sameAs\":[\"https:\/\/veritasinfo.org\"],\"url\":\"https:\/\/veritasinfo.org\/?author=1\"}]}<\/script>\n<!-- \/ Yoast SEO plugin. -->","yoast_head_json":{"title":"Liburn Aliu jep dor\u00ebheqje pas zgjedhjes s\u00eb Bash\u00ebs kryeparlamentar -","robots":{"index":"index","follow":"follow","max-snippet":"max-snippet:-1","max-image-preview":"max-image-preview:large","max-video-preview":"max-video-preview:-1"},"canonical":"https:\/\/veritasinfo.org\/?p=9631","og_locale":"en_US","og_type":"article","og_title":"Liburn Aliu jep dor\u00ebheqje pas zgjedhjes s\u00eb Bash\u00ebs kryeparlamentar -","og_description":"Prishtin\u00eb, 27 Gusht 2025 Ministri n\u00eb detyr\u00eb i Infrastruktures, Liburn Aliu ka dh\u00ebn\u00eb dor\u00ebheqje sot. Ai ka th\u00ebn\u00eb se arsyeja e dor\u00ebheqjes \u00ebsht\u00eb zgjedhja e","og_url":"https:\/\/veritasinfo.org\/?p=9631","article_published_time":"2025-08-27T09:31:09+00:00","og_image":[{"width":1360,"height":870,"url":"https:\/\/veritasinfo.org\/wp-content\/uploads\/2025\/08\/IMG_3456.webp","type":"image\/webp"}],"author":"admin","twitter_card":"summary_large_image","twitter_misc":{"Written by":"admin","Est. reading time":"1 minute"},"schema":{"@context":"https:\/\/schema.org","@graph":[{"@type":"WebPage","@id":"https:\/\/veritasinfo.org\/?p=9631","url":"https:\/\/veritasinfo.org\/?p=9631","name":"Liburn Aliu jep dor\u00ebheqje pas zgjedhjes s\u00eb Bash\u00ebs kryeparlamentar -","isPartOf":{"@id":"https:\/\/veritasinfo.org\/#website"},"primaryImageOfPage":{"@id":"https:\/\/veritasinfo.org\/?p=9631#primaryimage"},"image":{"@id":"https:\/\/veritasinfo.org\/?p=9631#primaryimage"},"thumbnailUrl":"https:\/\/veritasinfo.org\/wp-content\/uploads\/2025\/08\/IMG_3456.webp","datePublished":"2025-08-27T09:31:09+00:00","author":{"@id":"https:\/\/veritasinfo.org\/#\/schema\/person\/7701f8c088bece422266b100a712374f"},"breadcrumb":{"@id":"https:\/\/veritasinfo.org\/?p=9631#breadcrumb"},"inLanguage":"en-US","potentialAction":[{"@type":"ReadAction","target":["https:\/\/veritasinfo.org\/?p=9631"]}]},{"@type":"ImageObject","inLanguage":"en-US","@id":"https:\/\/veritasinfo.org\/?p=9631#primaryimage","url":"https:\/\/veritasinfo.org\/wp-content\/uploads\/2025\/08\/IMG_3456.webp","contentUrl":"https:\/\/veritasinfo.org\/wp-content\/uploads\/2025\/08\/IMG_3456.webp","width":1360,"height":870},{"@type":"BreadcrumbList","@id":"https:\/\/veritasinfo.org\/?p=9631#breadcrumb","itemListElement":[{"@type":"ListItem","position":1,"name":"Home","item":"https:\/\/veritasinfo.org\/"},{"@type":"ListItem","position":2,"name":"Liburn Aliu jep dor\u00ebheqje pas zgjedhjes s\u00eb Bash\u00ebs kryeparlamentar"}]},{"@type":"WebSite","@id":"https:\/\/veritasinfo.org\/#website","url":"https:\/\/veritasinfo.org\/","name":"","description":"","potentialAction":[{"@type":"SearchAction","target":{"@type":"EntryPoint","urlTemplate":"https:\/\/veritasinfo.org\/?s={search_term_string}"},"query-input":{"@type":"PropertyValueSpecification","valueRequired":true,"valueName":"search_term_string"}}],"inLanguage":"en-US"},{"@type":"Person","@id":"https:\/\/veritasinfo.org\/#\/schema\/person\/7701f8c088bece422266b100a712374f","name":"admin","image":{"@type":"ImageObject","inLanguage":"en-US","@id":"https:\/\/veritasinfo.org\/#\/schema\/person\/image\/","url":"https:\/\/secure.gravatar.com\/avatar\/ea53aa3bf6c9a12d5fde8ce4deff43fef3885ae33cf60184161a50d6987cfd2f?s=96&d=mm&r=g","contentUrl":"https:\/\/secure.gravatar.com\/avatar\/ea53aa3bf6c9a12d5fde8ce4deff43fef3885ae33cf60184161a50d6987cfd2f?s=96&d=mm&r=g","caption":"admin"},"sameAs":["https:\/\/veritasinfo.org"],"url":"https:\/\/veritasinfo.org\/?author=1"}]}},"featured_image_urls":{"full":["https:\/\/veritasinfo.org\/wp-content\/uploads\/2025\/08\/IMG_3456.webp",1360,870,false],"thumbnail":["https:\/\/veritasinfo.org\/wp-content\/uploads\/2025\/08\/IMG_3456-150x150.webp",150,150,true],"medium":["https:\/\/veritasinfo.org\/wp-content\/uploads\/2025\/08\/IMG_3456-300x192.webp",300,192,true],"medium_large":["https:\/\/veritasinfo.org\/wp-content\/uploads\/2025\/08\/IMG_3456-768x491.webp",640,409,true],"large":["https:\/\/veritasinfo.org\/wp-content\/uploads\/2025\/08\/IMG_3456-1024x655.webp",640,409,true],"1536x1536":["https:\/\/veritasinfo.org\/wp-content\/uploads\/2025\/08\/IMG_3456.webp",1360,870,false],"2048x2048":["https:\/\/veritasinfo.org\/wp-content\/uploads\/2025\/08\/IMG_3456.webp",1360,870,false],"kreeti-slider-full":["https:\/\/veritasinfo.org\/wp-content\/uploads\/2025\/08\/IMG_3456.webp",1126,720,false],"kreeti-featured":["https:\/\/veritasinfo.org\/wp-content\/uploads\/2025\/08\/IMG_3456.webp",1024,655,false],"kreeti-medium":["https:\/\/veritasinfo.org\/wp-content\/uploads\/2025\/08\/IMG_3456.webp",720,461,false],"kreeti-medium-square":["https:\/\/veritasinfo.org\/wp-content\/uploads\/2025\/08\/IMG_3456.webp",350,224,false]},"author_info":{"info":["admin"]},"category_info":"<a href=\"https:\/\/veritasinfo.org\/?cat=93\" rel=\"category\">Politika<\/a>","tag_info":"Politika","comment_count":"0","_links":{"self":[{"href":"https:\/\/veritasinfo.org\/index.php?rest_route=\/wp\/v2\/posts\/9631","targetHints":{"allow":["GET"]}}],"collection":[{"href":"https:\/\/veritasinfo.org\/index.php?rest_route=\/wp\/v2\/posts"}],"about":[{"href":"https:\/\/veritasinfo.org\/index.php?rest_route=\/wp\/v2\/types\/post"}],"author":[{"embeddable":true,"href":"https:\/\/veritasinfo.org\/index.php?rest_route=\/wp\/v2\/users\/1"}],"replies":[{"embeddable":true,"href":"https:\/\/veritasinfo.org\/index.php?rest_route=%2Fwp%2Fv2%2Fcomments&post=9631"}],"version-history":[{"count":1,"href":"https:\/\/veritasinfo.org\/index.php?rest_route=\/wp\/v2\/posts\/9631\/revisions"}],"predecessor-version":[{"id":9633,"href":"https:\/\/veritasinfo.org\/index.php?rest_route=\/wp\/v2\/posts\/9631\/revisions\/9633"}],"wp:featuredmedia":[{"embeddable":true,"href":"https:\/\/veritasinfo.org\/index.php?rest_route=\/wp\/v2\/media\/9632"}],"wp:attachment":[{"href":"https:\/\/veritasinfo.org\/index.php?rest_route=%2Fwp%2Fv2%2Fmedia&parent=9631"}],"wp:term":[{"taxonomy":"category","embeddable":true,"href":"https:\/\/veritasinfo.org\/index.php?rest_route=%2Fwp%2Fv2%2Fcategories&post=9631"},{"taxonomy":"post_tag","embeddable":true,"href":"https:\/\/veritasinfo.org\/index.php?rest_route=%2Fwp%2Fv2%2Ftags&post=9631"}],"curies":[{"name":"wp","href":"https:\/\/api.w.org\/{rel}","templated":true}]}}