{"id":9626,"date":"2025-08-27T10:24:50","date_gmt":"2025-08-27T08:24:50","guid":{"rendered":"https:\/\/veritasinfo.org\/?p=9626"},"modified":"2025-08-27T10:24:50","modified_gmt":"2025-08-27T08:24:50","slug":"leposaviq-18-vjecari-ekspozoi-bluze-me-mbishkrim-provokues-cetniket-veri-perfundon-ne-polici","status":"publish","type":"post","link":"https:\/\/veritasinfo.org\/?p=9626","title":{"rendered":"Leposaviq: 18-vje\u00e7ari ekspozoi bluz\u00eb me mbishkrim provokues \u201c\u00c7etnik\u00ebt Veri\u201d, p\u00ebrfundon n\u00eb polici"},"content":{"rendered":"<p><strong>Leposaviq, 27 Gusht 2025<br \/>\n<\/strong>Nj\u00eb incident \u00ebsht\u00eb raportuar pasditen e 26 gushtit n\u00eb Leposaviq, ku nj\u00eb i ri ka ekspozuar publikisht nj\u00eb simbol provokues.<\/p>\n<p>Si\u00e7 b\u00ebhet e ditur, gjat\u00eb koh\u00ebs kur nj\u00ebsia policore po furnizonte vetur\u00ebn zyrtare me derivate n\u00eb pik\u00ebn \u201cVeda Petrol\u201d, \u00ebsht\u00eb afruar nj\u00eb person i nacionalitetit serb, Djordje Batacanin, rreth 18-vje\u00e7ar, i cili kishte t\u00eb veshur nj\u00eb bluz\u00eb t\u00eb zez\u00eb me mbishkrimin n\u00eb gjuh\u00ebn cirilike \u201c\u00c7etnici Sever\u201d (\u00c7etnik\u00ebt Veri).<\/p>\n<div id=\"faqet-5063b6f59325548b158bb0e8ebba5ed5\" class=\"faqet-5063b6f59325548b158bb0e8ebba5ed5 faqet-pas-paragrafit-2\">\n<div id=\"faqet-932108889\" class=\"faqet-pas-paragrafit-2\">\n<div id=\"faqet-1579077024\" class=\"faqet-target\" data-faqet-trackid=\"61214\" data-faqet-trackbid=\"1\">I dyshuari \u00ebsht\u00eb shoq\u00ebruar n\u00eb stacionin policor, ku pas konsultimit me Prokurorin dhe Gjykat\u00ebn, rasti \u00ebsht\u00eb iniciuar p\u00ebr vepr\u00ebn penale \u201cEkspozimi i materialit t\u00eb turpsh\u00ebm dhe ofendues\u201d sipas ligjit 03\/L-142, neni 11, paragrafi 1.<\/div>\n<\/div>\n<\/div>\n<p>Pas intervistimit, i dyshuari \u00ebsht\u00eb liruar dhe rasti do t\u00eb procedohet n\u00eb m\u00ebnyr\u00eb t\u00eb rregullt.<\/p>\n","protected":false},"excerpt":{"rendered":"<p>Leposaviq, 27 Gusht 2025 Nj\u00eb incident \u00ebsht\u00eb raportuar pasditen e 26 gushtit n\u00eb Leposaviq, ku nj\u00eb i ri ka ekspozuar publikisht nj\u00eb simbol provokues. Si\u00e7<\/p>\n","protected":false},"author":1,"featured_media":9627,"comment_status":"open","ping_status":"open","sticky":false,"template":"","format":"standard","meta":{"footnotes":""},"categories":[52],"tags":[],"class_list":["post-9626","post","type-post","status-publish","format-standard","has-post-thumbnail","hentry","category-komunat-sq"],"yoast_head":"<!-- This site is optimized with the Yoast SEO plugin v25.3.1 - https:\/\/yoast.com\/wordpress\/plugins\/seo\/ -->\n<title>Leposaviq: 18-vje\u00e7ari ekspozoi bluz\u00eb me mbishkrim provokues \u201c\u00c7etnik\u00ebt Veri\u201d, p\u00ebrfundon n\u00eb polici -<\/title>\n<meta name=\"robots\" content=\"index, follow, max-snippet:-1, max-image-preview:large, max-video-preview:-1\" \/>\n<link rel=\"canonical\" href=\"https:\/\/veritasinfo.org\/?p=9626\" \/>\n<meta property=\"og:locale\" content=\"en_US\" \/>\n<meta property=\"og:type\" content=\"article\" \/>\n<meta property=\"og:title\" content=\"Leposaviq: 18-vje\u00e7ari ekspozoi bluz\u00eb me mbishkrim provokues \u201c\u00c7etnik\u00ebt Veri\u201d, p\u00ebrfundon n\u00eb polici -\" \/>\n<meta property=\"og:description\" content=\"Leposaviq, 27 Gusht 2025 Nj\u00eb incident \u00ebsht\u00eb raportuar pasditen e 26 gushtit n\u00eb Leposaviq, ku nj\u00eb i ri ka ekspozuar publikisht nj\u00eb simbol provokues. Si\u00e7\" \/>\n<meta property=\"og:url\" content=\"https:\/\/veritasinfo.org\/?p=9626\" \/>\n<meta property=\"article:published_time\" content=\"2025-08-27T08:24:50+00:00\" \/>\n<meta property=\"og:image\" content=\"https:\/\/veritasinfo.org\/wp-content\/uploads\/2025\/08\/IMG_3453.jpeg\" \/>\n\t<meta property=\"og:image:width\" content=\"1200\" \/>\n\t<meta property=\"og:image:height\" content=\"675\" \/>\n\t<meta property=\"og:image:type\" content=\"image\/jpeg\" \/>\n<meta name=\"author\" content=\"admin\" \/>\n<meta name=\"twitter:card\" content=\"summary_large_image\" \/>\n<meta name=\"twitter:label1\" content=\"Written by\" \/>\n\t<meta name=\"twitter:data1\" content=\"admin\" \/>\n\t<meta name=\"twitter:label2\" content=\"Est. reading time\" \/>\n\t<meta name=\"twitter:data2\" content=\"1 minute\" \/>\n<script type=\"application\/ld+json\" class=\"yoast-schema-graph\">{\"@context\":\"https:\/\/schema.org\",\"@graph\":[{\"@type\":\"WebPage\",\"@id\":\"https:\/\/veritasinfo.org\/?p=9626\",\"url\":\"https:\/\/veritasinfo.org\/?p=9626\",\"name\":\"Leposaviq: 18-vje\u00e7ari ekspozoi bluz\u00eb me mbishkrim provokues \u201c\u00c7etnik\u00ebt Veri\u201d, p\u00ebrfundon n\u00eb polici -\",\"isPartOf\":{\"@id\":\"https:\/\/veritasinfo.org\/#website\"},\"primaryImageOfPage\":{\"@id\":\"https:\/\/veritasinfo.org\/?p=9626#primaryimage\"},\"image\":{\"@id\":\"https:\/\/veritasinfo.org\/?p=9626#primaryimage\"},\"thumbnailUrl\":\"https:\/\/veritasinfo.org\/wp-content\/uploads\/2025\/08\/IMG_3453.jpeg\",\"datePublished\":\"2025-08-27T08:24:50+00:00\",\"author\":{\"@id\":\"https:\/\/veritasinfo.org\/#\/schema\/person\/7701f8c088bece422266b100a712374f\"},\"breadcrumb\":{\"@id\":\"https:\/\/veritasinfo.org\/?p=9626#breadcrumb\"},\"inLanguage\":\"en-US\",\"potentialAction\":[{\"@type\":\"ReadAction\",\"target\":[\"https:\/\/veritasinfo.org\/?p=9626\"]}]},{\"@type\":\"ImageObject\",\"inLanguage\":\"en-US\",\"@id\":\"https:\/\/veritasinfo.org\/?p=9626#primaryimage\",\"url\":\"https:\/\/veritasinfo.org\/wp-content\/uploads\/2025\/08\/IMG_3453.jpeg\",\"contentUrl\":\"https:\/\/veritasinfo.org\/wp-content\/uploads\/2025\/08\/IMG_3453.jpeg\",\"width\":1200,\"height\":675},{\"@type\":\"BreadcrumbList\",\"@id\":\"https:\/\/veritasinfo.org\/?p=9626#breadcrumb\",\"itemListElement\":[{\"@type\":\"ListItem\",\"position\":1,\"name\":\"Home\",\"item\":\"https:\/\/veritasinfo.org\/\"},{\"@type\":\"ListItem\",\"position\":2,\"name\":\"Leposaviq: 18-vje\u00e7ari ekspozoi bluz\u00eb me mbishkrim provokues \u201c\u00c7etnik\u00ebt Veri\u201d, p\u00ebrfundon n\u00eb polici\"}]},{\"@type\":\"WebSite\",\"@id\":\"https:\/\/veritasinfo.org\/#website\",\"url\":\"https:\/\/veritasinfo.org\/\",\"name\":\"\",\"description\":\"\",\"potentialAction\":[{\"@type\":\"SearchAction\",\"target\":{\"@type\":\"EntryPoint\",\"urlTemplate\":\"https:\/\/veritasinfo.org\/?s={search_term_string}\"},\"query-input\":{\"@type\":\"PropertyValueSpecification\",\"valueRequired\":true,\"valueName\":\"search_term_string\"}}],\"inLanguage\":\"en-US\"},{\"@type\":\"Person\",\"@id\":\"https:\/\/veritasinfo.org\/#\/schema\/person\/7701f8c088bece422266b100a712374f\",\"name\":\"admin\",\"image\":{\"@type\":\"ImageObject\",\"inLanguage\":\"en-US\",\"@id\":\"https:\/\/veritasinfo.org\/#\/schema\/person\/image\/\",\"url\":\"https:\/\/secure.gravatar.com\/avatar\/ea53aa3bf6c9a12d5fde8ce4deff43fef3885ae33cf60184161a50d6987cfd2f?s=96&d=mm&r=g\",\"contentUrl\":\"https:\/\/secure.gravatar.com\/avatar\/ea53aa3bf6c9a12d5fde8ce4deff43fef3885ae33cf60184161a50d6987cfd2f?s=96&d=mm&r=g\",\"caption\":\"admin\"},\"sameAs\":[\"https:\/\/veritasinfo.org\"],\"url\":\"https:\/\/veritasinfo.org\/?author=1\"}]}<\/script>\n<!-- \/ Yoast SEO plugin. -->","yoast_head_json":{"title":"Leposaviq: 18-vje\u00e7ari ekspozoi bluz\u00eb me mbishkrim provokues \u201c\u00c7etnik\u00ebt Veri\u201d, p\u00ebrfundon n\u00eb polici -","robots":{"index":"index","follow":"follow","max-snippet":"max-snippet:-1","max-image-preview":"max-image-preview:large","max-video-preview":"max-video-preview:-1"},"canonical":"https:\/\/veritasinfo.org\/?p=9626","og_locale":"en_US","og_type":"article","og_title":"Leposaviq: 18-vje\u00e7ari ekspozoi bluz\u00eb me mbishkrim provokues \u201c\u00c7etnik\u00ebt Veri\u201d, p\u00ebrfundon n\u00eb polici -","og_description":"Leposaviq, 27 Gusht 2025 Nj\u00eb incident \u00ebsht\u00eb raportuar pasditen e 26 gushtit n\u00eb Leposaviq, ku nj\u00eb i ri ka ekspozuar publikisht nj\u00eb simbol provokues. Si\u00e7","og_url":"https:\/\/veritasinfo.org\/?p=9626","article_published_time":"2025-08-27T08:24:50+00:00","og_image":[{"width":1200,"height":675,"url":"https:\/\/veritasinfo.org\/wp-content\/uploads\/2025\/08\/IMG_3453.jpeg","type":"image\/jpeg"}],"author":"admin","twitter_card":"summary_large_image","twitter_misc":{"Written by":"admin","Est. reading time":"1 minute"},"schema":{"@context":"https:\/\/schema.org","@graph":[{"@type":"WebPage","@id":"https:\/\/veritasinfo.org\/?p=9626","url":"https:\/\/veritasinfo.org\/?p=9626","name":"Leposaviq: 18-vje\u00e7ari ekspozoi bluz\u00eb me mbishkrim provokues \u201c\u00c7etnik\u00ebt Veri\u201d, p\u00ebrfundon n\u00eb polici -","isPartOf":{"@id":"https:\/\/veritasinfo.org\/#website"},"primaryImageOfPage":{"@id":"https:\/\/veritasinfo.org\/?p=9626#primaryimage"},"image":{"@id":"https:\/\/veritasinfo.org\/?p=9626#primaryimage"},"thumbnailUrl":"https:\/\/veritasinfo.org\/wp-content\/uploads\/2025\/08\/IMG_3453.jpeg","datePublished":"2025-08-27T08:24:50+00:00","author":{"@id":"https:\/\/veritasinfo.org\/#\/schema\/person\/7701f8c088bece422266b100a712374f"},"breadcrumb":{"@id":"https:\/\/veritasinfo.org\/?p=9626#breadcrumb"},"inLanguage":"en-US","potentialAction":[{"@type":"ReadAction","target":["https:\/\/veritasinfo.org\/?p=9626"]}]},{"@type":"ImageObject","inLanguage":"en-US","@id":"https:\/\/veritasinfo.org\/?p=9626#primaryimage","url":"https:\/\/veritasinfo.org\/wp-content\/uploads\/2025\/08\/IMG_3453.jpeg","contentUrl":"https:\/\/veritasinfo.org\/wp-content\/uploads\/2025\/08\/IMG_3453.jpeg","width":1200,"height":675},{"@type":"BreadcrumbList","@id":"https:\/\/veritasinfo.org\/?p=9626#breadcrumb","itemListElement":[{"@type":"ListItem","position":1,"name":"Home","item":"https:\/\/veritasinfo.org\/"},{"@type":"ListItem","position":2,"name":"Leposaviq: 18-vje\u00e7ari ekspozoi bluz\u00eb me mbishkrim provokues \u201c\u00c7etnik\u00ebt Veri\u201d, p\u00ebrfundon n\u00eb polici"}]},{"@type":"WebSite","@id":"https:\/\/veritasinfo.org\/#website","url":"https:\/\/veritasinfo.org\/","name":"","description":"","potentialAction":[{"@type":"SearchAction","target":{"@type":"EntryPoint","urlTemplate":"https:\/\/veritasinfo.org\/?s={search_term_string}"},"query-input":{"@type":"PropertyValueSpecification","valueRequired":true,"valueName":"search_term_string"}}],"inLanguage":"en-US"},{"@type":"Person","@id":"https:\/\/veritasinfo.org\/#\/schema\/person\/7701f8c088bece422266b100a712374f","name":"admin","image":{"@type":"ImageObject","inLanguage":"en-US","@id":"https:\/\/veritasinfo.org\/#\/schema\/person\/image\/","url":"https:\/\/secure.gravatar.com\/avatar\/ea53aa3bf6c9a12d5fde8ce4deff43fef3885ae33cf60184161a50d6987cfd2f?s=96&d=mm&r=g","contentUrl":"https:\/\/secure.gravatar.com\/avatar\/ea53aa3bf6c9a12d5fde8ce4deff43fef3885ae33cf60184161a50d6987cfd2f?s=96&d=mm&r=g","caption":"admin"},"sameAs":["https:\/\/veritasinfo.org"],"url":"https:\/\/veritasinfo.org\/?author=1"}]}},"featured_image_urls":{"full":["https:\/\/veritasinfo.org\/wp-content\/uploads\/2025\/08\/IMG_3453.jpeg",1200,675,false],"thumbnail":["https:\/\/veritasinfo.org\/wp-content\/uploads\/2025\/08\/IMG_3453-150x150.jpeg",150,150,true],"medium":["https:\/\/veritasinfo.org\/wp-content\/uploads\/2025\/08\/IMG_3453-300x169.jpeg",300,169,true],"medium_large":["https:\/\/veritasinfo.org\/wp-content\/uploads\/2025\/08\/IMG_3453-768x432.jpeg",640,360,true],"large":["https:\/\/veritasinfo.org\/wp-content\/uploads\/2025\/08\/IMG_3453-1024x576.jpeg",640,360,true],"1536x1536":["https:\/\/veritasinfo.org\/wp-content\/uploads\/2025\/08\/IMG_3453.jpeg",1200,675,false],"2048x2048":["https:\/\/veritasinfo.org\/wp-content\/uploads\/2025\/08\/IMG_3453.jpeg",1200,675,false],"kreeti-slider-full":["https:\/\/veritasinfo.org\/wp-content\/uploads\/2025\/08\/IMG_3453.jpeg",1200,675,false],"kreeti-featured":["https:\/\/veritasinfo.org\/wp-content\/uploads\/2025\/08\/IMG_3453.jpeg",1024,576,false],"kreeti-medium":["https:\/\/veritasinfo.org\/wp-content\/uploads\/2025\/08\/IMG_3453.jpeg",720,405,false],"kreeti-medium-square":["https:\/\/veritasinfo.org\/wp-content\/uploads\/2025\/08\/IMG_3453.jpeg",350,197,false]},"author_info":{"info":["admin"]},"category_info":"<a href=\"https:\/\/veritasinfo.org\/?cat=52\" rel=\"category\">Komunat<\/a>","tag_info":"Komunat","comment_count":"0","_links":{"self":[{"href":"https:\/\/veritasinfo.org\/index.php?rest_route=\/wp\/v2\/posts\/9626","targetHints":{"allow":["GET"]}}],"collection":[{"href":"https:\/\/veritasinfo.org\/index.php?rest_route=\/wp\/v2\/posts"}],"about":[{"href":"https:\/\/veritasinfo.org\/index.php?rest_route=\/wp\/v2\/types\/post"}],"author":[{"embeddable":true,"href":"https:\/\/veritasinfo.org\/index.php?rest_route=\/wp\/v2\/users\/1"}],"replies":[{"embeddable":true,"href":"https:\/\/veritasinfo.org\/index.php?rest_route=%2Fwp%2Fv2%2Fcomments&post=9626"}],"version-history":[{"count":1,"href":"https:\/\/veritasinfo.org\/index.php?rest_route=\/wp\/v2\/posts\/9626\/revisions"}],"predecessor-version":[{"id":9628,"href":"https:\/\/veritasinfo.org\/index.php?rest_route=\/wp\/v2\/posts\/9626\/revisions\/9628"}],"wp:featuredmedia":[{"embeddable":true,"href":"https:\/\/veritasinfo.org\/index.php?rest_route=\/wp\/v2\/media\/9627"}],"wp:attachment":[{"href":"https:\/\/veritasinfo.org\/index.php?rest_route=%2Fwp%2Fv2%2Fmedia&parent=9626"}],"wp:term":[{"taxonomy":"category","embeddable":true,"href":"https:\/\/veritasinfo.org\/index.php?rest_route=%2Fwp%2Fv2%2Fcategories&post=9626"},{"taxonomy":"post_tag","embeddable":true,"href":"https:\/\/veritasinfo.org\/index.php?rest_route=%2Fwp%2Fv2%2Ftags&post=9626"}],"curies":[{"name":"wp","href":"https:\/\/api.w.org\/{rel}","templated":true}]}}