{"id":962,"date":"2025-06-18T11:36:54","date_gmt":"2025-06-18T09:36:54","guid":{"rendered":"https:\/\/veritasinfo.org\/?p=962"},"modified":"2025-06-18T11:36:54","modified_gmt":"2025-06-18T09:36:54","slug":"organizatat-nga-veriu-i-kosoves-qendrojne-ne-mbrojtje-te-personave-te-dyshuar-per-shkelje-te-ligjit","status":"publish","type":"post","link":"https:\/\/veritasinfo.org\/?p=962","title":{"rendered":"Organizatat nga veriu i Kosov\u00ebs q\u00ebndrojn\u00eb n\u00eb mbrojtje t\u00eb personave t\u00eb dyshuar p\u00ebr shkelje t\u00eb ligjit"},"content":{"rendered":"<p>Pas deportimit t\u00eb disa serb\u00ebve nga Kosova, nd\u00ebr t\u00eb cil\u00ebt ishte edhe nj\u00eb pjes\u00ebtar i pensionuar i MPB-s\u00eb s\u00eb Serbis\u00eb, gjasht\u00ebmb\u00ebdhjet\u00eb organizata t\u00eb shoq\u00ebris\u00eb civile t\u00eb udh\u00ebhequra nga serb\u00ebt e Kosov\u00ebs i kan\u00eb drejtuar nj\u00eb let\u00ebr t\u00eb hapur disa institucioneve vendore dhe nd\u00ebrkomb\u00ebtare, duke k\u00ebrkuar hetim urgjent.<\/p>\n<p>Letra \u00ebsht\u00eb d\u00ebrguar Institucionit t\u00eb Avokatit t\u00eb Popullit t\u00eb Kosov\u00ebs, Zyr\u00ebs s\u00eb K\u00ebshillit t\u00eb Evrop\u00ebs, Zyr\u00ebs s\u00eb BE-s\u00eb n\u00eb Prishtin\u00eb, OHCHR-it, Komisionerit t\u00eb Lart\u00eb t\u00eb OSBE-s\u00eb p\u00ebr Pakicat Komb\u00ebtare, UNMIK-ut dhe organizat\u00ebs Civil Rights Defenders. Organizatat k\u00ebrkojn\u00eb nj\u00eb hetim t\u00eb pavarur mbi ligjshm\u00ebrin\u00eb e deportimeve, shqyrtimin e shkeljeve t\u00eb mundshme t\u00eb t\u00eb drejtave t\u00eb njeriut dhe rekomandime p\u00ebr parandalimin e rasteve t\u00eb ngjashme n\u00eb t\u00eb ardhmen.<\/p>\n<p>Si\u00e7 theksohet, personat e deportuar posedojn\u00eb edhe shtet\u00ebsin\u00eb e Kosov\u00ebs, e cila nuk u \u00ebsht\u00eb revokuar zyrtarisht, nd\u00ebrsa procedura \u00ebsht\u00eb zbatuar pa vendim gjyq\u00ebsor, \u00e7ka p\u00ebrb\u00ebn shkelje t\u00eb dispozitave t\u00eb Kushtetut\u00ebs dhe konventave nd\u00ebrkomb\u00ebtare, p\u00ebrfshir\u00eb t\u00eb drejt\u00ebn p\u00ebr nj\u00eb gjykim t\u00eb drejt\u00eb, lirin\u00eb e l\u00ebvizjes dhe t\u00eb drejt\u00ebn p\u00ebr jet\u00ebn familjare.<\/p>\n<p>N\u00eb m\u00ebnyr\u00eb t\u00eb ve\u00e7ant\u00eb theksohet se masa e ndalimit t\u00eb hyrjes n\u00eb Kosov\u00eb \u00ebsht\u00eb vendosur pa vendim p\u00ebrfundimtar gjyq\u00ebsor dhe pa ndonj\u00eb mjet efektiv juridik, gj\u00eb q\u00eb, sipas tyre, tregon p\u00ebr nj\u00eb selektivitet politik n\u00eb zbatimin e ligjit.<\/p>\n<p>Letres i \u00ebsht\u00eb bashk\u00ebngjitur nj\u00eb memorandum juridik me dispozita p\u00ebrkat\u00ebse t\u00eb s\u00eb drejt\u00ebs nd\u00ebrkomb\u00ebtare dhe Kushtetut\u00ebs s\u00eb Kosov\u00ebs.<\/p>\n<p>N\u00ebnshkruesit p\u00ebrfshijn\u00eb: Women&#8217;s Right, OJQ AKTIV, CASA, NSI, InTER, ACDC, CPT, CSD, CSI, Gra\u010danica Online, EMEG, HERC, FDMC, Qendra Humanitare Mitrovica dhe CRLS.<\/p>\n<p>&nbsp;<\/p>\n<p>&nbsp;<\/p>\n","protected":false},"excerpt":{"rendered":"<p>Pas deportimit t\u00eb disa serb\u00ebve nga Kosova, nd\u00ebr t\u00eb cil\u00ebt ishte edhe nj\u00eb pjes\u00ebtar i pensionuar i MPB-s\u00eb s\u00eb Serbis\u00eb, gjasht\u00ebmb\u00ebdhjet\u00eb organizata t\u00eb shoq\u00ebris\u00eb civile<\/p>\n","protected":false},"author":1,"featured_media":959,"comment_status":"open","ping_status":"open","sticky":false,"template":"","format":"standard","meta":{"footnotes":""},"categories":[60],"tags":[],"class_list":["post-962","post","type-post","status-publish","format-standard","has-post-thumbnail","hentry","category-shoqerore-sq"],"yoast_head":"<!-- This site is optimized with the Yoast SEO plugin v25.3.1 - https:\/\/yoast.com\/wordpress\/plugins\/seo\/ -->\n<title>Organizatat nga veriu i Kosov\u00ebs q\u00ebndrojn\u00eb n\u00eb mbrojtje t\u00eb personave t\u00eb dyshuar p\u00ebr shkelje t\u00eb ligjit -<\/title>\n<meta name=\"robots\" content=\"index, follow, max-snippet:-1, max-image-preview:large, max-video-preview:-1\" \/>\n<link rel=\"canonical\" href=\"https:\/\/veritasinfo.org\/?p=962\" \/>\n<meta property=\"og:locale\" content=\"en_US\" \/>\n<meta property=\"og:type\" content=\"article\" \/>\n<meta property=\"og:title\" content=\"Organizatat nga veriu i Kosov\u00ebs q\u00ebndrojn\u00eb n\u00eb mbrojtje t\u00eb personave t\u00eb dyshuar p\u00ebr shkelje t\u00eb ligjit -\" \/>\n<meta property=\"og:description\" content=\"Pas deportimit t\u00eb disa serb\u00ebve nga Kosova, nd\u00ebr t\u00eb cil\u00ebt ishte edhe nj\u00eb pjes\u00ebtar i pensionuar i MPB-s\u00eb s\u00eb Serbis\u00eb, gjasht\u00ebmb\u00ebdhjet\u00eb organizata t\u00eb shoq\u00ebris\u00eb civile\" \/>\n<meta property=\"og:url\" content=\"https:\/\/veritasinfo.org\/?p=962\" \/>\n<meta property=\"article:published_time\" content=\"2025-06-18T09:36:54+00:00\" \/>\n<meta property=\"og:image\" content=\"https:\/\/veritasinfo.org\/wp-content\/uploads\/2025\/06\/inbound538575725037604297.jpg\" \/>\n\t<meta property=\"og:image:width\" content=\"640\" \/>\n\t<meta property=\"og:image:height\" content=\"480\" \/>\n\t<meta property=\"og:image:type\" content=\"image\/jpeg\" \/>\n<meta name=\"author\" content=\"admin\" \/>\n<meta name=\"twitter:card\" content=\"summary_large_image\" \/>\n<meta name=\"twitter:label1\" content=\"Written by\" \/>\n\t<meta name=\"twitter:data1\" content=\"admin\" \/>\n\t<meta name=\"twitter:label2\" content=\"Est. reading time\" \/>\n\t<meta name=\"twitter:data2\" content=\"2 minutes\" \/>\n<script type=\"application\/ld+json\" class=\"yoast-schema-graph\">{\"@context\":\"https:\/\/schema.org\",\"@graph\":[{\"@type\":\"WebPage\",\"@id\":\"https:\/\/veritasinfo.org\/?p=962\",\"url\":\"https:\/\/veritasinfo.org\/?p=962\",\"name\":\"Organizatat nga veriu i Kosov\u00ebs q\u00ebndrojn\u00eb n\u00eb mbrojtje t\u00eb personave t\u00eb dyshuar p\u00ebr shkelje t\u00eb ligjit -\",\"isPartOf\":{\"@id\":\"https:\/\/veritasinfo.org\/#website\"},\"primaryImageOfPage\":{\"@id\":\"https:\/\/veritasinfo.org\/?p=962#primaryimage\"},\"image\":{\"@id\":\"https:\/\/veritasinfo.org\/?p=962#primaryimage\"},\"thumbnailUrl\":\"https:\/\/veritasinfo.org\/wp-content\/uploads\/2025\/06\/inbound538575725037604297.jpg\",\"datePublished\":\"2025-06-18T09:36:54+00:00\",\"author\":{\"@id\":\"https:\/\/veritasinfo.org\/#\/schema\/person\/7701f8c088bece422266b100a712374f\"},\"breadcrumb\":{\"@id\":\"https:\/\/veritasinfo.org\/?p=962#breadcrumb\"},\"inLanguage\":\"en-US\",\"potentialAction\":[{\"@type\":\"ReadAction\",\"target\":[\"https:\/\/veritasinfo.org\/?p=962\"]}]},{\"@type\":\"ImageObject\",\"inLanguage\":\"en-US\",\"@id\":\"https:\/\/veritasinfo.org\/?p=962#primaryimage\",\"url\":\"https:\/\/veritasinfo.org\/wp-content\/uploads\/2025\/06\/inbound538575725037604297.jpg\",\"contentUrl\":\"https:\/\/veritasinfo.org\/wp-content\/uploads\/2025\/06\/inbound538575725037604297.jpg\",\"width\":640,\"height\":480},{\"@type\":\"BreadcrumbList\",\"@id\":\"https:\/\/veritasinfo.org\/?p=962#breadcrumb\",\"itemListElement\":[{\"@type\":\"ListItem\",\"position\":1,\"name\":\"Home\",\"item\":\"https:\/\/veritasinfo.org\/\"},{\"@type\":\"ListItem\",\"position\":2,\"name\":\"Organizatat nga veriu i Kosov\u00ebs q\u00ebndrojn\u00eb n\u00eb mbrojtje t\u00eb personave t\u00eb dyshuar p\u00ebr shkelje t\u00eb ligjit\"}]},{\"@type\":\"WebSite\",\"@id\":\"https:\/\/veritasinfo.org\/#website\",\"url\":\"https:\/\/veritasinfo.org\/\",\"name\":\"\",\"description\":\"\",\"potentialAction\":[{\"@type\":\"SearchAction\",\"target\":{\"@type\":\"EntryPoint\",\"urlTemplate\":\"https:\/\/veritasinfo.org\/?s={search_term_string}\"},\"query-input\":{\"@type\":\"PropertyValueSpecification\",\"valueRequired\":true,\"valueName\":\"search_term_string\"}}],\"inLanguage\":\"en-US\"},{\"@type\":\"Person\",\"@id\":\"https:\/\/veritasinfo.org\/#\/schema\/person\/7701f8c088bece422266b100a712374f\",\"name\":\"admin\",\"image\":{\"@type\":\"ImageObject\",\"inLanguage\":\"en-US\",\"@id\":\"https:\/\/veritasinfo.org\/#\/schema\/person\/image\/\",\"url\":\"https:\/\/secure.gravatar.com\/avatar\/ea53aa3bf6c9a12d5fde8ce4deff43fef3885ae33cf60184161a50d6987cfd2f?s=96&d=mm&r=g\",\"contentUrl\":\"https:\/\/secure.gravatar.com\/avatar\/ea53aa3bf6c9a12d5fde8ce4deff43fef3885ae33cf60184161a50d6987cfd2f?s=96&d=mm&r=g\",\"caption\":\"admin\"},\"sameAs\":[\"https:\/\/veritasinfo.org\"],\"url\":\"https:\/\/veritasinfo.org\/?author=1\"}]}<\/script>\n<!-- \/ Yoast SEO plugin. -->","yoast_head_json":{"title":"Organizatat nga veriu i Kosov\u00ebs q\u00ebndrojn\u00eb n\u00eb mbrojtje t\u00eb personave t\u00eb dyshuar p\u00ebr shkelje t\u00eb ligjit -","robots":{"index":"index","follow":"follow","max-snippet":"max-snippet:-1","max-image-preview":"max-image-preview:large","max-video-preview":"max-video-preview:-1"},"canonical":"https:\/\/veritasinfo.org\/?p=962","og_locale":"en_US","og_type":"article","og_title":"Organizatat nga veriu i Kosov\u00ebs q\u00ebndrojn\u00eb n\u00eb mbrojtje t\u00eb personave t\u00eb dyshuar p\u00ebr shkelje t\u00eb ligjit -","og_description":"Pas deportimit t\u00eb disa serb\u00ebve nga Kosova, nd\u00ebr t\u00eb cil\u00ebt ishte edhe nj\u00eb pjes\u00ebtar i pensionuar i MPB-s\u00eb s\u00eb Serbis\u00eb, gjasht\u00ebmb\u00ebdhjet\u00eb organizata t\u00eb shoq\u00ebris\u00eb civile","og_url":"https:\/\/veritasinfo.org\/?p=962","article_published_time":"2025-06-18T09:36:54+00:00","og_image":[{"width":640,"height":480,"url":"https:\/\/veritasinfo.org\/wp-content\/uploads\/2025\/06\/inbound538575725037604297.jpg","type":"image\/jpeg"}],"author":"admin","twitter_card":"summary_large_image","twitter_misc":{"Written by":"admin","Est. reading time":"2 minutes"},"schema":{"@context":"https:\/\/schema.org","@graph":[{"@type":"WebPage","@id":"https:\/\/veritasinfo.org\/?p=962","url":"https:\/\/veritasinfo.org\/?p=962","name":"Organizatat nga veriu i Kosov\u00ebs q\u00ebndrojn\u00eb n\u00eb mbrojtje t\u00eb personave t\u00eb dyshuar p\u00ebr shkelje t\u00eb ligjit -","isPartOf":{"@id":"https:\/\/veritasinfo.org\/#website"},"primaryImageOfPage":{"@id":"https:\/\/veritasinfo.org\/?p=962#primaryimage"},"image":{"@id":"https:\/\/veritasinfo.org\/?p=962#primaryimage"},"thumbnailUrl":"https:\/\/veritasinfo.org\/wp-content\/uploads\/2025\/06\/inbound538575725037604297.jpg","datePublished":"2025-06-18T09:36:54+00:00","author":{"@id":"https:\/\/veritasinfo.org\/#\/schema\/person\/7701f8c088bece422266b100a712374f"},"breadcrumb":{"@id":"https:\/\/veritasinfo.org\/?p=962#breadcrumb"},"inLanguage":"en-US","potentialAction":[{"@type":"ReadAction","target":["https:\/\/veritasinfo.org\/?p=962"]}]},{"@type":"ImageObject","inLanguage":"en-US","@id":"https:\/\/veritasinfo.org\/?p=962#primaryimage","url":"https:\/\/veritasinfo.org\/wp-content\/uploads\/2025\/06\/inbound538575725037604297.jpg","contentUrl":"https:\/\/veritasinfo.org\/wp-content\/uploads\/2025\/06\/inbound538575725037604297.jpg","width":640,"height":480},{"@type":"BreadcrumbList","@id":"https:\/\/veritasinfo.org\/?p=962#breadcrumb","itemListElement":[{"@type":"ListItem","position":1,"name":"Home","item":"https:\/\/veritasinfo.org\/"},{"@type":"ListItem","position":2,"name":"Organizatat nga veriu i Kosov\u00ebs q\u00ebndrojn\u00eb n\u00eb mbrojtje t\u00eb personave t\u00eb dyshuar p\u00ebr shkelje t\u00eb ligjit"}]},{"@type":"WebSite","@id":"https:\/\/veritasinfo.org\/#website","url":"https:\/\/veritasinfo.org\/","name":"","description":"","potentialAction":[{"@type":"SearchAction","target":{"@type":"EntryPoint","urlTemplate":"https:\/\/veritasinfo.org\/?s={search_term_string}"},"query-input":{"@type":"PropertyValueSpecification","valueRequired":true,"valueName":"search_term_string"}}],"inLanguage":"en-US"},{"@type":"Person","@id":"https:\/\/veritasinfo.org\/#\/schema\/person\/7701f8c088bece422266b100a712374f","name":"admin","image":{"@type":"ImageObject","inLanguage":"en-US","@id":"https:\/\/veritasinfo.org\/#\/schema\/person\/image\/","url":"https:\/\/secure.gravatar.com\/avatar\/ea53aa3bf6c9a12d5fde8ce4deff43fef3885ae33cf60184161a50d6987cfd2f?s=96&d=mm&r=g","contentUrl":"https:\/\/secure.gravatar.com\/avatar\/ea53aa3bf6c9a12d5fde8ce4deff43fef3885ae33cf60184161a50d6987cfd2f?s=96&d=mm&r=g","caption":"admin"},"sameAs":["https:\/\/veritasinfo.org"],"url":"https:\/\/veritasinfo.org\/?author=1"}]}},"featured_image_urls":{"full":["https:\/\/veritasinfo.org\/wp-content\/uploads\/2025\/06\/inbound538575725037604297.jpg",640,480,false],"thumbnail":["https:\/\/veritasinfo.org\/wp-content\/uploads\/2025\/06\/inbound538575725037604297-150x150.jpg",150,150,true],"medium":["https:\/\/veritasinfo.org\/wp-content\/uploads\/2025\/06\/inbound538575725037604297-300x225.jpg",300,225,true],"medium_large":["https:\/\/veritasinfo.org\/wp-content\/uploads\/2025\/06\/inbound538575725037604297.jpg",640,480,false],"large":["https:\/\/veritasinfo.org\/wp-content\/uploads\/2025\/06\/inbound538575725037604297.jpg",640,480,false],"1536x1536":["https:\/\/veritasinfo.org\/wp-content\/uploads\/2025\/06\/inbound538575725037604297.jpg",640,480,false],"2048x2048":["https:\/\/veritasinfo.org\/wp-content\/uploads\/2025\/06\/inbound538575725037604297.jpg",640,480,false],"kreeti-slider-full":["https:\/\/veritasinfo.org\/wp-content\/uploads\/2025\/06\/inbound538575725037604297.jpg",640,480,false],"kreeti-featured":["https:\/\/veritasinfo.org\/wp-content\/uploads\/2025\/06\/inbound538575725037604297.jpg",640,480,false],"kreeti-medium":["https:\/\/veritasinfo.org\/wp-content\/uploads\/2025\/06\/inbound538575725037604297.jpg",640,480,false],"kreeti-medium-square":["https:\/\/veritasinfo.org\/wp-content\/uploads\/2025\/06\/inbound538575725037604297.jpg",350,263,false]},"author_info":{"info":["admin"]},"category_info":"<a href=\"https:\/\/veritasinfo.org\/?cat=60\" rel=\"category\">Shoq\u00ebrore<\/a>","tag_info":"Shoq\u00ebrore","comment_count":"0","_links":{"self":[{"href":"https:\/\/veritasinfo.org\/index.php?rest_route=\/wp\/v2\/posts\/962","targetHints":{"allow":["GET"]}}],"collection":[{"href":"https:\/\/veritasinfo.org\/index.php?rest_route=\/wp\/v2\/posts"}],"about":[{"href":"https:\/\/veritasinfo.org\/index.php?rest_route=\/wp\/v2\/types\/post"}],"author":[{"embeddable":true,"href":"https:\/\/veritasinfo.org\/index.php?rest_route=\/wp\/v2\/users\/1"}],"replies":[{"embeddable":true,"href":"https:\/\/veritasinfo.org\/index.php?rest_route=%2Fwp%2Fv2%2Fcomments&post=962"}],"version-history":[{"count":1,"href":"https:\/\/veritasinfo.org\/index.php?rest_route=\/wp\/v2\/posts\/962\/revisions"}],"predecessor-version":[{"id":967,"href":"https:\/\/veritasinfo.org\/index.php?rest_route=\/wp\/v2\/posts\/962\/revisions\/967"}],"wp:featuredmedia":[{"embeddable":true,"href":"https:\/\/veritasinfo.org\/index.php?rest_route=\/wp\/v2\/media\/959"}],"wp:attachment":[{"href":"https:\/\/veritasinfo.org\/index.php?rest_route=%2Fwp%2Fv2%2Fmedia&parent=962"}],"wp:term":[{"taxonomy":"category","embeddable":true,"href":"https:\/\/veritasinfo.org\/index.php?rest_route=%2Fwp%2Fv2%2Fcategories&post=962"},{"taxonomy":"post_tag","embeddable":true,"href":"https:\/\/veritasinfo.org\/index.php?rest_route=%2Fwp%2Fv2%2Ftags&post=962"}],"curies":[{"name":"wp","href":"https:\/\/api.w.org\/{rel}","templated":true}]}}