{"id":9562,"date":"2025-08-26T18:19:40","date_gmt":"2025-08-26T16:19:40","guid":{"rendered":"https:\/\/veritasinfo.org\/?p=9562"},"modified":"2025-08-26T18:19:40","modified_gmt":"2025-08-26T16:19:40","slug":"perseriten-thirrjet-raciste-ndaj-shqiptareve-ne-stadiumet-e-maqedonise-se-veriut","status":"publish","type":"post","link":"https:\/\/veritasinfo.org\/?p=9562","title":{"rendered":"P\u00ebrs\u00ebriten thirrjet raciste ndaj shqiptar\u00ebve n\u00eb stadiumet e Maqedonis\u00eb s\u00eb Veriut"},"content":{"rendered":"<p>Kavadar, 26 Gusht 2025<\/p>\n<p>Thirrjet raciste n\u00eb terrenet sportive n\u00eb Maqedonin\u00eb e Veriut vazhdojn\u00eb t\u00eb p\u00ebrs\u00ebriten, duke hedhur hije mbi futbollin vendor.<\/p>\n<p>Rasti i fundit u sh\u00ebnua mbr\u00ebm\u00eb n\u00eb Kavadar, gjat\u00eb ndeshjes mes Pelisterit dhe Shkupit, ku nga tribuna u d\u00ebgjuan brohoritje fyese me p\u00ebrmbajtje raciste ndaj shqiptar\u00ebve.<\/p>\n<p>Ky incident vjen vet\u00ebm nj\u00eb muaj pas nj\u00eb rasti t\u00eb ngjash\u00ebm n\u00eb Kumanov\u00eb, duke treguar se problemi mbetet i pranish\u00ebm dhe i p\u00ebrs\u00ebritur.<\/p>\n<p>Refreni \u201cle ta kuptojn\u00eb shqiptar\u00ebt e mallkuar, emri maqedonas nuk do t\u00eb zhduket\u201d \u00ebsht\u00eb b\u00ebr\u00eb tashm\u00eb nj\u00eb nga thirrjet m\u00eb t\u00eb d\u00ebgjuara n\u00eb k\u00ebto ndeshje.<\/p>\n<p>N\u00eb kumtes\u00ebn zyrtare t\u00eb FFM-s theksohet: \u201cPas raportit t\u00eb delegatit t\u00eb ndeshjes KF Pelisteri \u2013 KF Shkupi, Komisioni p\u00ebr ndeshjet e FFM-s\u00eb e ka d\u00ebrguar KF Pelister n\u00eb Komisionin Disiplinor p\u00ebr procedur\u00eb t\u00eb m\u00ebtejshme.<\/p>\n<p>Raporti ka t\u00eb b\u00ebj\u00eb me brohoritje fyese nga disa tifoz\u00eb n\u00eb ndeshjen Pelisteri \u2013 Shkupi, t\u00eb luajtur n\u00eb kuad\u00ebr t\u00eb raundit t\u00eb 3-t\u00eb t\u00eb Lig\u00ebs s\u00eb Par\u00eb t\u00eb Futbollit t\u00eb Maqedonis\u00eb s\u00eb Veriut\u201d.<\/p>\n<p>Ky nuk \u00ebsht\u00eb incidenti i par\u00eb i k\u00ebtij lloji n\u00eb futbollin vendor, nd\u00ebrsa pritet t\u00eb shihet se cilat masa konkrete do t\u00eb nd\u00ebrmarr\u00eb Komisioni Disiplinor ndaj klubit nga Manastiri.<\/p>\n","protected":false},"excerpt":{"rendered":"<p>Kavadar, 26 Gusht 2025 Thirrjet raciste n\u00eb terrenet sportive n\u00eb Maqedonin\u00eb e Veriut vazhdojn\u00eb t\u00eb p\u00ebrs\u00ebriten, duke hedhur hije mbi futbollin vendor. Rasti i fundit<\/p>\n","protected":false},"author":1,"featured_media":9563,"comment_status":"open","ping_status":"open","sticky":false,"template":"","format":"standard","meta":{"footnotes":""},"categories":[5],"tags":[],"class_list":["post-9562","post","type-post","status-publish","format-standard","has-post-thumbnail","hentry","category-sport-sq"],"yoast_head":"<!-- This site is optimized with the Yoast SEO plugin v25.3.1 - https:\/\/yoast.com\/wordpress\/plugins\/seo\/ -->\n<title>P\u00ebrs\u00ebriten thirrjet raciste ndaj shqiptar\u00ebve n\u00eb stadiumet e Maqedonis\u00eb s\u00eb Veriut -<\/title>\n<meta name=\"robots\" content=\"index, follow, max-snippet:-1, max-image-preview:large, max-video-preview:-1\" \/>\n<link rel=\"canonical\" href=\"https:\/\/veritasinfo.org\/?p=9562\" \/>\n<meta property=\"og:locale\" content=\"en_US\" \/>\n<meta property=\"og:type\" content=\"article\" \/>\n<meta property=\"og:title\" content=\"P\u00ebrs\u00ebriten thirrjet raciste ndaj shqiptar\u00ebve n\u00eb stadiumet e Maqedonis\u00eb s\u00eb Veriut -\" \/>\n<meta property=\"og:description\" content=\"Kavadar, 26 Gusht 2025 Thirrjet raciste n\u00eb terrenet sportive n\u00eb Maqedonin\u00eb e Veriut vazhdojn\u00eb t\u00eb p\u00ebrs\u00ebriten, duke hedhur hije mbi futbollin vendor. Rasti i fundit\" \/>\n<meta property=\"og:url\" content=\"https:\/\/veritasinfo.org\/?p=9562\" \/>\n<meta property=\"article:published_time\" content=\"2025-08-26T16:19:40+00:00\" \/>\n<meta property=\"og:image\" content=\"https:\/\/veritasinfo.org\/wp-content\/uploads\/2025\/08\/IMG_2763.png\" \/>\n\t<meta property=\"og:image:width\" content=\"270\" \/>\n\t<meta property=\"og:image:height\" content=\"220\" \/>\n\t<meta property=\"og:image:type\" content=\"image\/png\" \/>\n<meta name=\"author\" content=\"admin\" \/>\n<meta name=\"twitter:card\" content=\"summary_large_image\" \/>\n<meta name=\"twitter:label1\" content=\"Written by\" \/>\n\t<meta name=\"twitter:data1\" content=\"admin\" \/>\n\t<meta name=\"twitter:label2\" content=\"Est. reading time\" \/>\n\t<meta name=\"twitter:data2\" content=\"2 minutes\" \/>\n<script type=\"application\/ld+json\" class=\"yoast-schema-graph\">{\"@context\":\"https:\/\/schema.org\",\"@graph\":[{\"@type\":\"WebPage\",\"@id\":\"https:\/\/veritasinfo.org\/?p=9562\",\"url\":\"https:\/\/veritasinfo.org\/?p=9562\",\"name\":\"P\u00ebrs\u00ebriten thirrjet raciste ndaj shqiptar\u00ebve n\u00eb stadiumet e Maqedonis\u00eb s\u00eb Veriut -\",\"isPartOf\":{\"@id\":\"https:\/\/veritasinfo.org\/#website\"},\"primaryImageOfPage\":{\"@id\":\"https:\/\/veritasinfo.org\/?p=9562#primaryimage\"},\"image\":{\"@id\":\"https:\/\/veritasinfo.org\/?p=9562#primaryimage\"},\"thumbnailUrl\":\"https:\/\/veritasinfo.org\/wp-content\/uploads\/2025\/08\/IMG_2763.png\",\"datePublished\":\"2025-08-26T16:19:40+00:00\",\"author\":{\"@id\":\"https:\/\/veritasinfo.org\/#\/schema\/person\/7701f8c088bece422266b100a712374f\"},\"breadcrumb\":{\"@id\":\"https:\/\/veritasinfo.org\/?p=9562#breadcrumb\"},\"inLanguage\":\"en-US\",\"potentialAction\":[{\"@type\":\"ReadAction\",\"target\":[\"https:\/\/veritasinfo.org\/?p=9562\"]}]},{\"@type\":\"ImageObject\",\"inLanguage\":\"en-US\",\"@id\":\"https:\/\/veritasinfo.org\/?p=9562#primaryimage\",\"url\":\"https:\/\/veritasinfo.org\/wp-content\/uploads\/2025\/08\/IMG_2763.png\",\"contentUrl\":\"https:\/\/veritasinfo.org\/wp-content\/uploads\/2025\/08\/IMG_2763.png\",\"width\":270,\"height\":220},{\"@type\":\"BreadcrumbList\",\"@id\":\"https:\/\/veritasinfo.org\/?p=9562#breadcrumb\",\"itemListElement\":[{\"@type\":\"ListItem\",\"position\":1,\"name\":\"Home\",\"item\":\"https:\/\/veritasinfo.org\/\"},{\"@type\":\"ListItem\",\"position\":2,\"name\":\"P\u00ebrs\u00ebriten thirrjet raciste ndaj shqiptar\u00ebve n\u00eb stadiumet e Maqedonis\u00eb s\u00eb Veriut\"}]},{\"@type\":\"WebSite\",\"@id\":\"https:\/\/veritasinfo.org\/#website\",\"url\":\"https:\/\/veritasinfo.org\/\",\"name\":\"\",\"description\":\"\",\"potentialAction\":[{\"@type\":\"SearchAction\",\"target\":{\"@type\":\"EntryPoint\",\"urlTemplate\":\"https:\/\/veritasinfo.org\/?s={search_term_string}\"},\"query-input\":{\"@type\":\"PropertyValueSpecification\",\"valueRequired\":true,\"valueName\":\"search_term_string\"}}],\"inLanguage\":\"en-US\"},{\"@type\":\"Person\",\"@id\":\"https:\/\/veritasinfo.org\/#\/schema\/person\/7701f8c088bece422266b100a712374f\",\"name\":\"admin\",\"image\":{\"@type\":\"ImageObject\",\"inLanguage\":\"en-US\",\"@id\":\"https:\/\/veritasinfo.org\/#\/schema\/person\/image\/\",\"url\":\"https:\/\/secure.gravatar.com\/avatar\/ea53aa3bf6c9a12d5fde8ce4deff43fef3885ae33cf60184161a50d6987cfd2f?s=96&d=mm&r=g\",\"contentUrl\":\"https:\/\/secure.gravatar.com\/avatar\/ea53aa3bf6c9a12d5fde8ce4deff43fef3885ae33cf60184161a50d6987cfd2f?s=96&d=mm&r=g\",\"caption\":\"admin\"},\"sameAs\":[\"https:\/\/veritasinfo.org\"],\"url\":\"https:\/\/veritasinfo.org\/?author=1\"}]}<\/script>\n<!-- \/ Yoast SEO plugin. -->","yoast_head_json":{"title":"P\u00ebrs\u00ebriten thirrjet raciste ndaj shqiptar\u00ebve n\u00eb stadiumet e Maqedonis\u00eb s\u00eb Veriut -","robots":{"index":"index","follow":"follow","max-snippet":"max-snippet:-1","max-image-preview":"max-image-preview:large","max-video-preview":"max-video-preview:-1"},"canonical":"https:\/\/veritasinfo.org\/?p=9562","og_locale":"en_US","og_type":"article","og_title":"P\u00ebrs\u00ebriten thirrjet raciste ndaj shqiptar\u00ebve n\u00eb stadiumet e Maqedonis\u00eb s\u00eb Veriut -","og_description":"Kavadar, 26 Gusht 2025 Thirrjet raciste n\u00eb terrenet sportive n\u00eb Maqedonin\u00eb e Veriut vazhdojn\u00eb t\u00eb p\u00ebrs\u00ebriten, duke hedhur hije mbi futbollin vendor. Rasti i fundit","og_url":"https:\/\/veritasinfo.org\/?p=9562","article_published_time":"2025-08-26T16:19:40+00:00","og_image":[{"width":270,"height":220,"url":"https:\/\/veritasinfo.org\/wp-content\/uploads\/2025\/08\/IMG_2763.png","type":"image\/png"}],"author":"admin","twitter_card":"summary_large_image","twitter_misc":{"Written by":"admin","Est. reading time":"2 minutes"},"schema":{"@context":"https:\/\/schema.org","@graph":[{"@type":"WebPage","@id":"https:\/\/veritasinfo.org\/?p=9562","url":"https:\/\/veritasinfo.org\/?p=9562","name":"P\u00ebrs\u00ebriten thirrjet raciste ndaj shqiptar\u00ebve n\u00eb stadiumet e Maqedonis\u00eb s\u00eb Veriut -","isPartOf":{"@id":"https:\/\/veritasinfo.org\/#website"},"primaryImageOfPage":{"@id":"https:\/\/veritasinfo.org\/?p=9562#primaryimage"},"image":{"@id":"https:\/\/veritasinfo.org\/?p=9562#primaryimage"},"thumbnailUrl":"https:\/\/veritasinfo.org\/wp-content\/uploads\/2025\/08\/IMG_2763.png","datePublished":"2025-08-26T16:19:40+00:00","author":{"@id":"https:\/\/veritasinfo.org\/#\/schema\/person\/7701f8c088bece422266b100a712374f"},"breadcrumb":{"@id":"https:\/\/veritasinfo.org\/?p=9562#breadcrumb"},"inLanguage":"en-US","potentialAction":[{"@type":"ReadAction","target":["https:\/\/veritasinfo.org\/?p=9562"]}]},{"@type":"ImageObject","inLanguage":"en-US","@id":"https:\/\/veritasinfo.org\/?p=9562#primaryimage","url":"https:\/\/veritasinfo.org\/wp-content\/uploads\/2025\/08\/IMG_2763.png","contentUrl":"https:\/\/veritasinfo.org\/wp-content\/uploads\/2025\/08\/IMG_2763.png","width":270,"height":220},{"@type":"BreadcrumbList","@id":"https:\/\/veritasinfo.org\/?p=9562#breadcrumb","itemListElement":[{"@type":"ListItem","position":1,"name":"Home","item":"https:\/\/veritasinfo.org\/"},{"@type":"ListItem","position":2,"name":"P\u00ebrs\u00ebriten thirrjet raciste ndaj shqiptar\u00ebve n\u00eb stadiumet e Maqedonis\u00eb s\u00eb Veriut"}]},{"@type":"WebSite","@id":"https:\/\/veritasinfo.org\/#website","url":"https:\/\/veritasinfo.org\/","name":"","description":"","potentialAction":[{"@type":"SearchAction","target":{"@type":"EntryPoint","urlTemplate":"https:\/\/veritasinfo.org\/?s={search_term_string}"},"query-input":{"@type":"PropertyValueSpecification","valueRequired":true,"valueName":"search_term_string"}}],"inLanguage":"en-US"},{"@type":"Person","@id":"https:\/\/veritasinfo.org\/#\/schema\/person\/7701f8c088bece422266b100a712374f","name":"admin","image":{"@type":"ImageObject","inLanguage":"en-US","@id":"https:\/\/veritasinfo.org\/#\/schema\/person\/image\/","url":"https:\/\/secure.gravatar.com\/avatar\/ea53aa3bf6c9a12d5fde8ce4deff43fef3885ae33cf60184161a50d6987cfd2f?s=96&d=mm&r=g","contentUrl":"https:\/\/secure.gravatar.com\/avatar\/ea53aa3bf6c9a12d5fde8ce4deff43fef3885ae33cf60184161a50d6987cfd2f?s=96&d=mm&r=g","caption":"admin"},"sameAs":["https:\/\/veritasinfo.org"],"url":"https:\/\/veritasinfo.org\/?author=1"}]}},"featured_image_urls":{"full":["https:\/\/veritasinfo.org\/wp-content\/uploads\/2025\/08\/IMG_2763.png",270,220,false],"thumbnail":["https:\/\/veritasinfo.org\/wp-content\/uploads\/2025\/08\/IMG_2763-150x150.png",150,150,true],"medium":["https:\/\/veritasinfo.org\/wp-content\/uploads\/2025\/08\/IMG_2763.png",270,220,false],"medium_large":["https:\/\/veritasinfo.org\/wp-content\/uploads\/2025\/08\/IMG_2763.png",270,220,false],"large":["https:\/\/veritasinfo.org\/wp-content\/uploads\/2025\/08\/IMG_2763.png",270,220,false],"1536x1536":["https:\/\/veritasinfo.org\/wp-content\/uploads\/2025\/08\/IMG_2763.png",270,220,false],"2048x2048":["https:\/\/veritasinfo.org\/wp-content\/uploads\/2025\/08\/IMG_2763.png",270,220,false],"kreeti-slider-full":["https:\/\/veritasinfo.org\/wp-content\/uploads\/2025\/08\/IMG_2763.png",270,220,false],"kreeti-featured":["https:\/\/veritasinfo.org\/wp-content\/uploads\/2025\/08\/IMG_2763.png",270,220,false],"kreeti-medium":["https:\/\/veritasinfo.org\/wp-content\/uploads\/2025\/08\/IMG_2763.png",270,220,false],"kreeti-medium-square":["https:\/\/veritasinfo.org\/wp-content\/uploads\/2025\/08\/IMG_2763.png",270,220,false]},"author_info":{"info":["admin"]},"category_info":"<a href=\"https:\/\/veritasinfo.org\/?cat=5\" rel=\"category\">Sport<\/a>","tag_info":"Sport","comment_count":"0","_links":{"self":[{"href":"https:\/\/veritasinfo.org\/index.php?rest_route=\/wp\/v2\/posts\/9562","targetHints":{"allow":["GET"]}}],"collection":[{"href":"https:\/\/veritasinfo.org\/index.php?rest_route=\/wp\/v2\/posts"}],"about":[{"href":"https:\/\/veritasinfo.org\/index.php?rest_route=\/wp\/v2\/types\/post"}],"author":[{"embeddable":true,"href":"https:\/\/veritasinfo.org\/index.php?rest_route=\/wp\/v2\/users\/1"}],"replies":[{"embeddable":true,"href":"https:\/\/veritasinfo.org\/index.php?rest_route=%2Fwp%2Fv2%2Fcomments&post=9562"}],"version-history":[{"count":1,"href":"https:\/\/veritasinfo.org\/index.php?rest_route=\/wp\/v2\/posts\/9562\/revisions"}],"predecessor-version":[{"id":9564,"href":"https:\/\/veritasinfo.org\/index.php?rest_route=\/wp\/v2\/posts\/9562\/revisions\/9564"}],"wp:featuredmedia":[{"embeddable":true,"href":"https:\/\/veritasinfo.org\/index.php?rest_route=\/wp\/v2\/media\/9563"}],"wp:attachment":[{"href":"https:\/\/veritasinfo.org\/index.php?rest_route=%2Fwp%2Fv2%2Fmedia&parent=9562"}],"wp:term":[{"taxonomy":"category","embeddable":true,"href":"https:\/\/veritasinfo.org\/index.php?rest_route=%2Fwp%2Fv2%2Fcategories&post=9562"},{"taxonomy":"post_tag","embeddable":true,"href":"https:\/\/veritasinfo.org\/index.php?rest_route=%2Fwp%2Fv2%2Ftags&post=9562"}],"curies":[{"name":"wp","href":"https:\/\/api.w.org\/{rel}","templated":true}]}}