{"id":9557,"date":"2025-08-26T14:41:37","date_gmt":"2025-08-26T12:41:37","guid":{"rendered":"https:\/\/veritasinfo.org\/?p=9557"},"modified":"2025-08-26T14:41:37","modified_gmt":"2025-08-26T12:41:37","slug":"vuciq-thellon-lidhjet-me-rusine-kosoven-e-vendos-ne-qender-te-bisedes-me-lavrovin","status":"publish","type":"post","link":"https:\/\/veritasinfo.org\/?p=9557","title":{"rendered":"Vu\u00e7iq thellon lidhjet me Rusin\u00eb, Kosov\u00ebn e vendos n\u00eb qend\u00ebr t\u00eb bised\u00ebs me Lavrovin"},"content":{"rendered":"<p>26 gusht, 2026<\/p>\n<p>Presidenti i Serbis\u00eb, Aleksandar Vu\u00e7iq, ka zhvilluar sot nj\u00eb bised\u00eb t\u00eb gjat\u00eb telefonike me ministrin e Jasht\u00ebm t\u00eb Federat\u00ebs Ruse, Sergej Lavrov, ku theksoi se marr\u00ebdh\u00ebniet mes dy shteteve do t\u00eb vazhdojn\u00eb t\u00eb zhvillohen n\u00eb fusha t\u00eb ndryshme.<\/p>\n<p>N\u00eb deklarat\u00ebn e tij pas komunikimit, Vu\u00e7iq p\u00ebrs\u00ebriti narrativ\u00ebn serbe rreth Kosov\u00ebs, duke pretenduar p\u00ebr \u201cp\u00ebrndjekjen e vazhdueshme t\u00eb popullat\u00ebs serbe nga trojet e veta\u201d dhe duke kritikuar, si\u00e7 tha ai, heshtjen e bashk\u00ebsis\u00eb nd\u00ebrkomb\u00ebtare.<\/p>\n<p>Ai njoftoi se e ka informuar Lavrovin p\u00ebr zhvillimet e fundit n\u00eb veri t\u00eb Kosov\u00ebs dhe ka k\u00ebrkuar mb\u00ebshtetje nga Moska n\u00eb forumet nd\u00ebrkomb\u00ebtare. P\u00ebrve\u00e7 \u00e7\u00ebshtjes s\u00eb Kosov\u00ebs, dy zyrtar\u00ebt diskutuan p\u00ebr projekte t\u00eb p\u00ebrbashk\u00ebta ekonomike dhe p\u00ebr koordinim m\u00eb t\u00eb ngusht\u00eb n\u00eb organizatat nd\u00ebrkomb\u00ebtare, shpesh n\u00eb kund\u00ebrshtim me interesat e vendeve per\u00ebndimore.<\/p>\n<p>\u201cU dakorduam t\u00eb vazhdojm\u00eb pun\u00ebn p\u00ebr zhvillimin e marr\u00ebdh\u00ebnieve tona n\u00eb fusha t\u00eb ndryshme\u201d, deklaroi Vu\u00e7iq, duke sinjalizuar vazhdim\u00ebsin\u00eb e bashk\u00ebpunimit me Rusin\u00eb n\u00eb nj\u00eb koh\u00eb tensionesh t\u00eb rritura n\u00eb rajon dhe rreziku p\u00ebr destabilizim n\u00eb Kosov\u00eb.<\/p>\n","protected":false},"excerpt":{"rendered":"<p>26 gusht, 2026 Presidenti i Serbis\u00eb, Aleksandar Vu\u00e7iq, ka zhvilluar sot nj\u00eb bised\u00eb t\u00eb gjat\u00eb telefonike me ministrin e Jasht\u00ebm t\u00eb Federat\u00ebs Ruse, Sergej Lavrov,<\/p>\n","protected":false},"author":1,"featured_media":9558,"comment_status":"open","ping_status":"open","sticky":false,"template":"","format":"standard","meta":{"footnotes":""},"categories":[58],"tags":[],"class_list":["post-9557","post","type-post","status-publish","format-standard","has-post-thumbnail","hentry","category-politike-sq"],"yoast_head":"<!-- This site is optimized with the Yoast SEO plugin v25.3.1 - https:\/\/yoast.com\/wordpress\/plugins\/seo\/ -->\n<title>Vu\u00e7iq thellon lidhjet me Rusin\u00eb, Kosov\u00ebn e vendos n\u00eb qend\u00ebr t\u00eb bised\u00ebs me Lavrovin -<\/title>\n<meta name=\"robots\" content=\"index, follow, max-snippet:-1, max-image-preview:large, max-video-preview:-1\" \/>\n<link rel=\"canonical\" href=\"https:\/\/veritasinfo.org\/?p=9557\" \/>\n<meta property=\"og:locale\" content=\"en_US\" \/>\n<meta property=\"og:type\" content=\"article\" \/>\n<meta property=\"og:title\" content=\"Vu\u00e7iq thellon lidhjet me Rusin\u00eb, Kosov\u00ebn e vendos n\u00eb qend\u00ebr t\u00eb bised\u00ebs me Lavrovin -\" \/>\n<meta property=\"og:description\" content=\"26 gusht, 2026 Presidenti i Serbis\u00eb, Aleksandar Vu\u00e7iq, ka zhvilluar sot nj\u00eb bised\u00eb t\u00eb gjat\u00eb telefonike me ministrin e Jasht\u00ebm t\u00eb Federat\u00ebs Ruse, Sergej Lavrov,\" \/>\n<meta property=\"og:url\" content=\"https:\/\/veritasinfo.org\/?p=9557\" \/>\n<meta property=\"article:published_time\" content=\"2025-08-26T12:41:37+00:00\" \/>\n<meta property=\"og:image\" content=\"https:\/\/veritasinfo.org\/wp-content\/uploads\/2025\/08\/vucic-1-600x360-1-1162x554-1.png\" \/>\n\t<meta property=\"og:image:width\" content=\"1162\" \/>\n\t<meta property=\"og:image:height\" content=\"554\" \/>\n\t<meta property=\"og:image:type\" content=\"image\/png\" \/>\n<meta name=\"author\" content=\"admin\" \/>\n<meta name=\"twitter:card\" content=\"summary_large_image\" \/>\n<meta name=\"twitter:label1\" content=\"Written by\" \/>\n\t<meta name=\"twitter:data1\" content=\"admin\" \/>\n\t<meta name=\"twitter:label2\" content=\"Est. reading time\" \/>\n\t<meta name=\"twitter:data2\" content=\"1 minute\" \/>\n<script type=\"application\/ld+json\" class=\"yoast-schema-graph\">{\"@context\":\"https:\/\/schema.org\",\"@graph\":[{\"@type\":\"WebPage\",\"@id\":\"https:\/\/veritasinfo.org\/?p=9557\",\"url\":\"https:\/\/veritasinfo.org\/?p=9557\",\"name\":\"Vu\u00e7iq thellon lidhjet me Rusin\u00eb, Kosov\u00ebn e vendos n\u00eb qend\u00ebr t\u00eb bised\u00ebs me Lavrovin -\",\"isPartOf\":{\"@id\":\"https:\/\/veritasinfo.org\/#website\"},\"primaryImageOfPage\":{\"@id\":\"https:\/\/veritasinfo.org\/?p=9557#primaryimage\"},\"image\":{\"@id\":\"https:\/\/veritasinfo.org\/?p=9557#primaryimage\"},\"thumbnailUrl\":\"https:\/\/veritasinfo.org\/wp-content\/uploads\/2025\/08\/vucic-1-600x360-1-1162x554-1.png\",\"datePublished\":\"2025-08-26T12:41:37+00:00\",\"author\":{\"@id\":\"https:\/\/veritasinfo.org\/#\/schema\/person\/7701f8c088bece422266b100a712374f\"},\"breadcrumb\":{\"@id\":\"https:\/\/veritasinfo.org\/?p=9557#breadcrumb\"},\"inLanguage\":\"en-US\",\"potentialAction\":[{\"@type\":\"ReadAction\",\"target\":[\"https:\/\/veritasinfo.org\/?p=9557\"]}]},{\"@type\":\"ImageObject\",\"inLanguage\":\"en-US\",\"@id\":\"https:\/\/veritasinfo.org\/?p=9557#primaryimage\",\"url\":\"https:\/\/veritasinfo.org\/wp-content\/uploads\/2025\/08\/vucic-1-600x360-1-1162x554-1.png\",\"contentUrl\":\"https:\/\/veritasinfo.org\/wp-content\/uploads\/2025\/08\/vucic-1-600x360-1-1162x554-1.png\",\"width\":1162,\"height\":554},{\"@type\":\"BreadcrumbList\",\"@id\":\"https:\/\/veritasinfo.org\/?p=9557#breadcrumb\",\"itemListElement\":[{\"@type\":\"ListItem\",\"position\":1,\"name\":\"Home\",\"item\":\"https:\/\/veritasinfo.org\/\"},{\"@type\":\"ListItem\",\"position\":2,\"name\":\"Vu\u00e7iq thellon lidhjet me Rusin\u00eb, Kosov\u00ebn e vendos n\u00eb qend\u00ebr t\u00eb bised\u00ebs me Lavrovin\"}]},{\"@type\":\"WebSite\",\"@id\":\"https:\/\/veritasinfo.org\/#website\",\"url\":\"https:\/\/veritasinfo.org\/\",\"name\":\"\",\"description\":\"\",\"potentialAction\":[{\"@type\":\"SearchAction\",\"target\":{\"@type\":\"EntryPoint\",\"urlTemplate\":\"https:\/\/veritasinfo.org\/?s={search_term_string}\"},\"query-input\":{\"@type\":\"PropertyValueSpecification\",\"valueRequired\":true,\"valueName\":\"search_term_string\"}}],\"inLanguage\":\"en-US\"},{\"@type\":\"Person\",\"@id\":\"https:\/\/veritasinfo.org\/#\/schema\/person\/7701f8c088bece422266b100a712374f\",\"name\":\"admin\",\"image\":{\"@type\":\"ImageObject\",\"inLanguage\":\"en-US\",\"@id\":\"https:\/\/veritasinfo.org\/#\/schema\/person\/image\/\",\"url\":\"https:\/\/secure.gravatar.com\/avatar\/ea53aa3bf6c9a12d5fde8ce4deff43fef3885ae33cf60184161a50d6987cfd2f?s=96&d=mm&r=g\",\"contentUrl\":\"https:\/\/secure.gravatar.com\/avatar\/ea53aa3bf6c9a12d5fde8ce4deff43fef3885ae33cf60184161a50d6987cfd2f?s=96&d=mm&r=g\",\"caption\":\"admin\"},\"sameAs\":[\"https:\/\/veritasinfo.org\"],\"url\":\"https:\/\/veritasinfo.org\/?author=1\"}]}<\/script>\n<!-- \/ Yoast SEO plugin. -->","yoast_head_json":{"title":"Vu\u00e7iq thellon lidhjet me Rusin\u00eb, Kosov\u00ebn e vendos n\u00eb qend\u00ebr t\u00eb bised\u00ebs me Lavrovin -","robots":{"index":"index","follow":"follow","max-snippet":"max-snippet:-1","max-image-preview":"max-image-preview:large","max-video-preview":"max-video-preview:-1"},"canonical":"https:\/\/veritasinfo.org\/?p=9557","og_locale":"en_US","og_type":"article","og_title":"Vu\u00e7iq thellon lidhjet me Rusin\u00eb, Kosov\u00ebn e vendos n\u00eb qend\u00ebr t\u00eb bised\u00ebs me Lavrovin -","og_description":"26 gusht, 2026 Presidenti i Serbis\u00eb, Aleksandar Vu\u00e7iq, ka zhvilluar sot nj\u00eb bised\u00eb t\u00eb gjat\u00eb telefonike me ministrin e Jasht\u00ebm t\u00eb Federat\u00ebs Ruse, Sergej Lavrov,","og_url":"https:\/\/veritasinfo.org\/?p=9557","article_published_time":"2025-08-26T12:41:37+00:00","og_image":[{"width":1162,"height":554,"url":"https:\/\/veritasinfo.org\/wp-content\/uploads\/2025\/08\/vucic-1-600x360-1-1162x554-1.png","type":"image\/png"}],"author":"admin","twitter_card":"summary_large_image","twitter_misc":{"Written by":"admin","Est. reading time":"1 minute"},"schema":{"@context":"https:\/\/schema.org","@graph":[{"@type":"WebPage","@id":"https:\/\/veritasinfo.org\/?p=9557","url":"https:\/\/veritasinfo.org\/?p=9557","name":"Vu\u00e7iq thellon lidhjet me Rusin\u00eb, Kosov\u00ebn e vendos n\u00eb qend\u00ebr t\u00eb bised\u00ebs me Lavrovin -","isPartOf":{"@id":"https:\/\/veritasinfo.org\/#website"},"primaryImageOfPage":{"@id":"https:\/\/veritasinfo.org\/?p=9557#primaryimage"},"image":{"@id":"https:\/\/veritasinfo.org\/?p=9557#primaryimage"},"thumbnailUrl":"https:\/\/veritasinfo.org\/wp-content\/uploads\/2025\/08\/vucic-1-600x360-1-1162x554-1.png","datePublished":"2025-08-26T12:41:37+00:00","author":{"@id":"https:\/\/veritasinfo.org\/#\/schema\/person\/7701f8c088bece422266b100a712374f"},"breadcrumb":{"@id":"https:\/\/veritasinfo.org\/?p=9557#breadcrumb"},"inLanguage":"en-US","potentialAction":[{"@type":"ReadAction","target":["https:\/\/veritasinfo.org\/?p=9557"]}]},{"@type":"ImageObject","inLanguage":"en-US","@id":"https:\/\/veritasinfo.org\/?p=9557#primaryimage","url":"https:\/\/veritasinfo.org\/wp-content\/uploads\/2025\/08\/vucic-1-600x360-1-1162x554-1.png","contentUrl":"https:\/\/veritasinfo.org\/wp-content\/uploads\/2025\/08\/vucic-1-600x360-1-1162x554-1.png","width":1162,"height":554},{"@type":"BreadcrumbList","@id":"https:\/\/veritasinfo.org\/?p=9557#breadcrumb","itemListElement":[{"@type":"ListItem","position":1,"name":"Home","item":"https:\/\/veritasinfo.org\/"},{"@type":"ListItem","position":2,"name":"Vu\u00e7iq thellon lidhjet me Rusin\u00eb, Kosov\u00ebn e vendos n\u00eb qend\u00ebr t\u00eb bised\u00ebs me Lavrovin"}]},{"@type":"WebSite","@id":"https:\/\/veritasinfo.org\/#website","url":"https:\/\/veritasinfo.org\/","name":"","description":"","potentialAction":[{"@type":"SearchAction","target":{"@type":"EntryPoint","urlTemplate":"https:\/\/veritasinfo.org\/?s={search_term_string}"},"query-input":{"@type":"PropertyValueSpecification","valueRequired":true,"valueName":"search_term_string"}}],"inLanguage":"en-US"},{"@type":"Person","@id":"https:\/\/veritasinfo.org\/#\/schema\/person\/7701f8c088bece422266b100a712374f","name":"admin","image":{"@type":"ImageObject","inLanguage":"en-US","@id":"https:\/\/veritasinfo.org\/#\/schema\/person\/image\/","url":"https:\/\/secure.gravatar.com\/avatar\/ea53aa3bf6c9a12d5fde8ce4deff43fef3885ae33cf60184161a50d6987cfd2f?s=96&d=mm&r=g","contentUrl":"https:\/\/secure.gravatar.com\/avatar\/ea53aa3bf6c9a12d5fde8ce4deff43fef3885ae33cf60184161a50d6987cfd2f?s=96&d=mm&r=g","caption":"admin"},"sameAs":["https:\/\/veritasinfo.org"],"url":"https:\/\/veritasinfo.org\/?author=1"}]}},"featured_image_urls":{"full":["https:\/\/veritasinfo.org\/wp-content\/uploads\/2025\/08\/vucic-1-600x360-1-1162x554-1.png",1162,554,false],"thumbnail":["https:\/\/veritasinfo.org\/wp-content\/uploads\/2025\/08\/vucic-1-600x360-1-1162x554-1-150x150.png",150,150,true],"medium":["https:\/\/veritasinfo.org\/wp-content\/uploads\/2025\/08\/vucic-1-600x360-1-1162x554-1-300x143.png",300,143,true],"medium_large":["https:\/\/veritasinfo.org\/wp-content\/uploads\/2025\/08\/vucic-1-600x360-1-1162x554-1-768x366.png",640,305,true],"large":["https:\/\/veritasinfo.org\/wp-content\/uploads\/2025\/08\/vucic-1-600x360-1-1162x554-1-1024x488.png",640,305,true],"1536x1536":["https:\/\/veritasinfo.org\/wp-content\/uploads\/2025\/08\/vucic-1-600x360-1-1162x554-1.png",1162,554,false],"2048x2048":["https:\/\/veritasinfo.org\/wp-content\/uploads\/2025\/08\/vucic-1-600x360-1-1162x554-1.png",1162,554,false],"kreeti-slider-full":["https:\/\/veritasinfo.org\/wp-content\/uploads\/2025\/08\/vucic-1-600x360-1-1162x554-1.png",1162,554,false],"kreeti-featured":["https:\/\/veritasinfo.org\/wp-content\/uploads\/2025\/08\/vucic-1-600x360-1-1162x554-1.png",1024,488,false],"kreeti-medium":["https:\/\/veritasinfo.org\/wp-content\/uploads\/2025\/08\/vucic-1-600x360-1-1162x554-1.png",720,343,false],"kreeti-medium-square":["https:\/\/veritasinfo.org\/wp-content\/uploads\/2025\/08\/vucic-1-600x360-1-1162x554-1.png",350,167,false]},"author_info":{"info":["admin"]},"category_info":"<a href=\"https:\/\/veritasinfo.org\/?cat=58\" rel=\"category\">Politik\u00eb<\/a>","tag_info":"Politik\u00eb","comment_count":"0","_links":{"self":[{"href":"https:\/\/veritasinfo.org\/index.php?rest_route=\/wp\/v2\/posts\/9557","targetHints":{"allow":["GET"]}}],"collection":[{"href":"https:\/\/veritasinfo.org\/index.php?rest_route=\/wp\/v2\/posts"}],"about":[{"href":"https:\/\/veritasinfo.org\/index.php?rest_route=\/wp\/v2\/types\/post"}],"author":[{"embeddable":true,"href":"https:\/\/veritasinfo.org\/index.php?rest_route=\/wp\/v2\/users\/1"}],"replies":[{"embeddable":true,"href":"https:\/\/veritasinfo.org\/index.php?rest_route=%2Fwp%2Fv2%2Fcomments&post=9557"}],"version-history":[{"count":1,"href":"https:\/\/veritasinfo.org\/index.php?rest_route=\/wp\/v2\/posts\/9557\/revisions"}],"predecessor-version":[{"id":9559,"href":"https:\/\/veritasinfo.org\/index.php?rest_route=\/wp\/v2\/posts\/9557\/revisions\/9559"}],"wp:featuredmedia":[{"embeddable":true,"href":"https:\/\/veritasinfo.org\/index.php?rest_route=\/wp\/v2\/media\/9558"}],"wp:attachment":[{"href":"https:\/\/veritasinfo.org\/index.php?rest_route=%2Fwp%2Fv2%2Fmedia&parent=9557"}],"wp:term":[{"taxonomy":"category","embeddable":true,"href":"https:\/\/veritasinfo.org\/index.php?rest_route=%2Fwp%2Fv2%2Fcategories&post=9557"},{"taxonomy":"post_tag","embeddable":true,"href":"https:\/\/veritasinfo.org\/index.php?rest_route=%2Fwp%2Fv2%2Ftags&post=9557"}],"curies":[{"name":"wp","href":"https:\/\/api.w.org\/{rel}","templated":true}]}}