{"id":9546,"date":"2025-08-26T14:03:08","date_gmt":"2025-08-26T12:03:08","guid":{"rendered":"https:\/\/veritasinfo.org\/?p=9546"},"modified":"2025-08-26T14:03:08","modified_gmt":"2025-08-26T12:03:08","slug":"guvernatori-ismaili-pritet-ne-seline-e-eiopa-s-diskutohet-per-fushen-e-sigurimeve-dhe-pensioneve","status":"publish","type":"post","link":"https:\/\/veritasinfo.org\/?p=9546","title":{"rendered":"Guvernatori Ismaili pritet n\u00eb selin\u00eb e EIOPA-s, diskutohet p\u00ebr fush\u00ebn e sigurimeve dhe pensioneve"},"content":{"rendered":"<p>Frankfurt, 26 Gusht 2025<\/p>\n<p>Guvernatori i Bank\u00ebs Qendrore t\u00eb Kosov\u00ebs (BQK), Ahmet Ismaili, i shoq\u00ebruar nga bashk\u00ebpun\u00ebtor\u00ebt e tij, u prit n\u00eb selin\u00eb e Autoritetit Evropian p\u00ebr Sigurime dhe Pensione (EIOPA) n\u00eb Frankfurt, gjat\u00eb nj\u00eb vizite zyrtare.<\/p>\n<p>Takimi u fokusua n\u00eb zhvillimet e fundit n\u00eb fush\u00ebn e sigurimeve dhe pensioneve.<\/p>\n<p>Petra Hielkema u informua mbi zhvillimet m\u00eb t\u00eb fundit n\u00eb sektorin financiar t\u00eb Kosov\u00ebs, p\u00ebrfshir\u00eb korniz\u00ebn ligjore dhe rregullative, si dhe p\u00ebrkushtimin e BQK-s\u00eb ndaj reformave t\u00eb orientuara drejt p\u00ebrafrimit t\u00eb sistemit financiar me at\u00eb t\u00eb Bashkimit Evropian.<\/p>\n<p>Gjithashtu, u diskutua p\u00ebr mund\u00ebsit\u00eb e zgjerimit t\u00eb bashk\u00ebpunimit n\u00eb ngritjen e kapaciteteve, forcimin e bashk\u00ebpunimit bilateral dhe multilateral, si dhe harmonizimin e m\u00ebtejsh\u00ebm t\u00eb korniz\u00ebs ligjore dhe rregullative, n\u00eb kuad\u00ebr t\u00eb rrug\u00ebtimit integrues t\u00eb Kosov\u00ebs drejt BE-s\u00eb<\/p>\n<p>&nbsp;<\/p>\n","protected":false},"excerpt":{"rendered":"<p>Frankfurt, 26 Gusht 2025 Guvernatori i Bank\u00ebs Qendrore t\u00eb Kosov\u00ebs (BQK), Ahmet Ismaili, i shoq\u00ebruar nga bashk\u00ebpun\u00ebtor\u00ebt e tij, u prit n\u00eb selin\u00eb e Autoritetit<\/p>\n","protected":false},"author":1,"featured_media":9547,"comment_status":"open","ping_status":"open","sticky":false,"template":"","format":"standard","meta":{"footnotes":""},"categories":[60],"tags":[],"class_list":["post-9546","post","type-post","status-publish","format-standard","has-post-thumbnail","hentry","category-shoqerore-sq"],"yoast_head":"<!-- This site is optimized with the Yoast SEO plugin v25.3.1 - https:\/\/yoast.com\/wordpress\/plugins\/seo\/ -->\n<title>Guvernatori Ismaili pritet n\u00eb selin\u00eb e EIOPA-s, diskutohet p\u00ebr fush\u00ebn e sigurimeve dhe pensioneve -<\/title>\n<meta name=\"robots\" content=\"index, follow, max-snippet:-1, max-image-preview:large, max-video-preview:-1\" \/>\n<link rel=\"canonical\" href=\"https:\/\/veritasinfo.org\/?p=9546\" \/>\n<meta property=\"og:locale\" content=\"en_US\" \/>\n<meta property=\"og:type\" content=\"article\" \/>\n<meta property=\"og:title\" content=\"Guvernatori Ismaili pritet n\u00eb selin\u00eb e EIOPA-s, diskutohet p\u00ebr fush\u00ebn e sigurimeve dhe pensioneve -\" \/>\n<meta property=\"og:description\" content=\"Frankfurt, 26 Gusht 2025 Guvernatori i Bank\u00ebs Qendrore t\u00eb Kosov\u00ebs (BQK), Ahmet Ismaili, i shoq\u00ebruar nga bashk\u00ebpun\u00ebtor\u00ebt e tij, u prit n\u00eb selin\u00eb e Autoritetit\" \/>\n<meta property=\"og:url\" content=\"https:\/\/veritasinfo.org\/?p=9546\" \/>\n<meta property=\"article:published_time\" content=\"2025-08-26T12:03:08+00:00\" \/>\n<meta property=\"og:image\" content=\"https:\/\/veritasinfo.org\/wp-content\/uploads\/2025\/08\/IMG_3419.jpeg\" \/>\n\t<meta property=\"og:image:width\" content=\"1280\" \/>\n\t<meta property=\"og:image:height\" content=\"960\" \/>\n\t<meta property=\"og:image:type\" content=\"image\/jpeg\" \/>\n<meta name=\"author\" content=\"admin\" \/>\n<meta name=\"twitter:card\" content=\"summary_large_image\" \/>\n<meta name=\"twitter:label1\" content=\"Written by\" \/>\n\t<meta name=\"twitter:data1\" content=\"admin\" \/>\n\t<meta name=\"twitter:label2\" content=\"Est. reading time\" \/>\n\t<meta name=\"twitter:data2\" content=\"1 minute\" \/>\n<script type=\"application\/ld+json\" class=\"yoast-schema-graph\">{\"@context\":\"https:\/\/schema.org\",\"@graph\":[{\"@type\":\"WebPage\",\"@id\":\"https:\/\/veritasinfo.org\/?p=9546\",\"url\":\"https:\/\/veritasinfo.org\/?p=9546\",\"name\":\"Guvernatori Ismaili pritet n\u00eb selin\u00eb e EIOPA-s, diskutohet p\u00ebr fush\u00ebn e sigurimeve dhe pensioneve -\",\"isPartOf\":{\"@id\":\"https:\/\/veritasinfo.org\/#website\"},\"primaryImageOfPage\":{\"@id\":\"https:\/\/veritasinfo.org\/?p=9546#primaryimage\"},\"image\":{\"@id\":\"https:\/\/veritasinfo.org\/?p=9546#primaryimage\"},\"thumbnailUrl\":\"https:\/\/veritasinfo.org\/wp-content\/uploads\/2025\/08\/IMG_3419.jpeg\",\"datePublished\":\"2025-08-26T12:03:08+00:00\",\"author\":{\"@id\":\"https:\/\/veritasinfo.org\/#\/schema\/person\/7701f8c088bece422266b100a712374f\"},\"breadcrumb\":{\"@id\":\"https:\/\/veritasinfo.org\/?p=9546#breadcrumb\"},\"inLanguage\":\"en-US\",\"potentialAction\":[{\"@type\":\"ReadAction\",\"target\":[\"https:\/\/veritasinfo.org\/?p=9546\"]}]},{\"@type\":\"ImageObject\",\"inLanguage\":\"en-US\",\"@id\":\"https:\/\/veritasinfo.org\/?p=9546#primaryimage\",\"url\":\"https:\/\/veritasinfo.org\/wp-content\/uploads\/2025\/08\/IMG_3419.jpeg\",\"contentUrl\":\"https:\/\/veritasinfo.org\/wp-content\/uploads\/2025\/08\/IMG_3419.jpeg\",\"width\":1280,\"height\":960},{\"@type\":\"BreadcrumbList\",\"@id\":\"https:\/\/veritasinfo.org\/?p=9546#breadcrumb\",\"itemListElement\":[{\"@type\":\"ListItem\",\"position\":1,\"name\":\"Home\",\"item\":\"https:\/\/veritasinfo.org\/\"},{\"@type\":\"ListItem\",\"position\":2,\"name\":\"Guvernatori Ismaili pritet n\u00eb selin\u00eb e EIOPA-s, diskutohet p\u00ebr fush\u00ebn e sigurimeve dhe pensioneve\"}]},{\"@type\":\"WebSite\",\"@id\":\"https:\/\/veritasinfo.org\/#website\",\"url\":\"https:\/\/veritasinfo.org\/\",\"name\":\"\",\"description\":\"\",\"potentialAction\":[{\"@type\":\"SearchAction\",\"target\":{\"@type\":\"EntryPoint\",\"urlTemplate\":\"https:\/\/veritasinfo.org\/?s={search_term_string}\"},\"query-input\":{\"@type\":\"PropertyValueSpecification\",\"valueRequired\":true,\"valueName\":\"search_term_string\"}}],\"inLanguage\":\"en-US\"},{\"@type\":\"Person\",\"@id\":\"https:\/\/veritasinfo.org\/#\/schema\/person\/7701f8c088bece422266b100a712374f\",\"name\":\"admin\",\"image\":{\"@type\":\"ImageObject\",\"inLanguage\":\"en-US\",\"@id\":\"https:\/\/veritasinfo.org\/#\/schema\/person\/image\/\",\"url\":\"https:\/\/secure.gravatar.com\/avatar\/ea53aa3bf6c9a12d5fde8ce4deff43fef3885ae33cf60184161a50d6987cfd2f?s=96&d=mm&r=g\",\"contentUrl\":\"https:\/\/secure.gravatar.com\/avatar\/ea53aa3bf6c9a12d5fde8ce4deff43fef3885ae33cf60184161a50d6987cfd2f?s=96&d=mm&r=g\",\"caption\":\"admin\"},\"sameAs\":[\"https:\/\/veritasinfo.org\"],\"url\":\"https:\/\/veritasinfo.org\/?author=1\"}]}<\/script>\n<!-- \/ Yoast SEO plugin. -->","yoast_head_json":{"title":"Guvernatori Ismaili pritet n\u00eb selin\u00eb e EIOPA-s, diskutohet p\u00ebr fush\u00ebn e sigurimeve dhe pensioneve -","robots":{"index":"index","follow":"follow","max-snippet":"max-snippet:-1","max-image-preview":"max-image-preview:large","max-video-preview":"max-video-preview:-1"},"canonical":"https:\/\/veritasinfo.org\/?p=9546","og_locale":"en_US","og_type":"article","og_title":"Guvernatori Ismaili pritet n\u00eb selin\u00eb e EIOPA-s, diskutohet p\u00ebr fush\u00ebn e sigurimeve dhe pensioneve -","og_description":"Frankfurt, 26 Gusht 2025 Guvernatori i Bank\u00ebs Qendrore t\u00eb Kosov\u00ebs (BQK), Ahmet Ismaili, i shoq\u00ebruar nga bashk\u00ebpun\u00ebtor\u00ebt e tij, u prit n\u00eb selin\u00eb e Autoritetit","og_url":"https:\/\/veritasinfo.org\/?p=9546","article_published_time":"2025-08-26T12:03:08+00:00","og_image":[{"width":1280,"height":960,"url":"https:\/\/veritasinfo.org\/wp-content\/uploads\/2025\/08\/IMG_3419.jpeg","type":"image\/jpeg"}],"author":"admin","twitter_card":"summary_large_image","twitter_misc":{"Written by":"admin","Est. reading time":"1 minute"},"schema":{"@context":"https:\/\/schema.org","@graph":[{"@type":"WebPage","@id":"https:\/\/veritasinfo.org\/?p=9546","url":"https:\/\/veritasinfo.org\/?p=9546","name":"Guvernatori Ismaili pritet n\u00eb selin\u00eb e EIOPA-s, diskutohet p\u00ebr fush\u00ebn e sigurimeve dhe pensioneve -","isPartOf":{"@id":"https:\/\/veritasinfo.org\/#website"},"primaryImageOfPage":{"@id":"https:\/\/veritasinfo.org\/?p=9546#primaryimage"},"image":{"@id":"https:\/\/veritasinfo.org\/?p=9546#primaryimage"},"thumbnailUrl":"https:\/\/veritasinfo.org\/wp-content\/uploads\/2025\/08\/IMG_3419.jpeg","datePublished":"2025-08-26T12:03:08+00:00","author":{"@id":"https:\/\/veritasinfo.org\/#\/schema\/person\/7701f8c088bece422266b100a712374f"},"breadcrumb":{"@id":"https:\/\/veritasinfo.org\/?p=9546#breadcrumb"},"inLanguage":"en-US","potentialAction":[{"@type":"ReadAction","target":["https:\/\/veritasinfo.org\/?p=9546"]}]},{"@type":"ImageObject","inLanguage":"en-US","@id":"https:\/\/veritasinfo.org\/?p=9546#primaryimage","url":"https:\/\/veritasinfo.org\/wp-content\/uploads\/2025\/08\/IMG_3419.jpeg","contentUrl":"https:\/\/veritasinfo.org\/wp-content\/uploads\/2025\/08\/IMG_3419.jpeg","width":1280,"height":960},{"@type":"BreadcrumbList","@id":"https:\/\/veritasinfo.org\/?p=9546#breadcrumb","itemListElement":[{"@type":"ListItem","position":1,"name":"Home","item":"https:\/\/veritasinfo.org\/"},{"@type":"ListItem","position":2,"name":"Guvernatori Ismaili pritet n\u00eb selin\u00eb e EIOPA-s, diskutohet p\u00ebr fush\u00ebn e sigurimeve dhe pensioneve"}]},{"@type":"WebSite","@id":"https:\/\/veritasinfo.org\/#website","url":"https:\/\/veritasinfo.org\/","name":"","description":"","potentialAction":[{"@type":"SearchAction","target":{"@type":"EntryPoint","urlTemplate":"https:\/\/veritasinfo.org\/?s={search_term_string}"},"query-input":{"@type":"PropertyValueSpecification","valueRequired":true,"valueName":"search_term_string"}}],"inLanguage":"en-US"},{"@type":"Person","@id":"https:\/\/veritasinfo.org\/#\/schema\/person\/7701f8c088bece422266b100a712374f","name":"admin","image":{"@type":"ImageObject","inLanguage":"en-US","@id":"https:\/\/veritasinfo.org\/#\/schema\/person\/image\/","url":"https:\/\/secure.gravatar.com\/avatar\/ea53aa3bf6c9a12d5fde8ce4deff43fef3885ae33cf60184161a50d6987cfd2f?s=96&d=mm&r=g","contentUrl":"https:\/\/secure.gravatar.com\/avatar\/ea53aa3bf6c9a12d5fde8ce4deff43fef3885ae33cf60184161a50d6987cfd2f?s=96&d=mm&r=g","caption":"admin"},"sameAs":["https:\/\/veritasinfo.org"],"url":"https:\/\/veritasinfo.org\/?author=1"}]}},"featured_image_urls":{"full":["https:\/\/veritasinfo.org\/wp-content\/uploads\/2025\/08\/IMG_3419.jpeg",1280,960,false],"thumbnail":["https:\/\/veritasinfo.org\/wp-content\/uploads\/2025\/08\/IMG_3419-150x150.jpeg",150,150,true],"medium":["https:\/\/veritasinfo.org\/wp-content\/uploads\/2025\/08\/IMG_3419-300x225.jpeg",300,225,true],"medium_large":["https:\/\/veritasinfo.org\/wp-content\/uploads\/2025\/08\/IMG_3419-768x576.jpeg",640,480,true],"large":["https:\/\/veritasinfo.org\/wp-content\/uploads\/2025\/08\/IMG_3419-1024x768.jpeg",640,480,true],"1536x1536":["https:\/\/veritasinfo.org\/wp-content\/uploads\/2025\/08\/IMG_3419.jpeg",1280,960,false],"2048x2048":["https:\/\/veritasinfo.org\/wp-content\/uploads\/2025\/08\/IMG_3419.jpeg",1280,960,false],"kreeti-slider-full":["https:\/\/veritasinfo.org\/wp-content\/uploads\/2025\/08\/IMG_3419.jpeg",960,720,false],"kreeti-featured":["https:\/\/veritasinfo.org\/wp-content\/uploads\/2025\/08\/IMG_3419.jpeg",1024,768,false],"kreeti-medium":["https:\/\/veritasinfo.org\/wp-content\/uploads\/2025\/08\/IMG_3419.jpeg",707,530,false],"kreeti-medium-square":["https:\/\/veritasinfo.org\/wp-content\/uploads\/2025\/08\/IMG_3419.jpeg",350,263,false]},"author_info":{"info":["admin"]},"category_info":"<a href=\"https:\/\/veritasinfo.org\/?cat=60\" rel=\"category\">Shoq\u00ebrore<\/a>","tag_info":"Shoq\u00ebrore","comment_count":"0","_links":{"self":[{"href":"https:\/\/veritasinfo.org\/index.php?rest_route=\/wp\/v2\/posts\/9546","targetHints":{"allow":["GET"]}}],"collection":[{"href":"https:\/\/veritasinfo.org\/index.php?rest_route=\/wp\/v2\/posts"}],"about":[{"href":"https:\/\/veritasinfo.org\/index.php?rest_route=\/wp\/v2\/types\/post"}],"author":[{"embeddable":true,"href":"https:\/\/veritasinfo.org\/index.php?rest_route=\/wp\/v2\/users\/1"}],"replies":[{"embeddable":true,"href":"https:\/\/veritasinfo.org\/index.php?rest_route=%2Fwp%2Fv2%2Fcomments&post=9546"}],"version-history":[{"count":1,"href":"https:\/\/veritasinfo.org\/index.php?rest_route=\/wp\/v2\/posts\/9546\/revisions"}],"predecessor-version":[{"id":9548,"href":"https:\/\/veritasinfo.org\/index.php?rest_route=\/wp\/v2\/posts\/9546\/revisions\/9548"}],"wp:featuredmedia":[{"embeddable":true,"href":"https:\/\/veritasinfo.org\/index.php?rest_route=\/wp\/v2\/media\/9547"}],"wp:attachment":[{"href":"https:\/\/veritasinfo.org\/index.php?rest_route=%2Fwp%2Fv2%2Fmedia&parent=9546"}],"wp:term":[{"taxonomy":"category","embeddable":true,"href":"https:\/\/veritasinfo.org\/index.php?rest_route=%2Fwp%2Fv2%2Fcategories&post=9546"},{"taxonomy":"post_tag","embeddable":true,"href":"https:\/\/veritasinfo.org\/index.php?rest_route=%2Fwp%2Fv2%2Ftags&post=9546"}],"curies":[{"name":"wp","href":"https:\/\/api.w.org\/{rel}","templated":true}]}}