{"id":9535,"date":"2025-08-26T12:36:32","date_gmt":"2025-08-26T10:36:32","guid":{"rendered":"https:\/\/veritasinfo.org\/?p=9535"},"modified":"2025-08-26T12:37:18","modified_gmt":"2025-08-26T10:37:18","slug":"kurti-pas-hapjes-se-ures-urime-qytetareve-te-mitrovices","status":"publish","type":"post","link":"https:\/\/veritasinfo.org\/?p=9535","title":{"rendered":"Kurti pas hapjes s\u00eb ur\u00ebs: Urime qytetar\u00ebve t\u00eb Mitrovic\u00ebs"},"content":{"rendered":"<p>Mitrovic\u00eb, 26 Gusht 2025<\/p>\n<p><strong>Kryeministri n\u00eb detyr\u00eb, Albin Kurti, ka th\u00ebn\u00eb se ura e 36-t\u00eb n\u00eb Kosov\u00eb e nd\u00ebrtuar mbi lumin Ib\u00ebr ka p\u00ebrfunduar dhe tashm\u00eb \u00ebsht\u00eb e hapur p\u00ebr qarkullim. Ura, e cila sh\u00ebrben p\u00ebr kalimin e automjeteve, \u00ebsht\u00eb b\u00ebr\u00eb funksionale sot nga ora 09:00.<\/strong><\/p>\n<p>Kurti ka shkruar n\u00eb Facebook se nd\u00ebrtimi i k\u00ebsaj ure u p\u00ebrmbyll p\u00ebr m\u00eb pak se dy muaj, duke vler\u00ebsuar angazhimin e kompanis\u00eb dhe pun\u00ebtor\u00ebve si shembullor.<\/p>\n<p>&#8220;Urime banor\u00ebve dhe qytetar\u00ebve t\u00eb Mitrovic\u00ebs s\u00eb Jugut dhe Mitrovic\u00ebs s\u00eb Veriut! P\u00ebrg\u00ebzime kompanis\u00eb dhe pun\u00ebtor\u00ebve p\u00ebr angazhimin shembullor&#8221;, ka shkruar Kurti.<\/p>\n<p>Ai shtoi gjithashtu se punimet n\u00eb\u00a0ur\u00ebn tjet\u00ebr n\u00eb k\u00ebt\u00eb zon\u00eb e cila \u00ebsht\u00eb parapar\u00eb p\u00ebr k\u00ebmb\u00ebsor\u00eb\u00a0jan\u00eb duke vazhduar.<\/p>\n<p>&nbsp;<\/p>\n","protected":false},"excerpt":{"rendered":"<p>Mitrovic\u00eb, 26 Gusht 2025 Kryeministri n\u00eb detyr\u00eb, Albin Kurti, ka th\u00ebn\u00eb se ura e 36-t\u00eb n\u00eb Kosov\u00eb e nd\u00ebrtuar mbi lumin Ib\u00ebr ka p\u00ebrfunduar dhe<\/p>\n","protected":false},"author":1,"featured_media":8422,"comment_status":"open","ping_status":"open","sticky":false,"template":"","format":"standard","meta":{"footnotes":""},"categories":[52],"tags":[],"class_list":["post-9535","post","type-post","status-publish","format-standard","has-post-thumbnail","hentry","category-komunat-sq"],"yoast_head":"<!-- This site is optimized with the Yoast SEO plugin v25.3.1 - https:\/\/yoast.com\/wordpress\/plugins\/seo\/ -->\n<title>Kurti pas hapjes s\u00eb ur\u00ebs: Urime qytetar\u00ebve t\u00eb Mitrovic\u00ebs -<\/title>\n<meta name=\"robots\" content=\"index, follow, max-snippet:-1, max-image-preview:large, max-video-preview:-1\" \/>\n<link rel=\"canonical\" href=\"https:\/\/veritasinfo.org\/?p=9535\" \/>\n<meta property=\"og:locale\" content=\"en_US\" \/>\n<meta property=\"og:type\" content=\"article\" \/>\n<meta property=\"og:title\" content=\"Kurti pas hapjes s\u00eb ur\u00ebs: Urime qytetar\u00ebve t\u00eb Mitrovic\u00ebs -\" \/>\n<meta property=\"og:description\" content=\"Mitrovic\u00eb, 26 Gusht 2025 Kryeministri n\u00eb detyr\u00eb, Albin Kurti, ka th\u00ebn\u00eb se ura e 36-t\u00eb n\u00eb Kosov\u00eb e nd\u00ebrtuar mbi lumin Ib\u00ebr ka p\u00ebrfunduar dhe\" \/>\n<meta property=\"og:url\" content=\"https:\/\/veritasinfo.org\/?p=9535\" \/>\n<meta property=\"article:published_time\" content=\"2025-08-26T10:36:32+00:00\" \/>\n<meta property=\"article:modified_time\" content=\"2025-08-26T10:37:18+00:00\" \/>\n<meta property=\"og:image\" content=\"https:\/\/veritasinfo.org\/wp-content\/uploads\/2025\/08\/albin-kurti.jpg\" \/>\n\t<meta property=\"og:image:width\" content=\"2048\" \/>\n\t<meta property=\"og:image:height\" content=\"1365\" \/>\n\t<meta property=\"og:image:type\" content=\"image\/jpeg\" \/>\n<meta name=\"author\" content=\"admin\" \/>\n<meta name=\"twitter:card\" content=\"summary_large_image\" \/>\n<meta name=\"twitter:label1\" content=\"Written by\" \/>\n\t<meta name=\"twitter:data1\" content=\"admin\" \/>\n\t<meta name=\"twitter:label2\" content=\"Est. reading time\" \/>\n\t<meta name=\"twitter:data2\" content=\"1 minute\" \/>\n<script type=\"application\/ld+json\" class=\"yoast-schema-graph\">{\"@context\":\"https:\/\/schema.org\",\"@graph\":[{\"@type\":\"WebPage\",\"@id\":\"https:\/\/veritasinfo.org\/?p=9535\",\"url\":\"https:\/\/veritasinfo.org\/?p=9535\",\"name\":\"Kurti pas hapjes s\u00eb ur\u00ebs: Urime qytetar\u00ebve t\u00eb Mitrovic\u00ebs -\",\"isPartOf\":{\"@id\":\"https:\/\/veritasinfo.org\/#website\"},\"primaryImageOfPage\":{\"@id\":\"https:\/\/veritasinfo.org\/?p=9535#primaryimage\"},\"image\":{\"@id\":\"https:\/\/veritasinfo.org\/?p=9535#primaryimage\"},\"thumbnailUrl\":\"https:\/\/veritasinfo.org\/wp-content\/uploads\/2025\/08\/albin-kurti.jpg\",\"datePublished\":\"2025-08-26T10:36:32+00:00\",\"dateModified\":\"2025-08-26T10:37:18+00:00\",\"author\":{\"@id\":\"https:\/\/veritasinfo.org\/#\/schema\/person\/7701f8c088bece422266b100a712374f\"},\"breadcrumb\":{\"@id\":\"https:\/\/veritasinfo.org\/?p=9535#breadcrumb\"},\"inLanguage\":\"en-US\",\"potentialAction\":[{\"@type\":\"ReadAction\",\"target\":[\"https:\/\/veritasinfo.org\/?p=9535\"]}]},{\"@type\":\"ImageObject\",\"inLanguage\":\"en-US\",\"@id\":\"https:\/\/veritasinfo.org\/?p=9535#primaryimage\",\"url\":\"https:\/\/veritasinfo.org\/wp-content\/uploads\/2025\/08\/albin-kurti.jpg\",\"contentUrl\":\"https:\/\/veritasinfo.org\/wp-content\/uploads\/2025\/08\/albin-kurti.jpg\",\"width\":2048,\"height\":1365},{\"@type\":\"BreadcrumbList\",\"@id\":\"https:\/\/veritasinfo.org\/?p=9535#breadcrumb\",\"itemListElement\":[{\"@type\":\"ListItem\",\"position\":1,\"name\":\"Home\",\"item\":\"https:\/\/veritasinfo.org\/\"},{\"@type\":\"ListItem\",\"position\":2,\"name\":\"Kurti pas hapjes s\u00eb ur\u00ebs: Urime qytetar\u00ebve t\u00eb Mitrovic\u00ebs\"}]},{\"@type\":\"WebSite\",\"@id\":\"https:\/\/veritasinfo.org\/#website\",\"url\":\"https:\/\/veritasinfo.org\/\",\"name\":\"\",\"description\":\"\",\"potentialAction\":[{\"@type\":\"SearchAction\",\"target\":{\"@type\":\"EntryPoint\",\"urlTemplate\":\"https:\/\/veritasinfo.org\/?s={search_term_string}\"},\"query-input\":{\"@type\":\"PropertyValueSpecification\",\"valueRequired\":true,\"valueName\":\"search_term_string\"}}],\"inLanguage\":\"en-US\"},{\"@type\":\"Person\",\"@id\":\"https:\/\/veritasinfo.org\/#\/schema\/person\/7701f8c088bece422266b100a712374f\",\"name\":\"admin\",\"image\":{\"@type\":\"ImageObject\",\"inLanguage\":\"en-US\",\"@id\":\"https:\/\/veritasinfo.org\/#\/schema\/person\/image\/\",\"url\":\"https:\/\/secure.gravatar.com\/avatar\/ea53aa3bf6c9a12d5fde8ce4deff43fef3885ae33cf60184161a50d6987cfd2f?s=96&d=mm&r=g\",\"contentUrl\":\"https:\/\/secure.gravatar.com\/avatar\/ea53aa3bf6c9a12d5fde8ce4deff43fef3885ae33cf60184161a50d6987cfd2f?s=96&d=mm&r=g\",\"caption\":\"admin\"},\"sameAs\":[\"https:\/\/veritasinfo.org\"],\"url\":\"https:\/\/veritasinfo.org\/?author=1\"}]}<\/script>\n<!-- \/ Yoast SEO plugin. -->","yoast_head_json":{"title":"Kurti pas hapjes s\u00eb ur\u00ebs: Urime qytetar\u00ebve t\u00eb Mitrovic\u00ebs -","robots":{"index":"index","follow":"follow","max-snippet":"max-snippet:-1","max-image-preview":"max-image-preview:large","max-video-preview":"max-video-preview:-1"},"canonical":"https:\/\/veritasinfo.org\/?p=9535","og_locale":"en_US","og_type":"article","og_title":"Kurti pas hapjes s\u00eb ur\u00ebs: Urime qytetar\u00ebve t\u00eb Mitrovic\u00ebs -","og_description":"Mitrovic\u00eb, 26 Gusht 2025 Kryeministri n\u00eb detyr\u00eb, Albin Kurti, ka th\u00ebn\u00eb se ura e 36-t\u00eb n\u00eb Kosov\u00eb e nd\u00ebrtuar mbi lumin Ib\u00ebr ka p\u00ebrfunduar dhe","og_url":"https:\/\/veritasinfo.org\/?p=9535","article_published_time":"2025-08-26T10:36:32+00:00","article_modified_time":"2025-08-26T10:37:18+00:00","og_image":[{"width":2048,"height":1365,"url":"https:\/\/veritasinfo.org\/wp-content\/uploads\/2025\/08\/albin-kurti.jpg","type":"image\/jpeg"}],"author":"admin","twitter_card":"summary_large_image","twitter_misc":{"Written by":"admin","Est. reading time":"1 minute"},"schema":{"@context":"https:\/\/schema.org","@graph":[{"@type":"WebPage","@id":"https:\/\/veritasinfo.org\/?p=9535","url":"https:\/\/veritasinfo.org\/?p=9535","name":"Kurti pas hapjes s\u00eb ur\u00ebs: Urime qytetar\u00ebve t\u00eb Mitrovic\u00ebs -","isPartOf":{"@id":"https:\/\/veritasinfo.org\/#website"},"primaryImageOfPage":{"@id":"https:\/\/veritasinfo.org\/?p=9535#primaryimage"},"image":{"@id":"https:\/\/veritasinfo.org\/?p=9535#primaryimage"},"thumbnailUrl":"https:\/\/veritasinfo.org\/wp-content\/uploads\/2025\/08\/albin-kurti.jpg","datePublished":"2025-08-26T10:36:32+00:00","dateModified":"2025-08-26T10:37:18+00:00","author":{"@id":"https:\/\/veritasinfo.org\/#\/schema\/person\/7701f8c088bece422266b100a712374f"},"breadcrumb":{"@id":"https:\/\/veritasinfo.org\/?p=9535#breadcrumb"},"inLanguage":"en-US","potentialAction":[{"@type":"ReadAction","target":["https:\/\/veritasinfo.org\/?p=9535"]}]},{"@type":"ImageObject","inLanguage":"en-US","@id":"https:\/\/veritasinfo.org\/?p=9535#primaryimage","url":"https:\/\/veritasinfo.org\/wp-content\/uploads\/2025\/08\/albin-kurti.jpg","contentUrl":"https:\/\/veritasinfo.org\/wp-content\/uploads\/2025\/08\/albin-kurti.jpg","width":2048,"height":1365},{"@type":"BreadcrumbList","@id":"https:\/\/veritasinfo.org\/?p=9535#breadcrumb","itemListElement":[{"@type":"ListItem","position":1,"name":"Home","item":"https:\/\/veritasinfo.org\/"},{"@type":"ListItem","position":2,"name":"Kurti pas hapjes s\u00eb ur\u00ebs: Urime qytetar\u00ebve t\u00eb Mitrovic\u00ebs"}]},{"@type":"WebSite","@id":"https:\/\/veritasinfo.org\/#website","url":"https:\/\/veritasinfo.org\/","name":"","description":"","potentialAction":[{"@type":"SearchAction","target":{"@type":"EntryPoint","urlTemplate":"https:\/\/veritasinfo.org\/?s={search_term_string}"},"query-input":{"@type":"PropertyValueSpecification","valueRequired":true,"valueName":"search_term_string"}}],"inLanguage":"en-US"},{"@type":"Person","@id":"https:\/\/veritasinfo.org\/#\/schema\/person\/7701f8c088bece422266b100a712374f","name":"admin","image":{"@type":"ImageObject","inLanguage":"en-US","@id":"https:\/\/veritasinfo.org\/#\/schema\/person\/image\/","url":"https:\/\/secure.gravatar.com\/avatar\/ea53aa3bf6c9a12d5fde8ce4deff43fef3885ae33cf60184161a50d6987cfd2f?s=96&d=mm&r=g","contentUrl":"https:\/\/secure.gravatar.com\/avatar\/ea53aa3bf6c9a12d5fde8ce4deff43fef3885ae33cf60184161a50d6987cfd2f?s=96&d=mm&r=g","caption":"admin"},"sameAs":["https:\/\/veritasinfo.org"],"url":"https:\/\/veritasinfo.org\/?author=1"}]}},"featured_image_urls":{"full":["https:\/\/veritasinfo.org\/wp-content\/uploads\/2025\/08\/albin-kurti.jpg",2048,1365,false],"thumbnail":["https:\/\/veritasinfo.org\/wp-content\/uploads\/2025\/08\/albin-kurti-150x150.jpg",150,150,true],"medium":["https:\/\/veritasinfo.org\/wp-content\/uploads\/2025\/08\/albin-kurti-300x200.jpg",300,200,true],"medium_large":["https:\/\/veritasinfo.org\/wp-content\/uploads\/2025\/08\/albin-kurti-768x512.jpg",640,427,true],"large":["https:\/\/veritasinfo.org\/wp-content\/uploads\/2025\/08\/albin-kurti-1024x683.jpg",640,427,true],"1536x1536":["https:\/\/veritasinfo.org\/wp-content\/uploads\/2025\/08\/albin-kurti-1536x1024.jpg",1536,1024,true],"2048x2048":["https:\/\/veritasinfo.org\/wp-content\/uploads\/2025\/08\/albin-kurti.jpg",2048,1365,false],"kreeti-slider-full":["https:\/\/veritasinfo.org\/wp-content\/uploads\/2025\/08\/albin-kurti.jpg",1080,720,false],"kreeti-featured":["https:\/\/veritasinfo.org\/wp-content\/uploads\/2025\/08\/albin-kurti.jpg",1024,683,false],"kreeti-medium":["https:\/\/veritasinfo.org\/wp-content\/uploads\/2025\/08\/albin-kurti.jpg",720,480,false],"kreeti-medium-square":["https:\/\/veritasinfo.org\/wp-content\/uploads\/2025\/08\/albin-kurti.jpg",350,233,false]},"author_info":{"info":["admin"]},"category_info":"<a href=\"https:\/\/veritasinfo.org\/?cat=52\" rel=\"category\">Komunat<\/a>","tag_info":"Komunat","comment_count":"0","_links":{"self":[{"href":"https:\/\/veritasinfo.org\/index.php?rest_route=\/wp\/v2\/posts\/9535","targetHints":{"allow":["GET"]}}],"collection":[{"href":"https:\/\/veritasinfo.org\/index.php?rest_route=\/wp\/v2\/posts"}],"about":[{"href":"https:\/\/veritasinfo.org\/index.php?rest_route=\/wp\/v2\/types\/post"}],"author":[{"embeddable":true,"href":"https:\/\/veritasinfo.org\/index.php?rest_route=\/wp\/v2\/users\/1"}],"replies":[{"embeddable":true,"href":"https:\/\/veritasinfo.org\/index.php?rest_route=%2Fwp%2Fv2%2Fcomments&post=9535"}],"version-history":[{"count":2,"href":"https:\/\/veritasinfo.org\/index.php?rest_route=\/wp\/v2\/posts\/9535\/revisions"}],"predecessor-version":[{"id":9537,"href":"https:\/\/veritasinfo.org\/index.php?rest_route=\/wp\/v2\/posts\/9535\/revisions\/9537"}],"wp:featuredmedia":[{"embeddable":true,"href":"https:\/\/veritasinfo.org\/index.php?rest_route=\/wp\/v2\/media\/8422"}],"wp:attachment":[{"href":"https:\/\/veritasinfo.org\/index.php?rest_route=%2Fwp%2Fv2%2Fmedia&parent=9535"}],"wp:term":[{"taxonomy":"category","embeddable":true,"href":"https:\/\/veritasinfo.org\/index.php?rest_route=%2Fwp%2Fv2%2Fcategories&post=9535"},{"taxonomy":"post_tag","embeddable":true,"href":"https:\/\/veritasinfo.org\/index.php?rest_route=%2Fwp%2Fv2%2Ftags&post=9535"}],"curies":[{"name":"wp","href":"https:\/\/api.w.org\/{rel}","templated":true}]}}