{"id":9475,"date":"2025-08-26T08:14:26","date_gmt":"2025-08-26T06:14:26","guid":{"rendered":"https:\/\/veritasinfo.org\/?p=9475"},"modified":"2025-08-26T08:19:12","modified_gmt":"2025-08-26T06:19:12","slug":"baraliu-gjykata-supreme-mund-te-kerkoje-prova-shtese-per-rastin-e-listes-serbe","status":"publish","type":"post","link":"https:\/\/veritasinfo.org\/?p=9475","title":{"rendered":"Baraliu: Gjykata Supreme mund t\u00eb k\u00ebrkoj\u00eb prova shtes\u00eb p\u00ebr rastin e List\u00ebs Serbe"},"content":{"rendered":"<p>Prishtin\u00eb, 26 Gusht 2025<\/p>\n<p>Profesori Mazllum Baraliu ka folur rreth betej\u00ebs s\u00eb humbur t\u00eb KQZ-s\u00eb p\u00ebrball\u00eb List\u00ebs Serbe, pasi PZAP ka rr\u00ebzuar vendimin e saj p\u00ebr t\u00eb mos certifikuar list\u00ebn e kandidat\u00ebve t\u00eb k\u00ebtij subjekti politik p\u00ebr zgjedhjet lokale.<\/p>\n<div class=\"ad_holder\">Ai ka th\u00ebn\u00eb se situata e fundit \u00ebsht\u00eb pothuajse e nj\u00ebjt\u00eb me at\u00eb q\u00eb ndodhi n\u00eb prag t\u00eb zgjedhjeve nacionale.<\/div>\n<div><em><br \/>\n\u201cP\u00ebr af\u00ebrsisht po, por p\u00ebr arsye se motivet t\u00eb cilat ne nuk i njohim \u2013 t\u00eb cilat mund t\u00eb jen\u00eb t\u00eb natyr\u00ebs klasifikuese, por q\u00eb do t\u00eb duhej t\u00eb ishin t\u00eb r\u00ebnd\u00ebsis\u00eb specifike \u2013 jan\u00eb p\u00ebraf\u00ebrsisht t\u00eb nj\u00ebjta. Mbase sepse p\u00ebraf\u00ebrsisht subjekti m\u00eb i madh politik, madje edhe koalicioni fitues i zgjedhjeve t\u00eb fundit n\u00eb nivel qendror, edhe her\u00ebn e par\u00eb edhe tani ka insistuar dhe votuar q\u00eb t\u00eb mos certifikohet ky subjekt politik. Madje ka edhe t\u00eb dh\u00ebna parciale q\u00eb element\u00eb t\u00eb k\u00ebtij subjekti politik kan\u00eb qen\u00eb vazhdimisht n\u00eb pozita destruktive ndaj Kosov\u00ebs\u201d, ka th\u00ebn\u00eb Baraliu.<\/em><br \/>\nAi shtoi se Gjykata Supreme ka t\u00eb drejt\u00eb t\u00eb k\u00ebrkoj\u00eb prova shtes\u00eb n\u00eb rast se nuk ka t\u00eb mjaftueshme n\u00eb trajtimin e l\u00ebnd\u00ebs ndaj List\u00ebs Serbe, n\u00eb m\u00ebnyr\u00eb q\u00eb t\u00eb marr\u00eb nj\u00eb vendim \u201cduksh\u00ebm m\u00eb t\u00eb p\u00ebrpunuar, m\u00eb substancial n\u00eb kuptimin e brendis\u00eb s\u00eb \u00e7\u00ebshtjes dhe shpjegimit t\u00eb elementeve\u201d, ka th\u00ebn\u00eb ai.<\/div>\n","protected":false},"excerpt":{"rendered":"<p>Prishtin\u00eb, 26 Gusht 2025 Profesori Mazllum Baraliu ka folur rreth betej\u00ebs s\u00eb humbur t\u00eb KQZ-s\u00eb p\u00ebrball\u00eb List\u00ebs Serbe, pasi PZAP ka rr\u00ebzuar vendimin e saj<\/p>\n","protected":false},"author":1,"featured_media":9481,"comment_status":"open","ping_status":"open","sticky":false,"template":"","format":"standard","meta":{"footnotes":""},"categories":[93],"tags":[],"class_list":["post-9475","post","type-post","status-publish","format-standard","has-post-thumbnail","hentry","category-politika-sq"],"yoast_head":"<!-- This site is optimized with the Yoast SEO plugin v25.3.1 - https:\/\/yoast.com\/wordpress\/plugins\/seo\/ -->\n<title>Baraliu: Gjykata Supreme mund t\u00eb k\u00ebrkoj\u00eb prova shtes\u00eb p\u00ebr rastin e List\u00ebs Serbe -<\/title>\n<meta name=\"robots\" content=\"index, follow, max-snippet:-1, max-image-preview:large, max-video-preview:-1\" \/>\n<link rel=\"canonical\" href=\"https:\/\/veritasinfo.org\/?p=9475\" \/>\n<meta property=\"og:locale\" content=\"en_US\" \/>\n<meta property=\"og:type\" content=\"article\" \/>\n<meta property=\"og:title\" content=\"Baraliu: Gjykata Supreme mund t\u00eb k\u00ebrkoj\u00eb prova shtes\u00eb p\u00ebr rastin e List\u00ebs Serbe -\" \/>\n<meta property=\"og:description\" content=\"Prishtin\u00eb, 26 Gusht 2025 Profesori Mazllum Baraliu ka folur rreth betej\u00ebs s\u00eb humbur t\u00eb KQZ-s\u00eb p\u00ebrball\u00eb List\u00ebs Serbe, pasi PZAP ka rr\u00ebzuar vendimin e saj\" \/>\n<meta property=\"og:url\" content=\"https:\/\/veritasinfo.org\/?p=9475\" \/>\n<meta property=\"article:published_time\" content=\"2025-08-26T06:14:26+00:00\" \/>\n<meta property=\"article:modified_time\" content=\"2025-08-26T06:19:12+00:00\" \/>\n<meta property=\"og:image\" content=\"https:\/\/veritasinfo.org\/wp-content\/uploads\/2025\/08\/IMG_3409.webp\" \/>\n\t<meta property=\"og:image:width\" content=\"860\" \/>\n\t<meta property=\"og:image:height\" content=\"550\" \/>\n\t<meta property=\"og:image:type\" content=\"image\/webp\" \/>\n<meta name=\"author\" content=\"admin\" \/>\n<meta name=\"twitter:card\" content=\"summary_large_image\" \/>\n<meta name=\"twitter:label1\" content=\"Written by\" \/>\n\t<meta name=\"twitter:data1\" content=\"admin\" \/>\n\t<meta name=\"twitter:label2\" content=\"Est. reading time\" \/>\n\t<meta name=\"twitter:data2\" content=\"2 minutes\" \/>\n<script type=\"application\/ld+json\" class=\"yoast-schema-graph\">{\"@context\":\"https:\/\/schema.org\",\"@graph\":[{\"@type\":\"WebPage\",\"@id\":\"https:\/\/veritasinfo.org\/?p=9475\",\"url\":\"https:\/\/veritasinfo.org\/?p=9475\",\"name\":\"Baraliu: Gjykata Supreme mund t\u00eb k\u00ebrkoj\u00eb prova shtes\u00eb p\u00ebr rastin e List\u00ebs Serbe -\",\"isPartOf\":{\"@id\":\"https:\/\/veritasinfo.org\/#website\"},\"primaryImageOfPage\":{\"@id\":\"https:\/\/veritasinfo.org\/?p=9475#primaryimage\"},\"image\":{\"@id\":\"https:\/\/veritasinfo.org\/?p=9475#primaryimage\"},\"thumbnailUrl\":\"https:\/\/veritasinfo.org\/wp-content\/uploads\/2025\/08\/IMG_3409.webp\",\"datePublished\":\"2025-08-26T06:14:26+00:00\",\"dateModified\":\"2025-08-26T06:19:12+00:00\",\"author\":{\"@id\":\"https:\/\/veritasinfo.org\/#\/schema\/person\/7701f8c088bece422266b100a712374f\"},\"breadcrumb\":{\"@id\":\"https:\/\/veritasinfo.org\/?p=9475#breadcrumb\"},\"inLanguage\":\"en-US\",\"potentialAction\":[{\"@type\":\"ReadAction\",\"target\":[\"https:\/\/veritasinfo.org\/?p=9475\"]}]},{\"@type\":\"ImageObject\",\"inLanguage\":\"en-US\",\"@id\":\"https:\/\/veritasinfo.org\/?p=9475#primaryimage\",\"url\":\"https:\/\/veritasinfo.org\/wp-content\/uploads\/2025\/08\/IMG_3409.webp\",\"contentUrl\":\"https:\/\/veritasinfo.org\/wp-content\/uploads\/2025\/08\/IMG_3409.webp\",\"width\":860,\"height\":550},{\"@type\":\"BreadcrumbList\",\"@id\":\"https:\/\/veritasinfo.org\/?p=9475#breadcrumb\",\"itemListElement\":[{\"@type\":\"ListItem\",\"position\":1,\"name\":\"Home\",\"item\":\"https:\/\/veritasinfo.org\/\"},{\"@type\":\"ListItem\",\"position\":2,\"name\":\"Baraliu: Gjykata Supreme mund t\u00eb k\u00ebrkoj\u00eb prova shtes\u00eb p\u00ebr rastin e List\u00ebs Serbe\"}]},{\"@type\":\"WebSite\",\"@id\":\"https:\/\/veritasinfo.org\/#website\",\"url\":\"https:\/\/veritasinfo.org\/\",\"name\":\"\",\"description\":\"\",\"potentialAction\":[{\"@type\":\"SearchAction\",\"target\":{\"@type\":\"EntryPoint\",\"urlTemplate\":\"https:\/\/veritasinfo.org\/?s={search_term_string}\"},\"query-input\":{\"@type\":\"PropertyValueSpecification\",\"valueRequired\":true,\"valueName\":\"search_term_string\"}}],\"inLanguage\":\"en-US\"},{\"@type\":\"Person\",\"@id\":\"https:\/\/veritasinfo.org\/#\/schema\/person\/7701f8c088bece422266b100a712374f\",\"name\":\"admin\",\"image\":{\"@type\":\"ImageObject\",\"inLanguage\":\"en-US\",\"@id\":\"https:\/\/veritasinfo.org\/#\/schema\/person\/image\/\",\"url\":\"https:\/\/secure.gravatar.com\/avatar\/ea53aa3bf6c9a12d5fde8ce4deff43fef3885ae33cf60184161a50d6987cfd2f?s=96&d=mm&r=g\",\"contentUrl\":\"https:\/\/secure.gravatar.com\/avatar\/ea53aa3bf6c9a12d5fde8ce4deff43fef3885ae33cf60184161a50d6987cfd2f?s=96&d=mm&r=g\",\"caption\":\"admin\"},\"sameAs\":[\"https:\/\/veritasinfo.org\"],\"url\":\"https:\/\/veritasinfo.org\/?author=1\"}]}<\/script>\n<!-- \/ Yoast SEO plugin. -->","yoast_head_json":{"title":"Baraliu: Gjykata Supreme mund t\u00eb k\u00ebrkoj\u00eb prova shtes\u00eb p\u00ebr rastin e List\u00ebs Serbe -","robots":{"index":"index","follow":"follow","max-snippet":"max-snippet:-1","max-image-preview":"max-image-preview:large","max-video-preview":"max-video-preview:-1"},"canonical":"https:\/\/veritasinfo.org\/?p=9475","og_locale":"en_US","og_type":"article","og_title":"Baraliu: Gjykata Supreme mund t\u00eb k\u00ebrkoj\u00eb prova shtes\u00eb p\u00ebr rastin e List\u00ebs Serbe -","og_description":"Prishtin\u00eb, 26 Gusht 2025 Profesori Mazllum Baraliu ka folur rreth betej\u00ebs s\u00eb humbur t\u00eb KQZ-s\u00eb p\u00ebrball\u00eb List\u00ebs Serbe, pasi PZAP ka rr\u00ebzuar vendimin e saj","og_url":"https:\/\/veritasinfo.org\/?p=9475","article_published_time":"2025-08-26T06:14:26+00:00","article_modified_time":"2025-08-26T06:19:12+00:00","og_image":[{"width":860,"height":550,"url":"https:\/\/veritasinfo.org\/wp-content\/uploads\/2025\/08\/IMG_3409.webp","type":"image\/webp"}],"author":"admin","twitter_card":"summary_large_image","twitter_misc":{"Written by":"admin","Est. reading time":"2 minutes"},"schema":{"@context":"https:\/\/schema.org","@graph":[{"@type":"WebPage","@id":"https:\/\/veritasinfo.org\/?p=9475","url":"https:\/\/veritasinfo.org\/?p=9475","name":"Baraliu: Gjykata Supreme mund t\u00eb k\u00ebrkoj\u00eb prova shtes\u00eb p\u00ebr rastin e List\u00ebs Serbe -","isPartOf":{"@id":"https:\/\/veritasinfo.org\/#website"},"primaryImageOfPage":{"@id":"https:\/\/veritasinfo.org\/?p=9475#primaryimage"},"image":{"@id":"https:\/\/veritasinfo.org\/?p=9475#primaryimage"},"thumbnailUrl":"https:\/\/veritasinfo.org\/wp-content\/uploads\/2025\/08\/IMG_3409.webp","datePublished":"2025-08-26T06:14:26+00:00","dateModified":"2025-08-26T06:19:12+00:00","author":{"@id":"https:\/\/veritasinfo.org\/#\/schema\/person\/7701f8c088bece422266b100a712374f"},"breadcrumb":{"@id":"https:\/\/veritasinfo.org\/?p=9475#breadcrumb"},"inLanguage":"en-US","potentialAction":[{"@type":"ReadAction","target":["https:\/\/veritasinfo.org\/?p=9475"]}]},{"@type":"ImageObject","inLanguage":"en-US","@id":"https:\/\/veritasinfo.org\/?p=9475#primaryimage","url":"https:\/\/veritasinfo.org\/wp-content\/uploads\/2025\/08\/IMG_3409.webp","contentUrl":"https:\/\/veritasinfo.org\/wp-content\/uploads\/2025\/08\/IMG_3409.webp","width":860,"height":550},{"@type":"BreadcrumbList","@id":"https:\/\/veritasinfo.org\/?p=9475#breadcrumb","itemListElement":[{"@type":"ListItem","position":1,"name":"Home","item":"https:\/\/veritasinfo.org\/"},{"@type":"ListItem","position":2,"name":"Baraliu: Gjykata Supreme mund t\u00eb k\u00ebrkoj\u00eb prova shtes\u00eb p\u00ebr rastin e List\u00ebs Serbe"}]},{"@type":"WebSite","@id":"https:\/\/veritasinfo.org\/#website","url":"https:\/\/veritasinfo.org\/","name":"","description":"","potentialAction":[{"@type":"SearchAction","target":{"@type":"EntryPoint","urlTemplate":"https:\/\/veritasinfo.org\/?s={search_term_string}"},"query-input":{"@type":"PropertyValueSpecification","valueRequired":true,"valueName":"search_term_string"}}],"inLanguage":"en-US"},{"@type":"Person","@id":"https:\/\/veritasinfo.org\/#\/schema\/person\/7701f8c088bece422266b100a712374f","name":"admin","image":{"@type":"ImageObject","inLanguage":"en-US","@id":"https:\/\/veritasinfo.org\/#\/schema\/person\/image\/","url":"https:\/\/secure.gravatar.com\/avatar\/ea53aa3bf6c9a12d5fde8ce4deff43fef3885ae33cf60184161a50d6987cfd2f?s=96&d=mm&r=g","contentUrl":"https:\/\/secure.gravatar.com\/avatar\/ea53aa3bf6c9a12d5fde8ce4deff43fef3885ae33cf60184161a50d6987cfd2f?s=96&d=mm&r=g","caption":"admin"},"sameAs":["https:\/\/veritasinfo.org"],"url":"https:\/\/veritasinfo.org\/?author=1"}]}},"featured_image_urls":{"full":["https:\/\/veritasinfo.org\/wp-content\/uploads\/2025\/08\/IMG_3409.webp",860,550,false],"thumbnail":["https:\/\/veritasinfo.org\/wp-content\/uploads\/2025\/08\/IMG_3409-150x150.webp",150,150,true],"medium":["https:\/\/veritasinfo.org\/wp-content\/uploads\/2025\/08\/IMG_3409-300x192.webp",300,192,true],"medium_large":["https:\/\/veritasinfo.org\/wp-content\/uploads\/2025\/08\/IMG_3409-768x491.webp",640,409,true],"large":["https:\/\/veritasinfo.org\/wp-content\/uploads\/2025\/08\/IMG_3409.webp",640,409,false],"1536x1536":["https:\/\/veritasinfo.org\/wp-content\/uploads\/2025\/08\/IMG_3409.webp",860,550,false],"2048x2048":["https:\/\/veritasinfo.org\/wp-content\/uploads\/2025\/08\/IMG_3409.webp",860,550,false],"kreeti-slider-full":["https:\/\/veritasinfo.org\/wp-content\/uploads\/2025\/08\/IMG_3409.webp",860,550,false],"kreeti-featured":["https:\/\/veritasinfo.org\/wp-content\/uploads\/2025\/08\/IMG_3409.webp",860,550,false],"kreeti-medium":["https:\/\/veritasinfo.org\/wp-content\/uploads\/2025\/08\/IMG_3409.webp",720,460,false],"kreeti-medium-square":["https:\/\/veritasinfo.org\/wp-content\/uploads\/2025\/08\/IMG_3409.webp",350,224,false]},"author_info":{"info":["admin"]},"category_info":"<a href=\"https:\/\/veritasinfo.org\/?cat=93\" rel=\"category\">Politika<\/a>","tag_info":"Politika","comment_count":"0","_links":{"self":[{"href":"https:\/\/veritasinfo.org\/index.php?rest_route=\/wp\/v2\/posts\/9475","targetHints":{"allow":["GET"]}}],"collection":[{"href":"https:\/\/veritasinfo.org\/index.php?rest_route=\/wp\/v2\/posts"}],"about":[{"href":"https:\/\/veritasinfo.org\/index.php?rest_route=\/wp\/v2\/types\/post"}],"author":[{"embeddable":true,"href":"https:\/\/veritasinfo.org\/index.php?rest_route=\/wp\/v2\/users\/1"}],"replies":[{"embeddable":true,"href":"https:\/\/veritasinfo.org\/index.php?rest_route=%2Fwp%2Fv2%2Fcomments&post=9475"}],"version-history":[{"count":2,"href":"https:\/\/veritasinfo.org\/index.php?rest_route=\/wp\/v2\/posts\/9475\/revisions"}],"predecessor-version":[{"id":9482,"href":"https:\/\/veritasinfo.org\/index.php?rest_route=\/wp\/v2\/posts\/9475\/revisions\/9482"}],"wp:featuredmedia":[{"embeddable":true,"href":"https:\/\/veritasinfo.org\/index.php?rest_route=\/wp\/v2\/media\/9481"}],"wp:attachment":[{"href":"https:\/\/veritasinfo.org\/index.php?rest_route=%2Fwp%2Fv2%2Fmedia&parent=9475"}],"wp:term":[{"taxonomy":"category","embeddable":true,"href":"https:\/\/veritasinfo.org\/index.php?rest_route=%2Fwp%2Fv2%2Fcategories&post=9475"},{"taxonomy":"post_tag","embeddable":true,"href":"https:\/\/veritasinfo.org\/index.php?rest_route=%2Fwp%2Fv2%2Ftags&post=9475"}],"curies":[{"name":"wp","href":"https:\/\/api.w.org\/{rel}","templated":true}]}}