{"id":9441,"date":"2025-08-25T21:27:19","date_gmt":"2025-08-25T19:27:19","guid":{"rendered":"https:\/\/veritasinfo.org\/?p=9441"},"modified":"2025-08-25T21:27:19","modified_gmt":"2025-08-25T19:27:19","slug":"ekspertet-e-sigurise-lista-serbe-rrezik-per-stabilitetin","status":"publish","type":"post","link":"https:\/\/veritasinfo.org\/?p=9441","title":{"rendered":"Ekspert\u00ebt e siguris\u00eb: Lista Serbe, rrezik p\u00ebr stabilitetin"},"content":{"rendered":"<p>Prishtin\u00eb, 25 Gusht 2025<\/p>\n<p>Pas vendimit t\u00eb Panelit Zgjedhor p\u00ebr Ankesa dhe Parashtresa, i cili ka anuluar vendimin e KQZ-s\u00eb q\u00eb e kishte refuzuar certifikimin e saj, ekziston mund\u00ebsia q\u00eb Lista Serbe t\u00eb marr\u00eb pjes\u00eb n\u00eb zgjedhjet lokale t\u00eb 12 tetorit.<\/p>\n<p>Vendimi i PZAP-it ka ngjallur reagime t\u00eb ashpra nga njoh\u00ebs t\u00eb siguris\u00eb, t\u00eb cil\u00ebt e konsiderojn\u00eb k\u00ebt\u00eb subjekt politik si k\u00ebrc\u00ebnim p\u00ebr sovranitetin dhe rendin kushtetues t\u00eb Republik\u00ebs s\u00eb Kosov\u00ebs. Nd\u00ebrkoh\u00eb, disa nga p\u00ebrfaq\u00ebsuesit e saj jan\u00eb t\u00eb p\u00ebrfshir\u00eb n\u00eb aktakuza p\u00ebr dhun\u00eb ndaj gazetar\u00ebve dhe pjes\u00ebmarrje n\u00eb protesta t\u00eb dhunshme n\u00eb veri t\u00eb vendit.<\/p>\n<p>Jav\u00ebn q\u00eb shkoi, Komisioni Qendror i Zgjedhjeve refuzoi certifikimin e subjektit politik Lista Serbe p\u00ebr pjes\u00ebmarrje n\u00eb Zgjedhjet Lokale t\u00eb 12 tetorit, me arsyetimin se kandidat\u00ebt e k\u00ebsaj liste p\u00ebrb\u00ebjn\u00eb rrezik p\u00ebr sigurin\u00eb e Republik\u00ebs s\u00eb Kosov\u00ebs.<\/p>\n<p>An\u00ebtar\u00ebt e KQZ-s\u00eb arsyetuan vendimin duke theksuar se Lista Serbe \u00ebsht\u00eb dor\u00eb e zgjatur e Serbis\u00eb n\u00eb Kosov\u00eb dhe ka qen\u00eb aktive n\u00eb protesta dhe barrikada n\u00eb veri t\u00eb vendit, shpesh n\u00eb kund\u00ebrshtim\u00a0 t\u00eb hapur me institucionet e Kosov\u00ebs.<\/p>\n<p>Nj\u00eb nga rastet m\u00eb t\u00eb p\u00ebrfolura \u00ebsht\u00eb ai i Slavko Simiqit, i cili akuzohet p\u00ebr pjes\u00ebmarrje n\u00eb protest\u00ebn e 16 majit 2023 n\u00eb Leposaviq, ku protestuesit serb\u00eb ushtruan dhun\u00eb kund\u00ebr gazetar\u00ebve.<\/p>\n<p>Sipas aktakuz\u00ebs, Simiq ishte pjes\u00eb e nj\u00eb turme q\u00eb p\u00ebrdori mjete t\u00eb rrezikshme si kube betoni, shok bomba dhe mjete t\u00eb tjera p\u00ebr t\u00eb sulmuar gazetar\u00ebt, duke l\u00ebn\u00eb dy prej tyre me l\u00ebndime t\u00eb r\u00ebnda.<\/p>\n<p>Slavko Simiq, nj\u00eb nga figurat kryesore t\u00eb List\u00ebs Serbe, \u00ebsht\u00eb p\u00ebrballur me aktakuz\u00eb nga Prokuroria Speciale p\u00ebr pjes\u00ebmarrje n\u00eb protest\u00ebn e dhunshme t\u00eb 16 majit n\u00eb Leposaviq, ku protestuesit sulmuan gazetar\u00ebt. P\u00ebr k\u00ebt\u00eb rast, edhe i pandehuri U.V. \u00ebsht\u00eb akuzuar p\u00ebr \u2018sulm\u2019 dhe \u2018huliganiz\u00ebm\u2019.<\/p>\n<p>Eksperti i siguris\u00eb, Avni Islami, e sheh pjes\u00ebmarrjen e List\u00ebs Serbe n\u00eb zgjedhje si p\u00ebrpjekjen e fundit t\u00eb presidentit serb Aleksand\u00ebr Vu\u00e7iq p\u00ebr t&#8217;i minuar institucionet demokratike t\u00eb Kosov\u00ebs. Sipas tij, kjo parti \u00ebsht\u00eb krah politik i grupit t\u00eb Radoi\u00e7iqit, t\u00eb cilin e cil\u00ebson si organizat\u00eb terroriste dhe kriminale.<\/p>\n<p>\u201cAta jan\u00eb krah politik i grupit t\u00eb Radoi\u00e7i\u00e7it, pra t\u00eb grupit terrorist. Dhe \u00e7do veprim i grupeve ekstremiste e kriminale t\u00eb dirigjuara nga Aleksand\u00ebr Vu\u00e7i\u00e7i, p\u00ebrmes Radoi\u00e7i\u00e7it, do p\u00ebrpjekje t\u00eb marr\u00eb fuqi nga Lista Serbe. Ky do t\u00eb jet\u00eb nj\u00eb gaf ose nj\u00eb gabim i t\u00eb gjith\u00eb atyre t\u00eb cil\u00ebt e p\u00ebrkrahin q\u00eb Lista Serbe t\u00eb jet\u00eb n\u00eb ato zgjedhje. Jo vet\u00ebm Lista Serbe, por edhe Alternativa Demokratike, t\u00eb dyja k\u00ebto parti kan\u00eb treguar se jan\u00eb kund\u00ebr interesave t\u00eb Kosov\u00ebs, kund\u00ebr sovranitetit t\u00eb vendit. K\u00ebto ligj\u00ebrisht do t\u00eb duhej t\u2019u ndalohej me ligj, sikurse n\u00eb vendet tjera demokratike, ku shum\u00eb parti, jo vet\u00ebm n\u00eb SHBA, por edhe Anglia, Holanda dhe t\u00eb tjera, partive ekstremiste, t\u00eb cilat duan t\u00eb minojn\u00eb nj\u00eb shtet, si\u00e7 \u00ebsht\u00eb Lista Serbe, b\u00ebn p\u00ebrpjekje vazhdimisht ta minoj\u00eb demokracin\u00eb dhe tenton t\u00eb b\u00ebj\u00eb nj\u00eb shk\u00ebputje t\u00eb nj\u00eb pjese t\u00eb territorit. Atyre do t\u00eb duhej t\u2019u ndalohej me ligj dhe un\u00eb mendoj q\u00eb ata mund t\u00eb paraqesin rrezik p\u00ebr t\u00eb ardhmen dhe do t\u00eb ket\u00eb shum\u00eb pun\u00eb p\u00ebr institucionet e republik\u00ebs s\u00eb Kosov\u00ebs\u201d, tha Islami.<\/p>\n<p>Nj\u00eb tjet\u00ebr njoh\u00ebs i siguris\u00eb, Nuredin Ibishi, e ndan \u00e7\u00ebshtjen n\u00eb dy pjes\u00eb: administrative dhe gjyq\u00ebsore. Derisa thot\u00eb se \u00ebsht\u00eb e qart\u00eb dhe publike q\u00eb Lista Serbe p\u00ebr\u00e7on interesat e Beogradit dhe ka qen\u00eb e p\u00ebrfshir\u00eb n\u00eb barrikada dhe protesta n\u00eb veri t\u00eb Kosov\u00ebs.<\/p>\n<p>\u201cS\u00eb pari duhet ndar\u00eb \u00e7\u00ebshtjen administrative q\u00eb shkon p\u00ebrmes KQZ-s\u00eb, dhe ajo ka vendosur n\u00eb faqen e par\u00eb q\u00eb t\u00eb mos e certifikoj\u00eb mandej n\u00eb PZAP u vendos q\u00eb, me rekomandim, KQZ ta certifikoj\u00eb List\u00ebn Serbe. K\u00ebt\u00eb duhet ndar\u00eb n\u00eb aspektin e dosjeve kriminale apo kund\u00ebrvajtjes, shkon procedura gjyq\u00ebsore. N\u00ebse ka nga Lista Serbe persona q\u00eb jan\u00eb t\u00eb kriminalizuar apo kan\u00eb dosje, at\u00ebher\u00eb shkon n\u00eb proces gjyq\u00ebsor, prokurori merret me at\u00eb deri n\u00eb p\u00ebrfundim t\u00eb procedur\u00ebs. Dometh\u00ebn\u00eb pa paragjykuar n\u00eb k\u00ebt\u00eb drejtim, duke e ditur n\u00eb k\u00ebt\u00eb drejtim, duke e ditur bot\u00ebrisht se Lista Serbe \u00ebsht\u00eb p\u00ebr\u00e7uese e t\u00eb gjitha interesave dhe shum\u00eb pjes\u00ebtar\u00eb t\u00eb saj kan\u00eb marr\u00eb pjes\u00eb edhe n\u00eb bllokada n\u00eb pjes\u00ebn veriore t\u00eb kufirit duke qen\u00eb e strukturave\u201d, tha Ibishi.<\/p>\n<p>Megjithat\u00eb, Paneli Zgjedhor p\u00ebr Ankesa dhe Parashtresa ka marr\u00eb vendim n\u00eb favor t\u00eb List\u00ebs Serbe. Ky vendim anulon refuzimin e certifikimit nga ana e KQZ-s\u00eb, me arsyetimin se disa nga kandidat\u00ebt nuk kishin pengesa ligjore p\u00ebr pjes\u00ebmarrje n\u00eb zgjedhje.<\/p>\n<p>Vendimi i PZAP-s\u00eb e lejon pjes\u00ebmarrjen e List\u00ebs Serbe n\u00eb zgjedhjet e 12 tetorit, por situata mbetet e tensionuar. Me akuza t\u00eb r\u00ebnda, aktakuza t\u00eb ngritura dhe sfida t\u00eb vazhdueshme p\u00ebr sovranitetin, institucionet e Kosov\u00ebs do t\u00eb p\u00ebrballen me nj\u00eb proces zgjedhor t\u00eb ndjesh\u00ebm dhe t\u00eb kontestuar.<\/p>\n","protected":false},"excerpt":{"rendered":"<p>Prishtin\u00eb, 25 Gusht 2025 Pas vendimit t\u00eb Panelit Zgjedhor p\u00ebr Ankesa dhe Parashtresa, i cili ka anuluar vendimin e KQZ-s\u00eb q\u00eb e kishte refuzuar certifikimin<\/p>\n","protected":false},"author":1,"featured_media":9442,"comment_status":"open","ping_status":"open","sticky":false,"template":"","format":"standard","meta":{"footnotes":""},"categories":[58],"tags":[],"class_list":["post-9441","post","type-post","status-publish","format-standard","has-post-thumbnail","hentry","category-politike-sq"],"yoast_head":"<!-- This site is optimized with the Yoast SEO plugin v25.3.1 - https:\/\/yoast.com\/wordpress\/plugins\/seo\/ -->\n<title>Ekspert\u00ebt e siguris\u00eb: Lista Serbe, rrezik p\u00ebr stabilitetin -<\/title>\n<meta name=\"robots\" content=\"index, follow, max-snippet:-1, max-image-preview:large, max-video-preview:-1\" \/>\n<link rel=\"canonical\" href=\"https:\/\/veritasinfo.org\/?p=9441\" \/>\n<meta property=\"og:locale\" content=\"en_US\" \/>\n<meta property=\"og:type\" content=\"article\" \/>\n<meta property=\"og:title\" content=\"Ekspert\u00ebt e siguris\u00eb: Lista Serbe, rrezik p\u00ebr stabilitetin -\" \/>\n<meta property=\"og:description\" content=\"Prishtin\u00eb, 25 Gusht 2025 Pas vendimit t\u00eb Panelit Zgjedhor p\u00ebr Ankesa dhe Parashtresa, i cili ka anuluar vendimin e KQZ-s\u00eb q\u00eb e kishte refuzuar certifikimin\" \/>\n<meta property=\"og:url\" content=\"https:\/\/veritasinfo.org\/?p=9441\" \/>\n<meta property=\"article:published_time\" content=\"2025-08-25T19:27:19+00:00\" \/>\n<meta property=\"og:image\" content=\"https:\/\/veritasinfo.org\/wp-content\/uploads\/2025\/08\/IMG_3399.jpeg\" \/>\n\t<meta property=\"og:image:width\" content=\"900\" \/>\n\t<meta property=\"og:image:height\" content=\"600\" \/>\n\t<meta property=\"og:image:type\" content=\"image\/jpeg\" \/>\n<meta name=\"author\" content=\"admin\" \/>\n<meta name=\"twitter:card\" content=\"summary_large_image\" \/>\n<meta name=\"twitter:label1\" content=\"Written by\" \/>\n\t<meta name=\"twitter:data1\" content=\"admin\" \/>\n\t<meta name=\"twitter:label2\" content=\"Est. reading time\" \/>\n\t<meta name=\"twitter:data2\" content=\"4 minutes\" \/>\n<script type=\"application\/ld+json\" class=\"yoast-schema-graph\">{\"@context\":\"https:\/\/schema.org\",\"@graph\":[{\"@type\":\"WebPage\",\"@id\":\"https:\/\/veritasinfo.org\/?p=9441\",\"url\":\"https:\/\/veritasinfo.org\/?p=9441\",\"name\":\"Ekspert\u00ebt e siguris\u00eb: Lista Serbe, rrezik p\u00ebr stabilitetin -\",\"isPartOf\":{\"@id\":\"https:\/\/veritasinfo.org\/#website\"},\"primaryImageOfPage\":{\"@id\":\"https:\/\/veritasinfo.org\/?p=9441#primaryimage\"},\"image\":{\"@id\":\"https:\/\/veritasinfo.org\/?p=9441#primaryimage\"},\"thumbnailUrl\":\"https:\/\/veritasinfo.org\/wp-content\/uploads\/2025\/08\/IMG_3399.jpeg\",\"datePublished\":\"2025-08-25T19:27:19+00:00\",\"author\":{\"@id\":\"https:\/\/veritasinfo.org\/#\/schema\/person\/7701f8c088bece422266b100a712374f\"},\"breadcrumb\":{\"@id\":\"https:\/\/veritasinfo.org\/?p=9441#breadcrumb\"},\"inLanguage\":\"en-US\",\"potentialAction\":[{\"@type\":\"ReadAction\",\"target\":[\"https:\/\/veritasinfo.org\/?p=9441\"]}]},{\"@type\":\"ImageObject\",\"inLanguage\":\"en-US\",\"@id\":\"https:\/\/veritasinfo.org\/?p=9441#primaryimage\",\"url\":\"https:\/\/veritasinfo.org\/wp-content\/uploads\/2025\/08\/IMG_3399.jpeg\",\"contentUrl\":\"https:\/\/veritasinfo.org\/wp-content\/uploads\/2025\/08\/IMG_3399.jpeg\",\"width\":900,\"height\":600},{\"@type\":\"BreadcrumbList\",\"@id\":\"https:\/\/veritasinfo.org\/?p=9441#breadcrumb\",\"itemListElement\":[{\"@type\":\"ListItem\",\"position\":1,\"name\":\"Home\",\"item\":\"https:\/\/veritasinfo.org\/\"},{\"@type\":\"ListItem\",\"position\":2,\"name\":\"Ekspert\u00ebt e siguris\u00eb: Lista Serbe, rrezik p\u00ebr stabilitetin\"}]},{\"@type\":\"WebSite\",\"@id\":\"https:\/\/veritasinfo.org\/#website\",\"url\":\"https:\/\/veritasinfo.org\/\",\"name\":\"\",\"description\":\"\",\"potentialAction\":[{\"@type\":\"SearchAction\",\"target\":{\"@type\":\"EntryPoint\",\"urlTemplate\":\"https:\/\/veritasinfo.org\/?s={search_term_string}\"},\"query-input\":{\"@type\":\"PropertyValueSpecification\",\"valueRequired\":true,\"valueName\":\"search_term_string\"}}],\"inLanguage\":\"en-US\"},{\"@type\":\"Person\",\"@id\":\"https:\/\/veritasinfo.org\/#\/schema\/person\/7701f8c088bece422266b100a712374f\",\"name\":\"admin\",\"image\":{\"@type\":\"ImageObject\",\"inLanguage\":\"en-US\",\"@id\":\"https:\/\/veritasinfo.org\/#\/schema\/person\/image\/\",\"url\":\"https:\/\/secure.gravatar.com\/avatar\/ea53aa3bf6c9a12d5fde8ce4deff43fef3885ae33cf60184161a50d6987cfd2f?s=96&d=mm&r=g\",\"contentUrl\":\"https:\/\/secure.gravatar.com\/avatar\/ea53aa3bf6c9a12d5fde8ce4deff43fef3885ae33cf60184161a50d6987cfd2f?s=96&d=mm&r=g\",\"caption\":\"admin\"},\"sameAs\":[\"https:\/\/veritasinfo.org\"],\"url\":\"https:\/\/veritasinfo.org\/?author=1\"}]}<\/script>\n<!-- \/ Yoast SEO plugin. -->","yoast_head_json":{"title":"Ekspert\u00ebt e siguris\u00eb: Lista Serbe, rrezik p\u00ebr stabilitetin -","robots":{"index":"index","follow":"follow","max-snippet":"max-snippet:-1","max-image-preview":"max-image-preview:large","max-video-preview":"max-video-preview:-1"},"canonical":"https:\/\/veritasinfo.org\/?p=9441","og_locale":"en_US","og_type":"article","og_title":"Ekspert\u00ebt e siguris\u00eb: Lista Serbe, rrezik p\u00ebr stabilitetin -","og_description":"Prishtin\u00eb, 25 Gusht 2025 Pas vendimit t\u00eb Panelit Zgjedhor p\u00ebr Ankesa dhe Parashtresa, i cili ka anuluar vendimin e KQZ-s\u00eb q\u00eb e kishte refuzuar certifikimin","og_url":"https:\/\/veritasinfo.org\/?p=9441","article_published_time":"2025-08-25T19:27:19+00:00","og_image":[{"width":900,"height":600,"url":"https:\/\/veritasinfo.org\/wp-content\/uploads\/2025\/08\/IMG_3399.jpeg","type":"image\/jpeg"}],"author":"admin","twitter_card":"summary_large_image","twitter_misc":{"Written by":"admin","Est. reading time":"4 minutes"},"schema":{"@context":"https:\/\/schema.org","@graph":[{"@type":"WebPage","@id":"https:\/\/veritasinfo.org\/?p=9441","url":"https:\/\/veritasinfo.org\/?p=9441","name":"Ekspert\u00ebt e siguris\u00eb: Lista Serbe, rrezik p\u00ebr stabilitetin -","isPartOf":{"@id":"https:\/\/veritasinfo.org\/#website"},"primaryImageOfPage":{"@id":"https:\/\/veritasinfo.org\/?p=9441#primaryimage"},"image":{"@id":"https:\/\/veritasinfo.org\/?p=9441#primaryimage"},"thumbnailUrl":"https:\/\/veritasinfo.org\/wp-content\/uploads\/2025\/08\/IMG_3399.jpeg","datePublished":"2025-08-25T19:27:19+00:00","author":{"@id":"https:\/\/veritasinfo.org\/#\/schema\/person\/7701f8c088bece422266b100a712374f"},"breadcrumb":{"@id":"https:\/\/veritasinfo.org\/?p=9441#breadcrumb"},"inLanguage":"en-US","potentialAction":[{"@type":"ReadAction","target":["https:\/\/veritasinfo.org\/?p=9441"]}]},{"@type":"ImageObject","inLanguage":"en-US","@id":"https:\/\/veritasinfo.org\/?p=9441#primaryimage","url":"https:\/\/veritasinfo.org\/wp-content\/uploads\/2025\/08\/IMG_3399.jpeg","contentUrl":"https:\/\/veritasinfo.org\/wp-content\/uploads\/2025\/08\/IMG_3399.jpeg","width":900,"height":600},{"@type":"BreadcrumbList","@id":"https:\/\/veritasinfo.org\/?p=9441#breadcrumb","itemListElement":[{"@type":"ListItem","position":1,"name":"Home","item":"https:\/\/veritasinfo.org\/"},{"@type":"ListItem","position":2,"name":"Ekspert\u00ebt e siguris\u00eb: Lista Serbe, rrezik p\u00ebr stabilitetin"}]},{"@type":"WebSite","@id":"https:\/\/veritasinfo.org\/#website","url":"https:\/\/veritasinfo.org\/","name":"","description":"","potentialAction":[{"@type":"SearchAction","target":{"@type":"EntryPoint","urlTemplate":"https:\/\/veritasinfo.org\/?s={search_term_string}"},"query-input":{"@type":"PropertyValueSpecification","valueRequired":true,"valueName":"search_term_string"}}],"inLanguage":"en-US"},{"@type":"Person","@id":"https:\/\/veritasinfo.org\/#\/schema\/person\/7701f8c088bece422266b100a712374f","name":"admin","image":{"@type":"ImageObject","inLanguage":"en-US","@id":"https:\/\/veritasinfo.org\/#\/schema\/person\/image\/","url":"https:\/\/secure.gravatar.com\/avatar\/ea53aa3bf6c9a12d5fde8ce4deff43fef3885ae33cf60184161a50d6987cfd2f?s=96&d=mm&r=g","contentUrl":"https:\/\/secure.gravatar.com\/avatar\/ea53aa3bf6c9a12d5fde8ce4deff43fef3885ae33cf60184161a50d6987cfd2f?s=96&d=mm&r=g","caption":"admin"},"sameAs":["https:\/\/veritasinfo.org"],"url":"https:\/\/veritasinfo.org\/?author=1"}]}},"featured_image_urls":{"full":["https:\/\/veritasinfo.org\/wp-content\/uploads\/2025\/08\/IMG_3399.jpeg",900,600,false],"thumbnail":["https:\/\/veritasinfo.org\/wp-content\/uploads\/2025\/08\/IMG_3399-150x150.jpeg",150,150,true],"medium":["https:\/\/veritasinfo.org\/wp-content\/uploads\/2025\/08\/IMG_3399-300x200.jpeg",300,200,true],"medium_large":["https:\/\/veritasinfo.org\/wp-content\/uploads\/2025\/08\/IMG_3399-768x512.jpeg",640,427,true],"large":["https:\/\/veritasinfo.org\/wp-content\/uploads\/2025\/08\/IMG_3399.jpeg",640,427,false],"1536x1536":["https:\/\/veritasinfo.org\/wp-content\/uploads\/2025\/08\/IMG_3399.jpeg",900,600,false],"2048x2048":["https:\/\/veritasinfo.org\/wp-content\/uploads\/2025\/08\/IMG_3399.jpeg",900,600,false],"kreeti-slider-full":["https:\/\/veritasinfo.org\/wp-content\/uploads\/2025\/08\/IMG_3399.jpeg",900,600,false],"kreeti-featured":["https:\/\/veritasinfo.org\/wp-content\/uploads\/2025\/08\/IMG_3399.jpeg",900,600,false],"kreeti-medium":["https:\/\/veritasinfo.org\/wp-content\/uploads\/2025\/08\/IMG_3399.jpeg",720,480,false],"kreeti-medium-square":["https:\/\/veritasinfo.org\/wp-content\/uploads\/2025\/08\/IMG_3399.jpeg",350,233,false]},"author_info":{"info":["admin"]},"category_info":"<a href=\"https:\/\/veritasinfo.org\/?cat=58\" rel=\"category\">Politik\u00eb<\/a>","tag_info":"Politik\u00eb","comment_count":"0","_links":{"self":[{"href":"https:\/\/veritasinfo.org\/index.php?rest_route=\/wp\/v2\/posts\/9441","targetHints":{"allow":["GET"]}}],"collection":[{"href":"https:\/\/veritasinfo.org\/index.php?rest_route=\/wp\/v2\/posts"}],"about":[{"href":"https:\/\/veritasinfo.org\/index.php?rest_route=\/wp\/v2\/types\/post"}],"author":[{"embeddable":true,"href":"https:\/\/veritasinfo.org\/index.php?rest_route=\/wp\/v2\/users\/1"}],"replies":[{"embeddable":true,"href":"https:\/\/veritasinfo.org\/index.php?rest_route=%2Fwp%2Fv2%2Fcomments&post=9441"}],"version-history":[{"count":1,"href":"https:\/\/veritasinfo.org\/index.php?rest_route=\/wp\/v2\/posts\/9441\/revisions"}],"predecessor-version":[{"id":9443,"href":"https:\/\/veritasinfo.org\/index.php?rest_route=\/wp\/v2\/posts\/9441\/revisions\/9443"}],"wp:featuredmedia":[{"embeddable":true,"href":"https:\/\/veritasinfo.org\/index.php?rest_route=\/wp\/v2\/media\/9442"}],"wp:attachment":[{"href":"https:\/\/veritasinfo.org\/index.php?rest_route=%2Fwp%2Fv2%2Fmedia&parent=9441"}],"wp:term":[{"taxonomy":"category","embeddable":true,"href":"https:\/\/veritasinfo.org\/index.php?rest_route=%2Fwp%2Fv2%2Fcategories&post=9441"},{"taxonomy":"post_tag","embeddable":true,"href":"https:\/\/veritasinfo.org\/index.php?rest_route=%2Fwp%2Fv2%2Ftags&post=9441"}],"curies":[{"name":"wp","href":"https:\/\/api.w.org\/{rel}","templated":true}]}}