{"id":9434,"date":"2025-08-25T20:51:10","date_gmt":"2025-08-25T18:51:10","guid":{"rendered":"https:\/\/veritasinfo.org\/?p=9434"},"modified":"2025-08-25T20:51:10","modified_gmt":"2025-08-25T18:51:10","slug":"elshani-prania-e-policise-te-ura-e-re-mbi-iber-eshte-mase-parandaluese-jo-alarm","status":"publish","type":"post","link":"https:\/\/veritasinfo.org\/?p=9434","title":{"rendered":"Elshani: Prania e policis\u00eb te ura e re mbi Ib\u00ebr \u00ebsht\u00eb mas\u00eb parandaluese, jo alarm"},"content":{"rendered":"<p>Mitrovic\u00eb Veriore, 25 Gusht 2025<\/p>\n<p>Veton Elshani, z\u00ebvend\u00ebsdrejtor i Policis\u00eb s\u00eb Kosov\u00ebs n\u00eb veri t\u00eb vendit, ka folur lidhur me prezenc\u00ebn e policis\u00eb n\u00eb af\u00ebrsi t\u00eb ur\u00ebs s\u00eb re mbi lumin Ib\u00ebr, e cila po asfaltohej.<\/p>\n<p>Ai ka th\u00ebn\u00eb se prania e policis\u00eb aty ka qen\u00eb ngritje e vigjilenc\u00ebs, pasi nd\u00ebrtimi i ur\u00ebs \u00ebsht\u00eb nj\u00eb pun\u00eb e madhe, duke shtuar se k\u00ebto jan\u00eb procedura normale policore.<\/p>\n<p>\u201cDeri m\u00eb 1 shtator, kur \u00ebsht\u00eb th\u00ebn\u00eb se do t\u00eb b\u00ebhet promovimi, hapja e ur\u00ebs, ne do t\u00eb jemi aty dhe mandej e shohim se si vazhdohet tutje\u201d, ka deklaruar Elshani, duke shtuar se k\u00ebto masa nuk jan\u00eb marr\u00eb p\u00ebr shkak t\u00eb ndonj\u00eb paralajm\u00ebrimi, por jan\u00eb thjesht preventive.<\/p>\n<p>\u201cJan\u00eb vet\u00ebm masa parandaluese, nuk ka di\u00e7ka tjet\u00ebr. Por n\u00eb veri t\u00eb vendit jemi m\u00ebsuar me k\u00ebto gj\u00ebra q\u00eb p\u00ebr dik\u00eb duken t\u00eb jasht\u00ebzakonshme, p\u00ebr ne jan\u00eb t\u00eb zakonshme \u2013 t\u00eb na gjuajn\u00eb ndonj\u00eb bomb\u00eb apo eksploziv. Prandaj marrim masa parandaluese vet\u00ebm q\u00eb t\u00eb mos na z\u00ebn\u00eb n\u00eb befasi\u201d, \u00ebsht\u00eb shprehur ai.<\/p>\n<p>Elshani ka theksuar se nuk ka ndonj\u00eb indikacion specifik p\u00ebr rrezik, mir\u00ebpo policia \u00ebsht\u00eb m\u00ebsuar t\u00eb marr\u00eb gjithmon\u00eb masa parandaluese.<\/p>\n","protected":false},"excerpt":{"rendered":"<p>Mitrovic\u00eb Veriore, 25 Gusht 2025 Veton Elshani, z\u00ebvend\u00ebsdrejtor i Policis\u00eb s\u00eb Kosov\u00ebs n\u00eb veri t\u00eb vendit, ka folur lidhur me prezenc\u00ebn e policis\u00eb n\u00eb af\u00ebrsi<\/p>\n","protected":false},"author":1,"featured_media":9350,"comment_status":"open","ping_status":"open","sticky":false,"template":"","format":"standard","meta":{"footnotes":""},"categories":[52],"tags":[],"class_list":["post-9434","post","type-post","status-publish","format-standard","has-post-thumbnail","hentry","category-komunat-sq"],"yoast_head":"<!-- This site is optimized with the Yoast SEO plugin v25.3.1 - https:\/\/yoast.com\/wordpress\/plugins\/seo\/ -->\n<title>Elshani: Prania e policis\u00eb te ura e re mbi Ib\u00ebr \u00ebsht\u00eb mas\u00eb parandaluese, jo alarm -<\/title>\n<meta name=\"robots\" content=\"index, follow, max-snippet:-1, max-image-preview:large, max-video-preview:-1\" \/>\n<link rel=\"canonical\" href=\"https:\/\/veritasinfo.org\/?p=9434\" \/>\n<meta property=\"og:locale\" content=\"en_US\" \/>\n<meta property=\"og:type\" content=\"article\" \/>\n<meta property=\"og:title\" content=\"Elshani: Prania e policis\u00eb te ura e re mbi Ib\u00ebr \u00ebsht\u00eb mas\u00eb parandaluese, jo alarm -\" \/>\n<meta property=\"og:description\" content=\"Mitrovic\u00eb Veriore, 25 Gusht 2025 Veton Elshani, z\u00ebvend\u00ebsdrejtor i Policis\u00eb s\u00eb Kosov\u00ebs n\u00eb veri t\u00eb vendit, ka folur lidhur me prezenc\u00ebn e policis\u00eb n\u00eb af\u00ebrsi\" \/>\n<meta property=\"og:url\" content=\"https:\/\/veritasinfo.org\/?p=9434\" \/>\n<meta property=\"article:published_time\" content=\"2025-08-25T18:51:10+00:00\" \/>\n<meta property=\"og:image\" content=\"https:\/\/veritasinfo.org\/wp-content\/uploads\/2025\/08\/IMG_3381.webp\" \/>\n\t<meta property=\"og:image:width\" content=\"980\" \/>\n\t<meta property=\"og:image:height\" content=\"735\" \/>\n\t<meta property=\"og:image:type\" content=\"image\/webp\" \/>\n<meta name=\"author\" content=\"admin\" \/>\n<meta name=\"twitter:card\" content=\"summary_large_image\" \/>\n<meta name=\"twitter:label1\" content=\"Written by\" \/>\n\t<meta name=\"twitter:data1\" content=\"admin\" \/>\n\t<meta name=\"twitter:label2\" content=\"Est. reading time\" \/>\n\t<meta name=\"twitter:data2\" content=\"2 minutes\" \/>\n<script type=\"application\/ld+json\" class=\"yoast-schema-graph\">{\"@context\":\"https:\/\/schema.org\",\"@graph\":[{\"@type\":\"WebPage\",\"@id\":\"https:\/\/veritasinfo.org\/?p=9434\",\"url\":\"https:\/\/veritasinfo.org\/?p=9434\",\"name\":\"Elshani: Prania e policis\u00eb te ura e re mbi Ib\u00ebr \u00ebsht\u00eb mas\u00eb parandaluese, jo alarm -\",\"isPartOf\":{\"@id\":\"https:\/\/veritasinfo.org\/#website\"},\"primaryImageOfPage\":{\"@id\":\"https:\/\/veritasinfo.org\/?p=9434#primaryimage\"},\"image\":{\"@id\":\"https:\/\/veritasinfo.org\/?p=9434#primaryimage\"},\"thumbnailUrl\":\"https:\/\/veritasinfo.org\/wp-content\/uploads\/2025\/08\/IMG_3381.webp\",\"datePublished\":\"2025-08-25T18:51:10+00:00\",\"author\":{\"@id\":\"https:\/\/veritasinfo.org\/#\/schema\/person\/7701f8c088bece422266b100a712374f\"},\"breadcrumb\":{\"@id\":\"https:\/\/veritasinfo.org\/?p=9434#breadcrumb\"},\"inLanguage\":\"en-US\",\"potentialAction\":[{\"@type\":\"ReadAction\",\"target\":[\"https:\/\/veritasinfo.org\/?p=9434\"]}]},{\"@type\":\"ImageObject\",\"inLanguage\":\"en-US\",\"@id\":\"https:\/\/veritasinfo.org\/?p=9434#primaryimage\",\"url\":\"https:\/\/veritasinfo.org\/wp-content\/uploads\/2025\/08\/IMG_3381.webp\",\"contentUrl\":\"https:\/\/veritasinfo.org\/wp-content\/uploads\/2025\/08\/IMG_3381.webp\",\"width\":980,\"height\":735},{\"@type\":\"BreadcrumbList\",\"@id\":\"https:\/\/veritasinfo.org\/?p=9434#breadcrumb\",\"itemListElement\":[{\"@type\":\"ListItem\",\"position\":1,\"name\":\"Home\",\"item\":\"https:\/\/veritasinfo.org\/\"},{\"@type\":\"ListItem\",\"position\":2,\"name\":\"Elshani: Prania e policis\u00eb te ura e re mbi Ib\u00ebr \u00ebsht\u00eb mas\u00eb parandaluese, jo alarm\"}]},{\"@type\":\"WebSite\",\"@id\":\"https:\/\/veritasinfo.org\/#website\",\"url\":\"https:\/\/veritasinfo.org\/\",\"name\":\"\",\"description\":\"\",\"potentialAction\":[{\"@type\":\"SearchAction\",\"target\":{\"@type\":\"EntryPoint\",\"urlTemplate\":\"https:\/\/veritasinfo.org\/?s={search_term_string}\"},\"query-input\":{\"@type\":\"PropertyValueSpecification\",\"valueRequired\":true,\"valueName\":\"search_term_string\"}}],\"inLanguage\":\"en-US\"},{\"@type\":\"Person\",\"@id\":\"https:\/\/veritasinfo.org\/#\/schema\/person\/7701f8c088bece422266b100a712374f\",\"name\":\"admin\",\"image\":{\"@type\":\"ImageObject\",\"inLanguage\":\"en-US\",\"@id\":\"https:\/\/veritasinfo.org\/#\/schema\/person\/image\/\",\"url\":\"https:\/\/secure.gravatar.com\/avatar\/ea53aa3bf6c9a12d5fde8ce4deff43fef3885ae33cf60184161a50d6987cfd2f?s=96&d=mm&r=g\",\"contentUrl\":\"https:\/\/secure.gravatar.com\/avatar\/ea53aa3bf6c9a12d5fde8ce4deff43fef3885ae33cf60184161a50d6987cfd2f?s=96&d=mm&r=g\",\"caption\":\"admin\"},\"sameAs\":[\"https:\/\/veritasinfo.org\"],\"url\":\"https:\/\/veritasinfo.org\/?author=1\"}]}<\/script>\n<!-- \/ Yoast SEO plugin. -->","yoast_head_json":{"title":"Elshani: Prania e policis\u00eb te ura e re mbi Ib\u00ebr \u00ebsht\u00eb mas\u00eb parandaluese, jo alarm -","robots":{"index":"index","follow":"follow","max-snippet":"max-snippet:-1","max-image-preview":"max-image-preview:large","max-video-preview":"max-video-preview:-1"},"canonical":"https:\/\/veritasinfo.org\/?p=9434","og_locale":"en_US","og_type":"article","og_title":"Elshani: Prania e policis\u00eb te ura e re mbi Ib\u00ebr \u00ebsht\u00eb mas\u00eb parandaluese, jo alarm -","og_description":"Mitrovic\u00eb Veriore, 25 Gusht 2025 Veton Elshani, z\u00ebvend\u00ebsdrejtor i Policis\u00eb s\u00eb Kosov\u00ebs n\u00eb veri t\u00eb vendit, ka folur lidhur me prezenc\u00ebn e policis\u00eb n\u00eb af\u00ebrsi","og_url":"https:\/\/veritasinfo.org\/?p=9434","article_published_time":"2025-08-25T18:51:10+00:00","og_image":[{"width":980,"height":735,"url":"https:\/\/veritasinfo.org\/wp-content\/uploads\/2025\/08\/IMG_3381.webp","type":"image\/webp"}],"author":"admin","twitter_card":"summary_large_image","twitter_misc":{"Written by":"admin","Est. reading time":"2 minutes"},"schema":{"@context":"https:\/\/schema.org","@graph":[{"@type":"WebPage","@id":"https:\/\/veritasinfo.org\/?p=9434","url":"https:\/\/veritasinfo.org\/?p=9434","name":"Elshani: Prania e policis\u00eb te ura e re mbi Ib\u00ebr \u00ebsht\u00eb mas\u00eb parandaluese, jo alarm -","isPartOf":{"@id":"https:\/\/veritasinfo.org\/#website"},"primaryImageOfPage":{"@id":"https:\/\/veritasinfo.org\/?p=9434#primaryimage"},"image":{"@id":"https:\/\/veritasinfo.org\/?p=9434#primaryimage"},"thumbnailUrl":"https:\/\/veritasinfo.org\/wp-content\/uploads\/2025\/08\/IMG_3381.webp","datePublished":"2025-08-25T18:51:10+00:00","author":{"@id":"https:\/\/veritasinfo.org\/#\/schema\/person\/7701f8c088bece422266b100a712374f"},"breadcrumb":{"@id":"https:\/\/veritasinfo.org\/?p=9434#breadcrumb"},"inLanguage":"en-US","potentialAction":[{"@type":"ReadAction","target":["https:\/\/veritasinfo.org\/?p=9434"]}]},{"@type":"ImageObject","inLanguage":"en-US","@id":"https:\/\/veritasinfo.org\/?p=9434#primaryimage","url":"https:\/\/veritasinfo.org\/wp-content\/uploads\/2025\/08\/IMG_3381.webp","contentUrl":"https:\/\/veritasinfo.org\/wp-content\/uploads\/2025\/08\/IMG_3381.webp","width":980,"height":735},{"@type":"BreadcrumbList","@id":"https:\/\/veritasinfo.org\/?p=9434#breadcrumb","itemListElement":[{"@type":"ListItem","position":1,"name":"Home","item":"https:\/\/veritasinfo.org\/"},{"@type":"ListItem","position":2,"name":"Elshani: Prania e policis\u00eb te ura e re mbi Ib\u00ebr \u00ebsht\u00eb mas\u00eb parandaluese, jo alarm"}]},{"@type":"WebSite","@id":"https:\/\/veritasinfo.org\/#website","url":"https:\/\/veritasinfo.org\/","name":"","description":"","potentialAction":[{"@type":"SearchAction","target":{"@type":"EntryPoint","urlTemplate":"https:\/\/veritasinfo.org\/?s={search_term_string}"},"query-input":{"@type":"PropertyValueSpecification","valueRequired":true,"valueName":"search_term_string"}}],"inLanguage":"en-US"},{"@type":"Person","@id":"https:\/\/veritasinfo.org\/#\/schema\/person\/7701f8c088bece422266b100a712374f","name":"admin","image":{"@type":"ImageObject","inLanguage":"en-US","@id":"https:\/\/veritasinfo.org\/#\/schema\/person\/image\/","url":"https:\/\/secure.gravatar.com\/avatar\/ea53aa3bf6c9a12d5fde8ce4deff43fef3885ae33cf60184161a50d6987cfd2f?s=96&d=mm&r=g","contentUrl":"https:\/\/secure.gravatar.com\/avatar\/ea53aa3bf6c9a12d5fde8ce4deff43fef3885ae33cf60184161a50d6987cfd2f?s=96&d=mm&r=g","caption":"admin"},"sameAs":["https:\/\/veritasinfo.org"],"url":"https:\/\/veritasinfo.org\/?author=1"}]}},"featured_image_urls":{"full":["https:\/\/veritasinfo.org\/wp-content\/uploads\/2025\/08\/IMG_3381.webp",980,735,false],"thumbnail":["https:\/\/veritasinfo.org\/wp-content\/uploads\/2025\/08\/IMG_3381-150x150.webp",150,150,true],"medium":["https:\/\/veritasinfo.org\/wp-content\/uploads\/2025\/08\/IMG_3381-300x225.webp",300,225,true],"medium_large":["https:\/\/veritasinfo.org\/wp-content\/uploads\/2025\/08\/IMG_3381-768x576.webp",640,480,true],"large":["https:\/\/veritasinfo.org\/wp-content\/uploads\/2025\/08\/IMG_3381.webp",640,480,false],"1536x1536":["https:\/\/veritasinfo.org\/wp-content\/uploads\/2025\/08\/IMG_3381.webp",980,735,false],"2048x2048":["https:\/\/veritasinfo.org\/wp-content\/uploads\/2025\/08\/IMG_3381.webp",980,735,false],"kreeti-slider-full":["https:\/\/veritasinfo.org\/wp-content\/uploads\/2025\/08\/IMG_3381.webp",960,720,false],"kreeti-featured":["https:\/\/veritasinfo.org\/wp-content\/uploads\/2025\/08\/IMG_3381.webp",980,735,false],"kreeti-medium":["https:\/\/veritasinfo.org\/wp-content\/uploads\/2025\/08\/IMG_3381.webp",707,530,false],"kreeti-medium-square":["https:\/\/veritasinfo.org\/wp-content\/uploads\/2025\/08\/IMG_3381.webp",350,263,false]},"author_info":{"info":["admin"]},"category_info":"<a href=\"https:\/\/veritasinfo.org\/?cat=52\" rel=\"category\">Komunat<\/a>","tag_info":"Komunat","comment_count":"0","_links":{"self":[{"href":"https:\/\/veritasinfo.org\/index.php?rest_route=\/wp\/v2\/posts\/9434","targetHints":{"allow":["GET"]}}],"collection":[{"href":"https:\/\/veritasinfo.org\/index.php?rest_route=\/wp\/v2\/posts"}],"about":[{"href":"https:\/\/veritasinfo.org\/index.php?rest_route=\/wp\/v2\/types\/post"}],"author":[{"embeddable":true,"href":"https:\/\/veritasinfo.org\/index.php?rest_route=\/wp\/v2\/users\/1"}],"replies":[{"embeddable":true,"href":"https:\/\/veritasinfo.org\/index.php?rest_route=%2Fwp%2Fv2%2Fcomments&post=9434"}],"version-history":[{"count":1,"href":"https:\/\/veritasinfo.org\/index.php?rest_route=\/wp\/v2\/posts\/9434\/revisions"}],"predecessor-version":[{"id":9435,"href":"https:\/\/veritasinfo.org\/index.php?rest_route=\/wp\/v2\/posts\/9434\/revisions\/9435"}],"wp:featuredmedia":[{"embeddable":true,"href":"https:\/\/veritasinfo.org\/index.php?rest_route=\/wp\/v2\/media\/9350"}],"wp:attachment":[{"href":"https:\/\/veritasinfo.org\/index.php?rest_route=%2Fwp%2Fv2%2Fmedia&parent=9434"}],"wp:term":[{"taxonomy":"category","embeddable":true,"href":"https:\/\/veritasinfo.org\/index.php?rest_route=%2Fwp%2Fv2%2Fcategories&post=9434"},{"taxonomy":"post_tag","embeddable":true,"href":"https:\/\/veritasinfo.org\/index.php?rest_route=%2Fwp%2Fv2%2Ftags&post=9434"}],"curies":[{"name":"wp","href":"https:\/\/api.w.org\/{rel}","templated":true}]}}