{"id":9371,"date":"2025-08-25T14:36:42","date_gmt":"2025-08-25T12:36:42","guid":{"rendered":"https:\/\/veritasinfo.org\/?p=9371"},"modified":"2025-08-25T14:36:42","modified_gmt":"2025-08-25T12:36:42","slug":"thaci-i-drejtohet-apelit-te-speciales-per-rrezimin-e-aktakuzes-per-nderhyrje-ne-drejtesi","status":"publish","type":"post","link":"https:\/\/veritasinfo.org\/?p=9371","title":{"rendered":"Tha\u00e7i i drejtohet Apelit t\u00eb Speciales p\u00ebr rr\u00ebzimin e aktakuz\u00ebs p\u00ebr nd\u00ebrhyrje n\u00eb drejt\u00ebsi"},"content":{"rendered":"<p>Hag\u00eb, 25 Gusht 2025<\/p>\n<p>Ish-presidenti i Kosov\u00ebs, Hashim Tha\u00e7i, ka dor\u00ebzuar nj\u00eb k\u00ebrkes\u00eb t\u00eb re n\u00eb Apelin e Gjykat\u00ebs Speciale n\u00eb Hag\u00eb, duke synuar rr\u00ebzimin e aktakuz\u00ebs q\u00eb e ngarkon p\u00ebr pengim t\u00eb drejt\u00ebsis\u00eb.<\/p>\n<p>Sipas mbrojtjes s\u00eb tij, Gjykata ka tejkaluar kompetencat duke lejuar ngritjen e nj\u00eb \u00e7\u00ebshtjeje t\u00eb re, t\u00eb njohur si \u201cRasti 12\u201d, paralelisht me procesin tashm\u00eb ekzistues ndaj Tha\u00e7it dhe ish-bashk\u00ebluft\u00ebtar\u00ebve n\u00eb \u201cRastin 06\u201d.<\/p>\n<p>Ekipi mbrojt\u00ebs argumenton se trajtimi i t\u00eb nj\u00ebjtave fakte n\u00eb dy procese t\u00eb ndryshme rrezikon vendime kontradiktore dhe cenon prezumimin e pafaj\u00ebsis\u00eb s\u00eb ish-presidentit.<\/p>\n<p>Apeli u paraqit m\u00eb 18 gusht 2025, dhe pritet t\u00eb shqyrtohet nga gjykata n\u00eb dit\u00ebt n\u00eb vijim.<\/p>\n<p>K\u00ebrkes\u00ebn e gjeni<a href=\"https:\/\/repository.scp-ks.org\/details.php?doc_id=0910c8e18047c962&amp;doc_type=stl_filing&amp;lang=eng\"> K\u00cbTU.<\/a><\/p>\n<p>Mbrojtja e Tha\u00e7it n\u00ebnvizon se gjyqtarja e caktuar fillimisht ka ushtruar dy role t\u00eb ndryshme brenda t\u00eb nj\u00ebjtit rast, si gjyqtare e faz\u00ebs hetimore dhe m\u00eb pas si gjyqtare paraprake, gj\u00eb q\u00eb sipas ligjit nuk lejohet.<\/p>\n<p>Sipas mbrojtjes, refuzimi i gjyqtares p\u00ebr t\u00eb shqyrtuar vlefshm\u00ebrin\u00eb e vet\u00eb-em\u00ebrimit t\u00eb saj bie ndesh me t\u00eb drejt\u00ebn themelore t\u00eb t\u00eb akuzuarit.<\/p>\n<p>N\u00eb baz\u00eb t\u00eb k\u00ebtyre argumenteve, avokatja Sophie Menegon, q\u00eb e p\u00ebrfaq\u00ebson Tha\u00e7in, ka k\u00ebrkuar nga Kolegi i Apelit \u201cq\u00eb t\u00eb konstatohet se gjyqtari i procedur\u00ebs paraprake nuk ka pasur kompetenc\u00eb p\u00ebr t\u00eb ngritur aktakuz\u00ebn n\u00eb Rasti 12, dhe p\u00ebr k\u00ebt\u00eb arsye, mbrojtja k\u00ebrkon q\u00eb aktakuza t\u00eb hidhet n\u00eb t\u00ebr\u00ebsi\u201d.<\/p>\n<p>Nd\u00ebrkaq, ndaj Hashim Tha\u00e7it n\u00eb Gjykat\u00ebn Speciale r\u00ebndojn\u00eb gjithsej 21 akuza, t\u00eb ndara n\u00eb dy raste: 10 p\u00ebr krime lufte dhe 11 p\u00ebr pengim t\u00eb administrimit t\u00eb drejt\u00ebsis\u00eb.<\/p>\n<p>&nbsp;<\/p>\n<p>&nbsp;<\/p>\n<p>&nbsp;<\/p>\n","protected":false},"excerpt":{"rendered":"<p>Hag\u00eb, 25 Gusht 2025 Ish-presidenti i Kosov\u00ebs, Hashim Tha\u00e7i, ka dor\u00ebzuar nj\u00eb k\u00ebrkes\u00eb t\u00eb re n\u00eb Apelin e Gjykat\u00ebs Speciale n\u00eb Hag\u00eb, duke synuar rr\u00ebzimin<\/p>\n","protected":false},"author":1,"featured_media":9372,"comment_status":"open","ping_status":"open","sticky":false,"template":"","format":"standard","meta":{"footnotes":""},"categories":[60],"tags":[],"class_list":["post-9371","post","type-post","status-publish","format-standard","has-post-thumbnail","hentry","category-shoqerore-sq"],"yoast_head":"<!-- This site is optimized with the Yoast SEO plugin v25.3.1 - https:\/\/yoast.com\/wordpress\/plugins\/seo\/ -->\n<title>Tha\u00e7i i drejtohet Apelit t\u00eb Speciales p\u00ebr rr\u00ebzimin e aktakuz\u00ebs p\u00ebr nd\u00ebrhyrje n\u00eb drejt\u00ebsi -<\/title>\n<meta name=\"robots\" content=\"index, follow, max-snippet:-1, max-image-preview:large, max-video-preview:-1\" \/>\n<link rel=\"canonical\" href=\"https:\/\/veritasinfo.org\/?p=9371\" \/>\n<meta property=\"og:locale\" content=\"en_US\" \/>\n<meta property=\"og:type\" content=\"article\" \/>\n<meta property=\"og:title\" content=\"Tha\u00e7i i drejtohet Apelit t\u00eb Speciales p\u00ebr rr\u00ebzimin e aktakuz\u00ebs p\u00ebr nd\u00ebrhyrje n\u00eb drejt\u00ebsi -\" \/>\n<meta property=\"og:description\" content=\"Hag\u00eb, 25 Gusht 2025 Ish-presidenti i Kosov\u00ebs, Hashim Tha\u00e7i, ka dor\u00ebzuar nj\u00eb k\u00ebrkes\u00eb t\u00eb re n\u00eb Apelin e Gjykat\u00ebs Speciale n\u00eb Hag\u00eb, duke synuar rr\u00ebzimin\" \/>\n<meta property=\"og:url\" content=\"https:\/\/veritasinfo.org\/?p=9371\" \/>\n<meta property=\"article:published_time\" content=\"2025-08-25T12:36:42+00:00\" \/>\n<meta property=\"og:image\" content=\"https:\/\/veritasinfo.org\/wp-content\/uploads\/2025\/08\/IMG_3385.jpeg\" \/>\n\t<meta property=\"og:image:width\" content=\"1200\" \/>\n\t<meta property=\"og:image:height\" content=\"630\" \/>\n\t<meta property=\"og:image:type\" content=\"image\/jpeg\" \/>\n<meta name=\"author\" content=\"admin\" \/>\n<meta name=\"twitter:card\" content=\"summary_large_image\" \/>\n<meta name=\"twitter:label1\" content=\"Written by\" \/>\n\t<meta name=\"twitter:data1\" content=\"admin\" \/>\n\t<meta name=\"twitter:label2\" content=\"Est. reading time\" \/>\n\t<meta name=\"twitter:data2\" content=\"2 minutes\" \/>\n<script type=\"application\/ld+json\" class=\"yoast-schema-graph\">{\"@context\":\"https:\/\/schema.org\",\"@graph\":[{\"@type\":\"WebPage\",\"@id\":\"https:\/\/veritasinfo.org\/?p=9371\",\"url\":\"https:\/\/veritasinfo.org\/?p=9371\",\"name\":\"Tha\u00e7i i drejtohet Apelit t\u00eb Speciales p\u00ebr rr\u00ebzimin e aktakuz\u00ebs p\u00ebr nd\u00ebrhyrje n\u00eb drejt\u00ebsi -\",\"isPartOf\":{\"@id\":\"https:\/\/veritasinfo.org\/#website\"},\"primaryImageOfPage\":{\"@id\":\"https:\/\/veritasinfo.org\/?p=9371#primaryimage\"},\"image\":{\"@id\":\"https:\/\/veritasinfo.org\/?p=9371#primaryimage\"},\"thumbnailUrl\":\"https:\/\/veritasinfo.org\/wp-content\/uploads\/2025\/08\/IMG_3385.jpeg\",\"datePublished\":\"2025-08-25T12:36:42+00:00\",\"author\":{\"@id\":\"https:\/\/veritasinfo.org\/#\/schema\/person\/7701f8c088bece422266b100a712374f\"},\"breadcrumb\":{\"@id\":\"https:\/\/veritasinfo.org\/?p=9371#breadcrumb\"},\"inLanguage\":\"en-US\",\"potentialAction\":[{\"@type\":\"ReadAction\",\"target\":[\"https:\/\/veritasinfo.org\/?p=9371\"]}]},{\"@type\":\"ImageObject\",\"inLanguage\":\"en-US\",\"@id\":\"https:\/\/veritasinfo.org\/?p=9371#primaryimage\",\"url\":\"https:\/\/veritasinfo.org\/wp-content\/uploads\/2025\/08\/IMG_3385.jpeg\",\"contentUrl\":\"https:\/\/veritasinfo.org\/wp-content\/uploads\/2025\/08\/IMG_3385.jpeg\",\"width\":1200,\"height\":630},{\"@type\":\"BreadcrumbList\",\"@id\":\"https:\/\/veritasinfo.org\/?p=9371#breadcrumb\",\"itemListElement\":[{\"@type\":\"ListItem\",\"position\":1,\"name\":\"Home\",\"item\":\"https:\/\/veritasinfo.org\/\"},{\"@type\":\"ListItem\",\"position\":2,\"name\":\"Tha\u00e7i i drejtohet Apelit t\u00eb Speciales p\u00ebr rr\u00ebzimin e aktakuz\u00ebs p\u00ebr nd\u00ebrhyrje n\u00eb drejt\u00ebsi\"}]},{\"@type\":\"WebSite\",\"@id\":\"https:\/\/veritasinfo.org\/#website\",\"url\":\"https:\/\/veritasinfo.org\/\",\"name\":\"\",\"description\":\"\",\"potentialAction\":[{\"@type\":\"SearchAction\",\"target\":{\"@type\":\"EntryPoint\",\"urlTemplate\":\"https:\/\/veritasinfo.org\/?s={search_term_string}\"},\"query-input\":{\"@type\":\"PropertyValueSpecification\",\"valueRequired\":true,\"valueName\":\"search_term_string\"}}],\"inLanguage\":\"en-US\"},{\"@type\":\"Person\",\"@id\":\"https:\/\/veritasinfo.org\/#\/schema\/person\/7701f8c088bece422266b100a712374f\",\"name\":\"admin\",\"image\":{\"@type\":\"ImageObject\",\"inLanguage\":\"en-US\",\"@id\":\"https:\/\/veritasinfo.org\/#\/schema\/person\/image\/\",\"url\":\"https:\/\/secure.gravatar.com\/avatar\/ea53aa3bf6c9a12d5fde8ce4deff43fef3885ae33cf60184161a50d6987cfd2f?s=96&d=mm&r=g\",\"contentUrl\":\"https:\/\/secure.gravatar.com\/avatar\/ea53aa3bf6c9a12d5fde8ce4deff43fef3885ae33cf60184161a50d6987cfd2f?s=96&d=mm&r=g\",\"caption\":\"admin\"},\"sameAs\":[\"https:\/\/veritasinfo.org\"],\"url\":\"https:\/\/veritasinfo.org\/?author=1\"}]}<\/script>\n<!-- \/ Yoast SEO plugin. -->","yoast_head_json":{"title":"Tha\u00e7i i drejtohet Apelit t\u00eb Speciales p\u00ebr rr\u00ebzimin e aktakuz\u00ebs p\u00ebr nd\u00ebrhyrje n\u00eb drejt\u00ebsi -","robots":{"index":"index","follow":"follow","max-snippet":"max-snippet:-1","max-image-preview":"max-image-preview:large","max-video-preview":"max-video-preview:-1"},"canonical":"https:\/\/veritasinfo.org\/?p=9371","og_locale":"en_US","og_type":"article","og_title":"Tha\u00e7i i drejtohet Apelit t\u00eb Speciales p\u00ebr rr\u00ebzimin e aktakuz\u00ebs p\u00ebr nd\u00ebrhyrje n\u00eb drejt\u00ebsi -","og_description":"Hag\u00eb, 25 Gusht 2025 Ish-presidenti i Kosov\u00ebs, Hashim Tha\u00e7i, ka dor\u00ebzuar nj\u00eb k\u00ebrkes\u00eb t\u00eb re n\u00eb Apelin e Gjykat\u00ebs Speciale n\u00eb Hag\u00eb, duke synuar rr\u00ebzimin","og_url":"https:\/\/veritasinfo.org\/?p=9371","article_published_time":"2025-08-25T12:36:42+00:00","og_image":[{"width":1200,"height":630,"url":"https:\/\/veritasinfo.org\/wp-content\/uploads\/2025\/08\/IMG_3385.jpeg","type":"image\/jpeg"}],"author":"admin","twitter_card":"summary_large_image","twitter_misc":{"Written by":"admin","Est. reading time":"2 minutes"},"schema":{"@context":"https:\/\/schema.org","@graph":[{"@type":"WebPage","@id":"https:\/\/veritasinfo.org\/?p=9371","url":"https:\/\/veritasinfo.org\/?p=9371","name":"Tha\u00e7i i drejtohet Apelit t\u00eb Speciales p\u00ebr rr\u00ebzimin e aktakuz\u00ebs p\u00ebr nd\u00ebrhyrje n\u00eb drejt\u00ebsi -","isPartOf":{"@id":"https:\/\/veritasinfo.org\/#website"},"primaryImageOfPage":{"@id":"https:\/\/veritasinfo.org\/?p=9371#primaryimage"},"image":{"@id":"https:\/\/veritasinfo.org\/?p=9371#primaryimage"},"thumbnailUrl":"https:\/\/veritasinfo.org\/wp-content\/uploads\/2025\/08\/IMG_3385.jpeg","datePublished":"2025-08-25T12:36:42+00:00","author":{"@id":"https:\/\/veritasinfo.org\/#\/schema\/person\/7701f8c088bece422266b100a712374f"},"breadcrumb":{"@id":"https:\/\/veritasinfo.org\/?p=9371#breadcrumb"},"inLanguage":"en-US","potentialAction":[{"@type":"ReadAction","target":["https:\/\/veritasinfo.org\/?p=9371"]}]},{"@type":"ImageObject","inLanguage":"en-US","@id":"https:\/\/veritasinfo.org\/?p=9371#primaryimage","url":"https:\/\/veritasinfo.org\/wp-content\/uploads\/2025\/08\/IMG_3385.jpeg","contentUrl":"https:\/\/veritasinfo.org\/wp-content\/uploads\/2025\/08\/IMG_3385.jpeg","width":1200,"height":630},{"@type":"BreadcrumbList","@id":"https:\/\/veritasinfo.org\/?p=9371#breadcrumb","itemListElement":[{"@type":"ListItem","position":1,"name":"Home","item":"https:\/\/veritasinfo.org\/"},{"@type":"ListItem","position":2,"name":"Tha\u00e7i i drejtohet Apelit t\u00eb Speciales p\u00ebr rr\u00ebzimin e aktakuz\u00ebs p\u00ebr nd\u00ebrhyrje n\u00eb drejt\u00ebsi"}]},{"@type":"WebSite","@id":"https:\/\/veritasinfo.org\/#website","url":"https:\/\/veritasinfo.org\/","name":"","description":"","potentialAction":[{"@type":"SearchAction","target":{"@type":"EntryPoint","urlTemplate":"https:\/\/veritasinfo.org\/?s={search_term_string}"},"query-input":{"@type":"PropertyValueSpecification","valueRequired":true,"valueName":"search_term_string"}}],"inLanguage":"en-US"},{"@type":"Person","@id":"https:\/\/veritasinfo.org\/#\/schema\/person\/7701f8c088bece422266b100a712374f","name":"admin","image":{"@type":"ImageObject","inLanguage":"en-US","@id":"https:\/\/veritasinfo.org\/#\/schema\/person\/image\/","url":"https:\/\/secure.gravatar.com\/avatar\/ea53aa3bf6c9a12d5fde8ce4deff43fef3885ae33cf60184161a50d6987cfd2f?s=96&d=mm&r=g","contentUrl":"https:\/\/secure.gravatar.com\/avatar\/ea53aa3bf6c9a12d5fde8ce4deff43fef3885ae33cf60184161a50d6987cfd2f?s=96&d=mm&r=g","caption":"admin"},"sameAs":["https:\/\/veritasinfo.org"],"url":"https:\/\/veritasinfo.org\/?author=1"}]}},"featured_image_urls":{"full":["https:\/\/veritasinfo.org\/wp-content\/uploads\/2025\/08\/IMG_3385.jpeg",1200,630,false],"thumbnail":["https:\/\/veritasinfo.org\/wp-content\/uploads\/2025\/08\/IMG_3385-150x150.jpeg",150,150,true],"medium":["https:\/\/veritasinfo.org\/wp-content\/uploads\/2025\/08\/IMG_3385-300x158.jpeg",300,158,true],"medium_large":["https:\/\/veritasinfo.org\/wp-content\/uploads\/2025\/08\/IMG_3385-768x403.jpeg",640,336,true],"large":["https:\/\/veritasinfo.org\/wp-content\/uploads\/2025\/08\/IMG_3385-1024x538.jpeg",640,336,true],"1536x1536":["https:\/\/veritasinfo.org\/wp-content\/uploads\/2025\/08\/IMG_3385.jpeg",1200,630,false],"2048x2048":["https:\/\/veritasinfo.org\/wp-content\/uploads\/2025\/08\/IMG_3385.jpeg",1200,630,false],"kreeti-slider-full":["https:\/\/veritasinfo.org\/wp-content\/uploads\/2025\/08\/IMG_3385.jpeg",1200,630,false],"kreeti-featured":["https:\/\/veritasinfo.org\/wp-content\/uploads\/2025\/08\/IMG_3385.jpeg",1024,538,false],"kreeti-medium":["https:\/\/veritasinfo.org\/wp-content\/uploads\/2025\/08\/IMG_3385.jpeg",720,378,false],"kreeti-medium-square":["https:\/\/veritasinfo.org\/wp-content\/uploads\/2025\/08\/IMG_3385.jpeg",350,184,false]},"author_info":{"info":["admin"]},"category_info":"<a href=\"https:\/\/veritasinfo.org\/?cat=60\" rel=\"category\">Shoq\u00ebrore<\/a>","tag_info":"Shoq\u00ebrore","comment_count":"0","_links":{"self":[{"href":"https:\/\/veritasinfo.org\/index.php?rest_route=\/wp\/v2\/posts\/9371","targetHints":{"allow":["GET"]}}],"collection":[{"href":"https:\/\/veritasinfo.org\/index.php?rest_route=\/wp\/v2\/posts"}],"about":[{"href":"https:\/\/veritasinfo.org\/index.php?rest_route=\/wp\/v2\/types\/post"}],"author":[{"embeddable":true,"href":"https:\/\/veritasinfo.org\/index.php?rest_route=\/wp\/v2\/users\/1"}],"replies":[{"embeddable":true,"href":"https:\/\/veritasinfo.org\/index.php?rest_route=%2Fwp%2Fv2%2Fcomments&post=9371"}],"version-history":[{"count":1,"href":"https:\/\/veritasinfo.org\/index.php?rest_route=\/wp\/v2\/posts\/9371\/revisions"}],"predecessor-version":[{"id":9373,"href":"https:\/\/veritasinfo.org\/index.php?rest_route=\/wp\/v2\/posts\/9371\/revisions\/9373"}],"wp:featuredmedia":[{"embeddable":true,"href":"https:\/\/veritasinfo.org\/index.php?rest_route=\/wp\/v2\/media\/9372"}],"wp:attachment":[{"href":"https:\/\/veritasinfo.org\/index.php?rest_route=%2Fwp%2Fv2%2Fmedia&parent=9371"}],"wp:term":[{"taxonomy":"category","embeddable":true,"href":"https:\/\/veritasinfo.org\/index.php?rest_route=%2Fwp%2Fv2%2Fcategories&post=9371"},{"taxonomy":"post_tag","embeddable":true,"href":"https:\/\/veritasinfo.org\/index.php?rest_route=%2Fwp%2Fv2%2Ftags&post=9371"}],"curies":[{"name":"wp","href":"https:\/\/api.w.org\/{rel}","templated":true}]}}