{"id":9366,"date":"2025-08-25T13:45:00","date_gmt":"2025-08-25T11:45:00","guid":{"rendered":"https:\/\/veritasinfo.org\/?p=9366"},"modified":"2025-08-25T13:45:00","modified_gmt":"2025-08-25T11:45:00","slug":"osmani-vuciqi-sa-here-ka-telashe-ne-vendin-e-tij-tenton-te-shkaktoje-probleme-ne-kosove","status":"publish","type":"post","link":"https:\/\/veritasinfo.org\/?p=9366","title":{"rendered":"Osmani: Vu\u00e7iqi sa her\u00eb ka telashe n\u00eb vendin e tij, tenton t\u00eb shkaktoj\u00eb probleme n\u00eb Kosov\u00eb"},"content":{"rendered":"<p>Prishtin\u00eb, 25 Gusht 2025<\/p>\n<p>Presidentja e Kosov\u00ebs, Vjosa Osmani, deklaroi se Kosova \u00ebsht\u00eb e gatshme t\u00eb mbrohet kund\u00ebr \u00e7do agresioni q\u00eb presidenti i Serbis\u00eb, Aleksand\u00ebr Vu\u00e7iq, mund t\u00eb tentoj\u00eb, n\u00eb nj\u00eb p\u00ebrpjekje p\u00ebr t\u00eb shp\u00ebrqendruar v\u00ebmendjen nga problemet q\u00eb ai ka brenda vendit t\u00eb tij.<\/p>\n<p>\u201cVu\u00e7iqi kur \u00ebsht\u00eb n\u00eb telashe n\u00eb vendin e tij, tenton t\u00eb shkaktoj\u00eb probleme n\u00eb Bosnj\u00eb, Kosov\u00eb e pjes\u00eb tjera. E p\u00ebrdor kart\u00ebn nacionaliste. Do t\u00eb mundohet ta largoj\u00eb v\u00ebmendjen, por ne jemi t\u00eb gatsh\u00ebm ta mbrojm\u00eb vendin ton\u00eb dhe ta neutralizojm\u00eb \u00e7do agresion q\u00eb mund ta ket\u00eb n\u00eb mendje\u201d- tha Osmani<\/p>\n<p>Osmani p\u00ebrs\u00ebriti q\u00ebndrimin q\u00eb ka ndaj Vu\u00e7iqit, duke e quajtur \u201cmjesht\u00ebr t\u00eb propagand\u00ebs\u201d.<\/p>\n<p>Sipas saj, presidenti serb me p\u00ebrmes propagand\u00ebs po mundohet ta hutoj\u00eb Per\u00ebndimin q\u00eb t\u00eb besojn\u00eb se ai \u00ebsht\u00eb duke q\u00ebndruar mes dy karrigeve, por n\u00eb fakt sipas saj, Vu\u00e7iqi ka zgjedhur t\u00eb ulet n\u00eb karrigen e Rusis\u00eb.<\/p>\n<p>\u201cVu\u00e7iqi ka p\u00ebrdorur propagand\u00ebn si mjet kryesor me dekada. Kur Millosheviqi b\u00ebnte luft\u00ebra n\u00eb Kroaci, Bosnj\u00eb e Kosov\u00eb, ai zgjodhi nj\u00eb person minist\u00ebr t\u00eb propagand\u00ebs \u2013 Vu\u00e7iqin. Nga e gjith\u00eb ish-Jugosllavia e zgjodhi Vu\u00e7iqin si minist\u00ebr t\u00eb propagand\u00ebs, n\u00eb koh\u00eb lufte. Vu\u00e7iqi, njeriu q\u00eb sot \u00ebsht\u00eb president i Serbis\u00eb\u201d- shtoi ajo.<\/p>\n<p>Sipas saj, ai propagand\u00ebn po e p\u00ebrdor tash edhe kund\u00ebr qyetar\u00ebve t\u00eb tij.<\/p>\n<p>Protestat dhe bllokadat e udh\u00ebhequra nga student\u00ebt n\u00eb Serbi po zgjasin p\u00ebr m\u00eb shum\u00eb se tet\u00eb muaj. K\u00ebrkesa kryesore \u00ebsht\u00eb p\u00ebrcaktimi i p\u00ebrgjegj\u00ebsis\u00eb politike dhe penale p\u00ebr vdekjen e 16 personave nga shembja e streh\u00ebs prej betoni n\u00eb Stacionin Hekurudhor n\u00eb Novi Sad.<\/p>\n<p>&nbsp;<\/p>\n","protected":false},"excerpt":{"rendered":"<p>Prishtin\u00eb, 25 Gusht 2025 Presidentja e Kosov\u00ebs, Vjosa Osmani, deklaroi se Kosova \u00ebsht\u00eb e gatshme t\u00eb mbrohet kund\u00ebr \u00e7do agresioni q\u00eb presidenti i Serbis\u00eb, Aleksand\u00ebr<\/p>\n","protected":false},"author":1,"featured_media":9367,"comment_status":"open","ping_status":"open","sticky":false,"template":"","format":"standard","meta":{"footnotes":""},"categories":[58],"tags":[],"class_list":["post-9366","post","type-post","status-publish","format-standard","has-post-thumbnail","hentry","category-politike-sq"],"yoast_head":"<!-- This site is optimized with the Yoast SEO plugin v25.3.1 - https:\/\/yoast.com\/wordpress\/plugins\/seo\/ -->\n<title>Osmani: Vu\u00e7iqi sa her\u00eb ka telashe n\u00eb vendin e tij, tenton t\u00eb shkaktoj\u00eb probleme n\u00eb Kosov\u00eb -<\/title>\n<meta name=\"robots\" content=\"index, follow, max-snippet:-1, max-image-preview:large, max-video-preview:-1\" \/>\n<link rel=\"canonical\" href=\"https:\/\/veritasinfo.org\/?p=9366\" \/>\n<meta property=\"og:locale\" content=\"en_US\" \/>\n<meta property=\"og:type\" content=\"article\" \/>\n<meta property=\"og:title\" content=\"Osmani: Vu\u00e7iqi sa her\u00eb ka telashe n\u00eb vendin e tij, tenton t\u00eb shkaktoj\u00eb probleme n\u00eb Kosov\u00eb -\" \/>\n<meta property=\"og:description\" content=\"Prishtin\u00eb, 25 Gusht 2025 Presidentja e Kosov\u00ebs, Vjosa Osmani, deklaroi se Kosova \u00ebsht\u00eb e gatshme t\u00eb mbrohet kund\u00ebr \u00e7do agresioni q\u00eb presidenti i Serbis\u00eb, Aleksand\u00ebr\" \/>\n<meta property=\"og:url\" content=\"https:\/\/veritasinfo.org\/?p=9366\" \/>\n<meta property=\"article:published_time\" content=\"2025-08-25T11:45:00+00:00\" \/>\n<meta property=\"og:image\" content=\"https:\/\/veritasinfo.org\/wp-content\/uploads\/2025\/08\/IMG_3384.jpeg\" \/>\n\t<meta property=\"og:image:width\" content=\"1279\" \/>\n\t<meta property=\"og:image:height\" content=\"854\" \/>\n\t<meta property=\"og:image:type\" content=\"image\/jpeg\" \/>\n<meta name=\"author\" content=\"admin\" \/>\n<meta name=\"twitter:card\" content=\"summary_large_image\" \/>\n<meta name=\"twitter:label1\" content=\"Written by\" \/>\n\t<meta name=\"twitter:data1\" content=\"admin\" \/>\n\t<meta name=\"twitter:label2\" content=\"Est. reading time\" \/>\n\t<meta name=\"twitter:data2\" content=\"2 minutes\" \/>\n<script type=\"application\/ld+json\" class=\"yoast-schema-graph\">{\"@context\":\"https:\/\/schema.org\",\"@graph\":[{\"@type\":\"WebPage\",\"@id\":\"https:\/\/veritasinfo.org\/?p=9366\",\"url\":\"https:\/\/veritasinfo.org\/?p=9366\",\"name\":\"Osmani: Vu\u00e7iqi sa her\u00eb ka telashe n\u00eb vendin e tij, tenton t\u00eb shkaktoj\u00eb probleme n\u00eb Kosov\u00eb -\",\"isPartOf\":{\"@id\":\"https:\/\/veritasinfo.org\/#website\"},\"primaryImageOfPage\":{\"@id\":\"https:\/\/veritasinfo.org\/?p=9366#primaryimage\"},\"image\":{\"@id\":\"https:\/\/veritasinfo.org\/?p=9366#primaryimage\"},\"thumbnailUrl\":\"https:\/\/veritasinfo.org\/wp-content\/uploads\/2025\/08\/IMG_3384.jpeg\",\"datePublished\":\"2025-08-25T11:45:00+00:00\",\"author\":{\"@id\":\"https:\/\/veritasinfo.org\/#\/schema\/person\/7701f8c088bece422266b100a712374f\"},\"breadcrumb\":{\"@id\":\"https:\/\/veritasinfo.org\/?p=9366#breadcrumb\"},\"inLanguage\":\"en-US\",\"potentialAction\":[{\"@type\":\"ReadAction\",\"target\":[\"https:\/\/veritasinfo.org\/?p=9366\"]}]},{\"@type\":\"ImageObject\",\"inLanguage\":\"en-US\",\"@id\":\"https:\/\/veritasinfo.org\/?p=9366#primaryimage\",\"url\":\"https:\/\/veritasinfo.org\/wp-content\/uploads\/2025\/08\/IMG_3384.jpeg\",\"contentUrl\":\"https:\/\/veritasinfo.org\/wp-content\/uploads\/2025\/08\/IMG_3384.jpeg\",\"width\":1279,\"height\":854},{\"@type\":\"BreadcrumbList\",\"@id\":\"https:\/\/veritasinfo.org\/?p=9366#breadcrumb\",\"itemListElement\":[{\"@type\":\"ListItem\",\"position\":1,\"name\":\"Home\",\"item\":\"https:\/\/veritasinfo.org\/\"},{\"@type\":\"ListItem\",\"position\":2,\"name\":\"Osmani: Vu\u00e7iqi sa her\u00eb ka telashe n\u00eb vendin e tij, tenton t\u00eb shkaktoj\u00eb probleme n\u00eb Kosov\u00eb\"}]},{\"@type\":\"WebSite\",\"@id\":\"https:\/\/veritasinfo.org\/#website\",\"url\":\"https:\/\/veritasinfo.org\/\",\"name\":\"\",\"description\":\"\",\"potentialAction\":[{\"@type\":\"SearchAction\",\"target\":{\"@type\":\"EntryPoint\",\"urlTemplate\":\"https:\/\/veritasinfo.org\/?s={search_term_string}\"},\"query-input\":{\"@type\":\"PropertyValueSpecification\",\"valueRequired\":true,\"valueName\":\"search_term_string\"}}],\"inLanguage\":\"en-US\"},{\"@type\":\"Person\",\"@id\":\"https:\/\/veritasinfo.org\/#\/schema\/person\/7701f8c088bece422266b100a712374f\",\"name\":\"admin\",\"image\":{\"@type\":\"ImageObject\",\"inLanguage\":\"en-US\",\"@id\":\"https:\/\/veritasinfo.org\/#\/schema\/person\/image\/\",\"url\":\"https:\/\/secure.gravatar.com\/avatar\/ea53aa3bf6c9a12d5fde8ce4deff43fef3885ae33cf60184161a50d6987cfd2f?s=96&d=mm&r=g\",\"contentUrl\":\"https:\/\/secure.gravatar.com\/avatar\/ea53aa3bf6c9a12d5fde8ce4deff43fef3885ae33cf60184161a50d6987cfd2f?s=96&d=mm&r=g\",\"caption\":\"admin\"},\"sameAs\":[\"https:\/\/veritasinfo.org\"],\"url\":\"https:\/\/veritasinfo.org\/?author=1\"}]}<\/script>\n<!-- \/ Yoast SEO plugin. -->","yoast_head_json":{"title":"Osmani: Vu\u00e7iqi sa her\u00eb ka telashe n\u00eb vendin e tij, tenton t\u00eb shkaktoj\u00eb probleme n\u00eb Kosov\u00eb -","robots":{"index":"index","follow":"follow","max-snippet":"max-snippet:-1","max-image-preview":"max-image-preview:large","max-video-preview":"max-video-preview:-1"},"canonical":"https:\/\/veritasinfo.org\/?p=9366","og_locale":"en_US","og_type":"article","og_title":"Osmani: Vu\u00e7iqi sa her\u00eb ka telashe n\u00eb vendin e tij, tenton t\u00eb shkaktoj\u00eb probleme n\u00eb Kosov\u00eb -","og_description":"Prishtin\u00eb, 25 Gusht 2025 Presidentja e Kosov\u00ebs, Vjosa Osmani, deklaroi se Kosova \u00ebsht\u00eb e gatshme t\u00eb mbrohet kund\u00ebr \u00e7do agresioni q\u00eb presidenti i Serbis\u00eb, Aleksand\u00ebr","og_url":"https:\/\/veritasinfo.org\/?p=9366","article_published_time":"2025-08-25T11:45:00+00:00","og_image":[{"width":1279,"height":854,"url":"https:\/\/veritasinfo.org\/wp-content\/uploads\/2025\/08\/IMG_3384.jpeg","type":"image\/jpeg"}],"author":"admin","twitter_card":"summary_large_image","twitter_misc":{"Written by":"admin","Est. reading time":"2 minutes"},"schema":{"@context":"https:\/\/schema.org","@graph":[{"@type":"WebPage","@id":"https:\/\/veritasinfo.org\/?p=9366","url":"https:\/\/veritasinfo.org\/?p=9366","name":"Osmani: Vu\u00e7iqi sa her\u00eb ka telashe n\u00eb vendin e tij, tenton t\u00eb shkaktoj\u00eb probleme n\u00eb Kosov\u00eb -","isPartOf":{"@id":"https:\/\/veritasinfo.org\/#website"},"primaryImageOfPage":{"@id":"https:\/\/veritasinfo.org\/?p=9366#primaryimage"},"image":{"@id":"https:\/\/veritasinfo.org\/?p=9366#primaryimage"},"thumbnailUrl":"https:\/\/veritasinfo.org\/wp-content\/uploads\/2025\/08\/IMG_3384.jpeg","datePublished":"2025-08-25T11:45:00+00:00","author":{"@id":"https:\/\/veritasinfo.org\/#\/schema\/person\/7701f8c088bece422266b100a712374f"},"breadcrumb":{"@id":"https:\/\/veritasinfo.org\/?p=9366#breadcrumb"},"inLanguage":"en-US","potentialAction":[{"@type":"ReadAction","target":["https:\/\/veritasinfo.org\/?p=9366"]}]},{"@type":"ImageObject","inLanguage":"en-US","@id":"https:\/\/veritasinfo.org\/?p=9366#primaryimage","url":"https:\/\/veritasinfo.org\/wp-content\/uploads\/2025\/08\/IMG_3384.jpeg","contentUrl":"https:\/\/veritasinfo.org\/wp-content\/uploads\/2025\/08\/IMG_3384.jpeg","width":1279,"height":854},{"@type":"BreadcrumbList","@id":"https:\/\/veritasinfo.org\/?p=9366#breadcrumb","itemListElement":[{"@type":"ListItem","position":1,"name":"Home","item":"https:\/\/veritasinfo.org\/"},{"@type":"ListItem","position":2,"name":"Osmani: Vu\u00e7iqi sa her\u00eb ka telashe n\u00eb vendin e tij, tenton t\u00eb shkaktoj\u00eb probleme n\u00eb Kosov\u00eb"}]},{"@type":"WebSite","@id":"https:\/\/veritasinfo.org\/#website","url":"https:\/\/veritasinfo.org\/","name":"","description":"","potentialAction":[{"@type":"SearchAction","target":{"@type":"EntryPoint","urlTemplate":"https:\/\/veritasinfo.org\/?s={search_term_string}"},"query-input":{"@type":"PropertyValueSpecification","valueRequired":true,"valueName":"search_term_string"}}],"inLanguage":"en-US"},{"@type":"Person","@id":"https:\/\/veritasinfo.org\/#\/schema\/person\/7701f8c088bece422266b100a712374f","name":"admin","image":{"@type":"ImageObject","inLanguage":"en-US","@id":"https:\/\/veritasinfo.org\/#\/schema\/person\/image\/","url":"https:\/\/secure.gravatar.com\/avatar\/ea53aa3bf6c9a12d5fde8ce4deff43fef3885ae33cf60184161a50d6987cfd2f?s=96&d=mm&r=g","contentUrl":"https:\/\/secure.gravatar.com\/avatar\/ea53aa3bf6c9a12d5fde8ce4deff43fef3885ae33cf60184161a50d6987cfd2f?s=96&d=mm&r=g","caption":"admin"},"sameAs":["https:\/\/veritasinfo.org"],"url":"https:\/\/veritasinfo.org\/?author=1"}]}},"featured_image_urls":{"full":["https:\/\/veritasinfo.org\/wp-content\/uploads\/2025\/08\/IMG_3384.jpeg",1279,854,false],"thumbnail":["https:\/\/veritasinfo.org\/wp-content\/uploads\/2025\/08\/IMG_3384-150x150.jpeg",150,150,true],"medium":["https:\/\/veritasinfo.org\/wp-content\/uploads\/2025\/08\/IMG_3384-300x200.jpeg",300,200,true],"medium_large":["https:\/\/veritasinfo.org\/wp-content\/uploads\/2025\/08\/IMG_3384-768x513.jpeg",640,428,true],"large":["https:\/\/veritasinfo.org\/wp-content\/uploads\/2025\/08\/IMG_3384-1024x684.jpeg",640,428,true],"1536x1536":["https:\/\/veritasinfo.org\/wp-content\/uploads\/2025\/08\/IMG_3384.jpeg",1279,854,false],"2048x2048":["https:\/\/veritasinfo.org\/wp-content\/uploads\/2025\/08\/IMG_3384.jpeg",1279,854,false],"kreeti-slider-full":["https:\/\/veritasinfo.org\/wp-content\/uploads\/2025\/08\/IMG_3384.jpeg",1078,720,false],"kreeti-featured":["https:\/\/veritasinfo.org\/wp-content\/uploads\/2025\/08\/IMG_3384.jpeg",1024,684,false],"kreeti-medium":["https:\/\/veritasinfo.org\/wp-content\/uploads\/2025\/08\/IMG_3384.jpeg",720,481,false],"kreeti-medium-square":["https:\/\/veritasinfo.org\/wp-content\/uploads\/2025\/08\/IMG_3384.jpeg",350,234,false]},"author_info":{"info":["admin"]},"category_info":"<a href=\"https:\/\/veritasinfo.org\/?cat=58\" rel=\"category\">Politik\u00eb<\/a>","tag_info":"Politik\u00eb","comment_count":"0","_links":{"self":[{"href":"https:\/\/veritasinfo.org\/index.php?rest_route=\/wp\/v2\/posts\/9366","targetHints":{"allow":["GET"]}}],"collection":[{"href":"https:\/\/veritasinfo.org\/index.php?rest_route=\/wp\/v2\/posts"}],"about":[{"href":"https:\/\/veritasinfo.org\/index.php?rest_route=\/wp\/v2\/types\/post"}],"author":[{"embeddable":true,"href":"https:\/\/veritasinfo.org\/index.php?rest_route=\/wp\/v2\/users\/1"}],"replies":[{"embeddable":true,"href":"https:\/\/veritasinfo.org\/index.php?rest_route=%2Fwp%2Fv2%2Fcomments&post=9366"}],"version-history":[{"count":1,"href":"https:\/\/veritasinfo.org\/index.php?rest_route=\/wp\/v2\/posts\/9366\/revisions"}],"predecessor-version":[{"id":9368,"href":"https:\/\/veritasinfo.org\/index.php?rest_route=\/wp\/v2\/posts\/9366\/revisions\/9368"}],"wp:featuredmedia":[{"embeddable":true,"href":"https:\/\/veritasinfo.org\/index.php?rest_route=\/wp\/v2\/media\/9367"}],"wp:attachment":[{"href":"https:\/\/veritasinfo.org\/index.php?rest_route=%2Fwp%2Fv2%2Fmedia&parent=9366"}],"wp:term":[{"taxonomy":"category","embeddable":true,"href":"https:\/\/veritasinfo.org\/index.php?rest_route=%2Fwp%2Fv2%2Fcategories&post=9366"},{"taxonomy":"post_tag","embeddable":true,"href":"https:\/\/veritasinfo.org\/index.php?rest_route=%2Fwp%2Fv2%2Ftags&post=9366"}],"curies":[{"name":"wp","href":"https:\/\/api.w.org\/{rel}","templated":true}]}}