{"id":9335,"date":"2025-08-25T09:28:29","date_gmt":"2025-08-25T07:28:29","guid":{"rendered":"https:\/\/veritasinfo.org\/?p=9335"},"modified":"2025-08-25T09:30:13","modified_gmt":"2025-08-25T07:30:13","slug":"osmani-kosova-e-gatshme-ti-bashkohet-be-se","status":"publish","type":"post","link":"https:\/\/veritasinfo.org\/?p=9335","title":{"rendered":"Osmani: Kosova, e gatshme t\u2019i bashkohet BE-s\u00eb"},"content":{"rendered":"<p>Alpbach, 25 Gusht 2025<\/p>\n<p>Presidentja Vjosa Osmani, n\u00eb nj\u00eb intervist\u00eb p\u00ebr tansmetuesin polak TVP World n\u00eb Alpbach, tha se Kosova \u00ebsht\u00eb n\u00eb linj\u00eb me Bashkimin Evropian, dhe se vendi yn\u00eb \u00ebsht\u00eb 97\/ 100 p\u00ebr qind gati t\u2019i bashkohet BE-s\u00eb.<\/p>\n<p>Derisa sa i p\u00ebrket \u00e7\u00ebshtjeve politike q\u00eb Kosova t\u2019i bashkohet BE-s\u00eb Osmani thot\u00eb se k\u00ebtu vendi yn\u00eb has n\u00eb m\u00eb shum\u00eb telashe, pasi ka ende pes\u00eb shtet mosnjoh\u00ebse t\u00eb BE-s\u00eb karshi Kosov\u00ebs.<\/p>\n<p>\u201cKa shum\u00eb njer\u00ebz q\u00eb jan\u00eb t\u00eb frustruar, por ne nuk e humbim durimin, p\u00ebrkundrazi do punojm\u00eb m\u00eb shum\u00eb\u201d, u shpreh tutje e para e vendit.<\/p>\n<p>Ajo shton se kriteret p\u00ebr t\u2019u b\u00ebr\u00eb pjes\u00eb e BE-s\u00eb nuk jan\u00eb t\u00eb nj\u00ebjta p\u00ebr t\u00eb gjitha shtetet, duke p\u00ebrmendur k\u00ebtu Serbin\u00eb fqinje, e cila nuk ka sanksionuar Rusin\u00eb n\u00eb luft\u00ebn e saj kund\u00ebr Ukrain\u00ebs, e q\u00eb sipas Osmanit, shteti serb \u00ebsht\u00eb po ashtu shtet agresiv.<\/p>\n<p>Osmani foli edhe p\u00ebr l\u00ebvizjet q\u00eb \u00ebsht\u00eb duke i b\u00ebr\u00eb Rusia, ku sipas saj, ky shtet k\u00ebrkon ta destabilizoj\u00eb Ballkanin Per\u00ebndimor.<\/p>\n<p>Tutje, Komandantja Supreme tha se nuk \u00ebsht\u00eb aspak e leht\u00eb p\u00ebr Kosov\u00ebn t\u00eb ket\u00eb nj\u00eb fqinj mizor, dhe q\u00eb k\u00ebrkon ta destabilizoj\u00eb rajonin.<\/p>\n<p>Megjith\u00ebse ajo shton se Kosova \u00ebsht\u00eb vend tejet i sigurt, pavar\u00ebsisht rreziqeve q\u00eb i imponohen.<\/p>\n","protected":false},"excerpt":{"rendered":"<p>Alpbach, 25 Gusht 2025 Presidentja Vjosa Osmani, n\u00eb nj\u00eb intervist\u00eb p\u00ebr tansmetuesin polak TVP World n\u00eb Alpbach, tha se Kosova \u00ebsht\u00eb n\u00eb linj\u00eb me Bashkimin<\/p>\n","protected":false},"author":1,"featured_media":9336,"comment_status":"open","ping_status":"open","sticky":false,"template":"","format":"standard","meta":{"footnotes":""},"categories":[58],"tags":[],"class_list":["post-9335","post","type-post","status-publish","format-standard","has-post-thumbnail","hentry","category-politike-sq"],"yoast_head":"<!-- This site is optimized with the Yoast SEO plugin v25.3.1 - https:\/\/yoast.com\/wordpress\/plugins\/seo\/ -->\n<title>Osmani: Kosova, e gatshme t\u2019i bashkohet BE-s\u00eb -<\/title>\n<meta name=\"robots\" content=\"index, follow, max-snippet:-1, max-image-preview:large, max-video-preview:-1\" \/>\n<link rel=\"canonical\" href=\"https:\/\/veritasinfo.org\/?p=9335\" \/>\n<meta property=\"og:locale\" content=\"en_US\" \/>\n<meta property=\"og:type\" content=\"article\" \/>\n<meta property=\"og:title\" content=\"Osmani: Kosova, e gatshme t\u2019i bashkohet BE-s\u00eb -\" \/>\n<meta property=\"og:description\" content=\"Alpbach, 25 Gusht 2025 Presidentja Vjosa Osmani, n\u00eb nj\u00eb intervist\u00eb p\u00ebr tansmetuesin polak TVP World n\u00eb Alpbach, tha se Kosova \u00ebsht\u00eb n\u00eb linj\u00eb me Bashkimin\" \/>\n<meta property=\"og:url\" content=\"https:\/\/veritasinfo.org\/?p=9335\" \/>\n<meta property=\"article:published_time\" content=\"2025-08-25T07:28:29+00:00\" \/>\n<meta property=\"article:modified_time\" content=\"2025-08-25T07:30:13+00:00\" \/>\n<meta property=\"og:image\" content=\"https:\/\/veritasinfo.org\/wp-content\/uploads\/2025\/08\/IMG_3376.jpeg\" \/>\n\t<meta property=\"og:image:width\" content=\"826\" \/>\n\t<meta property=\"og:image:height\" content=\"462\" \/>\n\t<meta property=\"og:image:type\" content=\"image\/jpeg\" \/>\n<meta name=\"author\" content=\"admin\" \/>\n<meta name=\"twitter:card\" content=\"summary_large_image\" \/>\n<meta name=\"twitter:label1\" content=\"Written by\" \/>\n\t<meta name=\"twitter:data1\" content=\"admin\" \/>\n\t<meta name=\"twitter:label2\" content=\"Est. reading time\" \/>\n\t<meta name=\"twitter:data2\" content=\"2 minutes\" \/>\n<script type=\"application\/ld+json\" class=\"yoast-schema-graph\">{\"@context\":\"https:\/\/schema.org\",\"@graph\":[{\"@type\":\"WebPage\",\"@id\":\"https:\/\/veritasinfo.org\/?p=9335\",\"url\":\"https:\/\/veritasinfo.org\/?p=9335\",\"name\":\"Osmani: Kosova, e gatshme t\u2019i bashkohet BE-s\u00eb -\",\"isPartOf\":{\"@id\":\"https:\/\/veritasinfo.org\/#website\"},\"primaryImageOfPage\":{\"@id\":\"https:\/\/veritasinfo.org\/?p=9335#primaryimage\"},\"image\":{\"@id\":\"https:\/\/veritasinfo.org\/?p=9335#primaryimage\"},\"thumbnailUrl\":\"https:\/\/veritasinfo.org\/wp-content\/uploads\/2025\/08\/IMG_3376.jpeg\",\"datePublished\":\"2025-08-25T07:28:29+00:00\",\"dateModified\":\"2025-08-25T07:30:13+00:00\",\"author\":{\"@id\":\"https:\/\/veritasinfo.org\/#\/schema\/person\/7701f8c088bece422266b100a712374f\"},\"breadcrumb\":{\"@id\":\"https:\/\/veritasinfo.org\/?p=9335#breadcrumb\"},\"inLanguage\":\"en-US\",\"potentialAction\":[{\"@type\":\"ReadAction\",\"target\":[\"https:\/\/veritasinfo.org\/?p=9335\"]}]},{\"@type\":\"ImageObject\",\"inLanguage\":\"en-US\",\"@id\":\"https:\/\/veritasinfo.org\/?p=9335#primaryimage\",\"url\":\"https:\/\/veritasinfo.org\/wp-content\/uploads\/2025\/08\/IMG_3376.jpeg\",\"contentUrl\":\"https:\/\/veritasinfo.org\/wp-content\/uploads\/2025\/08\/IMG_3376.jpeg\",\"width\":826,\"height\":462},{\"@type\":\"BreadcrumbList\",\"@id\":\"https:\/\/veritasinfo.org\/?p=9335#breadcrumb\",\"itemListElement\":[{\"@type\":\"ListItem\",\"position\":1,\"name\":\"Home\",\"item\":\"https:\/\/veritasinfo.org\/\"},{\"@type\":\"ListItem\",\"position\":2,\"name\":\"Osmani: Kosova, e gatshme t\u2019i bashkohet BE-s\u00eb\"}]},{\"@type\":\"WebSite\",\"@id\":\"https:\/\/veritasinfo.org\/#website\",\"url\":\"https:\/\/veritasinfo.org\/\",\"name\":\"\",\"description\":\"\",\"potentialAction\":[{\"@type\":\"SearchAction\",\"target\":{\"@type\":\"EntryPoint\",\"urlTemplate\":\"https:\/\/veritasinfo.org\/?s={search_term_string}\"},\"query-input\":{\"@type\":\"PropertyValueSpecification\",\"valueRequired\":true,\"valueName\":\"search_term_string\"}}],\"inLanguage\":\"en-US\"},{\"@type\":\"Person\",\"@id\":\"https:\/\/veritasinfo.org\/#\/schema\/person\/7701f8c088bece422266b100a712374f\",\"name\":\"admin\",\"image\":{\"@type\":\"ImageObject\",\"inLanguage\":\"en-US\",\"@id\":\"https:\/\/veritasinfo.org\/#\/schema\/person\/image\/\",\"url\":\"https:\/\/secure.gravatar.com\/avatar\/ea53aa3bf6c9a12d5fde8ce4deff43fef3885ae33cf60184161a50d6987cfd2f?s=96&d=mm&r=g\",\"contentUrl\":\"https:\/\/secure.gravatar.com\/avatar\/ea53aa3bf6c9a12d5fde8ce4deff43fef3885ae33cf60184161a50d6987cfd2f?s=96&d=mm&r=g\",\"caption\":\"admin\"},\"sameAs\":[\"https:\/\/veritasinfo.org\"],\"url\":\"https:\/\/veritasinfo.org\/?author=1\"}]}<\/script>\n<!-- \/ Yoast SEO plugin. -->","yoast_head_json":{"title":"Osmani: Kosova, e gatshme t\u2019i bashkohet BE-s\u00eb -","robots":{"index":"index","follow":"follow","max-snippet":"max-snippet:-1","max-image-preview":"max-image-preview:large","max-video-preview":"max-video-preview:-1"},"canonical":"https:\/\/veritasinfo.org\/?p=9335","og_locale":"en_US","og_type":"article","og_title":"Osmani: Kosova, e gatshme t\u2019i bashkohet BE-s\u00eb -","og_description":"Alpbach, 25 Gusht 2025 Presidentja Vjosa Osmani, n\u00eb nj\u00eb intervist\u00eb p\u00ebr tansmetuesin polak TVP World n\u00eb Alpbach, tha se Kosova \u00ebsht\u00eb n\u00eb linj\u00eb me Bashkimin","og_url":"https:\/\/veritasinfo.org\/?p=9335","article_published_time":"2025-08-25T07:28:29+00:00","article_modified_time":"2025-08-25T07:30:13+00:00","og_image":[{"width":826,"height":462,"url":"https:\/\/veritasinfo.org\/wp-content\/uploads\/2025\/08\/IMG_3376.jpeg","type":"image\/jpeg"}],"author":"admin","twitter_card":"summary_large_image","twitter_misc":{"Written by":"admin","Est. reading time":"2 minutes"},"schema":{"@context":"https:\/\/schema.org","@graph":[{"@type":"WebPage","@id":"https:\/\/veritasinfo.org\/?p=9335","url":"https:\/\/veritasinfo.org\/?p=9335","name":"Osmani: Kosova, e gatshme t\u2019i bashkohet BE-s\u00eb -","isPartOf":{"@id":"https:\/\/veritasinfo.org\/#website"},"primaryImageOfPage":{"@id":"https:\/\/veritasinfo.org\/?p=9335#primaryimage"},"image":{"@id":"https:\/\/veritasinfo.org\/?p=9335#primaryimage"},"thumbnailUrl":"https:\/\/veritasinfo.org\/wp-content\/uploads\/2025\/08\/IMG_3376.jpeg","datePublished":"2025-08-25T07:28:29+00:00","dateModified":"2025-08-25T07:30:13+00:00","author":{"@id":"https:\/\/veritasinfo.org\/#\/schema\/person\/7701f8c088bece422266b100a712374f"},"breadcrumb":{"@id":"https:\/\/veritasinfo.org\/?p=9335#breadcrumb"},"inLanguage":"en-US","potentialAction":[{"@type":"ReadAction","target":["https:\/\/veritasinfo.org\/?p=9335"]}]},{"@type":"ImageObject","inLanguage":"en-US","@id":"https:\/\/veritasinfo.org\/?p=9335#primaryimage","url":"https:\/\/veritasinfo.org\/wp-content\/uploads\/2025\/08\/IMG_3376.jpeg","contentUrl":"https:\/\/veritasinfo.org\/wp-content\/uploads\/2025\/08\/IMG_3376.jpeg","width":826,"height":462},{"@type":"BreadcrumbList","@id":"https:\/\/veritasinfo.org\/?p=9335#breadcrumb","itemListElement":[{"@type":"ListItem","position":1,"name":"Home","item":"https:\/\/veritasinfo.org\/"},{"@type":"ListItem","position":2,"name":"Osmani: Kosova, e gatshme t\u2019i bashkohet BE-s\u00eb"}]},{"@type":"WebSite","@id":"https:\/\/veritasinfo.org\/#website","url":"https:\/\/veritasinfo.org\/","name":"","description":"","potentialAction":[{"@type":"SearchAction","target":{"@type":"EntryPoint","urlTemplate":"https:\/\/veritasinfo.org\/?s={search_term_string}"},"query-input":{"@type":"PropertyValueSpecification","valueRequired":true,"valueName":"search_term_string"}}],"inLanguage":"en-US"},{"@type":"Person","@id":"https:\/\/veritasinfo.org\/#\/schema\/person\/7701f8c088bece422266b100a712374f","name":"admin","image":{"@type":"ImageObject","inLanguage":"en-US","@id":"https:\/\/veritasinfo.org\/#\/schema\/person\/image\/","url":"https:\/\/secure.gravatar.com\/avatar\/ea53aa3bf6c9a12d5fde8ce4deff43fef3885ae33cf60184161a50d6987cfd2f?s=96&d=mm&r=g","contentUrl":"https:\/\/secure.gravatar.com\/avatar\/ea53aa3bf6c9a12d5fde8ce4deff43fef3885ae33cf60184161a50d6987cfd2f?s=96&d=mm&r=g","caption":"admin"},"sameAs":["https:\/\/veritasinfo.org"],"url":"https:\/\/veritasinfo.org\/?author=1"}]}},"featured_image_urls":{"full":["https:\/\/veritasinfo.org\/wp-content\/uploads\/2025\/08\/IMG_3376.jpeg",826,462,false],"thumbnail":["https:\/\/veritasinfo.org\/wp-content\/uploads\/2025\/08\/IMG_3376-150x150.jpeg",150,150,true],"medium":["https:\/\/veritasinfo.org\/wp-content\/uploads\/2025\/08\/IMG_3376-300x168.jpeg",300,168,true],"medium_large":["https:\/\/veritasinfo.org\/wp-content\/uploads\/2025\/08\/IMG_3376-768x430.jpeg",640,358,true],"large":["https:\/\/veritasinfo.org\/wp-content\/uploads\/2025\/08\/IMG_3376.jpeg",640,358,false],"1536x1536":["https:\/\/veritasinfo.org\/wp-content\/uploads\/2025\/08\/IMG_3376.jpeg",826,462,false],"2048x2048":["https:\/\/veritasinfo.org\/wp-content\/uploads\/2025\/08\/IMG_3376.jpeg",826,462,false],"kreeti-slider-full":["https:\/\/veritasinfo.org\/wp-content\/uploads\/2025\/08\/IMG_3376.jpeg",826,462,false],"kreeti-featured":["https:\/\/veritasinfo.org\/wp-content\/uploads\/2025\/08\/IMG_3376.jpeg",826,462,false],"kreeti-medium":["https:\/\/veritasinfo.org\/wp-content\/uploads\/2025\/08\/IMG_3376.jpeg",720,403,false],"kreeti-medium-square":["https:\/\/veritasinfo.org\/wp-content\/uploads\/2025\/08\/IMG_3376.jpeg",350,196,false]},"author_info":{"info":["admin"]},"category_info":"<a href=\"https:\/\/veritasinfo.org\/?cat=58\" rel=\"category\">Politik\u00eb<\/a>","tag_info":"Politik\u00eb","comment_count":"0","_links":{"self":[{"href":"https:\/\/veritasinfo.org\/index.php?rest_route=\/wp\/v2\/posts\/9335","targetHints":{"allow":["GET"]}}],"collection":[{"href":"https:\/\/veritasinfo.org\/index.php?rest_route=\/wp\/v2\/posts"}],"about":[{"href":"https:\/\/veritasinfo.org\/index.php?rest_route=\/wp\/v2\/types\/post"}],"author":[{"embeddable":true,"href":"https:\/\/veritasinfo.org\/index.php?rest_route=\/wp\/v2\/users\/1"}],"replies":[{"embeddable":true,"href":"https:\/\/veritasinfo.org\/index.php?rest_route=%2Fwp%2Fv2%2Fcomments&post=9335"}],"version-history":[{"count":3,"href":"https:\/\/veritasinfo.org\/index.php?rest_route=\/wp\/v2\/posts\/9335\/revisions"}],"predecessor-version":[{"id":9339,"href":"https:\/\/veritasinfo.org\/index.php?rest_route=\/wp\/v2\/posts\/9335\/revisions\/9339"}],"wp:featuredmedia":[{"embeddable":true,"href":"https:\/\/veritasinfo.org\/index.php?rest_route=\/wp\/v2\/media\/9336"}],"wp:attachment":[{"href":"https:\/\/veritasinfo.org\/index.php?rest_route=%2Fwp%2Fv2%2Fmedia&parent=9335"}],"wp:term":[{"taxonomy":"category","embeddable":true,"href":"https:\/\/veritasinfo.org\/index.php?rest_route=%2Fwp%2Fv2%2Fcategories&post=9335"},{"taxonomy":"post_tag","embeddable":true,"href":"https:\/\/veritasinfo.org\/index.php?rest_route=%2Fwp%2Fv2%2Ftags&post=9335"}],"curies":[{"name":"wp","href":"https:\/\/api.w.org\/{rel}","templated":true}]}}