{"id":9320,"date":"2025-08-25T08:51:50","date_gmt":"2025-08-25T06:51:50","guid":{"rendered":"https:\/\/veritasinfo.org\/?p=9320"},"modified":"2025-08-25T08:51:50","modified_gmt":"2025-08-25T06:51:50","slug":"50-me-pak-kerkesa-per-azil-ne-kosove-kete-gjysmevit-krahasuar-me-periudhen-e-njejte-te-vitit-2024","status":"publish","type":"post","link":"https:\/\/veritasinfo.org\/?p=9320","title":{"rendered":"50% m\u00eb pak k\u00ebrkesa p\u00ebr azil n\u00eb Kosov\u00eb k\u00ebt\u00eb gjysm\u00ebvit krahasuar me periudh\u00ebn e nj\u00ebjt\u00eb t\u00eb vitit 2024"},"content":{"rendered":"<p>Prishtin\u00eb, 25 Gusht 2025<\/p>\n<p>Gjat\u00eb gjasht\u00ebmujorit t\u00eb par\u00eb t\u00eb vitit 2025, Kosova ka sh\u00ebnuar nj\u00eb r\u00ebnie t\u00eb ndjeshme t\u00eb k\u00ebrkesave p\u00ebr mbrojtje nd\u00ebrkomb\u00ebtare. Sipas t\u00eb dh\u00ebnave t\u00eb Ministris\u00eb s\u00eb Pun\u00ebve t\u00eb Brendshme (MPB), jan\u00eb regjistruar vet\u00ebm 54 aplikime, nd\u00ebrsa n\u00eb t\u00eb nj\u00ebjt\u00ebn periudh\u00eb t\u00eb vitit 2024 kishin qen\u00eb 118. Kjo p\u00ebrfaq\u00ebson nj\u00eb ulje prej af\u00ebrsisht 50% t\u00eb numrit t\u00eb k\u00ebrkesave.<\/p>\n<p>Sipas MPB-s\u00eb, shumica e aplikuesve p\u00ebr azil n\u00eb Kosov\u00eb vijn\u00eb nga Siria, Jordania, Palestina dhe Maroku. Ky trend tregon se edhe pse numri i p\u00ebrgjithsh\u00ebm \u00ebsht\u00eb ulur, vendet prej nga vijn\u00eb azilk\u00ebrkuesit mbeten pothuajse t\u00eb nj\u00ebjta me vitet paraprake.<\/p>\n<p>Aktualisht, n\u00eb Kosov\u00eb ndodhen gjithsej 42 persona q\u00eb kan\u00eb aplikuar p\u00ebr mbrojtje nd\u00ebrkomb\u00ebtare. Ky num\u00ebr paraqet gjendjen e tanishme t\u00eb aplikuesve q\u00eb po q\u00ebndrojn\u00eb n\u00eb vend, n\u00eb pritje t\u00eb shqyrtimit t\u00eb k\u00ebrkesave t\u00eb tyre nga autoritetet p\u00ebrkat\u00ebse.<\/p>\n<p>Gjat\u00eb k\u00ebsaj periudhe jan\u00eb regjistruar edhe 6 raste t\u00eb kthimit t\u00eb azilk\u00ebrkuesve n\u00eb vendet e tyre t\u00eb origjin\u00ebs. MPB njofton se kthimet jan\u00eb realizuar n\u00eb p\u00ebrputhje me procedurat ligjore dhe marr\u00ebveshjet nd\u00ebrkomb\u00ebtare q\u00eb Kosova ka n\u00eb fush\u00ebn e migracionit.<\/p>\n<p>Sipas Ministris\u00eb s\u00eb Pun\u00ebve t\u00eb Brendshme, Qendra p\u00ebr Azil n\u00eb Kosov\u00eb \u00ebsht\u00eb institucioni p\u00ebrgjegj\u00ebs p\u00ebr pranimin, regjistrimin dhe akomodimin e aplikuesve. Ky institucion ofron gjithashtu pajisje me dokumente personale gjat\u00eb procesit t\u00eb aplikimit.<\/p>\n<p>P\u00ebrve\u00e7 akomodimit, azilk\u00ebrkuesit p\u00ebrfitojn\u00eb nj\u00eb gam\u00eb sh\u00ebrbimesh dhe ndihmash. Ata kan\u00eb qasje n\u00eb sh\u00ebrbime sh\u00ebndet\u00ebsore, ndihm\u00eb juridike e administrative, asistenc\u00eb sociale e psikologjike, si dhe mb\u00ebshtetje me ushqim, veshmbathje dhe pako higjienike.<\/p>\n","protected":false},"excerpt":{"rendered":"<p>Prishtin\u00eb, 25 Gusht 2025 Gjat\u00eb gjasht\u00ebmujorit t\u00eb par\u00eb t\u00eb vitit 2025, Kosova ka sh\u00ebnuar nj\u00eb r\u00ebnie t\u00eb ndjeshme t\u00eb k\u00ebrkesave p\u00ebr mbrojtje nd\u00ebrkomb\u00ebtare. Sipas t\u00eb<\/p>\n","protected":false},"author":1,"featured_media":9321,"comment_status":"open","ping_status":"open","sticky":false,"template":"","format":"standard","meta":{"footnotes":""},"categories":[60],"tags":[],"class_list":["post-9320","post","type-post","status-publish","format-standard","has-post-thumbnail","hentry","category-shoqerore-sq"],"yoast_head":"<!-- This site is optimized with the Yoast SEO plugin v25.3.1 - https:\/\/yoast.com\/wordpress\/plugins\/seo\/ -->\n<title>50% m\u00eb pak k\u00ebrkesa p\u00ebr azil n\u00eb Kosov\u00eb k\u00ebt\u00eb gjysm\u00ebvit krahasuar me periudh\u00ebn e nj\u00ebjt\u00eb t\u00eb vitit 2024 -<\/title>\n<meta name=\"robots\" content=\"index, follow, max-snippet:-1, max-image-preview:large, max-video-preview:-1\" \/>\n<link rel=\"canonical\" href=\"https:\/\/veritasinfo.org\/?p=9320\" \/>\n<meta property=\"og:locale\" content=\"en_US\" \/>\n<meta property=\"og:type\" content=\"article\" \/>\n<meta property=\"og:title\" content=\"50% m\u00eb pak k\u00ebrkesa p\u00ebr azil n\u00eb Kosov\u00eb k\u00ebt\u00eb gjysm\u00ebvit krahasuar me periudh\u00ebn e nj\u00ebjt\u00eb t\u00eb vitit 2024 -\" \/>\n<meta property=\"og:description\" content=\"Prishtin\u00eb, 25 Gusht 2025 Gjat\u00eb gjasht\u00ebmujorit t\u00eb par\u00eb t\u00eb vitit 2025, Kosova ka sh\u00ebnuar nj\u00eb r\u00ebnie t\u00eb ndjeshme t\u00eb k\u00ebrkesave p\u00ebr mbrojtje nd\u00ebrkomb\u00ebtare. Sipas t\u00eb\" \/>\n<meta property=\"og:url\" content=\"https:\/\/veritasinfo.org\/?p=9320\" \/>\n<meta property=\"article:published_time\" content=\"2025-08-25T06:51:50+00:00\" \/>\n<meta property=\"og:image\" content=\"https:\/\/veritasinfo.org\/wp-content\/uploads\/2025\/08\/IMG_2739.png\" \/>\n\t<meta property=\"og:image:width\" content=\"600\" \/>\n\t<meta property=\"og:image:height\" content=\"360\" \/>\n\t<meta property=\"og:image:type\" content=\"image\/png\" \/>\n<meta name=\"author\" content=\"admin\" \/>\n<meta name=\"twitter:card\" content=\"summary_large_image\" \/>\n<meta name=\"twitter:label1\" content=\"Written by\" \/>\n\t<meta name=\"twitter:data1\" content=\"admin\" \/>\n\t<meta name=\"twitter:label2\" content=\"Est. reading time\" \/>\n\t<meta name=\"twitter:data2\" content=\"2 minutes\" \/>\n<script type=\"application\/ld+json\" class=\"yoast-schema-graph\">{\"@context\":\"https:\/\/schema.org\",\"@graph\":[{\"@type\":\"WebPage\",\"@id\":\"https:\/\/veritasinfo.org\/?p=9320\",\"url\":\"https:\/\/veritasinfo.org\/?p=9320\",\"name\":\"50% m\u00eb pak k\u00ebrkesa p\u00ebr azil n\u00eb Kosov\u00eb k\u00ebt\u00eb gjysm\u00ebvit krahasuar me periudh\u00ebn e nj\u00ebjt\u00eb t\u00eb vitit 2024 -\",\"isPartOf\":{\"@id\":\"https:\/\/veritasinfo.org\/#website\"},\"primaryImageOfPage\":{\"@id\":\"https:\/\/veritasinfo.org\/?p=9320#primaryimage\"},\"image\":{\"@id\":\"https:\/\/veritasinfo.org\/?p=9320#primaryimage\"},\"thumbnailUrl\":\"https:\/\/veritasinfo.org\/wp-content\/uploads\/2025\/08\/IMG_2739.png\",\"datePublished\":\"2025-08-25T06:51:50+00:00\",\"author\":{\"@id\":\"https:\/\/veritasinfo.org\/#\/schema\/person\/7701f8c088bece422266b100a712374f\"},\"breadcrumb\":{\"@id\":\"https:\/\/veritasinfo.org\/?p=9320#breadcrumb\"},\"inLanguage\":\"en-US\",\"potentialAction\":[{\"@type\":\"ReadAction\",\"target\":[\"https:\/\/veritasinfo.org\/?p=9320\"]}]},{\"@type\":\"ImageObject\",\"inLanguage\":\"en-US\",\"@id\":\"https:\/\/veritasinfo.org\/?p=9320#primaryimage\",\"url\":\"https:\/\/veritasinfo.org\/wp-content\/uploads\/2025\/08\/IMG_2739.png\",\"contentUrl\":\"https:\/\/veritasinfo.org\/wp-content\/uploads\/2025\/08\/IMG_2739.png\",\"width\":600,\"height\":360},{\"@type\":\"BreadcrumbList\",\"@id\":\"https:\/\/veritasinfo.org\/?p=9320#breadcrumb\",\"itemListElement\":[{\"@type\":\"ListItem\",\"position\":1,\"name\":\"Home\",\"item\":\"https:\/\/veritasinfo.org\/\"},{\"@type\":\"ListItem\",\"position\":2,\"name\":\"50% m\u00eb pak k\u00ebrkesa p\u00ebr azil n\u00eb Kosov\u00eb k\u00ebt\u00eb gjysm\u00ebvit krahasuar me periudh\u00ebn e nj\u00ebjt\u00eb t\u00eb vitit 2024\"}]},{\"@type\":\"WebSite\",\"@id\":\"https:\/\/veritasinfo.org\/#website\",\"url\":\"https:\/\/veritasinfo.org\/\",\"name\":\"\",\"description\":\"\",\"potentialAction\":[{\"@type\":\"SearchAction\",\"target\":{\"@type\":\"EntryPoint\",\"urlTemplate\":\"https:\/\/veritasinfo.org\/?s={search_term_string}\"},\"query-input\":{\"@type\":\"PropertyValueSpecification\",\"valueRequired\":true,\"valueName\":\"search_term_string\"}}],\"inLanguage\":\"en-US\"},{\"@type\":\"Person\",\"@id\":\"https:\/\/veritasinfo.org\/#\/schema\/person\/7701f8c088bece422266b100a712374f\",\"name\":\"admin\",\"image\":{\"@type\":\"ImageObject\",\"inLanguage\":\"en-US\",\"@id\":\"https:\/\/veritasinfo.org\/#\/schema\/person\/image\/\",\"url\":\"https:\/\/secure.gravatar.com\/avatar\/ea53aa3bf6c9a12d5fde8ce4deff43fef3885ae33cf60184161a50d6987cfd2f?s=96&d=mm&r=g\",\"contentUrl\":\"https:\/\/secure.gravatar.com\/avatar\/ea53aa3bf6c9a12d5fde8ce4deff43fef3885ae33cf60184161a50d6987cfd2f?s=96&d=mm&r=g\",\"caption\":\"admin\"},\"sameAs\":[\"https:\/\/veritasinfo.org\"],\"url\":\"https:\/\/veritasinfo.org\/?author=1\"}]}<\/script>\n<!-- \/ Yoast SEO plugin. -->","yoast_head_json":{"title":"50% m\u00eb pak k\u00ebrkesa p\u00ebr azil n\u00eb Kosov\u00eb k\u00ebt\u00eb gjysm\u00ebvit krahasuar me periudh\u00ebn e nj\u00ebjt\u00eb t\u00eb vitit 2024 -","robots":{"index":"index","follow":"follow","max-snippet":"max-snippet:-1","max-image-preview":"max-image-preview:large","max-video-preview":"max-video-preview:-1"},"canonical":"https:\/\/veritasinfo.org\/?p=9320","og_locale":"en_US","og_type":"article","og_title":"50% m\u00eb pak k\u00ebrkesa p\u00ebr azil n\u00eb Kosov\u00eb k\u00ebt\u00eb gjysm\u00ebvit krahasuar me periudh\u00ebn e nj\u00ebjt\u00eb t\u00eb vitit 2024 -","og_description":"Prishtin\u00eb, 25 Gusht 2025 Gjat\u00eb gjasht\u00ebmujorit t\u00eb par\u00eb t\u00eb vitit 2025, Kosova ka sh\u00ebnuar nj\u00eb r\u00ebnie t\u00eb ndjeshme t\u00eb k\u00ebrkesave p\u00ebr mbrojtje nd\u00ebrkomb\u00ebtare. Sipas t\u00eb","og_url":"https:\/\/veritasinfo.org\/?p=9320","article_published_time":"2025-08-25T06:51:50+00:00","og_image":[{"width":600,"height":360,"url":"https:\/\/veritasinfo.org\/wp-content\/uploads\/2025\/08\/IMG_2739.png","type":"image\/png"}],"author":"admin","twitter_card":"summary_large_image","twitter_misc":{"Written by":"admin","Est. reading time":"2 minutes"},"schema":{"@context":"https:\/\/schema.org","@graph":[{"@type":"WebPage","@id":"https:\/\/veritasinfo.org\/?p=9320","url":"https:\/\/veritasinfo.org\/?p=9320","name":"50% m\u00eb pak k\u00ebrkesa p\u00ebr azil n\u00eb Kosov\u00eb k\u00ebt\u00eb gjysm\u00ebvit krahasuar me periudh\u00ebn e nj\u00ebjt\u00eb t\u00eb vitit 2024 -","isPartOf":{"@id":"https:\/\/veritasinfo.org\/#website"},"primaryImageOfPage":{"@id":"https:\/\/veritasinfo.org\/?p=9320#primaryimage"},"image":{"@id":"https:\/\/veritasinfo.org\/?p=9320#primaryimage"},"thumbnailUrl":"https:\/\/veritasinfo.org\/wp-content\/uploads\/2025\/08\/IMG_2739.png","datePublished":"2025-08-25T06:51:50+00:00","author":{"@id":"https:\/\/veritasinfo.org\/#\/schema\/person\/7701f8c088bece422266b100a712374f"},"breadcrumb":{"@id":"https:\/\/veritasinfo.org\/?p=9320#breadcrumb"},"inLanguage":"en-US","potentialAction":[{"@type":"ReadAction","target":["https:\/\/veritasinfo.org\/?p=9320"]}]},{"@type":"ImageObject","inLanguage":"en-US","@id":"https:\/\/veritasinfo.org\/?p=9320#primaryimage","url":"https:\/\/veritasinfo.org\/wp-content\/uploads\/2025\/08\/IMG_2739.png","contentUrl":"https:\/\/veritasinfo.org\/wp-content\/uploads\/2025\/08\/IMG_2739.png","width":600,"height":360},{"@type":"BreadcrumbList","@id":"https:\/\/veritasinfo.org\/?p=9320#breadcrumb","itemListElement":[{"@type":"ListItem","position":1,"name":"Home","item":"https:\/\/veritasinfo.org\/"},{"@type":"ListItem","position":2,"name":"50% m\u00eb pak k\u00ebrkesa p\u00ebr azil n\u00eb Kosov\u00eb k\u00ebt\u00eb gjysm\u00ebvit krahasuar me periudh\u00ebn e nj\u00ebjt\u00eb t\u00eb vitit 2024"}]},{"@type":"WebSite","@id":"https:\/\/veritasinfo.org\/#website","url":"https:\/\/veritasinfo.org\/","name":"","description":"","potentialAction":[{"@type":"SearchAction","target":{"@type":"EntryPoint","urlTemplate":"https:\/\/veritasinfo.org\/?s={search_term_string}"},"query-input":{"@type":"PropertyValueSpecification","valueRequired":true,"valueName":"search_term_string"}}],"inLanguage":"en-US"},{"@type":"Person","@id":"https:\/\/veritasinfo.org\/#\/schema\/person\/7701f8c088bece422266b100a712374f","name":"admin","image":{"@type":"ImageObject","inLanguage":"en-US","@id":"https:\/\/veritasinfo.org\/#\/schema\/person\/image\/","url":"https:\/\/secure.gravatar.com\/avatar\/ea53aa3bf6c9a12d5fde8ce4deff43fef3885ae33cf60184161a50d6987cfd2f?s=96&d=mm&r=g","contentUrl":"https:\/\/secure.gravatar.com\/avatar\/ea53aa3bf6c9a12d5fde8ce4deff43fef3885ae33cf60184161a50d6987cfd2f?s=96&d=mm&r=g","caption":"admin"},"sameAs":["https:\/\/veritasinfo.org"],"url":"https:\/\/veritasinfo.org\/?author=1"}]}},"featured_image_urls":{"full":["https:\/\/veritasinfo.org\/wp-content\/uploads\/2025\/08\/IMG_2739.png",600,360,false],"thumbnail":["https:\/\/veritasinfo.org\/wp-content\/uploads\/2025\/08\/IMG_2739-150x150.png",150,150,true],"medium":["https:\/\/veritasinfo.org\/wp-content\/uploads\/2025\/08\/IMG_2739-300x180.png",300,180,true],"medium_large":["https:\/\/veritasinfo.org\/wp-content\/uploads\/2025\/08\/IMG_2739.png",600,360,false],"large":["https:\/\/veritasinfo.org\/wp-content\/uploads\/2025\/08\/IMG_2739.png",600,360,false],"1536x1536":["https:\/\/veritasinfo.org\/wp-content\/uploads\/2025\/08\/IMG_2739.png",600,360,false],"2048x2048":["https:\/\/veritasinfo.org\/wp-content\/uploads\/2025\/08\/IMG_2739.png",600,360,false],"kreeti-slider-full":["https:\/\/veritasinfo.org\/wp-content\/uploads\/2025\/08\/IMG_2739.png",600,360,false],"kreeti-featured":["https:\/\/veritasinfo.org\/wp-content\/uploads\/2025\/08\/IMG_2739.png",600,360,false],"kreeti-medium":["https:\/\/veritasinfo.org\/wp-content\/uploads\/2025\/08\/IMG_2739.png",600,360,false],"kreeti-medium-square":["https:\/\/veritasinfo.org\/wp-content\/uploads\/2025\/08\/IMG_2739.png",350,210,false]},"author_info":{"info":["admin"]},"category_info":"<a href=\"https:\/\/veritasinfo.org\/?cat=60\" rel=\"category\">Shoq\u00ebrore<\/a>","tag_info":"Shoq\u00ebrore","comment_count":"0","_links":{"self":[{"href":"https:\/\/veritasinfo.org\/index.php?rest_route=\/wp\/v2\/posts\/9320","targetHints":{"allow":["GET"]}}],"collection":[{"href":"https:\/\/veritasinfo.org\/index.php?rest_route=\/wp\/v2\/posts"}],"about":[{"href":"https:\/\/veritasinfo.org\/index.php?rest_route=\/wp\/v2\/types\/post"}],"author":[{"embeddable":true,"href":"https:\/\/veritasinfo.org\/index.php?rest_route=\/wp\/v2\/users\/1"}],"replies":[{"embeddable":true,"href":"https:\/\/veritasinfo.org\/index.php?rest_route=%2Fwp%2Fv2%2Fcomments&post=9320"}],"version-history":[{"count":1,"href":"https:\/\/veritasinfo.org\/index.php?rest_route=\/wp\/v2\/posts\/9320\/revisions"}],"predecessor-version":[{"id":9322,"href":"https:\/\/veritasinfo.org\/index.php?rest_route=\/wp\/v2\/posts\/9320\/revisions\/9322"}],"wp:featuredmedia":[{"embeddable":true,"href":"https:\/\/veritasinfo.org\/index.php?rest_route=\/wp\/v2\/media\/9321"}],"wp:attachment":[{"href":"https:\/\/veritasinfo.org\/index.php?rest_route=%2Fwp%2Fv2%2Fmedia&parent=9320"}],"wp:term":[{"taxonomy":"category","embeddable":true,"href":"https:\/\/veritasinfo.org\/index.php?rest_route=%2Fwp%2Fv2%2Fcategories&post=9320"},{"taxonomy":"post_tag","embeddable":true,"href":"https:\/\/veritasinfo.org\/index.php?rest_route=%2Fwp%2Fv2%2Ftags&post=9320"}],"curies":[{"name":"wp","href":"https:\/\/api.w.org\/{rel}","templated":true}]}}