{"id":9315,"date":"2025-08-25T08:41:44","date_gmt":"2025-08-25T06:41:44","guid":{"rendered":"https:\/\/veritasinfo.org\/?p=9315"},"modified":"2025-08-25T08:41:44","modified_gmt":"2025-08-25T06:41:44","slug":"na-shpeto-trump-o-serb-si-po-e-terheqin-vucic-dhe-dodik-presidentin-amerikan-per-kepuce","status":"publish","type":"post","link":"https:\/\/veritasinfo.org\/?p=9315","title":{"rendered":"&#8220;Na shp\u00ebto, Trump, o serb\u201d! &#8211; Si po e t\u00ebrheqin Vu\u00e7i\u00e7 dhe Dodik presidentin amerikan p\u00ebr \u201ck\u00ebpuce\u201d"},"content":{"rendered":"<p>Beograd, 25 Gusht 2025<\/p>\n<p>&#8220;Na shp\u00ebto Trumpi serb&#8221; &#8211; k\u00ebshtu mund t\u00eb p\u00ebrshkruhen, shkurt, taktikat e politik\u00ebs s\u00eb jashtme t\u00eb Aleksandar Vu\u00e7i\u00e7it dhe Milorad Dodikut. Por, a i besojn\u00eb k\u00ebta t\u00eb dy presidentit t\u00eb Amerik\u00ebs n\u00eb m\u00ebnyr\u00eb f\u00ebmij\u00ebrore dhe amatoreske? Presidenti i Serbis\u00eb, Aleksandar Vu\u00e7i\u00e7, prej muajsh \u00ebsht\u00eb p\u00ebrpjekur pothuajse me t\u00ebrbim t\u00eb arrij\u00eb te Presidenti i Shteteve t\u00eb Bashkuara, Donald Trump. Pas fiaskos s\u00eb majit n\u00eb Florida, nga ku u kthye papritur n\u00eb Serbi n\u00eb rrethana ende misterioze p\u00ebr shkak t\u00eb &#8220;dhimbjeve n\u00eb gjoks&#8221;, veprimi diplomatik q\u00eb mund t\u00eb quhet edhe &#8220;Dua t\u00eb takohem me Trump&#8221; vazhdoi.<br \/>\nGjat\u00eb asaj kohe, krer\u00ebt e qeveris\u00eb flasin vazhdimisht p\u00ebr nj\u00eb lloj dialogu strategjik me Amerik\u00ebn dhe kthimin e marr\u00ebdh\u00ebnieve midis dy vendeve n\u00eb &#8220;nivelin e m\u00ebparsh\u00ebm&#8221;. N\u00eb fillim t\u00eb gushtit u mbajt takimi midis Ministrit t\u00eb Pun\u00ebve t\u00eb Jashtme t\u00eb Serbis\u00eb, Marko Gjuri\u00e7, dhe Sekretarit t\u00eb Shtetit t\u00eb SHBA-s\u00eb, Mark Rubio, p\u00ebr t\u00eb cilin pala amerikane praktikisht as nuk komentoi, por ministri prap\u00eb e vler\u00ebsoi takimin si &#8220;historik&#8221;.<\/p>\n<p>D\u00ebshirave t\u00eb Presidentit t\u00eb Serbis\u00eb iu bashkua edhe ish-Presidenti i Republik\u00ebs Srpska, Milorad Dodik, i cili gjithashtu d\u00ebshiron t\u00eb takohet me Trumpin, dhe i cili e p\u00ebrshkroi shkarkimin e tij si &#8220;nj\u00eb p\u00ebrpjekje p\u00ebr ta penguar at\u00eb t\u00eb flas\u00eb me Trumpin&#8221;.<br \/>\nKjo kulminoi kur, derisa Asambleja Komb\u00ebtare n\u00eb Banjalluk\u00eb b\u00ebri thirrje p\u00ebr nj\u00eb &#8220;referendum p\u00ebr Dodikun&#8221;, an\u00ebtarja serbe e Presidenc\u00ebs s\u00eb BiH, Zheljka Cvijanoviq, nisi nj\u00eb propozim p\u00ebr t&#8217;i dh\u00ebn\u00eb Trumpit \u00c7mimin Nobel p\u00ebr Paqen.<\/p>\n","protected":false},"excerpt":{"rendered":"<p>Beograd, 25 Gusht 2025 &#8220;Na shp\u00ebto Trumpi serb&#8221; &#8211; k\u00ebshtu mund t\u00eb p\u00ebrshkruhen, shkurt, taktikat e politik\u00ebs s\u00eb jashtme t\u00eb Aleksandar Vu\u00e7i\u00e7it dhe Milorad Dodikut.<\/p>\n","protected":false},"author":1,"featured_media":9316,"comment_status":"open","ping_status":"open","sticky":false,"template":"","format":"standard","meta":{"footnotes":""},"categories":[58],"tags":[],"class_list":["post-9315","post","type-post","status-publish","format-standard","has-post-thumbnail","hentry","category-politike-sq"],"yoast_head":"<!-- This site is optimized with the Yoast SEO plugin v25.3.1 - https:\/\/yoast.com\/wordpress\/plugins\/seo\/ -->\n<title>&quot;Na shp\u00ebto, Trump, o serb\u201d! - Si po e t\u00ebrheqin Vu\u00e7i\u00e7 dhe Dodik presidentin amerikan p\u00ebr \u201ck\u00ebpuce\u201d -<\/title>\n<meta name=\"robots\" content=\"index, follow, max-snippet:-1, max-image-preview:large, max-video-preview:-1\" \/>\n<link rel=\"canonical\" href=\"https:\/\/veritasinfo.org\/?p=9315\" \/>\n<meta property=\"og:locale\" content=\"en_US\" \/>\n<meta property=\"og:type\" content=\"article\" \/>\n<meta property=\"og:title\" content=\"&quot;Na shp\u00ebto, Trump, o serb\u201d! - Si po e t\u00ebrheqin Vu\u00e7i\u00e7 dhe Dodik presidentin amerikan p\u00ebr \u201ck\u00ebpuce\u201d -\" \/>\n<meta property=\"og:description\" content=\"Beograd, 25 Gusht 2025 &#8220;Na shp\u00ebto Trumpi serb&#8221; &#8211; k\u00ebshtu mund t\u00eb p\u00ebrshkruhen, shkurt, taktikat e politik\u00ebs s\u00eb jashtme t\u00eb Aleksandar Vu\u00e7i\u00e7it dhe Milorad Dodikut.\" \/>\n<meta property=\"og:url\" content=\"https:\/\/veritasinfo.org\/?p=9315\" \/>\n<meta property=\"article:published_time\" content=\"2025-08-25T06:41:44+00:00\" \/>\n<meta property=\"og:image\" content=\"https:\/\/veritasinfo.org\/wp-content\/uploads\/2025\/08\/IMG_3371.jpeg\" \/>\n\t<meta property=\"og:image:width\" content=\"700\" \/>\n\t<meta property=\"og:image:height\" content=\"423\" \/>\n\t<meta property=\"og:image:type\" content=\"image\/jpeg\" \/>\n<meta name=\"author\" content=\"admin\" \/>\n<meta name=\"twitter:card\" content=\"summary_large_image\" \/>\n<meta name=\"twitter:label1\" content=\"Written by\" \/>\n\t<meta name=\"twitter:data1\" content=\"admin\" \/>\n\t<meta name=\"twitter:label2\" content=\"Est. reading time\" \/>\n\t<meta name=\"twitter:data2\" content=\"2 minutes\" \/>\n<script type=\"application\/ld+json\" class=\"yoast-schema-graph\">{\"@context\":\"https:\/\/schema.org\",\"@graph\":[{\"@type\":\"WebPage\",\"@id\":\"https:\/\/veritasinfo.org\/?p=9315\",\"url\":\"https:\/\/veritasinfo.org\/?p=9315\",\"name\":\"\\\"Na shp\u00ebto, Trump, o serb\u201d! - Si po e t\u00ebrheqin Vu\u00e7i\u00e7 dhe Dodik presidentin amerikan p\u00ebr \u201ck\u00ebpuce\u201d -\",\"isPartOf\":{\"@id\":\"https:\/\/veritasinfo.org\/#website\"},\"primaryImageOfPage\":{\"@id\":\"https:\/\/veritasinfo.org\/?p=9315#primaryimage\"},\"image\":{\"@id\":\"https:\/\/veritasinfo.org\/?p=9315#primaryimage\"},\"thumbnailUrl\":\"https:\/\/veritasinfo.org\/wp-content\/uploads\/2025\/08\/IMG_3371.jpeg\",\"datePublished\":\"2025-08-25T06:41:44+00:00\",\"author\":{\"@id\":\"https:\/\/veritasinfo.org\/#\/schema\/person\/7701f8c088bece422266b100a712374f\"},\"breadcrumb\":{\"@id\":\"https:\/\/veritasinfo.org\/?p=9315#breadcrumb\"},\"inLanguage\":\"en-US\",\"potentialAction\":[{\"@type\":\"ReadAction\",\"target\":[\"https:\/\/veritasinfo.org\/?p=9315\"]}]},{\"@type\":\"ImageObject\",\"inLanguage\":\"en-US\",\"@id\":\"https:\/\/veritasinfo.org\/?p=9315#primaryimage\",\"url\":\"https:\/\/veritasinfo.org\/wp-content\/uploads\/2025\/08\/IMG_3371.jpeg\",\"contentUrl\":\"https:\/\/veritasinfo.org\/wp-content\/uploads\/2025\/08\/IMG_3371.jpeg\",\"width\":700,\"height\":423},{\"@type\":\"BreadcrumbList\",\"@id\":\"https:\/\/veritasinfo.org\/?p=9315#breadcrumb\",\"itemListElement\":[{\"@type\":\"ListItem\",\"position\":1,\"name\":\"Home\",\"item\":\"https:\/\/veritasinfo.org\/\"},{\"@type\":\"ListItem\",\"position\":2,\"name\":\"&#8220;Na shp\u00ebto, Trump, o serb\u201d! &#8211; Si po e t\u00ebrheqin Vu\u00e7i\u00e7 dhe Dodik presidentin amerikan p\u00ebr \u201ck\u00ebpuce\u201d\"}]},{\"@type\":\"WebSite\",\"@id\":\"https:\/\/veritasinfo.org\/#website\",\"url\":\"https:\/\/veritasinfo.org\/\",\"name\":\"\",\"description\":\"\",\"potentialAction\":[{\"@type\":\"SearchAction\",\"target\":{\"@type\":\"EntryPoint\",\"urlTemplate\":\"https:\/\/veritasinfo.org\/?s={search_term_string}\"},\"query-input\":{\"@type\":\"PropertyValueSpecification\",\"valueRequired\":true,\"valueName\":\"search_term_string\"}}],\"inLanguage\":\"en-US\"},{\"@type\":\"Person\",\"@id\":\"https:\/\/veritasinfo.org\/#\/schema\/person\/7701f8c088bece422266b100a712374f\",\"name\":\"admin\",\"image\":{\"@type\":\"ImageObject\",\"inLanguage\":\"en-US\",\"@id\":\"https:\/\/veritasinfo.org\/#\/schema\/person\/image\/\",\"url\":\"https:\/\/secure.gravatar.com\/avatar\/ea53aa3bf6c9a12d5fde8ce4deff43fef3885ae33cf60184161a50d6987cfd2f?s=96&d=mm&r=g\",\"contentUrl\":\"https:\/\/secure.gravatar.com\/avatar\/ea53aa3bf6c9a12d5fde8ce4deff43fef3885ae33cf60184161a50d6987cfd2f?s=96&d=mm&r=g\",\"caption\":\"admin\"},\"sameAs\":[\"https:\/\/veritasinfo.org\"],\"url\":\"https:\/\/veritasinfo.org\/?author=1\"}]}<\/script>\n<!-- \/ Yoast SEO plugin. -->","yoast_head_json":{"title":"\"Na shp\u00ebto, Trump, o serb\u201d! - Si po e t\u00ebrheqin Vu\u00e7i\u00e7 dhe Dodik presidentin amerikan p\u00ebr \u201ck\u00ebpuce\u201d -","robots":{"index":"index","follow":"follow","max-snippet":"max-snippet:-1","max-image-preview":"max-image-preview:large","max-video-preview":"max-video-preview:-1"},"canonical":"https:\/\/veritasinfo.org\/?p=9315","og_locale":"en_US","og_type":"article","og_title":"\"Na shp\u00ebto, Trump, o serb\u201d! - Si po e t\u00ebrheqin Vu\u00e7i\u00e7 dhe Dodik presidentin amerikan p\u00ebr \u201ck\u00ebpuce\u201d -","og_description":"Beograd, 25 Gusht 2025 &#8220;Na shp\u00ebto Trumpi serb&#8221; &#8211; k\u00ebshtu mund t\u00eb p\u00ebrshkruhen, shkurt, taktikat e politik\u00ebs s\u00eb jashtme t\u00eb Aleksandar Vu\u00e7i\u00e7it dhe Milorad Dodikut.","og_url":"https:\/\/veritasinfo.org\/?p=9315","article_published_time":"2025-08-25T06:41:44+00:00","og_image":[{"width":700,"height":423,"url":"https:\/\/veritasinfo.org\/wp-content\/uploads\/2025\/08\/IMG_3371.jpeg","type":"image\/jpeg"}],"author":"admin","twitter_card":"summary_large_image","twitter_misc":{"Written by":"admin","Est. reading time":"2 minutes"},"schema":{"@context":"https:\/\/schema.org","@graph":[{"@type":"WebPage","@id":"https:\/\/veritasinfo.org\/?p=9315","url":"https:\/\/veritasinfo.org\/?p=9315","name":"\"Na shp\u00ebto, Trump, o serb\u201d! - Si po e t\u00ebrheqin Vu\u00e7i\u00e7 dhe Dodik presidentin amerikan p\u00ebr \u201ck\u00ebpuce\u201d -","isPartOf":{"@id":"https:\/\/veritasinfo.org\/#website"},"primaryImageOfPage":{"@id":"https:\/\/veritasinfo.org\/?p=9315#primaryimage"},"image":{"@id":"https:\/\/veritasinfo.org\/?p=9315#primaryimage"},"thumbnailUrl":"https:\/\/veritasinfo.org\/wp-content\/uploads\/2025\/08\/IMG_3371.jpeg","datePublished":"2025-08-25T06:41:44+00:00","author":{"@id":"https:\/\/veritasinfo.org\/#\/schema\/person\/7701f8c088bece422266b100a712374f"},"breadcrumb":{"@id":"https:\/\/veritasinfo.org\/?p=9315#breadcrumb"},"inLanguage":"en-US","potentialAction":[{"@type":"ReadAction","target":["https:\/\/veritasinfo.org\/?p=9315"]}]},{"@type":"ImageObject","inLanguage":"en-US","@id":"https:\/\/veritasinfo.org\/?p=9315#primaryimage","url":"https:\/\/veritasinfo.org\/wp-content\/uploads\/2025\/08\/IMG_3371.jpeg","contentUrl":"https:\/\/veritasinfo.org\/wp-content\/uploads\/2025\/08\/IMG_3371.jpeg","width":700,"height":423},{"@type":"BreadcrumbList","@id":"https:\/\/veritasinfo.org\/?p=9315#breadcrumb","itemListElement":[{"@type":"ListItem","position":1,"name":"Home","item":"https:\/\/veritasinfo.org\/"},{"@type":"ListItem","position":2,"name":"&#8220;Na shp\u00ebto, Trump, o serb\u201d! &#8211; Si po e t\u00ebrheqin Vu\u00e7i\u00e7 dhe Dodik presidentin amerikan p\u00ebr \u201ck\u00ebpuce\u201d"}]},{"@type":"WebSite","@id":"https:\/\/veritasinfo.org\/#website","url":"https:\/\/veritasinfo.org\/","name":"","description":"","potentialAction":[{"@type":"SearchAction","target":{"@type":"EntryPoint","urlTemplate":"https:\/\/veritasinfo.org\/?s={search_term_string}"},"query-input":{"@type":"PropertyValueSpecification","valueRequired":true,"valueName":"search_term_string"}}],"inLanguage":"en-US"},{"@type":"Person","@id":"https:\/\/veritasinfo.org\/#\/schema\/person\/7701f8c088bece422266b100a712374f","name":"admin","image":{"@type":"ImageObject","inLanguage":"en-US","@id":"https:\/\/veritasinfo.org\/#\/schema\/person\/image\/","url":"https:\/\/secure.gravatar.com\/avatar\/ea53aa3bf6c9a12d5fde8ce4deff43fef3885ae33cf60184161a50d6987cfd2f?s=96&d=mm&r=g","contentUrl":"https:\/\/secure.gravatar.com\/avatar\/ea53aa3bf6c9a12d5fde8ce4deff43fef3885ae33cf60184161a50d6987cfd2f?s=96&d=mm&r=g","caption":"admin"},"sameAs":["https:\/\/veritasinfo.org"],"url":"https:\/\/veritasinfo.org\/?author=1"}]}},"featured_image_urls":{"full":["https:\/\/veritasinfo.org\/wp-content\/uploads\/2025\/08\/IMG_3371.jpeg",700,423,false],"thumbnail":["https:\/\/veritasinfo.org\/wp-content\/uploads\/2025\/08\/IMG_3371-150x150.jpeg",150,150,true],"medium":["https:\/\/veritasinfo.org\/wp-content\/uploads\/2025\/08\/IMG_3371-300x181.jpeg",300,181,true],"medium_large":["https:\/\/veritasinfo.org\/wp-content\/uploads\/2025\/08\/IMG_3371.jpeg",640,387,false],"large":["https:\/\/veritasinfo.org\/wp-content\/uploads\/2025\/08\/IMG_3371.jpeg",640,387,false],"1536x1536":["https:\/\/veritasinfo.org\/wp-content\/uploads\/2025\/08\/IMG_3371.jpeg",700,423,false],"2048x2048":["https:\/\/veritasinfo.org\/wp-content\/uploads\/2025\/08\/IMG_3371.jpeg",700,423,false],"kreeti-slider-full":["https:\/\/veritasinfo.org\/wp-content\/uploads\/2025\/08\/IMG_3371.jpeg",700,423,false],"kreeti-featured":["https:\/\/veritasinfo.org\/wp-content\/uploads\/2025\/08\/IMG_3371.jpeg",700,423,false],"kreeti-medium":["https:\/\/veritasinfo.org\/wp-content\/uploads\/2025\/08\/IMG_3371.jpeg",700,423,false],"kreeti-medium-square":["https:\/\/veritasinfo.org\/wp-content\/uploads\/2025\/08\/IMG_3371.jpeg",350,212,false]},"author_info":{"info":["admin"]},"category_info":"<a href=\"https:\/\/veritasinfo.org\/?cat=58\" rel=\"category\">Politik\u00eb<\/a>","tag_info":"Politik\u00eb","comment_count":"0","_links":{"self":[{"href":"https:\/\/veritasinfo.org\/index.php?rest_route=\/wp\/v2\/posts\/9315","targetHints":{"allow":["GET"]}}],"collection":[{"href":"https:\/\/veritasinfo.org\/index.php?rest_route=\/wp\/v2\/posts"}],"about":[{"href":"https:\/\/veritasinfo.org\/index.php?rest_route=\/wp\/v2\/types\/post"}],"author":[{"embeddable":true,"href":"https:\/\/veritasinfo.org\/index.php?rest_route=\/wp\/v2\/users\/1"}],"replies":[{"embeddable":true,"href":"https:\/\/veritasinfo.org\/index.php?rest_route=%2Fwp%2Fv2%2Fcomments&post=9315"}],"version-history":[{"count":1,"href":"https:\/\/veritasinfo.org\/index.php?rest_route=\/wp\/v2\/posts\/9315\/revisions"}],"predecessor-version":[{"id":9317,"href":"https:\/\/veritasinfo.org\/index.php?rest_route=\/wp\/v2\/posts\/9315\/revisions\/9317"}],"wp:featuredmedia":[{"embeddable":true,"href":"https:\/\/veritasinfo.org\/index.php?rest_route=\/wp\/v2\/media\/9316"}],"wp:attachment":[{"href":"https:\/\/veritasinfo.org\/index.php?rest_route=%2Fwp%2Fv2%2Fmedia&parent=9315"}],"wp:term":[{"taxonomy":"category","embeddable":true,"href":"https:\/\/veritasinfo.org\/index.php?rest_route=%2Fwp%2Fv2%2Fcategories&post=9315"},{"taxonomy":"post_tag","embeddable":true,"href":"https:\/\/veritasinfo.org\/index.php?rest_route=%2Fwp%2Fv2%2Ftags&post=9315"}],"curies":[{"name":"wp","href":"https:\/\/api.w.org\/{rel}","templated":true}]}}