{"id":9271,"date":"2025-08-24T21:54:13","date_gmt":"2025-08-24T19:54:13","guid":{"rendered":"https:\/\/veritasinfo.org\/?p=9271"},"modified":"2025-08-24T21:56:33","modified_gmt":"2025-08-24T19:56:33","slug":"kurti-kosova-mbeshtet-sovranitetin-e-ukraines","status":"publish","type":"post","link":"https:\/\/veritasinfo.org\/?p=9271","title":{"rendered":"Kurti: Kosova mb\u00ebshtet sovranitetin e Ukrain\u00ebs"},"content":{"rendered":"<p data-start=\"74\" data-end=\"311\">Prishtin\u00eb, 24 gusht 2025<\/p>\n<p data-start=\"74\" data-end=\"311\">Kryeministri n\u00eb detyr\u00eb i Kosov\u00ebs, Albin Kurti, ka uruar Ukrain\u00ebn me rastin e Dit\u00ebs Komb\u00ebtare, duke ritheksuar angazhimin e vendit p\u00ebr t\u00eb mb\u00ebshtetur pavar\u00ebsin\u00eb, integritetin territorial dhe sovranitetin e saj.<\/p>\n<p data-start=\"313\" data-end=\"504\">N\u00eb nj\u00eb shkrim n\u00eb platform\u00ebn X, Kurti tha se Kosova ka q\u00ebndruar pran\u00eb Ukrain\u00ebs dhe popullit t\u00eb saj kund\u00ebr agresionit rus, p\u00ebrmes vendosjes s\u00eb sanksioneve dhe pranimit t\u00eb qytetar\u00ebve ukrainas.<\/p>\n<p data-start=\"506\" data-end=\"1005\">\u201cSot, me rastin e Dit\u00ebs Komb\u00ebtare t\u00eb Ukrain\u00ebs, riafirmojm\u00eb angazhimin ton\u00eb p\u00ebr t\u00eb mb\u00ebshtetur pavar\u00ebsin\u00eb, integritetin territorial dhe sovranitetin e shtetit t\u00eb saj, si dhe p\u00ebrpjekjet e aleat\u00ebve tan\u00eb p\u00ebr nj\u00eb paqe t\u00eb drejt\u00eb e t\u00eb q\u00ebndrueshme. P\u00ebrmes sanksioneve dhe duke pritur qytetar\u00ebt ukrainas n\u00eb Kosov\u00eb, kemi q\u00ebndruar pran\u00eb Ukrain\u00ebs dhe popullit t\u00eb saj t\u00eb guximsh\u00ebm kund\u00ebr agresionit t\u00eb Rusis\u00eb, dhe do t\u00eb vazhdojm\u00eb t\u00eb q\u00ebndrojm\u00eb t\u00eb bashkuar kund\u00ebr luft\u00ebs dhe n\u00eb mb\u00ebshtetje t\u00eb paqes\u201d, shkroi Kurti.<\/p>\n","protected":false},"excerpt":{"rendered":"<p>Prishtin\u00eb, 24 gusht 2025 Kryeministri n\u00eb detyr\u00eb i Kosov\u00ebs, Albin Kurti, ka uruar Ukrain\u00ebn me rastin e Dit\u00ebs Komb\u00ebtare, duke ritheksuar angazhimin e vendit p\u00ebr<\/p>\n","protected":false},"author":1,"featured_media":9269,"comment_status":"open","ping_status":"open","sticky":false,"template":"","format":"standard","meta":{"footnotes":""},"categories":[58],"tags":[],"class_list":["post-9271","post","type-post","status-publish","format-standard","has-post-thumbnail","hentry","category-politike-sq"],"yoast_head":"<!-- This site is optimized with the Yoast SEO plugin v25.3.1 - https:\/\/yoast.com\/wordpress\/plugins\/seo\/ -->\n<title>Kurti: Kosova mb\u00ebshtet sovranitetin e Ukrain\u00ebs -<\/title>\n<meta name=\"robots\" content=\"index, follow, max-snippet:-1, max-image-preview:large, max-video-preview:-1\" \/>\n<link rel=\"canonical\" href=\"https:\/\/veritasinfo.org\/?p=9271\" \/>\n<meta property=\"og:locale\" content=\"en_US\" \/>\n<meta property=\"og:type\" content=\"article\" \/>\n<meta property=\"og:title\" content=\"Kurti: Kosova mb\u00ebshtet sovranitetin e Ukrain\u00ebs -\" \/>\n<meta property=\"og:description\" content=\"Prishtin\u00eb, 24 gusht 2025 Kryeministri n\u00eb detyr\u00eb i Kosov\u00ebs, Albin Kurti, ka uruar Ukrain\u00ebn me rastin e Dit\u00ebs Komb\u00ebtare, duke ritheksuar angazhimin e vendit p\u00ebr\" \/>\n<meta property=\"og:url\" content=\"https:\/\/veritasinfo.org\/?p=9271\" \/>\n<meta property=\"article:published_time\" content=\"2025-08-24T19:54:13+00:00\" \/>\n<meta property=\"article:modified_time\" content=\"2025-08-24T19:56:33+00:00\" \/>\n<meta property=\"og:image\" content=\"https:\/\/veritasinfo.org\/wp-content\/uploads\/2025\/08\/Kurti.webp\" \/>\n\t<meta property=\"og:image:width\" content=\"920\" \/>\n\t<meta property=\"og:image:height\" content=\"560\" \/>\n\t<meta property=\"og:image:type\" content=\"image\/webp\" \/>\n<meta name=\"author\" content=\"admin\" \/>\n<meta name=\"twitter:card\" content=\"summary_large_image\" \/>\n<meta name=\"twitter:label1\" content=\"Written by\" \/>\n\t<meta name=\"twitter:data1\" content=\"admin\" \/>\n\t<meta name=\"twitter:label2\" content=\"Est. reading time\" \/>\n\t<meta name=\"twitter:data2\" content=\"1 minute\" \/>\n<script type=\"application\/ld+json\" class=\"yoast-schema-graph\">{\"@context\":\"https:\/\/schema.org\",\"@graph\":[{\"@type\":\"WebPage\",\"@id\":\"https:\/\/veritasinfo.org\/?p=9271\",\"url\":\"https:\/\/veritasinfo.org\/?p=9271\",\"name\":\"Kurti: Kosova mb\u00ebshtet sovranitetin e Ukrain\u00ebs -\",\"isPartOf\":{\"@id\":\"https:\/\/veritasinfo.org\/#website\"},\"primaryImageOfPage\":{\"@id\":\"https:\/\/veritasinfo.org\/?p=9271#primaryimage\"},\"image\":{\"@id\":\"https:\/\/veritasinfo.org\/?p=9271#primaryimage\"},\"thumbnailUrl\":\"https:\/\/veritasinfo.org\/wp-content\/uploads\/2025\/08\/Kurti.webp\",\"datePublished\":\"2025-08-24T19:54:13+00:00\",\"dateModified\":\"2025-08-24T19:56:33+00:00\",\"author\":{\"@id\":\"https:\/\/veritasinfo.org\/#\/schema\/person\/7701f8c088bece422266b100a712374f\"},\"breadcrumb\":{\"@id\":\"https:\/\/veritasinfo.org\/?p=9271#breadcrumb\"},\"inLanguage\":\"en-US\",\"potentialAction\":[{\"@type\":\"ReadAction\",\"target\":[\"https:\/\/veritasinfo.org\/?p=9271\"]}]},{\"@type\":\"ImageObject\",\"inLanguage\":\"en-US\",\"@id\":\"https:\/\/veritasinfo.org\/?p=9271#primaryimage\",\"url\":\"https:\/\/veritasinfo.org\/wp-content\/uploads\/2025\/08\/Kurti.webp\",\"contentUrl\":\"https:\/\/veritasinfo.org\/wp-content\/uploads\/2025\/08\/Kurti.webp\",\"width\":920,\"height\":560},{\"@type\":\"BreadcrumbList\",\"@id\":\"https:\/\/veritasinfo.org\/?p=9271#breadcrumb\",\"itemListElement\":[{\"@type\":\"ListItem\",\"position\":1,\"name\":\"Home\",\"item\":\"https:\/\/veritasinfo.org\/\"},{\"@type\":\"ListItem\",\"position\":2,\"name\":\"Kurti: Kosova mb\u00ebshtet sovranitetin e Ukrain\u00ebs\"}]},{\"@type\":\"WebSite\",\"@id\":\"https:\/\/veritasinfo.org\/#website\",\"url\":\"https:\/\/veritasinfo.org\/\",\"name\":\"\",\"description\":\"\",\"potentialAction\":[{\"@type\":\"SearchAction\",\"target\":{\"@type\":\"EntryPoint\",\"urlTemplate\":\"https:\/\/veritasinfo.org\/?s={search_term_string}\"},\"query-input\":{\"@type\":\"PropertyValueSpecification\",\"valueRequired\":true,\"valueName\":\"search_term_string\"}}],\"inLanguage\":\"en-US\"},{\"@type\":\"Person\",\"@id\":\"https:\/\/veritasinfo.org\/#\/schema\/person\/7701f8c088bece422266b100a712374f\",\"name\":\"admin\",\"image\":{\"@type\":\"ImageObject\",\"inLanguage\":\"en-US\",\"@id\":\"https:\/\/veritasinfo.org\/#\/schema\/person\/image\/\",\"url\":\"https:\/\/secure.gravatar.com\/avatar\/ea53aa3bf6c9a12d5fde8ce4deff43fef3885ae33cf60184161a50d6987cfd2f?s=96&d=mm&r=g\",\"contentUrl\":\"https:\/\/secure.gravatar.com\/avatar\/ea53aa3bf6c9a12d5fde8ce4deff43fef3885ae33cf60184161a50d6987cfd2f?s=96&d=mm&r=g\",\"caption\":\"admin\"},\"sameAs\":[\"https:\/\/veritasinfo.org\"],\"url\":\"https:\/\/veritasinfo.org\/?author=1\"}]}<\/script>\n<!-- \/ Yoast SEO plugin. -->","yoast_head_json":{"title":"Kurti: Kosova mb\u00ebshtet sovranitetin e Ukrain\u00ebs -","robots":{"index":"index","follow":"follow","max-snippet":"max-snippet:-1","max-image-preview":"max-image-preview:large","max-video-preview":"max-video-preview:-1"},"canonical":"https:\/\/veritasinfo.org\/?p=9271","og_locale":"en_US","og_type":"article","og_title":"Kurti: Kosova mb\u00ebshtet sovranitetin e Ukrain\u00ebs -","og_description":"Prishtin\u00eb, 24 gusht 2025 Kryeministri n\u00eb detyr\u00eb i Kosov\u00ebs, Albin Kurti, ka uruar Ukrain\u00ebn me rastin e Dit\u00ebs Komb\u00ebtare, duke ritheksuar angazhimin e vendit p\u00ebr","og_url":"https:\/\/veritasinfo.org\/?p=9271","article_published_time":"2025-08-24T19:54:13+00:00","article_modified_time":"2025-08-24T19:56:33+00:00","og_image":[{"width":920,"height":560,"url":"https:\/\/veritasinfo.org\/wp-content\/uploads\/2025\/08\/Kurti.webp","type":"image\/webp"}],"author":"admin","twitter_card":"summary_large_image","twitter_misc":{"Written by":"admin","Est. reading time":"1 minute"},"schema":{"@context":"https:\/\/schema.org","@graph":[{"@type":"WebPage","@id":"https:\/\/veritasinfo.org\/?p=9271","url":"https:\/\/veritasinfo.org\/?p=9271","name":"Kurti: Kosova mb\u00ebshtet sovranitetin e Ukrain\u00ebs -","isPartOf":{"@id":"https:\/\/veritasinfo.org\/#website"},"primaryImageOfPage":{"@id":"https:\/\/veritasinfo.org\/?p=9271#primaryimage"},"image":{"@id":"https:\/\/veritasinfo.org\/?p=9271#primaryimage"},"thumbnailUrl":"https:\/\/veritasinfo.org\/wp-content\/uploads\/2025\/08\/Kurti.webp","datePublished":"2025-08-24T19:54:13+00:00","dateModified":"2025-08-24T19:56:33+00:00","author":{"@id":"https:\/\/veritasinfo.org\/#\/schema\/person\/7701f8c088bece422266b100a712374f"},"breadcrumb":{"@id":"https:\/\/veritasinfo.org\/?p=9271#breadcrumb"},"inLanguage":"en-US","potentialAction":[{"@type":"ReadAction","target":["https:\/\/veritasinfo.org\/?p=9271"]}]},{"@type":"ImageObject","inLanguage":"en-US","@id":"https:\/\/veritasinfo.org\/?p=9271#primaryimage","url":"https:\/\/veritasinfo.org\/wp-content\/uploads\/2025\/08\/Kurti.webp","contentUrl":"https:\/\/veritasinfo.org\/wp-content\/uploads\/2025\/08\/Kurti.webp","width":920,"height":560},{"@type":"BreadcrumbList","@id":"https:\/\/veritasinfo.org\/?p=9271#breadcrumb","itemListElement":[{"@type":"ListItem","position":1,"name":"Home","item":"https:\/\/veritasinfo.org\/"},{"@type":"ListItem","position":2,"name":"Kurti: Kosova mb\u00ebshtet sovranitetin e Ukrain\u00ebs"}]},{"@type":"WebSite","@id":"https:\/\/veritasinfo.org\/#website","url":"https:\/\/veritasinfo.org\/","name":"","description":"","potentialAction":[{"@type":"SearchAction","target":{"@type":"EntryPoint","urlTemplate":"https:\/\/veritasinfo.org\/?s={search_term_string}"},"query-input":{"@type":"PropertyValueSpecification","valueRequired":true,"valueName":"search_term_string"}}],"inLanguage":"en-US"},{"@type":"Person","@id":"https:\/\/veritasinfo.org\/#\/schema\/person\/7701f8c088bece422266b100a712374f","name":"admin","image":{"@type":"ImageObject","inLanguage":"en-US","@id":"https:\/\/veritasinfo.org\/#\/schema\/person\/image\/","url":"https:\/\/secure.gravatar.com\/avatar\/ea53aa3bf6c9a12d5fde8ce4deff43fef3885ae33cf60184161a50d6987cfd2f?s=96&d=mm&r=g","contentUrl":"https:\/\/secure.gravatar.com\/avatar\/ea53aa3bf6c9a12d5fde8ce4deff43fef3885ae33cf60184161a50d6987cfd2f?s=96&d=mm&r=g","caption":"admin"},"sameAs":["https:\/\/veritasinfo.org"],"url":"https:\/\/veritasinfo.org\/?author=1"}]}},"featured_image_urls":{"full":["https:\/\/veritasinfo.org\/wp-content\/uploads\/2025\/08\/Kurti.webp",920,560,false],"thumbnail":["https:\/\/veritasinfo.org\/wp-content\/uploads\/2025\/08\/Kurti-150x150.webp",150,150,true],"medium":["https:\/\/veritasinfo.org\/wp-content\/uploads\/2025\/08\/Kurti-300x183.webp",300,183,true],"medium_large":["https:\/\/veritasinfo.org\/wp-content\/uploads\/2025\/08\/Kurti-768x467.webp",640,389,true],"large":["https:\/\/veritasinfo.org\/wp-content\/uploads\/2025\/08\/Kurti.webp",640,390,false],"1536x1536":["https:\/\/veritasinfo.org\/wp-content\/uploads\/2025\/08\/Kurti.webp",920,560,false],"2048x2048":["https:\/\/veritasinfo.org\/wp-content\/uploads\/2025\/08\/Kurti.webp",920,560,false],"kreeti-slider-full":["https:\/\/veritasinfo.org\/wp-content\/uploads\/2025\/08\/Kurti.webp",920,560,false],"kreeti-featured":["https:\/\/veritasinfo.org\/wp-content\/uploads\/2025\/08\/Kurti.webp",920,560,false],"kreeti-medium":["https:\/\/veritasinfo.org\/wp-content\/uploads\/2025\/08\/Kurti.webp",720,438,false],"kreeti-medium-square":["https:\/\/veritasinfo.org\/wp-content\/uploads\/2025\/08\/Kurti.webp",350,213,false]},"author_info":{"info":["admin"]},"category_info":"<a href=\"https:\/\/veritasinfo.org\/?cat=58\" rel=\"category\">Politik\u00eb<\/a>","tag_info":"Politik\u00eb","comment_count":"0","_links":{"self":[{"href":"https:\/\/veritasinfo.org\/index.php?rest_route=\/wp\/v2\/posts\/9271","targetHints":{"allow":["GET"]}}],"collection":[{"href":"https:\/\/veritasinfo.org\/index.php?rest_route=\/wp\/v2\/posts"}],"about":[{"href":"https:\/\/veritasinfo.org\/index.php?rest_route=\/wp\/v2\/types\/post"}],"author":[{"embeddable":true,"href":"https:\/\/veritasinfo.org\/index.php?rest_route=\/wp\/v2\/users\/1"}],"replies":[{"embeddable":true,"href":"https:\/\/veritasinfo.org\/index.php?rest_route=%2Fwp%2Fv2%2Fcomments&post=9271"}],"version-history":[{"count":1,"href":"https:\/\/veritasinfo.org\/index.php?rest_route=\/wp\/v2\/posts\/9271\/revisions"}],"predecessor-version":[{"id":9272,"href":"https:\/\/veritasinfo.org\/index.php?rest_route=\/wp\/v2\/posts\/9271\/revisions\/9272"}],"wp:featuredmedia":[{"embeddable":true,"href":"https:\/\/veritasinfo.org\/index.php?rest_route=\/wp\/v2\/media\/9269"}],"wp:attachment":[{"href":"https:\/\/veritasinfo.org\/index.php?rest_route=%2Fwp%2Fv2%2Fmedia&parent=9271"}],"wp:term":[{"taxonomy":"category","embeddable":true,"href":"https:\/\/veritasinfo.org\/index.php?rest_route=%2Fwp%2Fv2%2Fcategories&post=9271"},{"taxonomy":"post_tag","embeddable":true,"href":"https:\/\/veritasinfo.org\/index.php?rest_route=%2Fwp%2Fv2%2Ftags&post=9271"}],"curies":[{"name":"wp","href":"https:\/\/api.w.org\/{rel}","templated":true}]}}