{"id":9253,"date":"2025-08-24T19:22:03","date_gmt":"2025-08-24T17:22:03","guid":{"rendered":"https:\/\/veritasinfo.org\/?p=9253"},"modified":"2025-08-24T19:22:03","modified_gmt":"2025-08-24T17:22:03","slug":"fshihet-murali-i-mlladiqit-ne-zvecan-kryetari-peci-ishte-iniciative-e-imja-jo-e-qeverise","status":"publish","type":"post","link":"https:\/\/veritasinfo.org\/?p=9253","title":{"rendered":"Fshihet murali i Mlladiqit n\u00eb Zve\u00e7an, kryetari Peci: Ishte iniciativ\u00eb e imja, jo e qeveris\u00eb"},"content":{"rendered":"<p>Zve\u00e7an, 24 gusht 2025<\/p>\n<p>Kryetari i Komun\u00ebs s\u00eb Zve\u00e7anit, Ilir Peci, ka konfirmuar se fshirja e muralit t\u00eb kryekriminelit Ratko Mlladiq \u00ebsht\u00eb realizuar me iniciativ\u00eb t\u00eb tij dhe jo si veprim i qeveris\u00eb n\u00eb detyr\u00eb. Pamjet e para t\u00eb k\u00ebsaj nd\u00ebrhyrjeje u publikuan nga ministri n\u00eb detyr\u00eb, Elbert Krasniqi.<\/p>\n<p>\u201cKjo nuk ka qen\u00eb ide apo bised\u00eb me qeverin\u00eb. Kjo ka qen\u00eb k\u00ebrkes\u00eb e shumic\u00ebs s\u00eb qytetar\u00ebve q\u00eb nga fillimi i mandatit tim, p\u00ebr mbulimin e mbishkrimeve dhe fotografive t\u00eb Mlladiqit n\u00eb territorin e Zve\u00e7anit\u201d, deklaroi Peci n\u00eb emisionin \u201cInfo Magazine\u201d.<\/p>\n<p>Ai shtoi se ka ekzistuar pak\u00ebnaq\u00ebsi e gjer\u00eb nga t\u00eb gjitha komunitetet p\u00ebr pranin\u00eb e k\u00ebtyre simboleve politike, t\u00eb cilat sipas tij, nuk jan\u00eb t\u00eb duhura p\u00ebr qytetar\u00ebt. Peci n\u00ebnvizoi se procesi i heqjes s\u00eb tyre \u00ebsht\u00eb duke vazhduar dhe po zhvillohet sipas planit.<\/p>\n","protected":false},"excerpt":{"rendered":"<p>Zve\u00e7an, 24 gusht 2025 Kryetari i Komun\u00ebs s\u00eb Zve\u00e7anit, Ilir Peci, ka konfirmuar se fshirja e muralit t\u00eb kryekriminelit Ratko Mlladiq \u00ebsht\u00eb realizuar me iniciativ\u00eb<\/p>\n","protected":false},"author":1,"featured_media":9254,"comment_status":"open","ping_status":"open","sticky":false,"template":"","format":"standard","meta":{"footnotes":""},"categories":[60],"tags":[],"class_list":["post-9253","post","type-post","status-publish","format-standard","has-post-thumbnail","hentry","category-shoqerore-sq"],"yoast_head":"<!-- This site is optimized with the Yoast SEO plugin v25.3.1 - https:\/\/yoast.com\/wordpress\/plugins\/seo\/ -->\n<title>Fshihet murali i Mlladiqit n\u00eb Zve\u00e7an, kryetari Peci: Ishte iniciativ\u00eb e imja, jo e qeveris\u00eb -<\/title>\n<meta name=\"robots\" content=\"index, follow, max-snippet:-1, max-image-preview:large, max-video-preview:-1\" \/>\n<link rel=\"canonical\" href=\"https:\/\/veritasinfo.org\/?p=9253\" \/>\n<meta property=\"og:locale\" content=\"en_US\" \/>\n<meta property=\"og:type\" content=\"article\" \/>\n<meta property=\"og:title\" content=\"Fshihet murali i Mlladiqit n\u00eb Zve\u00e7an, kryetari Peci: Ishte iniciativ\u00eb e imja, jo e qeveris\u00eb -\" \/>\n<meta property=\"og:description\" content=\"Zve\u00e7an, 24 gusht 2025 Kryetari i Komun\u00ebs s\u00eb Zve\u00e7anit, Ilir Peci, ka konfirmuar se fshirja e muralit t\u00eb kryekriminelit Ratko Mlladiq \u00ebsht\u00eb realizuar me iniciativ\u00eb\" \/>\n<meta property=\"og:url\" content=\"https:\/\/veritasinfo.org\/?p=9253\" \/>\n<meta property=\"article:published_time\" content=\"2025-08-24T17:22:03+00:00\" \/>\n<meta property=\"og:image\" content=\"https:\/\/veritasinfo.org\/wp-content\/uploads\/2025\/08\/8632991348_01e2ff2953_b.jpg\" \/>\n\t<meta property=\"og:image:width\" content=\"1024\" \/>\n\t<meta property=\"og:image:height\" content=\"768\" \/>\n\t<meta property=\"og:image:type\" content=\"image\/jpeg\" \/>\n<meta name=\"author\" content=\"admin\" \/>\n<meta name=\"twitter:card\" content=\"summary_large_image\" \/>\n<meta name=\"twitter:label1\" content=\"Written by\" \/>\n\t<meta name=\"twitter:data1\" content=\"admin\" \/>\n\t<meta name=\"twitter:label2\" content=\"Est. reading time\" \/>\n\t<meta name=\"twitter:data2\" content=\"1 minute\" \/>\n<script type=\"application\/ld+json\" class=\"yoast-schema-graph\">{\"@context\":\"https:\/\/schema.org\",\"@graph\":[{\"@type\":\"WebPage\",\"@id\":\"https:\/\/veritasinfo.org\/?p=9253\",\"url\":\"https:\/\/veritasinfo.org\/?p=9253\",\"name\":\"Fshihet murali i Mlladiqit n\u00eb Zve\u00e7an, kryetari Peci: Ishte iniciativ\u00eb e imja, jo e qeveris\u00eb -\",\"isPartOf\":{\"@id\":\"https:\/\/veritasinfo.org\/#website\"},\"primaryImageOfPage\":{\"@id\":\"https:\/\/veritasinfo.org\/?p=9253#primaryimage\"},\"image\":{\"@id\":\"https:\/\/veritasinfo.org\/?p=9253#primaryimage\"},\"thumbnailUrl\":\"https:\/\/veritasinfo.org\/wp-content\/uploads\/2025\/08\/8632991348_01e2ff2953_b.jpg\",\"datePublished\":\"2025-08-24T17:22:03+00:00\",\"author\":{\"@id\":\"https:\/\/veritasinfo.org\/#\/schema\/person\/7701f8c088bece422266b100a712374f\"},\"breadcrumb\":{\"@id\":\"https:\/\/veritasinfo.org\/?p=9253#breadcrumb\"},\"inLanguage\":\"en-US\",\"potentialAction\":[{\"@type\":\"ReadAction\",\"target\":[\"https:\/\/veritasinfo.org\/?p=9253\"]}]},{\"@type\":\"ImageObject\",\"inLanguage\":\"en-US\",\"@id\":\"https:\/\/veritasinfo.org\/?p=9253#primaryimage\",\"url\":\"https:\/\/veritasinfo.org\/wp-content\/uploads\/2025\/08\/8632991348_01e2ff2953_b.jpg\",\"contentUrl\":\"https:\/\/veritasinfo.org\/wp-content\/uploads\/2025\/08\/8632991348_01e2ff2953_b.jpg\",\"width\":1024,\"height\":768},{\"@type\":\"BreadcrumbList\",\"@id\":\"https:\/\/veritasinfo.org\/?p=9253#breadcrumb\",\"itemListElement\":[{\"@type\":\"ListItem\",\"position\":1,\"name\":\"Home\",\"item\":\"https:\/\/veritasinfo.org\/\"},{\"@type\":\"ListItem\",\"position\":2,\"name\":\"Fshihet murali i Mlladiqit n\u00eb Zve\u00e7an, kryetari Peci: Ishte iniciativ\u00eb e imja, jo e qeveris\u00eb\"}]},{\"@type\":\"WebSite\",\"@id\":\"https:\/\/veritasinfo.org\/#website\",\"url\":\"https:\/\/veritasinfo.org\/\",\"name\":\"\",\"description\":\"\",\"potentialAction\":[{\"@type\":\"SearchAction\",\"target\":{\"@type\":\"EntryPoint\",\"urlTemplate\":\"https:\/\/veritasinfo.org\/?s={search_term_string}\"},\"query-input\":{\"@type\":\"PropertyValueSpecification\",\"valueRequired\":true,\"valueName\":\"search_term_string\"}}],\"inLanguage\":\"en-US\"},{\"@type\":\"Person\",\"@id\":\"https:\/\/veritasinfo.org\/#\/schema\/person\/7701f8c088bece422266b100a712374f\",\"name\":\"admin\",\"image\":{\"@type\":\"ImageObject\",\"inLanguage\":\"en-US\",\"@id\":\"https:\/\/veritasinfo.org\/#\/schema\/person\/image\/\",\"url\":\"https:\/\/secure.gravatar.com\/avatar\/ea53aa3bf6c9a12d5fde8ce4deff43fef3885ae33cf60184161a50d6987cfd2f?s=96&d=mm&r=g\",\"contentUrl\":\"https:\/\/secure.gravatar.com\/avatar\/ea53aa3bf6c9a12d5fde8ce4deff43fef3885ae33cf60184161a50d6987cfd2f?s=96&d=mm&r=g\",\"caption\":\"admin\"},\"sameAs\":[\"https:\/\/veritasinfo.org\"],\"url\":\"https:\/\/veritasinfo.org\/?author=1\"}]}<\/script>\n<!-- \/ Yoast SEO plugin. -->","yoast_head_json":{"title":"Fshihet murali i Mlladiqit n\u00eb Zve\u00e7an, kryetari Peci: Ishte iniciativ\u00eb e imja, jo e qeveris\u00eb -","robots":{"index":"index","follow":"follow","max-snippet":"max-snippet:-1","max-image-preview":"max-image-preview:large","max-video-preview":"max-video-preview:-1"},"canonical":"https:\/\/veritasinfo.org\/?p=9253","og_locale":"en_US","og_type":"article","og_title":"Fshihet murali i Mlladiqit n\u00eb Zve\u00e7an, kryetari Peci: Ishte iniciativ\u00eb e imja, jo e qeveris\u00eb -","og_description":"Zve\u00e7an, 24 gusht 2025 Kryetari i Komun\u00ebs s\u00eb Zve\u00e7anit, Ilir Peci, ka konfirmuar se fshirja e muralit t\u00eb kryekriminelit Ratko Mlladiq \u00ebsht\u00eb realizuar me iniciativ\u00eb","og_url":"https:\/\/veritasinfo.org\/?p=9253","article_published_time":"2025-08-24T17:22:03+00:00","og_image":[{"width":1024,"height":768,"url":"https:\/\/veritasinfo.org\/wp-content\/uploads\/2025\/08\/8632991348_01e2ff2953_b.jpg","type":"image\/jpeg"}],"author":"admin","twitter_card":"summary_large_image","twitter_misc":{"Written by":"admin","Est. reading time":"1 minute"},"schema":{"@context":"https:\/\/schema.org","@graph":[{"@type":"WebPage","@id":"https:\/\/veritasinfo.org\/?p=9253","url":"https:\/\/veritasinfo.org\/?p=9253","name":"Fshihet murali i Mlladiqit n\u00eb Zve\u00e7an, kryetari Peci: Ishte iniciativ\u00eb e imja, jo e qeveris\u00eb -","isPartOf":{"@id":"https:\/\/veritasinfo.org\/#website"},"primaryImageOfPage":{"@id":"https:\/\/veritasinfo.org\/?p=9253#primaryimage"},"image":{"@id":"https:\/\/veritasinfo.org\/?p=9253#primaryimage"},"thumbnailUrl":"https:\/\/veritasinfo.org\/wp-content\/uploads\/2025\/08\/8632991348_01e2ff2953_b.jpg","datePublished":"2025-08-24T17:22:03+00:00","author":{"@id":"https:\/\/veritasinfo.org\/#\/schema\/person\/7701f8c088bece422266b100a712374f"},"breadcrumb":{"@id":"https:\/\/veritasinfo.org\/?p=9253#breadcrumb"},"inLanguage":"en-US","potentialAction":[{"@type":"ReadAction","target":["https:\/\/veritasinfo.org\/?p=9253"]}]},{"@type":"ImageObject","inLanguage":"en-US","@id":"https:\/\/veritasinfo.org\/?p=9253#primaryimage","url":"https:\/\/veritasinfo.org\/wp-content\/uploads\/2025\/08\/8632991348_01e2ff2953_b.jpg","contentUrl":"https:\/\/veritasinfo.org\/wp-content\/uploads\/2025\/08\/8632991348_01e2ff2953_b.jpg","width":1024,"height":768},{"@type":"BreadcrumbList","@id":"https:\/\/veritasinfo.org\/?p=9253#breadcrumb","itemListElement":[{"@type":"ListItem","position":1,"name":"Home","item":"https:\/\/veritasinfo.org\/"},{"@type":"ListItem","position":2,"name":"Fshihet murali i Mlladiqit n\u00eb Zve\u00e7an, kryetari Peci: Ishte iniciativ\u00eb e imja, jo e qeveris\u00eb"}]},{"@type":"WebSite","@id":"https:\/\/veritasinfo.org\/#website","url":"https:\/\/veritasinfo.org\/","name":"","description":"","potentialAction":[{"@type":"SearchAction","target":{"@type":"EntryPoint","urlTemplate":"https:\/\/veritasinfo.org\/?s={search_term_string}"},"query-input":{"@type":"PropertyValueSpecification","valueRequired":true,"valueName":"search_term_string"}}],"inLanguage":"en-US"},{"@type":"Person","@id":"https:\/\/veritasinfo.org\/#\/schema\/person\/7701f8c088bece422266b100a712374f","name":"admin","image":{"@type":"ImageObject","inLanguage":"en-US","@id":"https:\/\/veritasinfo.org\/#\/schema\/person\/image\/","url":"https:\/\/secure.gravatar.com\/avatar\/ea53aa3bf6c9a12d5fde8ce4deff43fef3885ae33cf60184161a50d6987cfd2f?s=96&d=mm&r=g","contentUrl":"https:\/\/secure.gravatar.com\/avatar\/ea53aa3bf6c9a12d5fde8ce4deff43fef3885ae33cf60184161a50d6987cfd2f?s=96&d=mm&r=g","caption":"admin"},"sameAs":["https:\/\/veritasinfo.org"],"url":"https:\/\/veritasinfo.org\/?author=1"}]}},"featured_image_urls":{"full":["https:\/\/veritasinfo.org\/wp-content\/uploads\/2025\/08\/8632991348_01e2ff2953_b.jpg",1024,768,false],"thumbnail":["https:\/\/veritasinfo.org\/wp-content\/uploads\/2025\/08\/8632991348_01e2ff2953_b-150x150.jpg",150,150,true],"medium":["https:\/\/veritasinfo.org\/wp-content\/uploads\/2025\/08\/8632991348_01e2ff2953_b-300x225.jpg",300,225,true],"medium_large":["https:\/\/veritasinfo.org\/wp-content\/uploads\/2025\/08\/8632991348_01e2ff2953_b-768x576.jpg",640,480,true],"large":["https:\/\/veritasinfo.org\/wp-content\/uploads\/2025\/08\/8632991348_01e2ff2953_b.jpg",640,480,false],"1536x1536":["https:\/\/veritasinfo.org\/wp-content\/uploads\/2025\/08\/8632991348_01e2ff2953_b.jpg",1024,768,false],"2048x2048":["https:\/\/veritasinfo.org\/wp-content\/uploads\/2025\/08\/8632991348_01e2ff2953_b.jpg",1024,768,false],"kreeti-slider-full":["https:\/\/veritasinfo.org\/wp-content\/uploads\/2025\/08\/8632991348_01e2ff2953_b.jpg",960,720,false],"kreeti-featured":["https:\/\/veritasinfo.org\/wp-content\/uploads\/2025\/08\/8632991348_01e2ff2953_b.jpg",1024,768,false],"kreeti-medium":["https:\/\/veritasinfo.org\/wp-content\/uploads\/2025\/08\/8632991348_01e2ff2953_b.jpg",707,530,false],"kreeti-medium-square":["https:\/\/veritasinfo.org\/wp-content\/uploads\/2025\/08\/8632991348_01e2ff2953_b.jpg",350,263,false]},"author_info":{"info":["admin"]},"category_info":"<a href=\"https:\/\/veritasinfo.org\/?cat=60\" rel=\"category\">Shoq\u00ebrore<\/a>","tag_info":"Shoq\u00ebrore","comment_count":"0","_links":{"self":[{"href":"https:\/\/veritasinfo.org\/index.php?rest_route=\/wp\/v2\/posts\/9253","targetHints":{"allow":["GET"]}}],"collection":[{"href":"https:\/\/veritasinfo.org\/index.php?rest_route=\/wp\/v2\/posts"}],"about":[{"href":"https:\/\/veritasinfo.org\/index.php?rest_route=\/wp\/v2\/types\/post"}],"author":[{"embeddable":true,"href":"https:\/\/veritasinfo.org\/index.php?rest_route=\/wp\/v2\/users\/1"}],"replies":[{"embeddable":true,"href":"https:\/\/veritasinfo.org\/index.php?rest_route=%2Fwp%2Fv2%2Fcomments&post=9253"}],"version-history":[{"count":1,"href":"https:\/\/veritasinfo.org\/index.php?rest_route=\/wp\/v2\/posts\/9253\/revisions"}],"predecessor-version":[{"id":9255,"href":"https:\/\/veritasinfo.org\/index.php?rest_route=\/wp\/v2\/posts\/9253\/revisions\/9255"}],"wp:featuredmedia":[{"embeddable":true,"href":"https:\/\/veritasinfo.org\/index.php?rest_route=\/wp\/v2\/media\/9254"}],"wp:attachment":[{"href":"https:\/\/veritasinfo.org\/index.php?rest_route=%2Fwp%2Fv2%2Fmedia&parent=9253"}],"wp:term":[{"taxonomy":"category","embeddable":true,"href":"https:\/\/veritasinfo.org\/index.php?rest_route=%2Fwp%2Fv2%2Fcategories&post=9253"},{"taxonomy":"post_tag","embeddable":true,"href":"https:\/\/veritasinfo.org\/index.php?rest_route=%2Fwp%2Fv2%2Ftags&post=9253"}],"curies":[{"name":"wp","href":"https:\/\/api.w.org\/{rel}","templated":true}]}}