{"id":9240,"date":"2025-08-24T17:07:47","date_gmt":"2025-08-24T15:07:47","guid":{"rendered":"https:\/\/veritasinfo.org\/?p=9240"},"modified":"2025-08-24T17:07:47","modified_gmt":"2025-08-24T15:07:47","slug":"kqz-pranon-vendimin-e-pzap-se-per-listen-serbe-palet-kane-te-drejte-ankese-ne-gjykaten-supreme","status":"publish","type":"post","link":"https:\/\/veritasinfo.org\/?p=9240","title":{"rendered":"KQZ pranon vendimin e PZAP-s\u00eb p\u00ebr List\u00ebn Serbe, pal\u00ebt kan\u00eb t\u00eb drejt\u00eb ankese n\u00eb Gjykat\u00ebn Supreme"},"content":{"rendered":"<p>24 gusht, 2025<\/p>\n<p>Komisioni Qendror i Zgjedhjeve (KQZ) ka njoftuar se ka pranuar vendimin e Panelit Zgjedhor p\u00ebr Ankesa dhe Parashtresa (PZAP) lidhur me \u00e7\u00ebshtjen e certifikimit t\u00eb List\u00ebs Serbe p\u00ebr zgjedhjet e 12 tetorit.<\/p>\n<p>Z\u00ebdh\u00ebn\u00ebsi i KQZ-s\u00eb, Valmir Elezi, konfirmoi se pal\u00ebt e p\u00ebrfshira kan\u00eb t\u00eb drejt\u00eb t\u00eb parashtrojn\u00eb ankes\u00eb n\u00eb Gjykat\u00ebn Supreme brenda 48 or\u00ebve.<\/p>\n<p>Ai shtoi se KQZ do t\u00eb pres\u00eb q\u00eb vendimi t\u00eb marr\u00eb form\u00ebn e prer\u00eb p\u00ebrpara se t\u00eb nd\u00ebrmerren veprime t\u00eb m\u00ebtejshme.<\/p>\n<p>\u201cMund t\u2019iu konfirmoj se Komisioni Qendror i Zgjedhjeve ka pranuar vendimin e PZAP-it. Ndaj k\u00ebtij vendimi, pal\u00ebt kan\u00eb t\u00eb drejt\u00eb ankese n\u00eb Gjykat\u00ebn Supreme brenda 48 or\u00ebve. KQZ do t\u00eb pres\u00eb q\u00eb vendimi t\u00eb marr\u00eb form\u00ebn e prer\u00eb\u201d, deklaroi Elezi.<\/p>\n<p>Ky zhvillim pason vendimin e PZAP-s\u00eb q\u00eb e obligon KQZ-n\u00eb t\u00eb certifikoj\u00eb List\u00ebn Serbe p\u00ebr pjes\u00ebmarrje n\u00eb zgjedhjet lokale t\u00eb tetorit.<\/p>\n","protected":false},"excerpt":{"rendered":"<p>24 gusht, 2025 Komisioni Qendror i Zgjedhjeve (KQZ) ka njoftuar se ka pranuar vendimin e Panelit Zgjedhor p\u00ebr Ankesa dhe Parashtresa (PZAP) lidhur me \u00e7\u00ebshtjen<\/p>\n","protected":false},"author":1,"featured_media":7419,"comment_status":"open","ping_status":"open","sticky":false,"template":"","format":"standard","meta":{"footnotes":""},"categories":[58],"tags":[],"class_list":["post-9240","post","type-post","status-publish","format-standard","has-post-thumbnail","hentry","category-politike-sq"],"yoast_head":"<!-- This site is optimized with the Yoast SEO plugin v25.3.1 - https:\/\/yoast.com\/wordpress\/plugins\/seo\/ -->\n<title>KQZ pranon vendimin e PZAP-s\u00eb p\u00ebr List\u00ebn Serbe, pal\u00ebt kan\u00eb t\u00eb drejt\u00eb ankese n\u00eb Gjykat\u00ebn Supreme -<\/title>\n<meta name=\"robots\" content=\"index, follow, max-snippet:-1, max-image-preview:large, max-video-preview:-1\" \/>\n<link rel=\"canonical\" href=\"https:\/\/veritasinfo.org\/?p=9240\" \/>\n<meta property=\"og:locale\" content=\"en_US\" \/>\n<meta property=\"og:type\" content=\"article\" \/>\n<meta property=\"og:title\" content=\"KQZ pranon vendimin e PZAP-s\u00eb p\u00ebr List\u00ebn Serbe, pal\u00ebt kan\u00eb t\u00eb drejt\u00eb ankese n\u00eb Gjykat\u00ebn Supreme -\" \/>\n<meta property=\"og:description\" content=\"24 gusht, 2025 Komisioni Qendror i Zgjedhjeve (KQZ) ka njoftuar se ka pranuar vendimin e Panelit Zgjedhor p\u00ebr Ankesa dhe Parashtresa (PZAP) lidhur me \u00e7\u00ebshtjen\" \/>\n<meta property=\"og:url\" content=\"https:\/\/veritasinfo.org\/?p=9240\" \/>\n<meta property=\"article:published_time\" content=\"2025-08-24T15:07:47+00:00\" \/>\n<meta property=\"og:image\" content=\"https:\/\/veritasinfo.org\/wp-content\/uploads\/2025\/08\/kqz.png\" \/>\n\t<meta property=\"og:image:width\" content=\"225\" \/>\n\t<meta property=\"og:image:height\" content=\"225\" \/>\n\t<meta property=\"og:image:type\" content=\"image\/png\" \/>\n<meta name=\"author\" content=\"admin\" \/>\n<meta name=\"twitter:card\" content=\"summary_large_image\" \/>\n<meta name=\"twitter:label1\" content=\"Written by\" \/>\n\t<meta name=\"twitter:data1\" content=\"admin\" \/>\n\t<meta name=\"twitter:label2\" content=\"Est. reading time\" \/>\n\t<meta name=\"twitter:data2\" content=\"1 minute\" \/>\n<script type=\"application\/ld+json\" class=\"yoast-schema-graph\">{\"@context\":\"https:\/\/schema.org\",\"@graph\":[{\"@type\":\"WebPage\",\"@id\":\"https:\/\/veritasinfo.org\/?p=9240\",\"url\":\"https:\/\/veritasinfo.org\/?p=9240\",\"name\":\"KQZ pranon vendimin e PZAP-s\u00eb p\u00ebr List\u00ebn Serbe, pal\u00ebt kan\u00eb t\u00eb drejt\u00eb ankese n\u00eb Gjykat\u00ebn Supreme -\",\"isPartOf\":{\"@id\":\"https:\/\/veritasinfo.org\/#website\"},\"primaryImageOfPage\":{\"@id\":\"https:\/\/veritasinfo.org\/?p=9240#primaryimage\"},\"image\":{\"@id\":\"https:\/\/veritasinfo.org\/?p=9240#primaryimage\"},\"thumbnailUrl\":\"https:\/\/veritasinfo.org\/wp-content\/uploads\/2025\/08\/kqz.png\",\"datePublished\":\"2025-08-24T15:07:47+00:00\",\"author\":{\"@id\":\"https:\/\/veritasinfo.org\/#\/schema\/person\/7701f8c088bece422266b100a712374f\"},\"breadcrumb\":{\"@id\":\"https:\/\/veritasinfo.org\/?p=9240#breadcrumb\"},\"inLanguage\":\"en-US\",\"potentialAction\":[{\"@type\":\"ReadAction\",\"target\":[\"https:\/\/veritasinfo.org\/?p=9240\"]}]},{\"@type\":\"ImageObject\",\"inLanguage\":\"en-US\",\"@id\":\"https:\/\/veritasinfo.org\/?p=9240#primaryimage\",\"url\":\"https:\/\/veritasinfo.org\/wp-content\/uploads\/2025\/08\/kqz.png\",\"contentUrl\":\"https:\/\/veritasinfo.org\/wp-content\/uploads\/2025\/08\/kqz.png\",\"width\":225,\"height\":225},{\"@type\":\"BreadcrumbList\",\"@id\":\"https:\/\/veritasinfo.org\/?p=9240#breadcrumb\",\"itemListElement\":[{\"@type\":\"ListItem\",\"position\":1,\"name\":\"Home\",\"item\":\"https:\/\/veritasinfo.org\/\"},{\"@type\":\"ListItem\",\"position\":2,\"name\":\"KQZ pranon vendimin e PZAP-s\u00eb p\u00ebr List\u00ebn Serbe, pal\u00ebt kan\u00eb t\u00eb drejt\u00eb ankese n\u00eb Gjykat\u00ebn Supreme\"}]},{\"@type\":\"WebSite\",\"@id\":\"https:\/\/veritasinfo.org\/#website\",\"url\":\"https:\/\/veritasinfo.org\/\",\"name\":\"\",\"description\":\"\",\"potentialAction\":[{\"@type\":\"SearchAction\",\"target\":{\"@type\":\"EntryPoint\",\"urlTemplate\":\"https:\/\/veritasinfo.org\/?s={search_term_string}\"},\"query-input\":{\"@type\":\"PropertyValueSpecification\",\"valueRequired\":true,\"valueName\":\"search_term_string\"}}],\"inLanguage\":\"en-US\"},{\"@type\":\"Person\",\"@id\":\"https:\/\/veritasinfo.org\/#\/schema\/person\/7701f8c088bece422266b100a712374f\",\"name\":\"admin\",\"image\":{\"@type\":\"ImageObject\",\"inLanguage\":\"en-US\",\"@id\":\"https:\/\/veritasinfo.org\/#\/schema\/person\/image\/\",\"url\":\"https:\/\/secure.gravatar.com\/avatar\/ea53aa3bf6c9a12d5fde8ce4deff43fef3885ae33cf60184161a50d6987cfd2f?s=96&d=mm&r=g\",\"contentUrl\":\"https:\/\/secure.gravatar.com\/avatar\/ea53aa3bf6c9a12d5fde8ce4deff43fef3885ae33cf60184161a50d6987cfd2f?s=96&d=mm&r=g\",\"caption\":\"admin\"},\"sameAs\":[\"https:\/\/veritasinfo.org\"],\"url\":\"https:\/\/veritasinfo.org\/?author=1\"}]}<\/script>\n<!-- \/ Yoast SEO plugin. -->","yoast_head_json":{"title":"KQZ pranon vendimin e PZAP-s\u00eb p\u00ebr List\u00ebn Serbe, pal\u00ebt kan\u00eb t\u00eb drejt\u00eb ankese n\u00eb Gjykat\u00ebn Supreme -","robots":{"index":"index","follow":"follow","max-snippet":"max-snippet:-1","max-image-preview":"max-image-preview:large","max-video-preview":"max-video-preview:-1"},"canonical":"https:\/\/veritasinfo.org\/?p=9240","og_locale":"en_US","og_type":"article","og_title":"KQZ pranon vendimin e PZAP-s\u00eb p\u00ebr List\u00ebn Serbe, pal\u00ebt kan\u00eb t\u00eb drejt\u00eb ankese n\u00eb Gjykat\u00ebn Supreme -","og_description":"24 gusht, 2025 Komisioni Qendror i Zgjedhjeve (KQZ) ka njoftuar se ka pranuar vendimin e Panelit Zgjedhor p\u00ebr Ankesa dhe Parashtresa (PZAP) lidhur me \u00e7\u00ebshtjen","og_url":"https:\/\/veritasinfo.org\/?p=9240","article_published_time":"2025-08-24T15:07:47+00:00","og_image":[{"width":225,"height":225,"url":"https:\/\/veritasinfo.org\/wp-content\/uploads\/2025\/08\/kqz.png","type":"image\/png"}],"author":"admin","twitter_card":"summary_large_image","twitter_misc":{"Written by":"admin","Est. reading time":"1 minute"},"schema":{"@context":"https:\/\/schema.org","@graph":[{"@type":"WebPage","@id":"https:\/\/veritasinfo.org\/?p=9240","url":"https:\/\/veritasinfo.org\/?p=9240","name":"KQZ pranon vendimin e PZAP-s\u00eb p\u00ebr List\u00ebn Serbe, pal\u00ebt kan\u00eb t\u00eb drejt\u00eb ankese n\u00eb Gjykat\u00ebn Supreme -","isPartOf":{"@id":"https:\/\/veritasinfo.org\/#website"},"primaryImageOfPage":{"@id":"https:\/\/veritasinfo.org\/?p=9240#primaryimage"},"image":{"@id":"https:\/\/veritasinfo.org\/?p=9240#primaryimage"},"thumbnailUrl":"https:\/\/veritasinfo.org\/wp-content\/uploads\/2025\/08\/kqz.png","datePublished":"2025-08-24T15:07:47+00:00","author":{"@id":"https:\/\/veritasinfo.org\/#\/schema\/person\/7701f8c088bece422266b100a712374f"},"breadcrumb":{"@id":"https:\/\/veritasinfo.org\/?p=9240#breadcrumb"},"inLanguage":"en-US","potentialAction":[{"@type":"ReadAction","target":["https:\/\/veritasinfo.org\/?p=9240"]}]},{"@type":"ImageObject","inLanguage":"en-US","@id":"https:\/\/veritasinfo.org\/?p=9240#primaryimage","url":"https:\/\/veritasinfo.org\/wp-content\/uploads\/2025\/08\/kqz.png","contentUrl":"https:\/\/veritasinfo.org\/wp-content\/uploads\/2025\/08\/kqz.png","width":225,"height":225},{"@type":"BreadcrumbList","@id":"https:\/\/veritasinfo.org\/?p=9240#breadcrumb","itemListElement":[{"@type":"ListItem","position":1,"name":"Home","item":"https:\/\/veritasinfo.org\/"},{"@type":"ListItem","position":2,"name":"KQZ pranon vendimin e PZAP-s\u00eb p\u00ebr List\u00ebn Serbe, pal\u00ebt kan\u00eb t\u00eb drejt\u00eb ankese n\u00eb Gjykat\u00ebn Supreme"}]},{"@type":"WebSite","@id":"https:\/\/veritasinfo.org\/#website","url":"https:\/\/veritasinfo.org\/","name":"","description":"","potentialAction":[{"@type":"SearchAction","target":{"@type":"EntryPoint","urlTemplate":"https:\/\/veritasinfo.org\/?s={search_term_string}"},"query-input":{"@type":"PropertyValueSpecification","valueRequired":true,"valueName":"search_term_string"}}],"inLanguage":"en-US"},{"@type":"Person","@id":"https:\/\/veritasinfo.org\/#\/schema\/person\/7701f8c088bece422266b100a712374f","name":"admin","image":{"@type":"ImageObject","inLanguage":"en-US","@id":"https:\/\/veritasinfo.org\/#\/schema\/person\/image\/","url":"https:\/\/secure.gravatar.com\/avatar\/ea53aa3bf6c9a12d5fde8ce4deff43fef3885ae33cf60184161a50d6987cfd2f?s=96&d=mm&r=g","contentUrl":"https:\/\/secure.gravatar.com\/avatar\/ea53aa3bf6c9a12d5fde8ce4deff43fef3885ae33cf60184161a50d6987cfd2f?s=96&d=mm&r=g","caption":"admin"},"sameAs":["https:\/\/veritasinfo.org"],"url":"https:\/\/veritasinfo.org\/?author=1"}]}},"featured_image_urls":{"full":["https:\/\/veritasinfo.org\/wp-content\/uploads\/2025\/08\/kqz.png",225,225,false],"thumbnail":["https:\/\/veritasinfo.org\/wp-content\/uploads\/2025\/08\/kqz-150x150.png",150,150,true],"medium":["https:\/\/veritasinfo.org\/wp-content\/uploads\/2025\/08\/kqz.png",225,225,false],"medium_large":["https:\/\/veritasinfo.org\/wp-content\/uploads\/2025\/08\/kqz.png",225,225,false],"large":["https:\/\/veritasinfo.org\/wp-content\/uploads\/2025\/08\/kqz.png",225,225,false],"1536x1536":["https:\/\/veritasinfo.org\/wp-content\/uploads\/2025\/08\/kqz.png",225,225,false],"2048x2048":["https:\/\/veritasinfo.org\/wp-content\/uploads\/2025\/08\/kqz.png",225,225,false],"kreeti-slider-full":["https:\/\/veritasinfo.org\/wp-content\/uploads\/2025\/08\/kqz.png",225,225,false],"kreeti-featured":["https:\/\/veritasinfo.org\/wp-content\/uploads\/2025\/08\/kqz.png",225,225,false],"kreeti-medium":["https:\/\/veritasinfo.org\/wp-content\/uploads\/2025\/08\/kqz.png",225,225,false],"kreeti-medium-square":["https:\/\/veritasinfo.org\/wp-content\/uploads\/2025\/08\/kqz.png",225,225,false]},"author_info":{"info":["admin"]},"category_info":"<a href=\"https:\/\/veritasinfo.org\/?cat=58\" rel=\"category\">Politik\u00eb<\/a>","tag_info":"Politik\u00eb","comment_count":"0","_links":{"self":[{"href":"https:\/\/veritasinfo.org\/index.php?rest_route=\/wp\/v2\/posts\/9240","targetHints":{"allow":["GET"]}}],"collection":[{"href":"https:\/\/veritasinfo.org\/index.php?rest_route=\/wp\/v2\/posts"}],"about":[{"href":"https:\/\/veritasinfo.org\/index.php?rest_route=\/wp\/v2\/types\/post"}],"author":[{"embeddable":true,"href":"https:\/\/veritasinfo.org\/index.php?rest_route=\/wp\/v2\/users\/1"}],"replies":[{"embeddable":true,"href":"https:\/\/veritasinfo.org\/index.php?rest_route=%2Fwp%2Fv2%2Fcomments&post=9240"}],"version-history":[{"count":1,"href":"https:\/\/veritasinfo.org\/index.php?rest_route=\/wp\/v2\/posts\/9240\/revisions"}],"predecessor-version":[{"id":9242,"href":"https:\/\/veritasinfo.org\/index.php?rest_route=\/wp\/v2\/posts\/9240\/revisions\/9242"}],"wp:featuredmedia":[{"embeddable":true,"href":"https:\/\/veritasinfo.org\/index.php?rest_route=\/wp\/v2\/media\/7419"}],"wp:attachment":[{"href":"https:\/\/veritasinfo.org\/index.php?rest_route=%2Fwp%2Fv2%2Fmedia&parent=9240"}],"wp:term":[{"taxonomy":"category","embeddable":true,"href":"https:\/\/veritasinfo.org\/index.php?rest_route=%2Fwp%2Fv2%2Fcategories&post=9240"},{"taxonomy":"post_tag","embeddable":true,"href":"https:\/\/veritasinfo.org\/index.php?rest_route=%2Fwp%2Fv2%2Ftags&post=9240"}],"curies":[{"name":"wp","href":"https:\/\/api.w.org\/{rel}","templated":true}]}}