{"id":9238,"date":"2025-08-24T17:06:57","date_gmt":"2025-08-24T15:06:57","guid":{"rendered":"https:\/\/veritasinfo.org\/?p=9238"},"modified":"2025-08-24T17:06:57","modified_gmt":"2025-08-24T15:06:57","slug":"osmani-uron-ukrainen-per-diten-e-pavaresise-kosova-qendron-fuqishem-perkrah-jush","status":"publish","type":"post","link":"https:\/\/veritasinfo.org\/?p=9238","title":{"rendered":"Osmani uron Ukrain\u00ebn p\u00ebr Dit\u00ebn e Pavar\u00ebsis\u00eb: Kosova q\u00ebndron fuqish\u00ebm p\u00ebrkrah jush"},"content":{"rendered":"<p>Prishtin\u00eb, 24 Gusht 2025<\/p>\n<p>Me rastin e Dit\u00ebs s\u00eb Pavar\u00ebsis\u00eb s\u00eb Ukrain\u00ebs, Presidentja e Kosov\u00ebs, Vjosa Osmani, ka shprehur urimet e saj t\u00eb p\u00ebrzem\u00ebrta p\u00ebr Presidentin Volodymyr Zelenskyy dhe popullin trim ukrainas.<\/p>\n<p>\u201cN\u00eb k\u00ebt\u00eb dit\u00eb t\u00eb r\u00ebnd\u00ebsishme, Kosova q\u00ebndron fuqish\u00ebm me Ukrain\u00ebn n\u00eb luft\u00ebn heroike p\u00ebr liri,\u201d shkroi Osmani n\u00eb platform\u00ebn X.<\/p>\n<p>Ajo theksoi p\u00ebrkushtimin e Kosov\u00ebs p\u00ebr t\u00eb forcuar miq\u00ebsin\u00eb me Ukrain\u00ebn dhe p\u00ebr t\u00eb mb\u00ebshtetur rrug\u00ebtimin e saj drejt rim\u00ebk\u00ebmbjes, drejt\u00ebsis\u00eb dhe paqes s\u00eb q\u00ebndrueshme.<\/p>\n","protected":false},"excerpt":{"rendered":"<p>Prishtin\u00eb, 24 Gusht 2025 Me rastin e Dit\u00ebs s\u00eb Pavar\u00ebsis\u00eb s\u00eb Ukrain\u00ebs, Presidentja e Kosov\u00ebs, Vjosa Osmani, ka shprehur urimet e saj t\u00eb p\u00ebrzem\u00ebrta p\u00ebr<\/p>\n","protected":false},"author":1,"featured_media":9239,"comment_status":"open","ping_status":"open","sticky":false,"template":"","format":"standard","meta":{"footnotes":""},"categories":[58],"tags":[],"class_list":["post-9238","post","type-post","status-publish","format-standard","has-post-thumbnail","hentry","category-politike-sq"],"yoast_head":"<!-- This site is optimized with the Yoast SEO plugin v25.3.1 - https:\/\/yoast.com\/wordpress\/plugins\/seo\/ -->\n<title>Osmani uron Ukrain\u00ebn p\u00ebr Dit\u00ebn e Pavar\u00ebsis\u00eb: Kosova q\u00ebndron fuqish\u00ebm p\u00ebrkrah jush -<\/title>\n<meta name=\"robots\" content=\"index, follow, max-snippet:-1, max-image-preview:large, max-video-preview:-1\" \/>\n<link rel=\"canonical\" href=\"https:\/\/veritasinfo.org\/?p=9238\" \/>\n<meta property=\"og:locale\" content=\"en_US\" \/>\n<meta property=\"og:type\" content=\"article\" \/>\n<meta property=\"og:title\" content=\"Osmani uron Ukrain\u00ebn p\u00ebr Dit\u00ebn e Pavar\u00ebsis\u00eb: Kosova q\u00ebndron fuqish\u00ebm p\u00ebrkrah jush -\" \/>\n<meta property=\"og:description\" content=\"Prishtin\u00eb, 24 Gusht 2025 Me rastin e Dit\u00ebs s\u00eb Pavar\u00ebsis\u00eb s\u00eb Ukrain\u00ebs, Presidentja e Kosov\u00ebs, Vjosa Osmani, ka shprehur urimet e saj t\u00eb p\u00ebrzem\u00ebrta p\u00ebr\" \/>\n<meta property=\"og:url\" content=\"https:\/\/veritasinfo.org\/?p=9238\" \/>\n<meta property=\"article:published_time\" content=\"2025-08-24T15:06:57+00:00\" \/>\n<meta property=\"og:image\" content=\"https:\/\/veritasinfo.org\/wp-content\/uploads\/2025\/08\/IMG_2733.jpeg\" \/>\n\t<meta property=\"og:image:width\" content=\"2000\" \/>\n\t<meta property=\"og:image:height\" content=\"2000\" \/>\n\t<meta property=\"og:image:type\" content=\"image\/jpeg\" \/>\n<meta name=\"author\" content=\"admin\" \/>\n<meta name=\"twitter:card\" content=\"summary_large_image\" \/>\n<meta name=\"twitter:label1\" content=\"Written by\" \/>\n\t<meta name=\"twitter:data1\" content=\"admin\" \/>\n\t<meta name=\"twitter:label2\" content=\"Est. reading time\" \/>\n\t<meta name=\"twitter:data2\" content=\"1 minute\" \/>\n<script type=\"application\/ld+json\" class=\"yoast-schema-graph\">{\"@context\":\"https:\/\/schema.org\",\"@graph\":[{\"@type\":\"WebPage\",\"@id\":\"https:\/\/veritasinfo.org\/?p=9238\",\"url\":\"https:\/\/veritasinfo.org\/?p=9238\",\"name\":\"Osmani uron Ukrain\u00ebn p\u00ebr Dit\u00ebn e Pavar\u00ebsis\u00eb: Kosova q\u00ebndron fuqish\u00ebm p\u00ebrkrah jush -\",\"isPartOf\":{\"@id\":\"https:\/\/veritasinfo.org\/#website\"},\"primaryImageOfPage\":{\"@id\":\"https:\/\/veritasinfo.org\/?p=9238#primaryimage\"},\"image\":{\"@id\":\"https:\/\/veritasinfo.org\/?p=9238#primaryimage\"},\"thumbnailUrl\":\"https:\/\/veritasinfo.org\/wp-content\/uploads\/2025\/08\/IMG_2733.jpeg\",\"datePublished\":\"2025-08-24T15:06:57+00:00\",\"author\":{\"@id\":\"https:\/\/veritasinfo.org\/#\/schema\/person\/7701f8c088bece422266b100a712374f\"},\"breadcrumb\":{\"@id\":\"https:\/\/veritasinfo.org\/?p=9238#breadcrumb\"},\"inLanguage\":\"en-US\",\"potentialAction\":[{\"@type\":\"ReadAction\",\"target\":[\"https:\/\/veritasinfo.org\/?p=9238\"]}]},{\"@type\":\"ImageObject\",\"inLanguage\":\"en-US\",\"@id\":\"https:\/\/veritasinfo.org\/?p=9238#primaryimage\",\"url\":\"https:\/\/veritasinfo.org\/wp-content\/uploads\/2025\/08\/IMG_2733.jpeg\",\"contentUrl\":\"https:\/\/veritasinfo.org\/wp-content\/uploads\/2025\/08\/IMG_2733.jpeg\",\"width\":2000,\"height\":2000},{\"@type\":\"BreadcrumbList\",\"@id\":\"https:\/\/veritasinfo.org\/?p=9238#breadcrumb\",\"itemListElement\":[{\"@type\":\"ListItem\",\"position\":1,\"name\":\"Home\",\"item\":\"https:\/\/veritasinfo.org\/\"},{\"@type\":\"ListItem\",\"position\":2,\"name\":\"Osmani uron Ukrain\u00ebn p\u00ebr Dit\u00ebn e Pavar\u00ebsis\u00eb: Kosova q\u00ebndron fuqish\u00ebm p\u00ebrkrah jush\"}]},{\"@type\":\"WebSite\",\"@id\":\"https:\/\/veritasinfo.org\/#website\",\"url\":\"https:\/\/veritasinfo.org\/\",\"name\":\"\",\"description\":\"\",\"potentialAction\":[{\"@type\":\"SearchAction\",\"target\":{\"@type\":\"EntryPoint\",\"urlTemplate\":\"https:\/\/veritasinfo.org\/?s={search_term_string}\"},\"query-input\":{\"@type\":\"PropertyValueSpecification\",\"valueRequired\":true,\"valueName\":\"search_term_string\"}}],\"inLanguage\":\"en-US\"},{\"@type\":\"Person\",\"@id\":\"https:\/\/veritasinfo.org\/#\/schema\/person\/7701f8c088bece422266b100a712374f\",\"name\":\"admin\",\"image\":{\"@type\":\"ImageObject\",\"inLanguage\":\"en-US\",\"@id\":\"https:\/\/veritasinfo.org\/#\/schema\/person\/image\/\",\"url\":\"https:\/\/secure.gravatar.com\/avatar\/ea53aa3bf6c9a12d5fde8ce4deff43fef3885ae33cf60184161a50d6987cfd2f?s=96&d=mm&r=g\",\"contentUrl\":\"https:\/\/secure.gravatar.com\/avatar\/ea53aa3bf6c9a12d5fde8ce4deff43fef3885ae33cf60184161a50d6987cfd2f?s=96&d=mm&r=g\",\"caption\":\"admin\"},\"sameAs\":[\"https:\/\/veritasinfo.org\"],\"url\":\"https:\/\/veritasinfo.org\/?author=1\"}]}<\/script>\n<!-- \/ Yoast SEO plugin. -->","yoast_head_json":{"title":"Osmani uron Ukrain\u00ebn p\u00ebr Dit\u00ebn e Pavar\u00ebsis\u00eb: Kosova q\u00ebndron fuqish\u00ebm p\u00ebrkrah jush -","robots":{"index":"index","follow":"follow","max-snippet":"max-snippet:-1","max-image-preview":"max-image-preview:large","max-video-preview":"max-video-preview:-1"},"canonical":"https:\/\/veritasinfo.org\/?p=9238","og_locale":"en_US","og_type":"article","og_title":"Osmani uron Ukrain\u00ebn p\u00ebr Dit\u00ebn e Pavar\u00ebsis\u00eb: Kosova q\u00ebndron fuqish\u00ebm p\u00ebrkrah jush -","og_description":"Prishtin\u00eb, 24 Gusht 2025 Me rastin e Dit\u00ebs s\u00eb Pavar\u00ebsis\u00eb s\u00eb Ukrain\u00ebs, Presidentja e Kosov\u00ebs, Vjosa Osmani, ka shprehur urimet e saj t\u00eb p\u00ebrzem\u00ebrta p\u00ebr","og_url":"https:\/\/veritasinfo.org\/?p=9238","article_published_time":"2025-08-24T15:06:57+00:00","og_image":[{"width":2000,"height":2000,"url":"https:\/\/veritasinfo.org\/wp-content\/uploads\/2025\/08\/IMG_2733.jpeg","type":"image\/jpeg"}],"author":"admin","twitter_card":"summary_large_image","twitter_misc":{"Written by":"admin","Est. reading time":"1 minute"},"schema":{"@context":"https:\/\/schema.org","@graph":[{"@type":"WebPage","@id":"https:\/\/veritasinfo.org\/?p=9238","url":"https:\/\/veritasinfo.org\/?p=9238","name":"Osmani uron Ukrain\u00ebn p\u00ebr Dit\u00ebn e Pavar\u00ebsis\u00eb: Kosova q\u00ebndron fuqish\u00ebm p\u00ebrkrah jush -","isPartOf":{"@id":"https:\/\/veritasinfo.org\/#website"},"primaryImageOfPage":{"@id":"https:\/\/veritasinfo.org\/?p=9238#primaryimage"},"image":{"@id":"https:\/\/veritasinfo.org\/?p=9238#primaryimage"},"thumbnailUrl":"https:\/\/veritasinfo.org\/wp-content\/uploads\/2025\/08\/IMG_2733.jpeg","datePublished":"2025-08-24T15:06:57+00:00","author":{"@id":"https:\/\/veritasinfo.org\/#\/schema\/person\/7701f8c088bece422266b100a712374f"},"breadcrumb":{"@id":"https:\/\/veritasinfo.org\/?p=9238#breadcrumb"},"inLanguage":"en-US","potentialAction":[{"@type":"ReadAction","target":["https:\/\/veritasinfo.org\/?p=9238"]}]},{"@type":"ImageObject","inLanguage":"en-US","@id":"https:\/\/veritasinfo.org\/?p=9238#primaryimage","url":"https:\/\/veritasinfo.org\/wp-content\/uploads\/2025\/08\/IMG_2733.jpeg","contentUrl":"https:\/\/veritasinfo.org\/wp-content\/uploads\/2025\/08\/IMG_2733.jpeg","width":2000,"height":2000},{"@type":"BreadcrumbList","@id":"https:\/\/veritasinfo.org\/?p=9238#breadcrumb","itemListElement":[{"@type":"ListItem","position":1,"name":"Home","item":"https:\/\/veritasinfo.org\/"},{"@type":"ListItem","position":2,"name":"Osmani uron Ukrain\u00ebn p\u00ebr Dit\u00ebn e Pavar\u00ebsis\u00eb: Kosova q\u00ebndron fuqish\u00ebm p\u00ebrkrah jush"}]},{"@type":"WebSite","@id":"https:\/\/veritasinfo.org\/#website","url":"https:\/\/veritasinfo.org\/","name":"","description":"","potentialAction":[{"@type":"SearchAction","target":{"@type":"EntryPoint","urlTemplate":"https:\/\/veritasinfo.org\/?s={search_term_string}"},"query-input":{"@type":"PropertyValueSpecification","valueRequired":true,"valueName":"search_term_string"}}],"inLanguage":"en-US"},{"@type":"Person","@id":"https:\/\/veritasinfo.org\/#\/schema\/person\/7701f8c088bece422266b100a712374f","name":"admin","image":{"@type":"ImageObject","inLanguage":"en-US","@id":"https:\/\/veritasinfo.org\/#\/schema\/person\/image\/","url":"https:\/\/secure.gravatar.com\/avatar\/ea53aa3bf6c9a12d5fde8ce4deff43fef3885ae33cf60184161a50d6987cfd2f?s=96&d=mm&r=g","contentUrl":"https:\/\/secure.gravatar.com\/avatar\/ea53aa3bf6c9a12d5fde8ce4deff43fef3885ae33cf60184161a50d6987cfd2f?s=96&d=mm&r=g","caption":"admin"},"sameAs":["https:\/\/veritasinfo.org"],"url":"https:\/\/veritasinfo.org\/?author=1"}]}},"featured_image_urls":{"full":["https:\/\/veritasinfo.org\/wp-content\/uploads\/2025\/08\/IMG_2733.jpeg",2000,2000,false],"thumbnail":["https:\/\/veritasinfo.org\/wp-content\/uploads\/2025\/08\/IMG_2733-150x150.jpeg",150,150,true],"medium":["https:\/\/veritasinfo.org\/wp-content\/uploads\/2025\/08\/IMG_2733-300x300.jpeg",300,300,true],"medium_large":["https:\/\/veritasinfo.org\/wp-content\/uploads\/2025\/08\/IMG_2733-768x768.jpeg",640,640,true],"large":["https:\/\/veritasinfo.org\/wp-content\/uploads\/2025\/08\/IMG_2733-1024x1024.jpeg",640,640,true],"1536x1536":["https:\/\/veritasinfo.org\/wp-content\/uploads\/2025\/08\/IMG_2733-1536x1536.jpeg",1536,1536,true],"2048x2048":["https:\/\/veritasinfo.org\/wp-content\/uploads\/2025\/08\/IMG_2733.jpeg",2000,2000,false],"kreeti-slider-full":["https:\/\/veritasinfo.org\/wp-content\/uploads\/2025\/08\/IMG_2733.jpeg",720,720,false],"kreeti-featured":["https:\/\/veritasinfo.org\/wp-content\/uploads\/2025\/08\/IMG_2733.jpeg",1024,1024,false],"kreeti-medium":["https:\/\/veritasinfo.org\/wp-content\/uploads\/2025\/08\/IMG_2733.jpeg",530,530,false],"kreeti-medium-square":["https:\/\/veritasinfo.org\/wp-content\/uploads\/2025\/08\/IMG_2733.jpeg",350,350,false]},"author_info":{"info":["admin"]},"category_info":"<a href=\"https:\/\/veritasinfo.org\/?cat=58\" rel=\"category\">Politik\u00eb<\/a>","tag_info":"Politik\u00eb","comment_count":"0","_links":{"self":[{"href":"https:\/\/veritasinfo.org\/index.php?rest_route=\/wp\/v2\/posts\/9238","targetHints":{"allow":["GET"]}}],"collection":[{"href":"https:\/\/veritasinfo.org\/index.php?rest_route=\/wp\/v2\/posts"}],"about":[{"href":"https:\/\/veritasinfo.org\/index.php?rest_route=\/wp\/v2\/types\/post"}],"author":[{"embeddable":true,"href":"https:\/\/veritasinfo.org\/index.php?rest_route=\/wp\/v2\/users\/1"}],"replies":[{"embeddable":true,"href":"https:\/\/veritasinfo.org\/index.php?rest_route=%2Fwp%2Fv2%2Fcomments&post=9238"}],"version-history":[{"count":1,"href":"https:\/\/veritasinfo.org\/index.php?rest_route=\/wp\/v2\/posts\/9238\/revisions"}],"predecessor-version":[{"id":9241,"href":"https:\/\/veritasinfo.org\/index.php?rest_route=\/wp\/v2\/posts\/9238\/revisions\/9241"}],"wp:featuredmedia":[{"embeddable":true,"href":"https:\/\/veritasinfo.org\/index.php?rest_route=\/wp\/v2\/media\/9239"}],"wp:attachment":[{"href":"https:\/\/veritasinfo.org\/index.php?rest_route=%2Fwp%2Fv2%2Fmedia&parent=9238"}],"wp:term":[{"taxonomy":"category","embeddable":true,"href":"https:\/\/veritasinfo.org\/index.php?rest_route=%2Fwp%2Fv2%2Fcategories&post=9238"},{"taxonomy":"post_tag","embeddable":true,"href":"https:\/\/veritasinfo.org\/index.php?rest_route=%2Fwp%2Fv2%2Ftags&post=9238"}],"curies":[{"name":"wp","href":"https:\/\/api.w.org\/{rel}","templated":true}]}}