{"id":9213,"date":"2025-08-24T09:59:51","date_gmt":"2025-08-24T07:59:51","guid":{"rendered":"https:\/\/veritasinfo.org\/?p=9213"},"modified":"2025-08-24T09:59:51","modified_gmt":"2025-08-24T07:59:51","slug":"konak-mira-u-prizrenu-okupio-mlade-albance-srbe-palestince-izraelce-i-amerikance","status":"publish","type":"post","link":"https:\/\/veritasinfo.org\/?p=9213&lang=sr","title":{"rendered":"Konak mira u Prizrenu okupio mlade Albance, Srbe, Palestince, Izraelce i Amerikance"},"content":{"rendered":"<p data-start=\"1712\" data-end=\"1799\"><strong data-start=\"1712\" data-end=\"1799\">24 avgust, 2025<\/strong><\/p>\n<p data-start=\"1801\" data-end=\"2063\">Pod nebom Prizrena, 41 mladih iz razli\u010ditih zemalja \u2013 Albanaca, Srba, Palestinaca, Izraelaca i Amerikanaca \u2013 provelo je sedam no\u0107i zajedno u kampu posve\u0107enom dijalogu i izgradnji mira, koji je organizovala Kosovska organizacija za talenat i obrazovanje (TOKA).<\/p>\n<p data-start=\"2065\" data-end=\"2451\">U\u010desnici su delili svoja iskustva, izazove i razgovarali o osetljivim temama, uklju\u010duju\u0107i sukobe na Bliskom istoku. Za sedamnaestogodi\u0161njeg Palestinca Mohameda \u0160iblija, koji \u017eivi u Jerusalimu, kamp je pokazao druga\u010diju stvarnost od one koju \u010desto prenose mediji: \u201eMediji ka\u017eu da Srbi i Albanci ne razgovaraju, ali ja sam video da oni ne samo da razgovaraju, ve\u0107 postaju i prijatelji\u201c.<\/p>\n<p data-start=\"2453\" data-end=\"2682\">Petnaestogodi\u0161nji Izraelac D\u017eonatan Holcer Zelenko istakao je zna\u010daj novih prijateljstava: \u201eNau\u010dio sam mnogo o razli\u010ditim kulturama i bolje razumeo \u017eivot ljudi na Kosovu, u Izraelu i SAD. Ovo je bilo jedno izvanredno iskustvo\u201c.<\/p>\n<p data-start=\"2684\" data-end=\"2927\">Direktorka TOKA-e, Hatid\u017ee Zeka, navela je da su, uprkos te\u0161ko\u0107ama i ratu koji je izbio u Izraelu neposredno pre po\u010detka kampa, u\u010desnici uspeli da doputuju i realizuju projekat. \u201eNije bilo slo\u017eenijeg i ujedinjenijeg grupe\u201c, naglasila je ona.<\/p>\n<p data-start=\"2929\" data-end=\"3139\">Kampisti su posetili i Rugovu, gde su se oku\u0161ali na stazi penjanja \u201eVia Ferrata\u201c, a na kraju su u Pri\u0161tini organizovali diplomatske debate na teme poput pro\u0161irenja EU, trgovinskih ratova i Iranske revolucije.<\/p>\n<p data-start=\"3141\" data-end=\"3374\">Prema re\u010dima nastavnika i osniva\u010da organizacije \u201eDebate for Peace\u201c, Stivena Aijela, kamp je postigao \u201emalo \u010dudo\u201c, pokazuju\u0107i da dijalog i me\u0111usobno po\u0161tovanje mogu da budu mostovi koji povezuju mlade ljude iz razli\u010ditih stvarnosti.<\/p>\n","protected":false},"excerpt":{"rendered":"<p>24 avgust, 2025 Pod nebom Prizrena, 41 mladih iz razli\u010ditih zemalja \u2013 Albanaca, Srba, Palestinaca, Izraelaca i Amerikanaca \u2013 provelo je sedam no\u0107i zajedno u<\/p>\n","protected":false},"author":1,"featured_media":9211,"comment_status":"open","ping_status":"open","sticky":false,"template":"","format":"standard","meta":{"footnotes":""},"categories":[34],"tags":[],"class_list":["post-9213","post","type-post","status-publish","format-standard","has-post-thumbnail","hentry","category-kultura"],"yoast_head":"<!-- This site is optimized with the Yoast SEO plugin v25.3.1 - https:\/\/yoast.com\/wordpress\/plugins\/seo\/ -->\n<title>Konak mira u Prizrenu okupio mlade Albance, Srbe, Palestince, Izraelce i Amerikance -<\/title>\n<meta name=\"robots\" content=\"index, follow, max-snippet:-1, max-image-preview:large, max-video-preview:-1\" \/>\n<link rel=\"canonical\" href=\"https:\/\/veritasinfo.org\/?p=9213&lang=sr\" \/>\n<meta property=\"og:locale\" content=\"en_US\" \/>\n<meta property=\"og:type\" content=\"article\" \/>\n<meta property=\"og:title\" content=\"Konak mira u Prizrenu okupio mlade Albance, Srbe, Palestince, Izraelce i Amerikance -\" \/>\n<meta property=\"og:description\" content=\"24 avgust, 2025 Pod nebom Prizrena, 41 mladih iz razli\u010ditih zemalja \u2013 Albanaca, Srba, Palestinaca, Izraelaca i Amerikanaca \u2013 provelo je sedam no\u0107i zajedno u\" \/>\n<meta property=\"og:url\" content=\"https:\/\/veritasinfo.org\/?p=9213&amp;lang=sr\" \/>\n<meta property=\"article:published_time\" content=\"2025-08-24T07:59:51+00:00\" \/>\n<meta property=\"og:image\" content=\"https:\/\/veritasinfo.org\/wp-content\/uploads\/2025\/08\/528741604_1062263842773630_321293795111683122_n.jpg\" \/>\n\t<meta property=\"og:image:width\" content=\"2048\" \/>\n\t<meta property=\"og:image:height\" content=\"1127\" \/>\n\t<meta property=\"og:image:type\" content=\"image\/jpeg\" \/>\n<meta name=\"author\" content=\"admin\" \/>\n<meta name=\"twitter:card\" content=\"summary_large_image\" \/>\n<meta name=\"twitter:label1\" content=\"Written by\" \/>\n\t<meta name=\"twitter:data1\" content=\"admin\" \/>\n\t<meta name=\"twitter:label2\" content=\"Est. reading time\" \/>\n\t<meta name=\"twitter:data2\" content=\"2 minutes\" \/>\n<script type=\"application\/ld+json\" class=\"yoast-schema-graph\">{\"@context\":\"https:\/\/schema.org\",\"@graph\":[{\"@type\":\"WebPage\",\"@id\":\"https:\/\/veritasinfo.org\/?p=9213&lang=sr\",\"url\":\"https:\/\/veritasinfo.org\/?p=9213&lang=sr\",\"name\":\"Konak mira u Prizrenu okupio mlade Albance, Srbe, Palestince, Izraelce i Amerikance -\",\"isPartOf\":{\"@id\":\"https:\/\/veritasinfo.org\/#website\"},\"primaryImageOfPage\":{\"@id\":\"https:\/\/veritasinfo.org\/?p=9213&lang=sr#primaryimage\"},\"image\":{\"@id\":\"https:\/\/veritasinfo.org\/?p=9213&lang=sr#primaryimage\"},\"thumbnailUrl\":\"https:\/\/veritasinfo.org\/wp-content\/uploads\/2025\/08\/528741604_1062263842773630_321293795111683122_n.jpg\",\"datePublished\":\"2025-08-24T07:59:51+00:00\",\"author\":{\"@id\":\"https:\/\/veritasinfo.org\/#\/schema\/person\/7701f8c088bece422266b100a712374f\"},\"breadcrumb\":{\"@id\":\"https:\/\/veritasinfo.org\/?p=9213&lang=sr#breadcrumb\"},\"inLanguage\":\"en-US\",\"potentialAction\":[{\"@type\":\"ReadAction\",\"target\":[\"https:\/\/veritasinfo.org\/?p=9213&lang=sr\"]}]},{\"@type\":\"ImageObject\",\"inLanguage\":\"en-US\",\"@id\":\"https:\/\/veritasinfo.org\/?p=9213&lang=sr#primaryimage\",\"url\":\"https:\/\/veritasinfo.org\/wp-content\/uploads\/2025\/08\/528741604_1062263842773630_321293795111683122_n.jpg\",\"contentUrl\":\"https:\/\/veritasinfo.org\/wp-content\/uploads\/2025\/08\/528741604_1062263842773630_321293795111683122_n.jpg\",\"width\":2048,\"height\":1127},{\"@type\":\"BreadcrumbList\",\"@id\":\"https:\/\/veritasinfo.org\/?p=9213&lang=sr#breadcrumb\",\"itemListElement\":[{\"@type\":\"ListItem\",\"position\":1,\"name\":\"Home\",\"item\":\"https:\/\/veritasinfo.org\/\"},{\"@type\":\"ListItem\",\"position\":2,\"name\":\"Konak mira u Prizrenu okupio mlade Albance, Srbe, Palestince, Izraelce i Amerikance\"}]},{\"@type\":\"WebSite\",\"@id\":\"https:\/\/veritasinfo.org\/#website\",\"url\":\"https:\/\/veritasinfo.org\/\",\"name\":\"\",\"description\":\"\",\"potentialAction\":[{\"@type\":\"SearchAction\",\"target\":{\"@type\":\"EntryPoint\",\"urlTemplate\":\"https:\/\/veritasinfo.org\/?s={search_term_string}\"},\"query-input\":{\"@type\":\"PropertyValueSpecification\",\"valueRequired\":true,\"valueName\":\"search_term_string\"}}],\"inLanguage\":\"en-US\"},{\"@type\":\"Person\",\"@id\":\"https:\/\/veritasinfo.org\/#\/schema\/person\/7701f8c088bece422266b100a712374f\",\"name\":\"admin\",\"image\":{\"@type\":\"ImageObject\",\"inLanguage\":\"en-US\",\"@id\":\"https:\/\/veritasinfo.org\/#\/schema\/person\/image\/\",\"url\":\"https:\/\/secure.gravatar.com\/avatar\/ea53aa3bf6c9a12d5fde8ce4deff43fef3885ae33cf60184161a50d6987cfd2f?s=96&d=mm&r=g\",\"contentUrl\":\"https:\/\/secure.gravatar.com\/avatar\/ea53aa3bf6c9a12d5fde8ce4deff43fef3885ae33cf60184161a50d6987cfd2f?s=96&d=mm&r=g\",\"caption\":\"admin\"},\"sameAs\":[\"https:\/\/veritasinfo.org\"],\"url\":\"https:\/\/veritasinfo.org\/?author=1\"}]}<\/script>\n<!-- \/ Yoast SEO plugin. -->","yoast_head_json":{"title":"Konak mira u Prizrenu okupio mlade Albance, Srbe, Palestince, Izraelce i Amerikance -","robots":{"index":"index","follow":"follow","max-snippet":"max-snippet:-1","max-image-preview":"max-image-preview:large","max-video-preview":"max-video-preview:-1"},"canonical":"https:\/\/veritasinfo.org\/?p=9213&lang=sr","og_locale":"en_US","og_type":"article","og_title":"Konak mira u Prizrenu okupio mlade Albance, Srbe, Palestince, Izraelce i Amerikance -","og_description":"24 avgust, 2025 Pod nebom Prizrena, 41 mladih iz razli\u010ditih zemalja \u2013 Albanaca, Srba, Palestinaca, Izraelaca i Amerikanaca \u2013 provelo je sedam no\u0107i zajedno u","og_url":"https:\/\/veritasinfo.org\/?p=9213&lang=sr","article_published_time":"2025-08-24T07:59:51+00:00","og_image":[{"width":2048,"height":1127,"url":"https:\/\/veritasinfo.org\/wp-content\/uploads\/2025\/08\/528741604_1062263842773630_321293795111683122_n.jpg","type":"image\/jpeg"}],"author":"admin","twitter_card":"summary_large_image","twitter_misc":{"Written by":"admin","Est. reading time":"2 minutes"},"schema":{"@context":"https:\/\/schema.org","@graph":[{"@type":"WebPage","@id":"https:\/\/veritasinfo.org\/?p=9213&lang=sr","url":"https:\/\/veritasinfo.org\/?p=9213&lang=sr","name":"Konak mira u Prizrenu okupio mlade Albance, Srbe, Palestince, Izraelce i Amerikance -","isPartOf":{"@id":"https:\/\/veritasinfo.org\/#website"},"primaryImageOfPage":{"@id":"https:\/\/veritasinfo.org\/?p=9213&lang=sr#primaryimage"},"image":{"@id":"https:\/\/veritasinfo.org\/?p=9213&lang=sr#primaryimage"},"thumbnailUrl":"https:\/\/veritasinfo.org\/wp-content\/uploads\/2025\/08\/528741604_1062263842773630_321293795111683122_n.jpg","datePublished":"2025-08-24T07:59:51+00:00","author":{"@id":"https:\/\/veritasinfo.org\/#\/schema\/person\/7701f8c088bece422266b100a712374f"},"breadcrumb":{"@id":"https:\/\/veritasinfo.org\/?p=9213&lang=sr#breadcrumb"},"inLanguage":"en-US","potentialAction":[{"@type":"ReadAction","target":["https:\/\/veritasinfo.org\/?p=9213&lang=sr"]}]},{"@type":"ImageObject","inLanguage":"en-US","@id":"https:\/\/veritasinfo.org\/?p=9213&lang=sr#primaryimage","url":"https:\/\/veritasinfo.org\/wp-content\/uploads\/2025\/08\/528741604_1062263842773630_321293795111683122_n.jpg","contentUrl":"https:\/\/veritasinfo.org\/wp-content\/uploads\/2025\/08\/528741604_1062263842773630_321293795111683122_n.jpg","width":2048,"height":1127},{"@type":"BreadcrumbList","@id":"https:\/\/veritasinfo.org\/?p=9213&lang=sr#breadcrumb","itemListElement":[{"@type":"ListItem","position":1,"name":"Home","item":"https:\/\/veritasinfo.org\/"},{"@type":"ListItem","position":2,"name":"Konak mira u Prizrenu okupio mlade Albance, Srbe, Palestince, Izraelce i Amerikance"}]},{"@type":"WebSite","@id":"https:\/\/veritasinfo.org\/#website","url":"https:\/\/veritasinfo.org\/","name":"","description":"","potentialAction":[{"@type":"SearchAction","target":{"@type":"EntryPoint","urlTemplate":"https:\/\/veritasinfo.org\/?s={search_term_string}"},"query-input":{"@type":"PropertyValueSpecification","valueRequired":true,"valueName":"search_term_string"}}],"inLanguage":"en-US"},{"@type":"Person","@id":"https:\/\/veritasinfo.org\/#\/schema\/person\/7701f8c088bece422266b100a712374f","name":"admin","image":{"@type":"ImageObject","inLanguage":"en-US","@id":"https:\/\/veritasinfo.org\/#\/schema\/person\/image\/","url":"https:\/\/secure.gravatar.com\/avatar\/ea53aa3bf6c9a12d5fde8ce4deff43fef3885ae33cf60184161a50d6987cfd2f?s=96&d=mm&r=g","contentUrl":"https:\/\/secure.gravatar.com\/avatar\/ea53aa3bf6c9a12d5fde8ce4deff43fef3885ae33cf60184161a50d6987cfd2f?s=96&d=mm&r=g","caption":"admin"},"sameAs":["https:\/\/veritasinfo.org"],"url":"https:\/\/veritasinfo.org\/?author=1"}]}},"featured_image_urls":{"full":["https:\/\/veritasinfo.org\/wp-content\/uploads\/2025\/08\/528741604_1062263842773630_321293795111683122_n.jpg",2048,1127,false],"thumbnail":["https:\/\/veritasinfo.org\/wp-content\/uploads\/2025\/08\/528741604_1062263842773630_321293795111683122_n-150x150.jpg",150,150,true],"medium":["https:\/\/veritasinfo.org\/wp-content\/uploads\/2025\/08\/528741604_1062263842773630_321293795111683122_n-300x165.jpg",300,165,true],"medium_large":["https:\/\/veritasinfo.org\/wp-content\/uploads\/2025\/08\/528741604_1062263842773630_321293795111683122_n-768x423.jpg",640,353,true],"large":["https:\/\/veritasinfo.org\/wp-content\/uploads\/2025\/08\/528741604_1062263842773630_321293795111683122_n-1024x564.jpg",640,353,true],"1536x1536":["https:\/\/veritasinfo.org\/wp-content\/uploads\/2025\/08\/528741604_1062263842773630_321293795111683122_n-1536x845.jpg",1536,845,true],"2048x2048":["https:\/\/veritasinfo.org\/wp-content\/uploads\/2025\/08\/528741604_1062263842773630_321293795111683122_n.jpg",2048,1127,false],"kreeti-slider-full":["https:\/\/veritasinfo.org\/wp-content\/uploads\/2025\/08\/528741604_1062263842773630_321293795111683122_n.jpg",1280,704,false],"kreeti-featured":["https:\/\/veritasinfo.org\/wp-content\/uploads\/2025\/08\/528741604_1062263842773630_321293795111683122_n.jpg",1024,564,false],"kreeti-medium":["https:\/\/veritasinfo.org\/wp-content\/uploads\/2025\/08\/528741604_1062263842773630_321293795111683122_n.jpg",720,396,false],"kreeti-medium-square":["https:\/\/veritasinfo.org\/wp-content\/uploads\/2025\/08\/528741604_1062263842773630_321293795111683122_n.jpg",350,193,false]},"author_info":{"info":["admin"]},"category_info":"<a href=\"https:\/\/veritasinfo.org\/?cat=34&#038;lang=sr\" rel=\"category\">Kultura<\/a>","tag_info":"Kultura","comment_count":"0","_links":{"self":[{"href":"https:\/\/veritasinfo.org\/index.php?rest_route=\/wp\/v2\/posts\/9213","targetHints":{"allow":["GET"]}}],"collection":[{"href":"https:\/\/veritasinfo.org\/index.php?rest_route=\/wp\/v2\/posts"}],"about":[{"href":"https:\/\/veritasinfo.org\/index.php?rest_route=\/wp\/v2\/types\/post"}],"author":[{"embeddable":true,"href":"https:\/\/veritasinfo.org\/index.php?rest_route=\/wp\/v2\/users\/1"}],"replies":[{"embeddable":true,"href":"https:\/\/veritasinfo.org\/index.php?rest_route=%2Fwp%2Fv2%2Fcomments&post=9213"}],"version-history":[{"count":1,"href":"https:\/\/veritasinfo.org\/index.php?rest_route=\/wp\/v2\/posts\/9213\/revisions"}],"predecessor-version":[{"id":9214,"href":"https:\/\/veritasinfo.org\/index.php?rest_route=\/wp\/v2\/posts\/9213\/revisions\/9214"}],"wp:featuredmedia":[{"embeddable":true,"href":"https:\/\/veritasinfo.org\/index.php?rest_route=\/wp\/v2\/media\/9211"}],"wp:attachment":[{"href":"https:\/\/veritasinfo.org\/index.php?rest_route=%2Fwp%2Fv2%2Fmedia&parent=9213"}],"wp:term":[{"taxonomy":"category","embeddable":true,"href":"https:\/\/veritasinfo.org\/index.php?rest_route=%2Fwp%2Fv2%2Fcategories&post=9213"},{"taxonomy":"post_tag","embeddable":true,"href":"https:\/\/veritasinfo.org\/index.php?rest_route=%2Fwp%2Fv2%2Ftags&post=9213"}],"curies":[{"name":"wp","href":"https:\/\/api.w.org\/{rel}","templated":true}]}}