{"id":9179,"date":"2025-08-23T21:54:23","date_gmt":"2025-08-23T19:54:23","guid":{"rendered":"https:\/\/veritasinfo.org\/?p=9179"},"modified":"2025-08-23T21:54:23","modified_gmt":"2025-08-23T19:54:23","slug":"slavko-simiq-do-te-gjykohet-ne-shtator-per-sulm-ndaj-gazetareve","status":"publish","type":"post","link":"https:\/\/veritasinfo.org\/?p=9179","title":{"rendered":"Slavko Simiq do t\u00eb gjykohet n\u00eb shtator p\u00ebr sulm ndaj gazetar\u00ebve"},"content":{"rendered":"<p>Prishtin\u00eb, 23 gusht 2025<\/p>\n<p>N\u00ebnkryetari i List\u00ebs Serbe, Slavko Simiq, do t\u00eb p\u00ebrballet n\u00eb shtator me akuz\u00ebn p\u00ebr nxitje t\u00eb sulmit ndaj gazetar\u00ebve shqiptar\u00eb gjat\u00eb nj\u00eb proteste n\u00eb Leposaviq, n\u00eb qershor t\u00eb vitit 2023.<\/p>\n<p>Gjykata Themelore n\u00eb Mitrovic\u00eb ka njoftuar se seanca e shqyrtimit fillestar ndaj tij dhe t\u00eb pandehurit tjet\u00ebr, Urosh Vukashinoviq, do t\u00eb mbahet m\u00eb 18 shtator 2025, n\u00eb or\u00ebn 09:00.<\/p>\n<p>Sipas aktakuz\u00ebs s\u00eb Prokuroris\u00eb Themelore, gjat\u00eb protest\u00ebs kund\u00ebr vizit\u00ebs s\u00eb ministrit t\u00eb Administrimit t\u00eb Pushtetit Lokal, Elbert Krasniqi, Simiq i kishte nxitur protestuesit q\u00eb t\u00eb sulmonin ekipet e mediave. Gazetar\u00ebt ishin goditur me shok-bomba, grushte, shqelma dhe mjete t\u00eb forta.<\/p>\n<p>Ai akuzohet p\u00ebr vepr\u00ebn penale \u201cPjes\u00ebmarrja n\u00eb turm\u00eb q\u00eb kryen vep\u00ebr penale dhe huliganizmi\u201d, nd\u00ebrsa Vukashinoviq ngarkohet edhe me akuz\u00ebn p\u00ebr sulm t\u00eb drejtp\u00ebrdrejt\u00eb.<\/p>\n<p>Simiq, p\u00ebrve\u00e7 k\u00ebtij rasti, \u00ebsht\u00eb n\u00ebn hetim edhe nga Prokuroria Speciale p\u00ebr p\u00ebrfshirje n\u00eb vendosjen e barrikadave n\u00eb veri n\u00eb vitin 2022. Ai dyshohet p\u00ebr pengim t\u00eb zyrtar\u00ebve n\u00eb kryerjen e detyrave, thirrje p\u00ebr rezistenc\u00eb dhe veprimtari kund\u00ebrkushtetuese.<\/p>\n<p>Sipas Asociacionit t\u00eb Gazetar\u00ebve t\u00eb Kosov\u00ebs, gjat\u00eb protestave t\u00eb vitit 2023 n\u00eb veri jan\u00eb regjistruar mbi 30 raste t\u00eb sulmeve ndaj gazetar\u00ebve, nd\u00ebrsa deri m\u00eb tani vet\u00ebm nj\u00eb person \u00ebsht\u00eb d\u00ebnuar. N\u00eb shkurt 2025, Dalibor Spasiq u gjobit me 12 mij\u00eb euro pasi pranoi faj\u00ebsin\u00eb p\u00ebr sulm ndaj gazetarit Burim Zariqi.<\/p>\n","protected":false},"excerpt":{"rendered":"<p>Prishtin\u00eb, 23 gusht 2025 N\u00ebnkryetari i List\u00ebs Serbe, Slavko Simiq, do t\u00eb p\u00ebrballet n\u00eb shtator me akuz\u00ebn p\u00ebr nxitje t\u00eb sulmit ndaj gazetar\u00ebve shqiptar\u00eb gjat\u00eb<\/p>\n","protected":false},"author":1,"featured_media":9180,"comment_status":"open","ping_status":"open","sticky":false,"template":"","format":"standard","meta":{"footnotes":""},"categories":[58],"tags":[],"class_list":["post-9179","post","type-post","status-publish","format-standard","has-post-thumbnail","hentry","category-politike-sq"],"yoast_head":"<!-- This site is optimized with the Yoast SEO plugin v25.3.1 - https:\/\/yoast.com\/wordpress\/plugins\/seo\/ -->\n<title>Slavko Simiq do t\u00eb gjykohet n\u00eb shtator p\u00ebr sulm ndaj gazetar\u00ebve -<\/title>\n<meta name=\"robots\" content=\"index, follow, max-snippet:-1, max-image-preview:large, max-video-preview:-1\" \/>\n<link rel=\"canonical\" href=\"https:\/\/veritasinfo.org\/?p=9179\" \/>\n<meta property=\"og:locale\" content=\"en_US\" \/>\n<meta property=\"og:type\" content=\"article\" \/>\n<meta property=\"og:title\" content=\"Slavko Simiq do t\u00eb gjykohet n\u00eb shtator p\u00ebr sulm ndaj gazetar\u00ebve -\" \/>\n<meta property=\"og:description\" content=\"Prishtin\u00eb, 23 gusht 2025 N\u00ebnkryetari i List\u00ebs Serbe, Slavko Simiq, do t\u00eb p\u00ebrballet n\u00eb shtator me akuz\u00ebn p\u00ebr nxitje t\u00eb sulmit ndaj gazetar\u00ebve shqiptar\u00eb gjat\u00eb\" \/>\n<meta property=\"og:url\" content=\"https:\/\/veritasinfo.org\/?p=9179\" \/>\n<meta property=\"article:published_time\" content=\"2025-08-23T19:54:23+00:00\" \/>\n<meta property=\"og:image\" content=\"https:\/\/veritasinfo.org\/wp-content\/uploads\/2025\/08\/slavko-1.jpg\" \/>\n\t<meta property=\"og:image:width\" content=\"800\" \/>\n\t<meta property=\"og:image:height\" content=\"607\" \/>\n\t<meta property=\"og:image:type\" content=\"image\/jpeg\" \/>\n<meta name=\"author\" content=\"admin\" \/>\n<meta name=\"twitter:card\" content=\"summary_large_image\" \/>\n<meta name=\"twitter:label1\" content=\"Written by\" \/>\n\t<meta name=\"twitter:data1\" content=\"admin\" \/>\n\t<meta name=\"twitter:label2\" content=\"Est. reading time\" \/>\n\t<meta name=\"twitter:data2\" content=\"2 minutes\" \/>\n<script type=\"application\/ld+json\" class=\"yoast-schema-graph\">{\"@context\":\"https:\/\/schema.org\",\"@graph\":[{\"@type\":\"WebPage\",\"@id\":\"https:\/\/veritasinfo.org\/?p=9179\",\"url\":\"https:\/\/veritasinfo.org\/?p=9179\",\"name\":\"Slavko Simiq do t\u00eb gjykohet n\u00eb shtator p\u00ebr sulm ndaj gazetar\u00ebve -\",\"isPartOf\":{\"@id\":\"https:\/\/veritasinfo.org\/#website\"},\"primaryImageOfPage\":{\"@id\":\"https:\/\/veritasinfo.org\/?p=9179#primaryimage\"},\"image\":{\"@id\":\"https:\/\/veritasinfo.org\/?p=9179#primaryimage\"},\"thumbnailUrl\":\"https:\/\/veritasinfo.org\/wp-content\/uploads\/2025\/08\/slavko-1.jpg\",\"datePublished\":\"2025-08-23T19:54:23+00:00\",\"author\":{\"@id\":\"https:\/\/veritasinfo.org\/#\/schema\/person\/7701f8c088bece422266b100a712374f\"},\"breadcrumb\":{\"@id\":\"https:\/\/veritasinfo.org\/?p=9179#breadcrumb\"},\"inLanguage\":\"en-US\",\"potentialAction\":[{\"@type\":\"ReadAction\",\"target\":[\"https:\/\/veritasinfo.org\/?p=9179\"]}]},{\"@type\":\"ImageObject\",\"inLanguage\":\"en-US\",\"@id\":\"https:\/\/veritasinfo.org\/?p=9179#primaryimage\",\"url\":\"https:\/\/veritasinfo.org\/wp-content\/uploads\/2025\/08\/slavko-1.jpg\",\"contentUrl\":\"https:\/\/veritasinfo.org\/wp-content\/uploads\/2025\/08\/slavko-1.jpg\",\"width\":800,\"height\":607},{\"@type\":\"BreadcrumbList\",\"@id\":\"https:\/\/veritasinfo.org\/?p=9179#breadcrumb\",\"itemListElement\":[{\"@type\":\"ListItem\",\"position\":1,\"name\":\"Home\",\"item\":\"https:\/\/veritasinfo.org\/\"},{\"@type\":\"ListItem\",\"position\":2,\"name\":\"Slavko Simiq do t\u00eb gjykohet n\u00eb shtator p\u00ebr sulm ndaj gazetar\u00ebve\"}]},{\"@type\":\"WebSite\",\"@id\":\"https:\/\/veritasinfo.org\/#website\",\"url\":\"https:\/\/veritasinfo.org\/\",\"name\":\"\",\"description\":\"\",\"potentialAction\":[{\"@type\":\"SearchAction\",\"target\":{\"@type\":\"EntryPoint\",\"urlTemplate\":\"https:\/\/veritasinfo.org\/?s={search_term_string}\"},\"query-input\":{\"@type\":\"PropertyValueSpecification\",\"valueRequired\":true,\"valueName\":\"search_term_string\"}}],\"inLanguage\":\"en-US\"},{\"@type\":\"Person\",\"@id\":\"https:\/\/veritasinfo.org\/#\/schema\/person\/7701f8c088bece422266b100a712374f\",\"name\":\"admin\",\"image\":{\"@type\":\"ImageObject\",\"inLanguage\":\"en-US\",\"@id\":\"https:\/\/veritasinfo.org\/#\/schema\/person\/image\/\",\"url\":\"https:\/\/secure.gravatar.com\/avatar\/ea53aa3bf6c9a12d5fde8ce4deff43fef3885ae33cf60184161a50d6987cfd2f?s=96&d=mm&r=g\",\"contentUrl\":\"https:\/\/secure.gravatar.com\/avatar\/ea53aa3bf6c9a12d5fde8ce4deff43fef3885ae33cf60184161a50d6987cfd2f?s=96&d=mm&r=g\",\"caption\":\"admin\"},\"sameAs\":[\"https:\/\/veritasinfo.org\"],\"url\":\"https:\/\/veritasinfo.org\/?author=1\"}]}<\/script>\n<!-- \/ Yoast SEO plugin. -->","yoast_head_json":{"title":"Slavko Simiq do t\u00eb gjykohet n\u00eb shtator p\u00ebr sulm ndaj gazetar\u00ebve -","robots":{"index":"index","follow":"follow","max-snippet":"max-snippet:-1","max-image-preview":"max-image-preview:large","max-video-preview":"max-video-preview:-1"},"canonical":"https:\/\/veritasinfo.org\/?p=9179","og_locale":"en_US","og_type":"article","og_title":"Slavko Simiq do t\u00eb gjykohet n\u00eb shtator p\u00ebr sulm ndaj gazetar\u00ebve -","og_description":"Prishtin\u00eb, 23 gusht 2025 N\u00ebnkryetari i List\u00ebs Serbe, Slavko Simiq, do t\u00eb p\u00ebrballet n\u00eb shtator me akuz\u00ebn p\u00ebr nxitje t\u00eb sulmit ndaj gazetar\u00ebve shqiptar\u00eb gjat\u00eb","og_url":"https:\/\/veritasinfo.org\/?p=9179","article_published_time":"2025-08-23T19:54:23+00:00","og_image":[{"width":800,"height":607,"url":"https:\/\/veritasinfo.org\/wp-content\/uploads\/2025\/08\/slavko-1.jpg","type":"image\/jpeg"}],"author":"admin","twitter_card":"summary_large_image","twitter_misc":{"Written by":"admin","Est. reading time":"2 minutes"},"schema":{"@context":"https:\/\/schema.org","@graph":[{"@type":"WebPage","@id":"https:\/\/veritasinfo.org\/?p=9179","url":"https:\/\/veritasinfo.org\/?p=9179","name":"Slavko Simiq do t\u00eb gjykohet n\u00eb shtator p\u00ebr sulm ndaj gazetar\u00ebve -","isPartOf":{"@id":"https:\/\/veritasinfo.org\/#website"},"primaryImageOfPage":{"@id":"https:\/\/veritasinfo.org\/?p=9179#primaryimage"},"image":{"@id":"https:\/\/veritasinfo.org\/?p=9179#primaryimage"},"thumbnailUrl":"https:\/\/veritasinfo.org\/wp-content\/uploads\/2025\/08\/slavko-1.jpg","datePublished":"2025-08-23T19:54:23+00:00","author":{"@id":"https:\/\/veritasinfo.org\/#\/schema\/person\/7701f8c088bece422266b100a712374f"},"breadcrumb":{"@id":"https:\/\/veritasinfo.org\/?p=9179#breadcrumb"},"inLanguage":"en-US","potentialAction":[{"@type":"ReadAction","target":["https:\/\/veritasinfo.org\/?p=9179"]}]},{"@type":"ImageObject","inLanguage":"en-US","@id":"https:\/\/veritasinfo.org\/?p=9179#primaryimage","url":"https:\/\/veritasinfo.org\/wp-content\/uploads\/2025\/08\/slavko-1.jpg","contentUrl":"https:\/\/veritasinfo.org\/wp-content\/uploads\/2025\/08\/slavko-1.jpg","width":800,"height":607},{"@type":"BreadcrumbList","@id":"https:\/\/veritasinfo.org\/?p=9179#breadcrumb","itemListElement":[{"@type":"ListItem","position":1,"name":"Home","item":"https:\/\/veritasinfo.org\/"},{"@type":"ListItem","position":2,"name":"Slavko Simiq do t\u00eb gjykohet n\u00eb shtator p\u00ebr sulm ndaj gazetar\u00ebve"}]},{"@type":"WebSite","@id":"https:\/\/veritasinfo.org\/#website","url":"https:\/\/veritasinfo.org\/","name":"","description":"","potentialAction":[{"@type":"SearchAction","target":{"@type":"EntryPoint","urlTemplate":"https:\/\/veritasinfo.org\/?s={search_term_string}"},"query-input":{"@type":"PropertyValueSpecification","valueRequired":true,"valueName":"search_term_string"}}],"inLanguage":"en-US"},{"@type":"Person","@id":"https:\/\/veritasinfo.org\/#\/schema\/person\/7701f8c088bece422266b100a712374f","name":"admin","image":{"@type":"ImageObject","inLanguage":"en-US","@id":"https:\/\/veritasinfo.org\/#\/schema\/person\/image\/","url":"https:\/\/secure.gravatar.com\/avatar\/ea53aa3bf6c9a12d5fde8ce4deff43fef3885ae33cf60184161a50d6987cfd2f?s=96&d=mm&r=g","contentUrl":"https:\/\/secure.gravatar.com\/avatar\/ea53aa3bf6c9a12d5fde8ce4deff43fef3885ae33cf60184161a50d6987cfd2f?s=96&d=mm&r=g","caption":"admin"},"sameAs":["https:\/\/veritasinfo.org"],"url":"https:\/\/veritasinfo.org\/?author=1"}]}},"featured_image_urls":{"full":["https:\/\/veritasinfo.org\/wp-content\/uploads\/2025\/08\/slavko-1.jpg",800,607,false],"thumbnail":["https:\/\/veritasinfo.org\/wp-content\/uploads\/2025\/08\/slavko-1-150x150.jpg",150,150,true],"medium":["https:\/\/veritasinfo.org\/wp-content\/uploads\/2025\/08\/slavko-1-300x228.jpg",300,228,true],"medium_large":["https:\/\/veritasinfo.org\/wp-content\/uploads\/2025\/08\/slavko-1-768x583.jpg",640,486,true],"large":["https:\/\/veritasinfo.org\/wp-content\/uploads\/2025\/08\/slavko-1.jpg",640,486,false],"1536x1536":["https:\/\/veritasinfo.org\/wp-content\/uploads\/2025\/08\/slavko-1.jpg",800,607,false],"2048x2048":["https:\/\/veritasinfo.org\/wp-content\/uploads\/2025\/08\/slavko-1.jpg",800,607,false],"kreeti-slider-full":["https:\/\/veritasinfo.org\/wp-content\/uploads\/2025\/08\/slavko-1.jpg",800,607,false],"kreeti-featured":["https:\/\/veritasinfo.org\/wp-content\/uploads\/2025\/08\/slavko-1.jpg",800,607,false],"kreeti-medium":["https:\/\/veritasinfo.org\/wp-content\/uploads\/2025\/08\/slavko-1.jpg",699,530,false],"kreeti-medium-square":["https:\/\/veritasinfo.org\/wp-content\/uploads\/2025\/08\/slavko-1.jpg",350,266,false]},"author_info":{"info":["admin"]},"category_info":"<a href=\"https:\/\/veritasinfo.org\/?cat=58\" rel=\"category\">Politik\u00eb<\/a>","tag_info":"Politik\u00eb","comment_count":"0","_links":{"self":[{"href":"https:\/\/veritasinfo.org\/index.php?rest_route=\/wp\/v2\/posts\/9179","targetHints":{"allow":["GET"]}}],"collection":[{"href":"https:\/\/veritasinfo.org\/index.php?rest_route=\/wp\/v2\/posts"}],"about":[{"href":"https:\/\/veritasinfo.org\/index.php?rest_route=\/wp\/v2\/types\/post"}],"author":[{"embeddable":true,"href":"https:\/\/veritasinfo.org\/index.php?rest_route=\/wp\/v2\/users\/1"}],"replies":[{"embeddable":true,"href":"https:\/\/veritasinfo.org\/index.php?rest_route=%2Fwp%2Fv2%2Fcomments&post=9179"}],"version-history":[{"count":1,"href":"https:\/\/veritasinfo.org\/index.php?rest_route=\/wp\/v2\/posts\/9179\/revisions"}],"predecessor-version":[{"id":9181,"href":"https:\/\/veritasinfo.org\/index.php?rest_route=\/wp\/v2\/posts\/9179\/revisions\/9181"}],"wp:featuredmedia":[{"embeddable":true,"href":"https:\/\/veritasinfo.org\/index.php?rest_route=\/wp\/v2\/media\/9180"}],"wp:attachment":[{"href":"https:\/\/veritasinfo.org\/index.php?rest_route=%2Fwp%2Fv2%2Fmedia&parent=9179"}],"wp:term":[{"taxonomy":"category","embeddable":true,"href":"https:\/\/veritasinfo.org\/index.php?rest_route=%2Fwp%2Fv2%2Fcategories&post=9179"},{"taxonomy":"post_tag","embeddable":true,"href":"https:\/\/veritasinfo.org\/index.php?rest_route=%2Fwp%2Fv2%2Ftags&post=9179"}],"curies":[{"name":"wp","href":"https:\/\/api.w.org\/{rel}","templated":true}]}}