{"id":9163,"date":"2025-08-23T19:09:48","date_gmt":"2025-08-23T17:09:48","guid":{"rendered":"https:\/\/veritasinfo.org\/?p=9163"},"modified":"2025-08-23T19:09:48","modified_gmt":"2025-08-23T17:09:48","slug":"musliu-kosova-duhet-te-ndaloje-listen-serbe-njesoj-si-gjermania-po-shqyrton-ndalimin-e-afd-se","status":"publish","type":"post","link":"https:\/\/veritasinfo.org\/?p=9163","title":{"rendered":"Musliu: Kosova duhet t\u00eb ndaloj\u00eb List\u00ebn Serbe, nj\u00ebsoj si Gjermania po shqyrton ndalimin e AfD-s\u00eb"},"content":{"rendered":"<p>Prishtin\u00eb, 23 gusht 2025<\/p>\n<p>Eksperti i \u00e7\u00ebshtjeve t\u00eb siguris\u00eb, Agim Musliu, ka deklaruar se Kosova duhet t\u00eb marr\u00eb shembull nga Gjermania, e cila po shqyrton ndalimin e partis\u00eb s\u00eb ekstremit t\u00eb djatht\u00eb AfD, dhe t\u00eb veproj\u00eb nj\u00ebsoj me List\u00ebn Serbe. Sipas tij, kjo parti p\u00ebrb\u00ebn nj\u00eb k\u00ebrc\u00ebnim serioz p\u00ebr rendin kushtetues dhe sigurin\u00eb e vendit.<\/p>\n<p>N\u00eb nj\u00eb reagim n\u00eb Facebook, Musliu ka shkruar se Kosova duhet t\u00eb p\u00ebrballet me \u201carmiqt\u00eb e demokracis\u00eb\u201d duke marr\u00eb masa t\u00eb guximshme.<\/p>\n<p>\u201cN\u00ebse Gjermania, nj\u00eb nd\u00ebr demokracit\u00eb m\u00eb t\u00eb konsoliduara, e konsideron AfD-n\u00eb rrezik, Kosova ka arsye shum\u00eb m\u00eb t\u00eb forta p\u00ebr t\u00eb shqyrtuar ndalimin e List\u00ebs Serbe, q\u00eb funksionon si instrument i Beogradit p\u00ebr t\u00eb minuar shtet\u00ebsin\u00eb ton\u00eb\u201d, tha ai.<\/p>\n<p>Ai kujtoi se nj\u00eb nga figurat ky\u00e7e t\u00eb List\u00ebs Serbe, Millan Radoi\u00e7iq, \u00ebsht\u00eb p\u00ebrgjegj\u00ebs p\u00ebr sulmin terrorist n\u00eb Banjsk\u00eb, p\u00ebr sulme ndaj KFOR-it dhe Policis\u00eb s\u00eb Kosov\u00ebs, si dhe p\u00ebr p\u00ebrfshirjen n\u00eb vrasjen e politikanit serb Oliver Ivanoviq.<\/p>\n<p>Musliu e cil\u00ebsoi vendimin e Komisionit Qendror t\u00eb Zgjedhjeve p\u00ebr t\u00eb mos certifikuar List\u00ebn Serbe si \u201cnj\u00eb hap t\u00eb domosdosh\u00ebm dhe nj\u00eb sinjal t\u00eb qart\u00eb se paradoksi politik duhet t\u00eb trajtohet seriozisht\u201d.<\/p>\n<p>Sipas tij, Lista Serbe \u201casnj\u00ebher\u00eb nuk e ka fshehur qasjen sabotuese ndaj Kosov\u00ebs, qoft\u00eb p\u00ebrmes deklaratave publike apo veprimeve t\u00eb organizuara q\u00eb kan\u00eb rrezikuar rendin demokratik\u201d. Ai shtoi se organet e drejt\u00ebsis\u00eb duhet t\u00eb nd\u00ebrmarrin hetime dhe masa konkrete.<\/p>\n<p>&nbsp;<\/p>\n","protected":false},"excerpt":{"rendered":"<p>Prishtin\u00eb, 23 gusht 2025 Eksperti i \u00e7\u00ebshtjeve t\u00eb siguris\u00eb, Agim Musliu, ka deklaruar se Kosova duhet t\u00eb marr\u00eb shembull nga Gjermania, e cila po shqyrton<\/p>\n","protected":false},"author":1,"featured_media":9164,"comment_status":"open","ping_status":"open","sticky":false,"template":"","format":"standard","meta":{"footnotes":""},"categories":[58],"tags":[],"class_list":["post-9163","post","type-post","status-publish","format-standard","has-post-thumbnail","hentry","category-politike-sq"],"yoast_head":"<!-- This site is optimized with the Yoast SEO plugin v25.3.1 - https:\/\/yoast.com\/wordpress\/plugins\/seo\/ -->\n<title>Musliu: Kosova duhet t\u00eb ndaloj\u00eb List\u00ebn Serbe, nj\u00ebsoj si Gjermania po shqyrton ndalimin e AfD-s\u00eb -<\/title>\n<meta name=\"robots\" content=\"index, follow, max-snippet:-1, max-image-preview:large, max-video-preview:-1\" \/>\n<link rel=\"canonical\" href=\"https:\/\/veritasinfo.org\/?p=9163\" \/>\n<meta property=\"og:locale\" content=\"en_US\" \/>\n<meta property=\"og:type\" content=\"article\" \/>\n<meta property=\"og:title\" content=\"Musliu: Kosova duhet t\u00eb ndaloj\u00eb List\u00ebn Serbe, nj\u00ebsoj si Gjermania po shqyrton ndalimin e AfD-s\u00eb -\" \/>\n<meta property=\"og:description\" content=\"Prishtin\u00eb, 23 gusht 2025 Eksperti i \u00e7\u00ebshtjeve t\u00eb siguris\u00eb, Agim Musliu, ka deklaruar se Kosova duhet t\u00eb marr\u00eb shembull nga Gjermania, e cila po shqyrton\" \/>\n<meta property=\"og:url\" content=\"https:\/\/veritasinfo.org\/?p=9163\" \/>\n<meta property=\"article:published_time\" content=\"2025-08-23T17:09:48+00:00\" \/>\n<meta property=\"og:image\" content=\"https:\/\/veritasinfo.org\/wp-content\/uploads\/2025\/08\/Agim_Musliu.jpg\" \/>\n\t<meta property=\"og:image:width\" content=\"719\" \/>\n\t<meta property=\"og:image:height\" content=\"433\" \/>\n\t<meta property=\"og:image:type\" content=\"image\/jpeg\" \/>\n<meta name=\"author\" content=\"admin\" \/>\n<meta name=\"twitter:card\" content=\"summary_large_image\" \/>\n<meta name=\"twitter:label1\" content=\"Written by\" \/>\n\t<meta name=\"twitter:data1\" content=\"admin\" \/>\n\t<meta name=\"twitter:label2\" content=\"Est. reading time\" \/>\n\t<meta name=\"twitter:data2\" content=\"2 minutes\" \/>\n<script type=\"application\/ld+json\" class=\"yoast-schema-graph\">{\"@context\":\"https:\/\/schema.org\",\"@graph\":[{\"@type\":\"WebPage\",\"@id\":\"https:\/\/veritasinfo.org\/?p=9163\",\"url\":\"https:\/\/veritasinfo.org\/?p=9163\",\"name\":\"Musliu: Kosova duhet t\u00eb ndaloj\u00eb List\u00ebn Serbe, nj\u00ebsoj si Gjermania po shqyrton ndalimin e AfD-s\u00eb -\",\"isPartOf\":{\"@id\":\"https:\/\/veritasinfo.org\/#website\"},\"primaryImageOfPage\":{\"@id\":\"https:\/\/veritasinfo.org\/?p=9163#primaryimage\"},\"image\":{\"@id\":\"https:\/\/veritasinfo.org\/?p=9163#primaryimage\"},\"thumbnailUrl\":\"https:\/\/veritasinfo.org\/wp-content\/uploads\/2025\/08\/Agim_Musliu.jpg\",\"datePublished\":\"2025-08-23T17:09:48+00:00\",\"author\":{\"@id\":\"https:\/\/veritasinfo.org\/#\/schema\/person\/7701f8c088bece422266b100a712374f\"},\"breadcrumb\":{\"@id\":\"https:\/\/veritasinfo.org\/?p=9163#breadcrumb\"},\"inLanguage\":\"en-US\",\"potentialAction\":[{\"@type\":\"ReadAction\",\"target\":[\"https:\/\/veritasinfo.org\/?p=9163\"]}]},{\"@type\":\"ImageObject\",\"inLanguage\":\"en-US\",\"@id\":\"https:\/\/veritasinfo.org\/?p=9163#primaryimage\",\"url\":\"https:\/\/veritasinfo.org\/wp-content\/uploads\/2025\/08\/Agim_Musliu.jpg\",\"contentUrl\":\"https:\/\/veritasinfo.org\/wp-content\/uploads\/2025\/08\/Agim_Musliu.jpg\",\"width\":719,\"height\":433},{\"@type\":\"BreadcrumbList\",\"@id\":\"https:\/\/veritasinfo.org\/?p=9163#breadcrumb\",\"itemListElement\":[{\"@type\":\"ListItem\",\"position\":1,\"name\":\"Home\",\"item\":\"https:\/\/veritasinfo.org\/\"},{\"@type\":\"ListItem\",\"position\":2,\"name\":\"Musliu: Kosova duhet t\u00eb ndaloj\u00eb List\u00ebn Serbe, nj\u00ebsoj si Gjermania po shqyrton ndalimin e AfD-s\u00eb\"}]},{\"@type\":\"WebSite\",\"@id\":\"https:\/\/veritasinfo.org\/#website\",\"url\":\"https:\/\/veritasinfo.org\/\",\"name\":\"\",\"description\":\"\",\"potentialAction\":[{\"@type\":\"SearchAction\",\"target\":{\"@type\":\"EntryPoint\",\"urlTemplate\":\"https:\/\/veritasinfo.org\/?s={search_term_string}\"},\"query-input\":{\"@type\":\"PropertyValueSpecification\",\"valueRequired\":true,\"valueName\":\"search_term_string\"}}],\"inLanguage\":\"en-US\"},{\"@type\":\"Person\",\"@id\":\"https:\/\/veritasinfo.org\/#\/schema\/person\/7701f8c088bece422266b100a712374f\",\"name\":\"admin\",\"image\":{\"@type\":\"ImageObject\",\"inLanguage\":\"en-US\",\"@id\":\"https:\/\/veritasinfo.org\/#\/schema\/person\/image\/\",\"url\":\"https:\/\/secure.gravatar.com\/avatar\/ea53aa3bf6c9a12d5fde8ce4deff43fef3885ae33cf60184161a50d6987cfd2f?s=96&d=mm&r=g\",\"contentUrl\":\"https:\/\/secure.gravatar.com\/avatar\/ea53aa3bf6c9a12d5fde8ce4deff43fef3885ae33cf60184161a50d6987cfd2f?s=96&d=mm&r=g\",\"caption\":\"admin\"},\"sameAs\":[\"https:\/\/veritasinfo.org\"],\"url\":\"https:\/\/veritasinfo.org\/?author=1\"}]}<\/script>\n<!-- \/ Yoast SEO plugin. -->","yoast_head_json":{"title":"Musliu: Kosova duhet t\u00eb ndaloj\u00eb List\u00ebn Serbe, nj\u00ebsoj si Gjermania po shqyrton ndalimin e AfD-s\u00eb -","robots":{"index":"index","follow":"follow","max-snippet":"max-snippet:-1","max-image-preview":"max-image-preview:large","max-video-preview":"max-video-preview:-1"},"canonical":"https:\/\/veritasinfo.org\/?p=9163","og_locale":"en_US","og_type":"article","og_title":"Musliu: Kosova duhet t\u00eb ndaloj\u00eb List\u00ebn Serbe, nj\u00ebsoj si Gjermania po shqyrton ndalimin e AfD-s\u00eb -","og_description":"Prishtin\u00eb, 23 gusht 2025 Eksperti i \u00e7\u00ebshtjeve t\u00eb siguris\u00eb, Agim Musliu, ka deklaruar se Kosova duhet t\u00eb marr\u00eb shembull nga Gjermania, e cila po shqyrton","og_url":"https:\/\/veritasinfo.org\/?p=9163","article_published_time":"2025-08-23T17:09:48+00:00","og_image":[{"width":719,"height":433,"url":"https:\/\/veritasinfo.org\/wp-content\/uploads\/2025\/08\/Agim_Musliu.jpg","type":"image\/jpeg"}],"author":"admin","twitter_card":"summary_large_image","twitter_misc":{"Written by":"admin","Est. reading time":"2 minutes"},"schema":{"@context":"https:\/\/schema.org","@graph":[{"@type":"WebPage","@id":"https:\/\/veritasinfo.org\/?p=9163","url":"https:\/\/veritasinfo.org\/?p=9163","name":"Musliu: Kosova duhet t\u00eb ndaloj\u00eb List\u00ebn Serbe, nj\u00ebsoj si Gjermania po shqyrton ndalimin e AfD-s\u00eb -","isPartOf":{"@id":"https:\/\/veritasinfo.org\/#website"},"primaryImageOfPage":{"@id":"https:\/\/veritasinfo.org\/?p=9163#primaryimage"},"image":{"@id":"https:\/\/veritasinfo.org\/?p=9163#primaryimage"},"thumbnailUrl":"https:\/\/veritasinfo.org\/wp-content\/uploads\/2025\/08\/Agim_Musliu.jpg","datePublished":"2025-08-23T17:09:48+00:00","author":{"@id":"https:\/\/veritasinfo.org\/#\/schema\/person\/7701f8c088bece422266b100a712374f"},"breadcrumb":{"@id":"https:\/\/veritasinfo.org\/?p=9163#breadcrumb"},"inLanguage":"en-US","potentialAction":[{"@type":"ReadAction","target":["https:\/\/veritasinfo.org\/?p=9163"]}]},{"@type":"ImageObject","inLanguage":"en-US","@id":"https:\/\/veritasinfo.org\/?p=9163#primaryimage","url":"https:\/\/veritasinfo.org\/wp-content\/uploads\/2025\/08\/Agim_Musliu.jpg","contentUrl":"https:\/\/veritasinfo.org\/wp-content\/uploads\/2025\/08\/Agim_Musliu.jpg","width":719,"height":433},{"@type":"BreadcrumbList","@id":"https:\/\/veritasinfo.org\/?p=9163#breadcrumb","itemListElement":[{"@type":"ListItem","position":1,"name":"Home","item":"https:\/\/veritasinfo.org\/"},{"@type":"ListItem","position":2,"name":"Musliu: Kosova duhet t\u00eb ndaloj\u00eb List\u00ebn Serbe, nj\u00ebsoj si Gjermania po shqyrton ndalimin e AfD-s\u00eb"}]},{"@type":"WebSite","@id":"https:\/\/veritasinfo.org\/#website","url":"https:\/\/veritasinfo.org\/","name":"","description":"","potentialAction":[{"@type":"SearchAction","target":{"@type":"EntryPoint","urlTemplate":"https:\/\/veritasinfo.org\/?s={search_term_string}"},"query-input":{"@type":"PropertyValueSpecification","valueRequired":true,"valueName":"search_term_string"}}],"inLanguage":"en-US"},{"@type":"Person","@id":"https:\/\/veritasinfo.org\/#\/schema\/person\/7701f8c088bece422266b100a712374f","name":"admin","image":{"@type":"ImageObject","inLanguage":"en-US","@id":"https:\/\/veritasinfo.org\/#\/schema\/person\/image\/","url":"https:\/\/secure.gravatar.com\/avatar\/ea53aa3bf6c9a12d5fde8ce4deff43fef3885ae33cf60184161a50d6987cfd2f?s=96&d=mm&r=g","contentUrl":"https:\/\/secure.gravatar.com\/avatar\/ea53aa3bf6c9a12d5fde8ce4deff43fef3885ae33cf60184161a50d6987cfd2f?s=96&d=mm&r=g","caption":"admin"},"sameAs":["https:\/\/veritasinfo.org"],"url":"https:\/\/veritasinfo.org\/?author=1"}]}},"featured_image_urls":{"full":["https:\/\/veritasinfo.org\/wp-content\/uploads\/2025\/08\/Agim_Musliu.jpg",719,433,false],"thumbnail":["https:\/\/veritasinfo.org\/wp-content\/uploads\/2025\/08\/Agim_Musliu-150x150.jpg",150,150,true],"medium":["https:\/\/veritasinfo.org\/wp-content\/uploads\/2025\/08\/Agim_Musliu-300x181.jpg",300,181,true],"medium_large":["https:\/\/veritasinfo.org\/wp-content\/uploads\/2025\/08\/Agim_Musliu.jpg",640,385,false],"large":["https:\/\/veritasinfo.org\/wp-content\/uploads\/2025\/08\/Agim_Musliu.jpg",640,385,false],"1536x1536":["https:\/\/veritasinfo.org\/wp-content\/uploads\/2025\/08\/Agim_Musliu.jpg",719,433,false],"2048x2048":["https:\/\/veritasinfo.org\/wp-content\/uploads\/2025\/08\/Agim_Musliu.jpg",719,433,false],"kreeti-slider-full":["https:\/\/veritasinfo.org\/wp-content\/uploads\/2025\/08\/Agim_Musliu.jpg",719,433,false],"kreeti-featured":["https:\/\/veritasinfo.org\/wp-content\/uploads\/2025\/08\/Agim_Musliu.jpg",719,433,false],"kreeti-medium":["https:\/\/veritasinfo.org\/wp-content\/uploads\/2025\/08\/Agim_Musliu.jpg",719,433,false],"kreeti-medium-square":["https:\/\/veritasinfo.org\/wp-content\/uploads\/2025\/08\/Agim_Musliu.jpg",350,211,false]},"author_info":{"info":["admin"]},"category_info":"<a href=\"https:\/\/veritasinfo.org\/?cat=58\" rel=\"category\">Politik\u00eb<\/a>","tag_info":"Politik\u00eb","comment_count":"0","_links":{"self":[{"href":"https:\/\/veritasinfo.org\/index.php?rest_route=\/wp\/v2\/posts\/9163","targetHints":{"allow":["GET"]}}],"collection":[{"href":"https:\/\/veritasinfo.org\/index.php?rest_route=\/wp\/v2\/posts"}],"about":[{"href":"https:\/\/veritasinfo.org\/index.php?rest_route=\/wp\/v2\/types\/post"}],"author":[{"embeddable":true,"href":"https:\/\/veritasinfo.org\/index.php?rest_route=\/wp\/v2\/users\/1"}],"replies":[{"embeddable":true,"href":"https:\/\/veritasinfo.org\/index.php?rest_route=%2Fwp%2Fv2%2Fcomments&post=9163"}],"version-history":[{"count":1,"href":"https:\/\/veritasinfo.org\/index.php?rest_route=\/wp\/v2\/posts\/9163\/revisions"}],"predecessor-version":[{"id":9165,"href":"https:\/\/veritasinfo.org\/index.php?rest_route=\/wp\/v2\/posts\/9163\/revisions\/9165"}],"wp:featuredmedia":[{"embeddable":true,"href":"https:\/\/veritasinfo.org\/index.php?rest_route=\/wp\/v2\/media\/9164"}],"wp:attachment":[{"href":"https:\/\/veritasinfo.org\/index.php?rest_route=%2Fwp%2Fv2%2Fmedia&parent=9163"}],"wp:term":[{"taxonomy":"category","embeddable":true,"href":"https:\/\/veritasinfo.org\/index.php?rest_route=%2Fwp%2Fv2%2Fcategories&post=9163"},{"taxonomy":"post_tag","embeddable":true,"href":"https:\/\/veritasinfo.org\/index.php?rest_route=%2Fwp%2Fv2%2Ftags&post=9163"}],"curies":[{"name":"wp","href":"https:\/\/api.w.org\/{rel}","templated":true}]}}