{"id":9135,"date":"2025-08-23T17:29:20","date_gmt":"2025-08-23T15:29:20","guid":{"rendered":"https:\/\/veritasinfo.org\/?p=9135"},"modified":"2025-08-23T17:30:55","modified_gmt":"2025-08-23T15:30:55","slug":"vdiq-gazetari-dhe-publicisti-artur-zheji","status":"publish","type":"post","link":"https:\/\/veritasinfo.org\/?p=9135","title":{"rendered":"Vdiq gazetari dhe publicisti Artur Zheji"},"content":{"rendered":"<p>Sarand\u00eb, 23 Gusht 2025<\/p>\n<p>Mediat n\u00eb Shqip\u00ebri raportojn\u00eb se Zheji nd\u00ebrroi jet\u00eb n\u00eb Sarand\u00eb, pas nj\u00eb sulmi kardiak. Ai ndodhej me familjen n\u00eb pushime kur p\u00ebsoi sulmin, nd\u00ebrsa \u00ebsht\u00eb d\u00ebrguar pa shenja jete n\u00eb spital.<\/p>\n<p>Policia e Sarand\u00ebs ka b\u00ebr\u00eb t\u00eb ditur se ngjarja ka ndodhur pasditen e s\u00eb shtun\u00ebs, pran\u00eb nj\u00eb restoranti n\u00eb rrug\u00ebn \u201cButrinti\u201d. Sipas njoftimit zyrtar, Zheji ka nd\u00ebrruar jet\u00eb gjat\u00eb transportit drejt spitalit.<\/p>\n<p>Artur Zheji ishte nj\u00eb nga figurat m\u00eb t\u00eb njohura t\u00eb medias shqiptare. Ai ka drejtuar disa emisione televizive, ka qen\u00eb n\u00eb krye t\u00eb Radio Televizionit Shqiptar, si edhe themelues e drejtues i gazet\u00ebs \u201cMapo\u201d.<\/p>\n","protected":false},"excerpt":{"rendered":"<p>Sarand\u00eb, 23 Gusht 2025 Mediat n\u00eb Shqip\u00ebri raportojn\u00eb se Zheji nd\u00ebrroi jet\u00eb n\u00eb Sarand\u00eb, pas nj\u00eb sulmi kardiak. Ai ndodhej me familjen n\u00eb pushime kur<\/p>\n","protected":false},"author":1,"featured_media":9138,"comment_status":"open","ping_status":"open","sticky":false,"template":"","format":"standard","meta":{"footnotes":""},"categories":[60],"tags":[],"class_list":["post-9135","post","type-post","status-publish","format-standard","has-post-thumbnail","hentry","category-shoqerore-sq"],"yoast_head":"<!-- This site is optimized with the Yoast SEO plugin v25.3.1 - https:\/\/yoast.com\/wordpress\/plugins\/seo\/ -->\n<title>Vdiq gazetari dhe publicisti Artur Zheji -<\/title>\n<meta name=\"robots\" content=\"index, follow, max-snippet:-1, max-image-preview:large, max-video-preview:-1\" \/>\n<link rel=\"canonical\" href=\"https:\/\/veritasinfo.org\/?p=9135\" \/>\n<meta property=\"og:locale\" content=\"en_US\" \/>\n<meta property=\"og:type\" content=\"article\" \/>\n<meta property=\"og:title\" content=\"Vdiq gazetari dhe publicisti Artur Zheji -\" \/>\n<meta property=\"og:description\" content=\"Sarand\u00eb, 23 Gusht 2025 Mediat n\u00eb Shqip\u00ebri raportojn\u00eb se Zheji nd\u00ebrroi jet\u00eb n\u00eb Sarand\u00eb, pas nj\u00eb sulmi kardiak. Ai ndodhej me familjen n\u00eb pushime kur\" \/>\n<meta property=\"og:url\" content=\"https:\/\/veritasinfo.org\/?p=9135\" \/>\n<meta property=\"article:published_time\" content=\"2025-08-23T15:29:20+00:00\" \/>\n<meta property=\"article:modified_time\" content=\"2025-08-23T15:30:55+00:00\" \/>\n<meta property=\"og:image\" content=\"https:\/\/veritasinfo.org\/wp-content\/uploads\/2025\/08\/IMG_2715.webp\" \/>\n\t<meta property=\"og:image:width\" content=\"919\" \/>\n\t<meta property=\"og:image:height\" content=\"570\" \/>\n\t<meta property=\"og:image:type\" content=\"image\/webp\" \/>\n<meta name=\"author\" content=\"admin\" \/>\n<meta name=\"twitter:card\" content=\"summary_large_image\" \/>\n<meta name=\"twitter:label1\" content=\"Written by\" \/>\n\t<meta name=\"twitter:data1\" content=\"admin\" \/>\n\t<meta name=\"twitter:label2\" content=\"Est. reading time\" \/>\n\t<meta name=\"twitter:data2\" content=\"1 minute\" \/>\n<script type=\"application\/ld+json\" class=\"yoast-schema-graph\">{\"@context\":\"https:\/\/schema.org\",\"@graph\":[{\"@type\":\"WebPage\",\"@id\":\"https:\/\/veritasinfo.org\/?p=9135\",\"url\":\"https:\/\/veritasinfo.org\/?p=9135\",\"name\":\"Vdiq gazetari dhe publicisti Artur Zheji -\",\"isPartOf\":{\"@id\":\"https:\/\/veritasinfo.org\/#website\"},\"primaryImageOfPage\":{\"@id\":\"https:\/\/veritasinfo.org\/?p=9135#primaryimage\"},\"image\":{\"@id\":\"https:\/\/veritasinfo.org\/?p=9135#primaryimage\"},\"thumbnailUrl\":\"https:\/\/veritasinfo.org\/wp-content\/uploads\/2025\/08\/IMG_2715.webp\",\"datePublished\":\"2025-08-23T15:29:20+00:00\",\"dateModified\":\"2025-08-23T15:30:55+00:00\",\"author\":{\"@id\":\"https:\/\/veritasinfo.org\/#\/schema\/person\/7701f8c088bece422266b100a712374f\"},\"breadcrumb\":{\"@id\":\"https:\/\/veritasinfo.org\/?p=9135#breadcrumb\"},\"inLanguage\":\"en-US\",\"potentialAction\":[{\"@type\":\"ReadAction\",\"target\":[\"https:\/\/veritasinfo.org\/?p=9135\"]}]},{\"@type\":\"ImageObject\",\"inLanguage\":\"en-US\",\"@id\":\"https:\/\/veritasinfo.org\/?p=9135#primaryimage\",\"url\":\"https:\/\/veritasinfo.org\/wp-content\/uploads\/2025\/08\/IMG_2715.webp\",\"contentUrl\":\"https:\/\/veritasinfo.org\/wp-content\/uploads\/2025\/08\/IMG_2715.webp\",\"width\":919,\"height\":570},{\"@type\":\"BreadcrumbList\",\"@id\":\"https:\/\/veritasinfo.org\/?p=9135#breadcrumb\",\"itemListElement\":[{\"@type\":\"ListItem\",\"position\":1,\"name\":\"Home\",\"item\":\"https:\/\/veritasinfo.org\/\"},{\"@type\":\"ListItem\",\"position\":2,\"name\":\"Vdiq gazetari dhe publicisti Artur Zheji\"}]},{\"@type\":\"WebSite\",\"@id\":\"https:\/\/veritasinfo.org\/#website\",\"url\":\"https:\/\/veritasinfo.org\/\",\"name\":\"\",\"description\":\"\",\"potentialAction\":[{\"@type\":\"SearchAction\",\"target\":{\"@type\":\"EntryPoint\",\"urlTemplate\":\"https:\/\/veritasinfo.org\/?s={search_term_string}\"},\"query-input\":{\"@type\":\"PropertyValueSpecification\",\"valueRequired\":true,\"valueName\":\"search_term_string\"}}],\"inLanguage\":\"en-US\"},{\"@type\":\"Person\",\"@id\":\"https:\/\/veritasinfo.org\/#\/schema\/person\/7701f8c088bece422266b100a712374f\",\"name\":\"admin\",\"image\":{\"@type\":\"ImageObject\",\"inLanguage\":\"en-US\",\"@id\":\"https:\/\/veritasinfo.org\/#\/schema\/person\/image\/\",\"url\":\"https:\/\/secure.gravatar.com\/avatar\/ea53aa3bf6c9a12d5fde8ce4deff43fef3885ae33cf60184161a50d6987cfd2f?s=96&d=mm&r=g\",\"contentUrl\":\"https:\/\/secure.gravatar.com\/avatar\/ea53aa3bf6c9a12d5fde8ce4deff43fef3885ae33cf60184161a50d6987cfd2f?s=96&d=mm&r=g\",\"caption\":\"admin\"},\"sameAs\":[\"https:\/\/veritasinfo.org\"],\"url\":\"https:\/\/veritasinfo.org\/?author=1\"}]}<\/script>\n<!-- \/ Yoast SEO plugin. -->","yoast_head_json":{"title":"Vdiq gazetari dhe publicisti Artur Zheji -","robots":{"index":"index","follow":"follow","max-snippet":"max-snippet:-1","max-image-preview":"max-image-preview:large","max-video-preview":"max-video-preview:-1"},"canonical":"https:\/\/veritasinfo.org\/?p=9135","og_locale":"en_US","og_type":"article","og_title":"Vdiq gazetari dhe publicisti Artur Zheji -","og_description":"Sarand\u00eb, 23 Gusht 2025 Mediat n\u00eb Shqip\u00ebri raportojn\u00eb se Zheji nd\u00ebrroi jet\u00eb n\u00eb Sarand\u00eb, pas nj\u00eb sulmi kardiak. Ai ndodhej me familjen n\u00eb pushime kur","og_url":"https:\/\/veritasinfo.org\/?p=9135","article_published_time":"2025-08-23T15:29:20+00:00","article_modified_time":"2025-08-23T15:30:55+00:00","og_image":[{"width":919,"height":570,"url":"https:\/\/veritasinfo.org\/wp-content\/uploads\/2025\/08\/IMG_2715.webp","type":"image\/webp"}],"author":"admin","twitter_card":"summary_large_image","twitter_misc":{"Written by":"admin","Est. reading time":"1 minute"},"schema":{"@context":"https:\/\/schema.org","@graph":[{"@type":"WebPage","@id":"https:\/\/veritasinfo.org\/?p=9135","url":"https:\/\/veritasinfo.org\/?p=9135","name":"Vdiq gazetari dhe publicisti Artur Zheji -","isPartOf":{"@id":"https:\/\/veritasinfo.org\/#website"},"primaryImageOfPage":{"@id":"https:\/\/veritasinfo.org\/?p=9135#primaryimage"},"image":{"@id":"https:\/\/veritasinfo.org\/?p=9135#primaryimage"},"thumbnailUrl":"https:\/\/veritasinfo.org\/wp-content\/uploads\/2025\/08\/IMG_2715.webp","datePublished":"2025-08-23T15:29:20+00:00","dateModified":"2025-08-23T15:30:55+00:00","author":{"@id":"https:\/\/veritasinfo.org\/#\/schema\/person\/7701f8c088bece422266b100a712374f"},"breadcrumb":{"@id":"https:\/\/veritasinfo.org\/?p=9135#breadcrumb"},"inLanguage":"en-US","potentialAction":[{"@type":"ReadAction","target":["https:\/\/veritasinfo.org\/?p=9135"]}]},{"@type":"ImageObject","inLanguage":"en-US","@id":"https:\/\/veritasinfo.org\/?p=9135#primaryimage","url":"https:\/\/veritasinfo.org\/wp-content\/uploads\/2025\/08\/IMG_2715.webp","contentUrl":"https:\/\/veritasinfo.org\/wp-content\/uploads\/2025\/08\/IMG_2715.webp","width":919,"height":570},{"@type":"BreadcrumbList","@id":"https:\/\/veritasinfo.org\/?p=9135#breadcrumb","itemListElement":[{"@type":"ListItem","position":1,"name":"Home","item":"https:\/\/veritasinfo.org\/"},{"@type":"ListItem","position":2,"name":"Vdiq gazetari dhe publicisti Artur Zheji"}]},{"@type":"WebSite","@id":"https:\/\/veritasinfo.org\/#website","url":"https:\/\/veritasinfo.org\/","name":"","description":"","potentialAction":[{"@type":"SearchAction","target":{"@type":"EntryPoint","urlTemplate":"https:\/\/veritasinfo.org\/?s={search_term_string}"},"query-input":{"@type":"PropertyValueSpecification","valueRequired":true,"valueName":"search_term_string"}}],"inLanguage":"en-US"},{"@type":"Person","@id":"https:\/\/veritasinfo.org\/#\/schema\/person\/7701f8c088bece422266b100a712374f","name":"admin","image":{"@type":"ImageObject","inLanguage":"en-US","@id":"https:\/\/veritasinfo.org\/#\/schema\/person\/image\/","url":"https:\/\/secure.gravatar.com\/avatar\/ea53aa3bf6c9a12d5fde8ce4deff43fef3885ae33cf60184161a50d6987cfd2f?s=96&d=mm&r=g","contentUrl":"https:\/\/secure.gravatar.com\/avatar\/ea53aa3bf6c9a12d5fde8ce4deff43fef3885ae33cf60184161a50d6987cfd2f?s=96&d=mm&r=g","caption":"admin"},"sameAs":["https:\/\/veritasinfo.org"],"url":"https:\/\/veritasinfo.org\/?author=1"}]}},"featured_image_urls":{"full":["https:\/\/veritasinfo.org\/wp-content\/uploads\/2025\/08\/IMG_2715.webp",919,570,false],"thumbnail":["https:\/\/veritasinfo.org\/wp-content\/uploads\/2025\/08\/IMG_2715-150x150.webp",150,150,true],"medium":["https:\/\/veritasinfo.org\/wp-content\/uploads\/2025\/08\/IMG_2715-300x186.webp",300,186,true],"medium_large":["https:\/\/veritasinfo.org\/wp-content\/uploads\/2025\/08\/IMG_2715-768x476.webp",640,397,true],"large":["https:\/\/veritasinfo.org\/wp-content\/uploads\/2025\/08\/IMG_2715.webp",640,397,false],"1536x1536":["https:\/\/veritasinfo.org\/wp-content\/uploads\/2025\/08\/IMG_2715.webp",919,570,false],"2048x2048":["https:\/\/veritasinfo.org\/wp-content\/uploads\/2025\/08\/IMG_2715.webp",919,570,false],"kreeti-slider-full":["https:\/\/veritasinfo.org\/wp-content\/uploads\/2025\/08\/IMG_2715.webp",919,570,false],"kreeti-featured":["https:\/\/veritasinfo.org\/wp-content\/uploads\/2025\/08\/IMG_2715.webp",919,570,false],"kreeti-medium":["https:\/\/veritasinfo.org\/wp-content\/uploads\/2025\/08\/IMG_2715.webp",720,447,false],"kreeti-medium-square":["https:\/\/veritasinfo.org\/wp-content\/uploads\/2025\/08\/IMG_2715.webp",350,217,false]},"author_info":{"info":["admin"]},"category_info":"<a href=\"https:\/\/veritasinfo.org\/?cat=60\" rel=\"category\">Shoq\u00ebrore<\/a>","tag_info":"Shoq\u00ebrore","comment_count":"0","_links":{"self":[{"href":"https:\/\/veritasinfo.org\/index.php?rest_route=\/wp\/v2\/posts\/9135","targetHints":{"allow":["GET"]}}],"collection":[{"href":"https:\/\/veritasinfo.org\/index.php?rest_route=\/wp\/v2\/posts"}],"about":[{"href":"https:\/\/veritasinfo.org\/index.php?rest_route=\/wp\/v2\/types\/post"}],"author":[{"embeddable":true,"href":"https:\/\/veritasinfo.org\/index.php?rest_route=\/wp\/v2\/users\/1"}],"replies":[{"embeddable":true,"href":"https:\/\/veritasinfo.org\/index.php?rest_route=%2Fwp%2Fv2%2Fcomments&post=9135"}],"version-history":[{"count":1,"href":"https:\/\/veritasinfo.org\/index.php?rest_route=\/wp\/v2\/posts\/9135\/revisions"}],"predecessor-version":[{"id":9137,"href":"https:\/\/veritasinfo.org\/index.php?rest_route=\/wp\/v2\/posts\/9135\/revisions\/9137"}],"wp:featuredmedia":[{"embeddable":true,"href":"https:\/\/veritasinfo.org\/index.php?rest_route=\/wp\/v2\/media\/9138"}],"wp:attachment":[{"href":"https:\/\/veritasinfo.org\/index.php?rest_route=%2Fwp%2Fv2%2Fmedia&parent=9135"}],"wp:term":[{"taxonomy":"category","embeddable":true,"href":"https:\/\/veritasinfo.org\/index.php?rest_route=%2Fwp%2Fv2%2Fcategories&post=9135"},{"taxonomy":"post_tag","embeddable":true,"href":"https:\/\/veritasinfo.org\/index.php?rest_route=%2Fwp%2Fv2%2Ftags&post=9135"}],"curies":[{"name":"wp","href":"https:\/\/api.w.org\/{rel}","templated":true}]}}