{"id":9129,"date":"2025-08-23T16:11:40","date_gmt":"2025-08-23T14:11:40","guid":{"rendered":"https:\/\/veritasinfo.org\/?p=9129"},"modified":"2025-08-23T16:11:40","modified_gmt":"2025-08-23T14:11:40","slug":"mbremje-artistike-ne-prishtine-per-te-nderuar-vepren-e-shen-nene-terezes","status":"publish","type":"post","link":"https:\/\/veritasinfo.org\/?p=9129","title":{"rendered":"Mbr\u00ebmje artistike n\u00eb Prishtin\u00eb p\u00ebr t\u00eb nderuar vepren e Sh\u00ebn N\u00ebn\u00eb Terez\u00ebs"},"content":{"rendered":"<p>Prishtin\u00eb, 23 Gusht 2025<\/p>\n<p><strong>Me rastin e 115-vjetorit t\u00eb lindjes s\u00eb Sh\u00ebn N\u00ebn\u00eb Terez\u00ebs dhe 20-vjetorit t\u00eb bekimit t\u00eb gurthemelit t\u00eb Katedrales q\u00eb mban emrin e saj, Katedralja \u201cSh\u00ebn N\u00ebn\u00eb Tereza\u201d n\u00eb Prishtin\u00eb organizon nj\u00eb mbr\u00ebmje solemne kulturore m\u00eb 26 gusht 2025, duke filluar nga ora 19:30.<\/strong><\/p>\n<p>Ngjarja do t\u00eb mbahet n\u00eb ambientet e katedrales dhe ka p\u00ebr q\u00ebllim t\u00eb nderoj\u00eb jet\u00ebn, vepr\u00ebn dhe trash\u00ebgimin\u00eb e pavdekshme t\u00eb humanistes shqiptare, e cila u b\u00eb simbol bot\u00ebror i dashuris\u00eb, p\u00ebrkushtimit dhe m\u00ebshir\u00ebs ndaj t\u00eb varf\u00ebrve.<\/p>\n<p>N\u00eb k\u00ebt\u00eb mbr\u00ebmje t\u00eb ve\u00e7ant\u00eb pritet t\u00eb performojn\u00eb artist\u00eb t\u00eb njohur nga t\u00eb gjitha trevat shqiptare, t\u00eb cil\u00ebt do t\u00eb sjellin p\u00ebrmes muzik\u00ebs dhe artit nj\u00eb mesazh mir\u00ebnjohjeje, paqeje dhe dashurie \u2013 n\u00eb nder t\u00eb figur\u00ebs s\u00eb Sh\u00ebn N\u00ebn\u00eb Terez\u00ebs, e njohur nga mbar\u00eb bota si \u201cN\u00ebna e madhe e Globit\u201d.<\/p>\n<p>Organizator\u00ebt ftojn\u00eb publikun e gjer\u00eb q\u00eb t\u2019i bashkohet k\u00ebsaj ngjarjeje t\u00eb r\u00ebnd\u00ebsishme kulturore e shpirt\u00ebrore, duke e konsideruar pjes\u00ebmarrjen nj\u00eb akt reflektimi dhe respekti ndaj jet\u00ebs dhe misionit t\u00eb N\u00ebn\u00eb Terez\u00ebs.<\/p>\n","protected":false},"excerpt":{"rendered":"<p>Prishtin\u00eb, 23 Gusht 2025 Me rastin e 115-vjetorit t\u00eb lindjes s\u00eb Sh\u00ebn N\u00ebn\u00eb Terez\u00ebs dhe 20-vjetorit t\u00eb bekimit t\u00eb gurthemelit t\u00eb Katedrales q\u00eb mban emrin<\/p>\n","protected":false},"author":1,"featured_media":9130,"comment_status":"open","ping_status":"open","sticky":false,"template":"","format":"standard","meta":{"footnotes":""},"categories":[54],"tags":[],"class_list":["post-9129","post","type-post","status-publish","format-standard","has-post-thumbnail","hentry","category-kulture-sq"],"yoast_head":"<!-- This site is optimized with the Yoast SEO plugin v25.3.1 - https:\/\/yoast.com\/wordpress\/plugins\/seo\/ -->\n<title>Mbr\u00ebmje artistike n\u00eb Prishtin\u00eb p\u00ebr t\u00eb nderuar vepren e Sh\u00ebn N\u00ebn\u00eb Terez\u00ebs -<\/title>\n<meta name=\"robots\" content=\"index, follow, max-snippet:-1, max-image-preview:large, max-video-preview:-1\" \/>\n<link rel=\"canonical\" href=\"https:\/\/veritasinfo.org\/?p=9129\" \/>\n<meta property=\"og:locale\" content=\"en_US\" \/>\n<meta property=\"og:type\" content=\"article\" \/>\n<meta property=\"og:title\" content=\"Mbr\u00ebmje artistike n\u00eb Prishtin\u00eb p\u00ebr t\u00eb nderuar vepren e Sh\u00ebn N\u00ebn\u00eb Terez\u00ebs -\" \/>\n<meta property=\"og:description\" content=\"Prishtin\u00eb, 23 Gusht 2025 Me rastin e 115-vjetorit t\u00eb lindjes s\u00eb Sh\u00ebn N\u00ebn\u00eb Terez\u00ebs dhe 20-vjetorit t\u00eb bekimit t\u00eb gurthemelit t\u00eb Katedrales q\u00eb mban emrin\" \/>\n<meta property=\"og:url\" content=\"https:\/\/veritasinfo.org\/?p=9129\" \/>\n<meta property=\"article:published_time\" content=\"2025-08-23T14:11:40+00:00\" \/>\n<meta property=\"og:image\" content=\"https:\/\/veritasinfo.org\/wp-content\/uploads\/2025\/08\/IMG_2712.png\" \/>\n\t<meta property=\"og:image:width\" content=\"424\" \/>\n\t<meta property=\"og:image:height\" content=\"600\" \/>\n\t<meta property=\"og:image:type\" content=\"image\/png\" \/>\n<meta name=\"author\" content=\"admin\" \/>\n<meta name=\"twitter:card\" content=\"summary_large_image\" \/>\n<meta name=\"twitter:label1\" content=\"Written by\" \/>\n\t<meta name=\"twitter:data1\" content=\"admin\" \/>\n\t<meta name=\"twitter:label2\" content=\"Est. reading time\" \/>\n\t<meta name=\"twitter:data2\" content=\"1 minute\" \/>\n<script type=\"application\/ld+json\" class=\"yoast-schema-graph\">{\"@context\":\"https:\/\/schema.org\",\"@graph\":[{\"@type\":\"WebPage\",\"@id\":\"https:\/\/veritasinfo.org\/?p=9129\",\"url\":\"https:\/\/veritasinfo.org\/?p=9129\",\"name\":\"Mbr\u00ebmje artistike n\u00eb Prishtin\u00eb p\u00ebr t\u00eb nderuar vepren e Sh\u00ebn N\u00ebn\u00eb Terez\u00ebs -\",\"isPartOf\":{\"@id\":\"https:\/\/veritasinfo.org\/#website\"},\"primaryImageOfPage\":{\"@id\":\"https:\/\/veritasinfo.org\/?p=9129#primaryimage\"},\"image\":{\"@id\":\"https:\/\/veritasinfo.org\/?p=9129#primaryimage\"},\"thumbnailUrl\":\"https:\/\/veritasinfo.org\/wp-content\/uploads\/2025\/08\/IMG_2712.png\",\"datePublished\":\"2025-08-23T14:11:40+00:00\",\"author\":{\"@id\":\"https:\/\/veritasinfo.org\/#\/schema\/person\/7701f8c088bece422266b100a712374f\"},\"breadcrumb\":{\"@id\":\"https:\/\/veritasinfo.org\/?p=9129#breadcrumb\"},\"inLanguage\":\"en-US\",\"potentialAction\":[{\"@type\":\"ReadAction\",\"target\":[\"https:\/\/veritasinfo.org\/?p=9129\"]}]},{\"@type\":\"ImageObject\",\"inLanguage\":\"en-US\",\"@id\":\"https:\/\/veritasinfo.org\/?p=9129#primaryimage\",\"url\":\"https:\/\/veritasinfo.org\/wp-content\/uploads\/2025\/08\/IMG_2712.png\",\"contentUrl\":\"https:\/\/veritasinfo.org\/wp-content\/uploads\/2025\/08\/IMG_2712.png\",\"width\":424,\"height\":600},{\"@type\":\"BreadcrumbList\",\"@id\":\"https:\/\/veritasinfo.org\/?p=9129#breadcrumb\",\"itemListElement\":[{\"@type\":\"ListItem\",\"position\":1,\"name\":\"Home\",\"item\":\"https:\/\/veritasinfo.org\/\"},{\"@type\":\"ListItem\",\"position\":2,\"name\":\"Mbr\u00ebmje artistike n\u00eb Prishtin\u00eb p\u00ebr t\u00eb nderuar vepren e Sh\u00ebn N\u00ebn\u00eb Terez\u00ebs\"}]},{\"@type\":\"WebSite\",\"@id\":\"https:\/\/veritasinfo.org\/#website\",\"url\":\"https:\/\/veritasinfo.org\/\",\"name\":\"\",\"description\":\"\",\"potentialAction\":[{\"@type\":\"SearchAction\",\"target\":{\"@type\":\"EntryPoint\",\"urlTemplate\":\"https:\/\/veritasinfo.org\/?s={search_term_string}\"},\"query-input\":{\"@type\":\"PropertyValueSpecification\",\"valueRequired\":true,\"valueName\":\"search_term_string\"}}],\"inLanguage\":\"en-US\"},{\"@type\":\"Person\",\"@id\":\"https:\/\/veritasinfo.org\/#\/schema\/person\/7701f8c088bece422266b100a712374f\",\"name\":\"admin\",\"image\":{\"@type\":\"ImageObject\",\"inLanguage\":\"en-US\",\"@id\":\"https:\/\/veritasinfo.org\/#\/schema\/person\/image\/\",\"url\":\"https:\/\/secure.gravatar.com\/avatar\/ea53aa3bf6c9a12d5fde8ce4deff43fef3885ae33cf60184161a50d6987cfd2f?s=96&d=mm&r=g\",\"contentUrl\":\"https:\/\/secure.gravatar.com\/avatar\/ea53aa3bf6c9a12d5fde8ce4deff43fef3885ae33cf60184161a50d6987cfd2f?s=96&d=mm&r=g\",\"caption\":\"admin\"},\"sameAs\":[\"https:\/\/veritasinfo.org\"],\"url\":\"https:\/\/veritasinfo.org\/?author=1\"}]}<\/script>\n<!-- \/ Yoast SEO plugin. -->","yoast_head_json":{"title":"Mbr\u00ebmje artistike n\u00eb Prishtin\u00eb p\u00ebr t\u00eb nderuar vepren e Sh\u00ebn N\u00ebn\u00eb Terez\u00ebs -","robots":{"index":"index","follow":"follow","max-snippet":"max-snippet:-1","max-image-preview":"max-image-preview:large","max-video-preview":"max-video-preview:-1"},"canonical":"https:\/\/veritasinfo.org\/?p=9129","og_locale":"en_US","og_type":"article","og_title":"Mbr\u00ebmje artistike n\u00eb Prishtin\u00eb p\u00ebr t\u00eb nderuar vepren e Sh\u00ebn N\u00ebn\u00eb Terez\u00ebs -","og_description":"Prishtin\u00eb, 23 Gusht 2025 Me rastin e 115-vjetorit t\u00eb lindjes s\u00eb Sh\u00ebn N\u00ebn\u00eb Terez\u00ebs dhe 20-vjetorit t\u00eb bekimit t\u00eb gurthemelit t\u00eb Katedrales q\u00eb mban emrin","og_url":"https:\/\/veritasinfo.org\/?p=9129","article_published_time":"2025-08-23T14:11:40+00:00","og_image":[{"width":424,"height":600,"url":"https:\/\/veritasinfo.org\/wp-content\/uploads\/2025\/08\/IMG_2712.png","type":"image\/png"}],"author":"admin","twitter_card":"summary_large_image","twitter_misc":{"Written by":"admin","Est. reading time":"1 minute"},"schema":{"@context":"https:\/\/schema.org","@graph":[{"@type":"WebPage","@id":"https:\/\/veritasinfo.org\/?p=9129","url":"https:\/\/veritasinfo.org\/?p=9129","name":"Mbr\u00ebmje artistike n\u00eb Prishtin\u00eb p\u00ebr t\u00eb nderuar vepren e Sh\u00ebn N\u00ebn\u00eb Terez\u00ebs -","isPartOf":{"@id":"https:\/\/veritasinfo.org\/#website"},"primaryImageOfPage":{"@id":"https:\/\/veritasinfo.org\/?p=9129#primaryimage"},"image":{"@id":"https:\/\/veritasinfo.org\/?p=9129#primaryimage"},"thumbnailUrl":"https:\/\/veritasinfo.org\/wp-content\/uploads\/2025\/08\/IMG_2712.png","datePublished":"2025-08-23T14:11:40+00:00","author":{"@id":"https:\/\/veritasinfo.org\/#\/schema\/person\/7701f8c088bece422266b100a712374f"},"breadcrumb":{"@id":"https:\/\/veritasinfo.org\/?p=9129#breadcrumb"},"inLanguage":"en-US","potentialAction":[{"@type":"ReadAction","target":["https:\/\/veritasinfo.org\/?p=9129"]}]},{"@type":"ImageObject","inLanguage":"en-US","@id":"https:\/\/veritasinfo.org\/?p=9129#primaryimage","url":"https:\/\/veritasinfo.org\/wp-content\/uploads\/2025\/08\/IMG_2712.png","contentUrl":"https:\/\/veritasinfo.org\/wp-content\/uploads\/2025\/08\/IMG_2712.png","width":424,"height":600},{"@type":"BreadcrumbList","@id":"https:\/\/veritasinfo.org\/?p=9129#breadcrumb","itemListElement":[{"@type":"ListItem","position":1,"name":"Home","item":"https:\/\/veritasinfo.org\/"},{"@type":"ListItem","position":2,"name":"Mbr\u00ebmje artistike n\u00eb Prishtin\u00eb p\u00ebr t\u00eb nderuar vepren e Sh\u00ebn N\u00ebn\u00eb Terez\u00ebs"}]},{"@type":"WebSite","@id":"https:\/\/veritasinfo.org\/#website","url":"https:\/\/veritasinfo.org\/","name":"","description":"","potentialAction":[{"@type":"SearchAction","target":{"@type":"EntryPoint","urlTemplate":"https:\/\/veritasinfo.org\/?s={search_term_string}"},"query-input":{"@type":"PropertyValueSpecification","valueRequired":true,"valueName":"search_term_string"}}],"inLanguage":"en-US"},{"@type":"Person","@id":"https:\/\/veritasinfo.org\/#\/schema\/person\/7701f8c088bece422266b100a712374f","name":"admin","image":{"@type":"ImageObject","inLanguage":"en-US","@id":"https:\/\/veritasinfo.org\/#\/schema\/person\/image\/","url":"https:\/\/secure.gravatar.com\/avatar\/ea53aa3bf6c9a12d5fde8ce4deff43fef3885ae33cf60184161a50d6987cfd2f?s=96&d=mm&r=g","contentUrl":"https:\/\/secure.gravatar.com\/avatar\/ea53aa3bf6c9a12d5fde8ce4deff43fef3885ae33cf60184161a50d6987cfd2f?s=96&d=mm&r=g","caption":"admin"},"sameAs":["https:\/\/veritasinfo.org"],"url":"https:\/\/veritasinfo.org\/?author=1"}]}},"featured_image_urls":{"full":["https:\/\/veritasinfo.org\/wp-content\/uploads\/2025\/08\/IMG_2712.png",424,600,false],"thumbnail":["https:\/\/veritasinfo.org\/wp-content\/uploads\/2025\/08\/IMG_2712-150x150.png",150,150,true],"medium":["https:\/\/veritasinfo.org\/wp-content\/uploads\/2025\/08\/IMG_2712-212x300.png",212,300,true],"medium_large":["https:\/\/veritasinfo.org\/wp-content\/uploads\/2025\/08\/IMG_2712.png",424,600,false],"large":["https:\/\/veritasinfo.org\/wp-content\/uploads\/2025\/08\/IMG_2712.png",424,600,false],"1536x1536":["https:\/\/veritasinfo.org\/wp-content\/uploads\/2025\/08\/IMG_2712.png",424,600,false],"2048x2048":["https:\/\/veritasinfo.org\/wp-content\/uploads\/2025\/08\/IMG_2712.png",424,600,false],"kreeti-slider-full":["https:\/\/veritasinfo.org\/wp-content\/uploads\/2025\/08\/IMG_2712.png",424,600,false],"kreeti-featured":["https:\/\/veritasinfo.org\/wp-content\/uploads\/2025\/08\/IMG_2712.png",424,600,false],"kreeti-medium":["https:\/\/veritasinfo.org\/wp-content\/uploads\/2025\/08\/IMG_2712.png",375,530,false],"kreeti-medium-square":["https:\/\/veritasinfo.org\/wp-content\/uploads\/2025\/08\/IMG_2712.png",247,350,false]},"author_info":{"info":["admin"]},"category_info":"<a href=\"https:\/\/veritasinfo.org\/?cat=54\" rel=\"category\">Kultur\u00eb<\/a>","tag_info":"Kultur\u00eb","comment_count":"0","_links":{"self":[{"href":"https:\/\/veritasinfo.org\/index.php?rest_route=\/wp\/v2\/posts\/9129","targetHints":{"allow":["GET"]}}],"collection":[{"href":"https:\/\/veritasinfo.org\/index.php?rest_route=\/wp\/v2\/posts"}],"about":[{"href":"https:\/\/veritasinfo.org\/index.php?rest_route=\/wp\/v2\/types\/post"}],"author":[{"embeddable":true,"href":"https:\/\/veritasinfo.org\/index.php?rest_route=\/wp\/v2\/users\/1"}],"replies":[{"embeddable":true,"href":"https:\/\/veritasinfo.org\/index.php?rest_route=%2Fwp%2Fv2%2Fcomments&post=9129"}],"version-history":[{"count":1,"href":"https:\/\/veritasinfo.org\/index.php?rest_route=\/wp\/v2\/posts\/9129\/revisions"}],"predecessor-version":[{"id":9131,"href":"https:\/\/veritasinfo.org\/index.php?rest_route=\/wp\/v2\/posts\/9129\/revisions\/9131"}],"wp:featuredmedia":[{"embeddable":true,"href":"https:\/\/veritasinfo.org\/index.php?rest_route=\/wp\/v2\/media\/9130"}],"wp:attachment":[{"href":"https:\/\/veritasinfo.org\/index.php?rest_route=%2Fwp%2Fv2%2Fmedia&parent=9129"}],"wp:term":[{"taxonomy":"category","embeddable":true,"href":"https:\/\/veritasinfo.org\/index.php?rest_route=%2Fwp%2Fv2%2Fcategories&post=9129"},{"taxonomy":"post_tag","embeddable":true,"href":"https:\/\/veritasinfo.org\/index.php?rest_route=%2Fwp%2Fv2%2Ftags&post=9129"}],"curies":[{"name":"wp","href":"https:\/\/api.w.org\/{rel}","templated":true}]}}