{"id":9118,"date":"2025-08-23T14:10:02","date_gmt":"2025-08-23T12:10:02","guid":{"rendered":"https:\/\/veritasinfo.org\/?p=9118"},"modified":"2025-08-23T14:10:02","modified_gmt":"2025-08-23T12:10:02","slug":"zemlje-pod-sankcijama-zapada-prijatelji-srbije","status":"publish","type":"post","link":"https:\/\/veritasinfo.org\/?p=9118&lang=sr","title":{"rendered":"Zemlje pod sankcijama Zapada, prijatelji Srbije"},"content":{"rendered":"<p><strong>Beograd, 23 avgust 2025<\/strong><\/p>\n<p>Zvani\u010dni Beograd godinama odr\u017eava veze sa re\u017eimima u Rusiji, Kini, Belorusiji, Venecueli i Iranu, \u0161to je dovelo do kritika Evropske unije (EU), ali samo kroz saop\u0161tenja.<\/p>\n<p>U \u010detvrtak, 21. avgusta, stigla su dva izve\u0161taja koja potvr\u0111uju ovaj pravac spoljne politike Srbije.<\/p>\n<p>Predsednik Srbije Aleksandar Vu\u010dic\u0301 je prvobitno najavio da c\u0301e uskoro biti organizovan sastanak srpskih i ruskih zvani\u010dnika \u201ena najvi\u0161em nivou\u201c, ali nije izneo dalje detalje.<\/p>\n<p>Istog dana, \u0161ef srpske dr\u017eave je objavio da je obavio telefonski razgovor sa predsednikom Venecuele Nikolasom Madurom, za koga EU smatra da nema legitimitet demokratski izabranog predsednika zbog izbornih nepravilnosti.<\/p>\n<p>Vu\u010dic\u0301 ga je, me\u0111utim, nazvao \u201evelikim prijateljem\u201c Srbije.<\/p>\n<p>Pozicija koju Vu\u010dic\u0301eva Srbija ima u me\u0111unarodnom prostoru mo\u017ee se razumeti ako se analizira iz perspektive klju\u010dnih principa spoljne politike Rusije i Kine, koji su sa\u017eeti u frazi: multipolarni svet.<\/p>\n<p>Ovo procenjuje Erik Gordi, profesor politi\u010dke sociologije na Odeljenju za slovenske i isto\u010dnoevropske studije Univerziteta u Londonu.<\/p>\n<p>\u201eTo zna\u010di da su vi\u0161e orijentisani na ja\u010danje regionalnih sila, nego globalnih. Cilj je razvodnjavanje moc\u0301i ekonomski najja\u010dih dr\u017eava poput SAD i evropskih zemalja. To su promovisali i Vu\u010dic\u0301 i desni\u010darske stranke u Srbiji, kada govore o sebi kao pristalicama suvereniteta\u201c, ocenjuje Gordi.<\/p>\n<p>Uprkos pozivima iz Brisela da ne putuje u Moskvu, predsednik Srbije je prisustvovao obele\u017eavanju Dana pobede nad fa\u0161izmom u Drugom svetskom ratu 9. maja.<\/p>\n<p>Vu\u010dic\u0301 se tako\u0111e sastao sa ruskim predsednikom Vladimirom Putinom, zahvaliv\u0161i mu na \u201evelikoj podr\u0161ci\u201c zvani\u010dnoj politici Beograda o Kosovu.<\/p>\n<p>\u201e\u010celi\u010dno prijateljstvo\u201c je fraza koju srpski zvani\u010dnici \u010desto koriste da opi\u0161u odnose sa Narodnom Republikom Kinom.<\/p>\n<p>Predsednik Vu\u010dic\u0301 naziva svog kineskog kolegu, Si \u0110inpinga, \u201evelikim prijateljem i bratom\u201c. Krajem jula, Vu\u010dic\u0301 je najavio da c\u0301e se sastati sa kineskim predsednikom u Pekingu 3. septembra.<\/p>\n<p>\u201eZa\u0161to ne ic\u0301i u Venecuelu? Srbija nije zemlja koja prima nare\u0111enja iz inostranstva\u201c, bio je odgovor predsednice Skup\u0161tine Srbije, Ane Brnabic\u0301, 15. januara, kada ju je REL pitao o njenom prisustvu na inauguraciji Nikolasa Madura u Karakasu nekoliko dana ranije.<\/p>\n<p>Evropska komisija je izjavila da bi se Srbija trebalo uzdr\u017eati od postupaka koji su u suprotnosti sa spoljnom politikom EU.<\/p>\n<p>Erik Gordi nagla\u0161ava da bi bilo neta\u010dno rec\u0301i da Srbija nu\u017eno neguje bliskost sa autokratskim re\u017eimima.<\/p>\n<p>\u201ePonovo, nivo interesovanja je vi\u0161e povezan sa ekonomskim razlozima. Ogromni profiti dolaze od prodaje oru\u017eja i naoru\u017eanja \u0161irom sveta, uglavnom zemljama koje su nekada bile klijenti Jugoslavije\u201c, ka\u017ee Gordi.<\/p>\n<p>Nakon po\u010detka izraelsko-iranskog sukoba, 23. juna, Vu\u010dic\u0301 je izjavio da je Srbija obustavila izvoz oru\u017eja.<\/p>\n<p>Od 2022. godine zvani\u010dni podaci o izvozu oru\u017eja iz Srbije nisu objavljeni, iako zakon to predvi\u0111a.<\/p>\n<p>Krajem juna, ruska Spoljna obave\u0161tajna slu\u017eba optu\u017eila je Srbiju da njena municija zavr\u0161ava preko zemalja NATO-a u Ukrajini. Beograd je to nekoliko puta demantovao, rekav\u0161i da nema kontrolu nad kona\u010dnim odredi\u0161tem nakon \u0161to se oru\u017eje proda trec\u0301im zemljama.<\/p>\n<p>Ovo pitanje je tako\u0111e stavilo odnose Srbije sa Iranom u centar pa\u017enje.Iako je zvani\u010dni Beograd tvrdio da je neutralan u izraelsko-iranskom sukobu, podaci o trgovini pokazuju vec\u0301u pristrasnost prema Tel Avivu.<\/p>\n<p>Srbija je ponovo vi\u0161e puta propustila da se pridr\u017eava odluka EU o sankcijama protiv Irana, kako zbog njegovih nuklearnih aktivnosti, tako i zbog kr\u0161enja ljudskih prava.<\/p>\n","protected":false},"excerpt":{"rendered":"<p>Beograd, 23 avgust 2025 Zvani\u010dni Beograd godinama odr\u017eava veze sa re\u017eimima u Rusiji, Kini, Belorusiji, Venecueli i Iranu, \u0161to je dovelo do kritika Evropske unije<\/p>\n","protected":false},"author":2,"featured_media":9117,"comment_status":"open","ping_status":"open","sticky":false,"template":"","format":"standard","meta":{"footnotes":""},"categories":[24],"tags":[],"class_list":["post-9118","post","type-post","status-publish","format-standard","has-post-thumbnail","hentry","category-uncategorized-sr"],"yoast_head":"<!-- This site is optimized with the Yoast SEO plugin v25.3.1 - https:\/\/yoast.com\/wordpress\/plugins\/seo\/ -->\n<title>Zemlje pod sankcijama Zapada, prijatelji Srbije -<\/title>\n<meta name=\"robots\" content=\"index, follow, max-snippet:-1, max-image-preview:large, max-video-preview:-1\" \/>\n<link rel=\"canonical\" href=\"https:\/\/veritasinfo.org\/?p=9118&lang=sr\" \/>\n<meta property=\"og:locale\" content=\"en_US\" \/>\n<meta property=\"og:type\" content=\"article\" \/>\n<meta property=\"og:title\" content=\"Zemlje pod sankcijama Zapada, prijatelji Srbije -\" \/>\n<meta property=\"og:description\" content=\"Beograd, 23 avgust 2025 Zvani\u010dni Beograd godinama odr\u017eava veze sa re\u017eimima u Rusiji, Kini, Belorusiji, Venecueli i Iranu, \u0161to je dovelo do kritika Evropske unije\" \/>\n<meta property=\"og:url\" content=\"https:\/\/veritasinfo.org\/?p=9118&amp;lang=sr\" \/>\n<meta property=\"article:published_time\" content=\"2025-08-23T12:10:02+00:00\" \/>\n<meta property=\"og:image\" content=\"https:\/\/veritasinfo.org\/wp-content\/uploads\/2025\/08\/Vucic-Putin-foto-Facebook-Aleksandar-Vucic-1024x681-1.jpg\" \/>\n\t<meta property=\"og:image:width\" content=\"1024\" \/>\n\t<meta property=\"og:image:height\" content=\"681\" \/>\n\t<meta property=\"og:image:type\" content=\"image\/jpeg\" \/>\n<meta name=\"author\" content=\"US1\" \/>\n<meta name=\"twitter:card\" content=\"summary_large_image\" \/>\n<meta name=\"twitter:label1\" content=\"Written by\" \/>\n\t<meta name=\"twitter:data1\" content=\"US1\" \/>\n\t<meta name=\"twitter:label2\" content=\"Est. reading time\" \/>\n\t<meta name=\"twitter:data2\" content=\"3 minutes\" \/>\n<script type=\"application\/ld+json\" class=\"yoast-schema-graph\">{\"@context\":\"https:\/\/schema.org\",\"@graph\":[{\"@type\":\"WebPage\",\"@id\":\"https:\/\/veritasinfo.org\/?p=9118&lang=sr\",\"url\":\"https:\/\/veritasinfo.org\/?p=9118&lang=sr\",\"name\":\"Zemlje pod sankcijama Zapada, prijatelji Srbije -\",\"isPartOf\":{\"@id\":\"https:\/\/veritasinfo.org\/#website\"},\"primaryImageOfPage\":{\"@id\":\"https:\/\/veritasinfo.org\/?p=9118&lang=sr#primaryimage\"},\"image\":{\"@id\":\"https:\/\/veritasinfo.org\/?p=9118&lang=sr#primaryimage\"},\"thumbnailUrl\":\"https:\/\/veritasinfo.org\/wp-content\/uploads\/2025\/08\/Vucic-Putin-foto-Facebook-Aleksandar-Vucic-1024x681-1.jpg\",\"datePublished\":\"2025-08-23T12:10:02+00:00\",\"author\":{\"@id\":\"https:\/\/veritasinfo.org\/#\/schema\/person\/c2b8be262ea994d0995addca692c5e98\"},\"breadcrumb\":{\"@id\":\"https:\/\/veritasinfo.org\/?p=9118&lang=sr#breadcrumb\"},\"inLanguage\":\"en-US\",\"potentialAction\":[{\"@type\":\"ReadAction\",\"target\":[\"https:\/\/veritasinfo.org\/?p=9118&lang=sr\"]}]},{\"@type\":\"ImageObject\",\"inLanguage\":\"en-US\",\"@id\":\"https:\/\/veritasinfo.org\/?p=9118&lang=sr#primaryimage\",\"url\":\"https:\/\/veritasinfo.org\/wp-content\/uploads\/2025\/08\/Vucic-Putin-foto-Facebook-Aleksandar-Vucic-1024x681-1.jpg\",\"contentUrl\":\"https:\/\/veritasinfo.org\/wp-content\/uploads\/2025\/08\/Vucic-Putin-foto-Facebook-Aleksandar-Vucic-1024x681-1.jpg\",\"width\":1024,\"height\":681},{\"@type\":\"BreadcrumbList\",\"@id\":\"https:\/\/veritasinfo.org\/?p=9118&lang=sr#breadcrumb\",\"itemListElement\":[{\"@type\":\"ListItem\",\"position\":1,\"name\":\"Home\",\"item\":\"https:\/\/veritasinfo.org\/\"},{\"@type\":\"ListItem\",\"position\":2,\"name\":\"Zemlje pod sankcijama Zapada, prijatelji Srbije\"}]},{\"@type\":\"WebSite\",\"@id\":\"https:\/\/veritasinfo.org\/#website\",\"url\":\"https:\/\/veritasinfo.org\/\",\"name\":\"\",\"description\":\"\",\"potentialAction\":[{\"@type\":\"SearchAction\",\"target\":{\"@type\":\"EntryPoint\",\"urlTemplate\":\"https:\/\/veritasinfo.org\/?s={search_term_string}\"},\"query-input\":{\"@type\":\"PropertyValueSpecification\",\"valueRequired\":true,\"valueName\":\"search_term_string\"}}],\"inLanguage\":\"en-US\"},{\"@type\":\"Person\",\"@id\":\"https:\/\/veritasinfo.org\/#\/schema\/person\/c2b8be262ea994d0995addca692c5e98\",\"name\":\"US1\",\"image\":{\"@type\":\"ImageObject\",\"inLanguage\":\"en-US\",\"@id\":\"https:\/\/veritasinfo.org\/#\/schema\/person\/image\/\",\"url\":\"https:\/\/secure.gravatar.com\/avatar\/4e96a59bd256abf9956eb9963ac891a47461ffb364d47b0e9aab113328fdb75b?s=96&d=mm&r=g\",\"contentUrl\":\"https:\/\/secure.gravatar.com\/avatar\/4e96a59bd256abf9956eb9963ac891a47461ffb364d47b0e9aab113328fdb75b?s=96&d=mm&r=g\",\"caption\":\"US1\"},\"url\":\"https:\/\/veritasinfo.org\/?author=2\"}]}<\/script>\n<!-- \/ Yoast SEO plugin. -->","yoast_head_json":{"title":"Zemlje pod sankcijama Zapada, prijatelji Srbije -","robots":{"index":"index","follow":"follow","max-snippet":"max-snippet:-1","max-image-preview":"max-image-preview:large","max-video-preview":"max-video-preview:-1"},"canonical":"https:\/\/veritasinfo.org\/?p=9118&lang=sr","og_locale":"en_US","og_type":"article","og_title":"Zemlje pod sankcijama Zapada, prijatelji Srbije -","og_description":"Beograd, 23 avgust 2025 Zvani\u010dni Beograd godinama odr\u017eava veze sa re\u017eimima u Rusiji, Kini, Belorusiji, Venecueli i Iranu, \u0161to je dovelo do kritika Evropske unije","og_url":"https:\/\/veritasinfo.org\/?p=9118&lang=sr","article_published_time":"2025-08-23T12:10:02+00:00","og_image":[{"width":1024,"height":681,"url":"https:\/\/veritasinfo.org\/wp-content\/uploads\/2025\/08\/Vucic-Putin-foto-Facebook-Aleksandar-Vucic-1024x681-1.jpg","type":"image\/jpeg"}],"author":"US1","twitter_card":"summary_large_image","twitter_misc":{"Written by":"US1","Est. reading time":"3 minutes"},"schema":{"@context":"https:\/\/schema.org","@graph":[{"@type":"WebPage","@id":"https:\/\/veritasinfo.org\/?p=9118&lang=sr","url":"https:\/\/veritasinfo.org\/?p=9118&lang=sr","name":"Zemlje pod sankcijama Zapada, prijatelji Srbije -","isPartOf":{"@id":"https:\/\/veritasinfo.org\/#website"},"primaryImageOfPage":{"@id":"https:\/\/veritasinfo.org\/?p=9118&lang=sr#primaryimage"},"image":{"@id":"https:\/\/veritasinfo.org\/?p=9118&lang=sr#primaryimage"},"thumbnailUrl":"https:\/\/veritasinfo.org\/wp-content\/uploads\/2025\/08\/Vucic-Putin-foto-Facebook-Aleksandar-Vucic-1024x681-1.jpg","datePublished":"2025-08-23T12:10:02+00:00","author":{"@id":"https:\/\/veritasinfo.org\/#\/schema\/person\/c2b8be262ea994d0995addca692c5e98"},"breadcrumb":{"@id":"https:\/\/veritasinfo.org\/?p=9118&lang=sr#breadcrumb"},"inLanguage":"en-US","potentialAction":[{"@type":"ReadAction","target":["https:\/\/veritasinfo.org\/?p=9118&lang=sr"]}]},{"@type":"ImageObject","inLanguage":"en-US","@id":"https:\/\/veritasinfo.org\/?p=9118&lang=sr#primaryimage","url":"https:\/\/veritasinfo.org\/wp-content\/uploads\/2025\/08\/Vucic-Putin-foto-Facebook-Aleksandar-Vucic-1024x681-1.jpg","contentUrl":"https:\/\/veritasinfo.org\/wp-content\/uploads\/2025\/08\/Vucic-Putin-foto-Facebook-Aleksandar-Vucic-1024x681-1.jpg","width":1024,"height":681},{"@type":"BreadcrumbList","@id":"https:\/\/veritasinfo.org\/?p=9118&lang=sr#breadcrumb","itemListElement":[{"@type":"ListItem","position":1,"name":"Home","item":"https:\/\/veritasinfo.org\/"},{"@type":"ListItem","position":2,"name":"Zemlje pod sankcijama Zapada, prijatelji Srbije"}]},{"@type":"WebSite","@id":"https:\/\/veritasinfo.org\/#website","url":"https:\/\/veritasinfo.org\/","name":"","description":"","potentialAction":[{"@type":"SearchAction","target":{"@type":"EntryPoint","urlTemplate":"https:\/\/veritasinfo.org\/?s={search_term_string}"},"query-input":{"@type":"PropertyValueSpecification","valueRequired":true,"valueName":"search_term_string"}}],"inLanguage":"en-US"},{"@type":"Person","@id":"https:\/\/veritasinfo.org\/#\/schema\/person\/c2b8be262ea994d0995addca692c5e98","name":"US1","image":{"@type":"ImageObject","inLanguage":"en-US","@id":"https:\/\/veritasinfo.org\/#\/schema\/person\/image\/","url":"https:\/\/secure.gravatar.com\/avatar\/4e96a59bd256abf9956eb9963ac891a47461ffb364d47b0e9aab113328fdb75b?s=96&d=mm&r=g","contentUrl":"https:\/\/secure.gravatar.com\/avatar\/4e96a59bd256abf9956eb9963ac891a47461ffb364d47b0e9aab113328fdb75b?s=96&d=mm&r=g","caption":"US1"},"url":"https:\/\/veritasinfo.org\/?author=2"}]}},"featured_image_urls":{"full":["https:\/\/veritasinfo.org\/wp-content\/uploads\/2025\/08\/Vucic-Putin-foto-Facebook-Aleksandar-Vucic-1024x681-1.jpg",1024,681,false],"thumbnail":["https:\/\/veritasinfo.org\/wp-content\/uploads\/2025\/08\/Vucic-Putin-foto-Facebook-Aleksandar-Vucic-1024x681-1-150x150.jpg",150,150,true],"medium":["https:\/\/veritasinfo.org\/wp-content\/uploads\/2025\/08\/Vucic-Putin-foto-Facebook-Aleksandar-Vucic-1024x681-1-300x200.jpg",300,200,true],"medium_large":["https:\/\/veritasinfo.org\/wp-content\/uploads\/2025\/08\/Vucic-Putin-foto-Facebook-Aleksandar-Vucic-1024x681-1-768x511.jpg",640,426,true],"large":["https:\/\/veritasinfo.org\/wp-content\/uploads\/2025\/08\/Vucic-Putin-foto-Facebook-Aleksandar-Vucic-1024x681-1.jpg",640,426,false],"1536x1536":["https:\/\/veritasinfo.org\/wp-content\/uploads\/2025\/08\/Vucic-Putin-foto-Facebook-Aleksandar-Vucic-1024x681-1.jpg",1024,681,false],"2048x2048":["https:\/\/veritasinfo.org\/wp-content\/uploads\/2025\/08\/Vucic-Putin-foto-Facebook-Aleksandar-Vucic-1024x681-1.jpg",1024,681,false],"kreeti-slider-full":["https:\/\/veritasinfo.org\/wp-content\/uploads\/2025\/08\/Vucic-Putin-foto-Facebook-Aleksandar-Vucic-1024x681-1.jpg",1024,681,false],"kreeti-featured":["https:\/\/veritasinfo.org\/wp-content\/uploads\/2025\/08\/Vucic-Putin-foto-Facebook-Aleksandar-Vucic-1024x681-1.jpg",1024,681,false],"kreeti-medium":["https:\/\/veritasinfo.org\/wp-content\/uploads\/2025\/08\/Vucic-Putin-foto-Facebook-Aleksandar-Vucic-1024x681-1.jpg",720,479,false],"kreeti-medium-square":["https:\/\/veritasinfo.org\/wp-content\/uploads\/2025\/08\/Vucic-Putin-foto-Facebook-Aleksandar-Vucic-1024x681-1.jpg",350,233,false]},"author_info":{"info":["US1"]},"category_info":"<a href=\"https:\/\/veritasinfo.org\/?cat=24&#038;lang=sr\" rel=\"category\">Uncategorized<\/a>","tag_info":"Uncategorized","comment_count":"0","_links":{"self":[{"href":"https:\/\/veritasinfo.org\/index.php?rest_route=\/wp\/v2\/posts\/9118","targetHints":{"allow":["GET"]}}],"collection":[{"href":"https:\/\/veritasinfo.org\/index.php?rest_route=\/wp\/v2\/posts"}],"about":[{"href":"https:\/\/veritasinfo.org\/index.php?rest_route=\/wp\/v2\/types\/post"}],"author":[{"embeddable":true,"href":"https:\/\/veritasinfo.org\/index.php?rest_route=\/wp\/v2\/users\/2"}],"replies":[{"embeddable":true,"href":"https:\/\/veritasinfo.org\/index.php?rest_route=%2Fwp%2Fv2%2Fcomments&post=9118"}],"version-history":[{"count":1,"href":"https:\/\/veritasinfo.org\/index.php?rest_route=\/wp\/v2\/posts\/9118\/revisions"}],"predecessor-version":[{"id":9119,"href":"https:\/\/veritasinfo.org\/index.php?rest_route=\/wp\/v2\/posts\/9118\/revisions\/9119"}],"wp:featuredmedia":[{"embeddable":true,"href":"https:\/\/veritasinfo.org\/index.php?rest_route=\/wp\/v2\/media\/9117"}],"wp:attachment":[{"href":"https:\/\/veritasinfo.org\/index.php?rest_route=%2Fwp%2Fv2%2Fmedia&parent=9118"}],"wp:term":[{"taxonomy":"category","embeddable":true,"href":"https:\/\/veritasinfo.org\/index.php?rest_route=%2Fwp%2Fv2%2Fcategories&post=9118"},{"taxonomy":"post_tag","embeddable":true,"href":"https:\/\/veritasinfo.org\/index.php?rest_route=%2Fwp%2Fv2%2Ftags&post=9118"}],"curies":[{"name":"wp","href":"https:\/\/api.w.org\/{rel}","templated":true}]}}