{"id":9115,"date":"2025-08-23T14:07:59","date_gmt":"2025-08-23T12:07:59","guid":{"rendered":"https:\/\/veritasinfo.org\/?p=9115"},"modified":"2025-08-23T14:08:29","modified_gmt":"2025-08-23T12:08:29","slug":"vendet-e-sanksionuara-nga-perendimi-mike-te-serbise","status":"publish","type":"post","link":"https:\/\/veritasinfo.org\/?p=9115","title":{"rendered":"Vendet e sanksionuara nga Per\u00ebndimi, mike t\u00eb Serbis\u00eb"},"content":{"rendered":"<p><strong>Beograd, 23 gusht 2025<\/strong><\/p>\n<p>Beogradi zyrtar prej vitesh mban lidhje me regjimet n\u00eb Rusi, Kin\u00eb, Bjellorusi, Venezuel\u00eb dhe Iran, duke e nxitur Bashkimin Evropian (BE) ta kritikoj\u00eb at\u00eb, por vet\u00ebm p\u00ebrmes deklaratave.<\/p>\n<p>T\u00eb enjten, 21 gusht, arrit\u00ebn dy njoftime q\u00eb e konfirmojn\u00eb k\u00ebt\u00eb drejtim t\u00eb politik\u00ebs s\u00eb jashtme t\u00eb Serbis\u00eb.<\/p>\n<p>Presidenti i Serbis\u00eb, Aleksandar Vu\u00e7iq, njoftoi fillimisht se s\u00eb shpejti do t\u00eb organizohet nj\u00eb takim i zyrtar\u00ebve t\u00eb Serbis\u00eb dhe Rusis\u00eb \u201cn\u00eb nivelin m\u00eb t\u00eb lart\u00eb\u201d, por nuk dha m\u00eb shum\u00eb detaje.<\/p>\n<p>Po at\u00eb dit\u00eb, kreu i shtetit serb b\u00ebri t\u00eb ditur se kishte zhvilluar nj\u00eb bised\u00eb telefonike me presidentin e Venezuel\u00ebs, Nikolas Maduro, p\u00ebr t\u00eb cilin BE-ja konsideron se nuk ka legjitimitetin e nj\u00eb presidenti t\u00eb zgjedhur n\u00eb m\u00ebnyr\u00eb demokratike p\u00ebr shkak t\u00eb parregullsive zgjedhore.<\/p>\n<p>Vu\u00e7iq, megjithat\u00eb, e quajti at\u00eb \u201cmik t\u00eb madh\u201d t\u00eb Serbis\u00eb.<\/p>\n<p>BE-ja nuk i \u00ebsht\u00eb p\u00ebrgjigjur k\u00ebrkes\u00ebs s\u00eb Radios Evropa e Lir\u00eb lidhur me njoftimin p\u00ebr takimin e zyrtar\u00ebve serb\u00eb dhe rus\u00eb, si dhe p\u00ebr bised\u00ebn telefonike t\u00eb Vu\u00e7iqit me Maduron.<\/p>\n<p>Pozicioni q\u00eb Serbia e Vu\u00e7iqit ka n\u00eb hap\u00ebsir\u00ebn nd\u00ebrkomb\u00ebtare mund t\u00eb kuptohet n\u00ebse analizohet nga perspektiva e parimeve ky\u00e7 t\u00eb politik\u00ebs s\u00eb jashtme t\u00eb Rusis\u00eb dhe Kin\u00ebs, t\u00eb cilat p\u00ebrmblidhen me fraz\u00ebn: nj\u00eb bot\u00eb multipolare.<\/p>\n<p>K\u00ebshtu vler\u00ebson Eric Gordy, profesor i sociologjis\u00eb politike n\u00eb Departamentin p\u00ebr Studime Sllave dhe t\u00eb Evrop\u00ebs Lindore t\u00eb Universitetit t\u00eb Londr\u00ebs.<\/p>\n<p>\u201cKjo do t\u00eb thot\u00eb se jan\u00eb m\u00eb t\u00eb orientuar n\u00eb forcimin e fuqive rajonale, sesa atyre globale. Synimi \u00ebsht\u00eb t\u00eb hollohet fuqia e shteteve m\u00eb t\u00eb forta ekonomike si SHBA-ja dhe shtetet evropiane. K\u00ebt\u00eb e kan\u00eb promovuar edhe Vu\u00e7iqi dhe partit\u00eb e djathta n\u00eb Serbi, kur flasin p\u00ebr veten si p\u00ebrkrah\u00ebs t\u00eb sovranitetit\u201d, vler\u00ebson Gordi.<\/p>\n<p>Pavar\u00ebsisht thirrjeve nga Brukseli q\u00eb t\u00eb mos udh\u00ebtonte n\u00eb Mosk\u00eb, presidenti i Serbis\u00eb mori pjes\u00eb m\u00eb 9 maj n\u00eb sh\u00ebnimin e Dit\u00ebs s\u00eb Fitores ndaj fashizmit n\u00eb Luft\u00ebn e Dyt\u00eb Bot\u00ebrore.<\/p>\n<p>Vu\u00e7iqi u takua edhe me presidentin e Rusis\u00eb, Vladimir Putin, dhe e fal\u00ebnderoi p\u00ebr \u201cmb\u00ebshtetjen e madhe\u201d ndaj politik\u00ebs s\u00eb Beogradit zyrtar p\u00ebr Kosov\u00ebn.<\/p>\n<p>\u201cMiq\u00ebsi prej \u00e7eliku\u201d \u00ebsht\u00eb shprehja q\u00eb shpesh p\u00ebrdorin zyrtar\u00ebt serb\u00eb p\u00ebr t\u00eb p\u00ebrshkruar marr\u00ebdh\u00ebniet me Republik\u00ebn Popullore t\u00eb Kin\u00ebs.<\/p>\n<p>Presidenti Vu\u00e7iq e quan homologun e tij kinez, Xi Jinping, \u201cmik t\u00eb madh dhe v\u00eblla\u201d. N\u00eb fund t\u00eb korrikut, Vu\u00e7iq njoftoi se m\u00eb 3 shtator do t\u00eb takohet me presidentin kinez n\u00eb Pekin.<\/p>\n<p>\u201cPse t\u00eb mos shkoj n\u00eb Venezuel\u00eb? Serbia nuk \u00ebsht\u00eb vend q\u00eb merr urdhra nga jasht\u00eb\u201d, ishte p\u00ebrgjigjja e kryetares s\u00eb Kuvendit t\u00eb Serbis\u00eb, Ana B\u00ebrnabiq, m\u00eb 15 janar, kur u pyet nga REL-i p\u00ebr pranin\u00eb e saj n\u00eb inaugurimin e Nikolas Maduros n\u00eb Karakas disa dit\u00eb m\u00eb her\u00ebt.<\/p>\n<p>Komisioni Evropian deklaroi se Serbia duhet t\u00eb p\u00ebrmbahet nga veprimet q\u00eb bien ndesh me politik\u00ebn e jashtme t\u00eb BE-s\u00eb.<\/p>\n<p>Erik Gordi thekson se do t\u00eb ishte e pasakt\u00eb t\u00eb thuhet se Serbia kultivon domosdoshm\u00ebrisht af\u00ebrsi me regjime autokratike.<\/p>\n<p>\u201cS\u00ebrish, niveli i interesit lidhet m\u00eb shum\u00eb me arsyet ekonomike. Fitime t\u00eb m\u00ebdha vijn\u00eb nga shitja e arm\u00ebve dhe armatimit anemban\u00eb bot\u00ebs, kryesisht tek vendet q\u00eb dikur ishin klient\u00eb t\u00eb Jugosllavis\u00eb\u201d, thot\u00eb Gordi.<\/p>\n<p>Pas nisjes s\u00eb konfliktit Izrael-Iran, m\u00eb 23 qershor Vu\u00e7iq deklaroi se Serbia ka pezulluar eksportin e arm\u00ebve.<\/p>\n<p>Q\u00eb nga viti 2022, t\u00eb dh\u00ebnat zyrtare mbi eksportin e arm\u00ebve nga Serbia nuk jan\u00eb publikuar, megjith\u00ebse ligji e parashikon.N\u00eb fund t\u00eb qershorit, Sh\u00ebrbimi i Inteligjenc\u00ebs s\u00eb Jashtme i Rusis\u00eb akuzoi Serbin\u00eb se municionet e saj po p\u00ebrfundonin p\u00ebrmes vendeve t\u00eb NATO-s n\u00eb Ukrain\u00eb. Beogradi e mohoi disa her\u00eb, duke th\u00ebn\u00eb se nuk ka kontroll mbi destinacionin final pas shitjes s\u00eb arm\u00ebve n\u00eb vende t\u00eb treta.Kjo \u00e7\u00ebshtje i vuri n\u00eb qend\u00ebr t\u00eb v\u00ebmendjes edhe marr\u00ebdh\u00ebniet e Serbis\u00eb me Iranin.Edhe pse Beogradi zyrtar ka pretenduar neutralitet n\u00eb konfliktin Izrael-Iran, t\u00eb dh\u00ebnat tregtare tregojn\u00eb nj\u00eb prirje m\u00eb t\u00eb madhe drejt Tel Avivit.<\/p>\n<p>S\u00ebrish, Serbia disa her\u00eb nuk u p\u00ebrshtat me vendimet e BE-s\u00eb p\u00ebr sanksione ndaj Iranit, si p\u00ebr aktivitetet b\u00ebrthamore ashtu edhe p\u00ebr shkelje t\u00eb t\u00eb drejtave t\u00eb njeriut.<\/p>\n","protected":false},"excerpt":{"rendered":"<p>Beograd, 23 gusht 2025 Beogradi zyrtar prej vitesh mban lidhje me regjimet n\u00eb Rusi, Kin\u00eb, Bjellorusi, Venezuel\u00eb dhe Iran, duke e nxitur Bashkimin Evropian (BE)<\/p>\n","protected":false},"author":2,"featured_media":9117,"comment_status":"open","ping_status":"open","sticky":false,"template":"","format":"standard","meta":{"footnotes":""},"categories":[58],"tags":[],"class_list":["post-9115","post","type-post","status-publish","format-standard","has-post-thumbnail","hentry","category-politike-sq"],"yoast_head":"<!-- This site is optimized with the Yoast SEO plugin v25.3.1 - https:\/\/yoast.com\/wordpress\/plugins\/seo\/ -->\n<title>Vendet e sanksionuara nga Per\u00ebndimi, mike t\u00eb Serbis\u00eb -<\/title>\n<meta name=\"robots\" content=\"index, follow, max-snippet:-1, max-image-preview:large, max-video-preview:-1\" \/>\n<link rel=\"canonical\" href=\"https:\/\/veritasinfo.org\/?p=9115\" \/>\n<meta property=\"og:locale\" content=\"en_US\" \/>\n<meta property=\"og:type\" content=\"article\" \/>\n<meta property=\"og:title\" content=\"Vendet e sanksionuara nga Per\u00ebndimi, mike t\u00eb Serbis\u00eb -\" \/>\n<meta property=\"og:description\" content=\"Beograd, 23 gusht 2025 Beogradi zyrtar prej vitesh mban lidhje me regjimet n\u00eb Rusi, Kin\u00eb, Bjellorusi, Venezuel\u00eb dhe Iran, duke e nxitur Bashkimin Evropian (BE)\" \/>\n<meta property=\"og:url\" content=\"https:\/\/veritasinfo.org\/?p=9115\" \/>\n<meta property=\"article:published_time\" content=\"2025-08-23T12:07:59+00:00\" \/>\n<meta property=\"article:modified_time\" content=\"2025-08-23T12:08:29+00:00\" \/>\n<meta property=\"og:image\" content=\"https:\/\/veritasinfo.org\/wp-content\/uploads\/2025\/08\/Vucic-Putin-foto-Facebook-Aleksandar-Vucic-1024x681-1.jpg\" \/>\n\t<meta property=\"og:image:width\" content=\"1024\" \/>\n\t<meta property=\"og:image:height\" content=\"681\" \/>\n\t<meta property=\"og:image:type\" content=\"image\/jpeg\" \/>\n<meta name=\"author\" content=\"US1\" \/>\n<meta name=\"twitter:card\" content=\"summary_large_image\" \/>\n<meta name=\"twitter:label1\" content=\"Written by\" \/>\n\t<meta name=\"twitter:data1\" content=\"US1\" \/>\n\t<meta name=\"twitter:label2\" content=\"Est. reading time\" \/>\n\t<meta name=\"twitter:data2\" content=\"3 minutes\" \/>\n<script type=\"application\/ld+json\" class=\"yoast-schema-graph\">{\"@context\":\"https:\/\/schema.org\",\"@graph\":[{\"@type\":\"WebPage\",\"@id\":\"https:\/\/veritasinfo.org\/?p=9115\",\"url\":\"https:\/\/veritasinfo.org\/?p=9115\",\"name\":\"Vendet e sanksionuara nga Per\u00ebndimi, mike t\u00eb Serbis\u00eb -\",\"isPartOf\":{\"@id\":\"https:\/\/veritasinfo.org\/#website\"},\"primaryImageOfPage\":{\"@id\":\"https:\/\/veritasinfo.org\/?p=9115#primaryimage\"},\"image\":{\"@id\":\"https:\/\/veritasinfo.org\/?p=9115#primaryimage\"},\"thumbnailUrl\":\"https:\/\/veritasinfo.org\/wp-content\/uploads\/2025\/08\/Vucic-Putin-foto-Facebook-Aleksandar-Vucic-1024x681-1.jpg\",\"datePublished\":\"2025-08-23T12:07:59+00:00\",\"dateModified\":\"2025-08-23T12:08:29+00:00\",\"author\":{\"@id\":\"https:\/\/veritasinfo.org\/#\/schema\/person\/c2b8be262ea994d0995addca692c5e98\"},\"breadcrumb\":{\"@id\":\"https:\/\/veritasinfo.org\/?p=9115#breadcrumb\"},\"inLanguage\":\"en-US\",\"potentialAction\":[{\"@type\":\"ReadAction\",\"target\":[\"https:\/\/veritasinfo.org\/?p=9115\"]}]},{\"@type\":\"ImageObject\",\"inLanguage\":\"en-US\",\"@id\":\"https:\/\/veritasinfo.org\/?p=9115#primaryimage\",\"url\":\"https:\/\/veritasinfo.org\/wp-content\/uploads\/2025\/08\/Vucic-Putin-foto-Facebook-Aleksandar-Vucic-1024x681-1.jpg\",\"contentUrl\":\"https:\/\/veritasinfo.org\/wp-content\/uploads\/2025\/08\/Vucic-Putin-foto-Facebook-Aleksandar-Vucic-1024x681-1.jpg\",\"width\":1024,\"height\":681},{\"@type\":\"BreadcrumbList\",\"@id\":\"https:\/\/veritasinfo.org\/?p=9115#breadcrumb\",\"itemListElement\":[{\"@type\":\"ListItem\",\"position\":1,\"name\":\"Home\",\"item\":\"https:\/\/veritasinfo.org\/\"},{\"@type\":\"ListItem\",\"position\":2,\"name\":\"Vendet e sanksionuara nga Per\u00ebndimi, mike t\u00eb Serbis\u00eb\"}]},{\"@type\":\"WebSite\",\"@id\":\"https:\/\/veritasinfo.org\/#website\",\"url\":\"https:\/\/veritasinfo.org\/\",\"name\":\"\",\"description\":\"\",\"potentialAction\":[{\"@type\":\"SearchAction\",\"target\":{\"@type\":\"EntryPoint\",\"urlTemplate\":\"https:\/\/veritasinfo.org\/?s={search_term_string}\"},\"query-input\":{\"@type\":\"PropertyValueSpecification\",\"valueRequired\":true,\"valueName\":\"search_term_string\"}}],\"inLanguage\":\"en-US\"},{\"@type\":\"Person\",\"@id\":\"https:\/\/veritasinfo.org\/#\/schema\/person\/c2b8be262ea994d0995addca692c5e98\",\"name\":\"US1\",\"image\":{\"@type\":\"ImageObject\",\"inLanguage\":\"en-US\",\"@id\":\"https:\/\/veritasinfo.org\/#\/schema\/person\/image\/\",\"url\":\"https:\/\/secure.gravatar.com\/avatar\/4e96a59bd256abf9956eb9963ac891a47461ffb364d47b0e9aab113328fdb75b?s=96&d=mm&r=g\",\"contentUrl\":\"https:\/\/secure.gravatar.com\/avatar\/4e96a59bd256abf9956eb9963ac891a47461ffb364d47b0e9aab113328fdb75b?s=96&d=mm&r=g\",\"caption\":\"US1\"},\"url\":\"https:\/\/veritasinfo.org\/?author=2\"}]}<\/script>\n<!-- \/ Yoast SEO plugin. -->","yoast_head_json":{"title":"Vendet e sanksionuara nga Per\u00ebndimi, mike t\u00eb Serbis\u00eb -","robots":{"index":"index","follow":"follow","max-snippet":"max-snippet:-1","max-image-preview":"max-image-preview:large","max-video-preview":"max-video-preview:-1"},"canonical":"https:\/\/veritasinfo.org\/?p=9115","og_locale":"en_US","og_type":"article","og_title":"Vendet e sanksionuara nga Per\u00ebndimi, mike t\u00eb Serbis\u00eb -","og_description":"Beograd, 23 gusht 2025 Beogradi zyrtar prej vitesh mban lidhje me regjimet n\u00eb Rusi, Kin\u00eb, Bjellorusi, Venezuel\u00eb dhe Iran, duke e nxitur Bashkimin Evropian (BE)","og_url":"https:\/\/veritasinfo.org\/?p=9115","article_published_time":"2025-08-23T12:07:59+00:00","article_modified_time":"2025-08-23T12:08:29+00:00","og_image":[{"width":1024,"height":681,"url":"https:\/\/veritasinfo.org\/wp-content\/uploads\/2025\/08\/Vucic-Putin-foto-Facebook-Aleksandar-Vucic-1024x681-1.jpg","type":"image\/jpeg"}],"author":"US1","twitter_card":"summary_large_image","twitter_misc":{"Written by":"US1","Est. reading time":"3 minutes"},"schema":{"@context":"https:\/\/schema.org","@graph":[{"@type":"WebPage","@id":"https:\/\/veritasinfo.org\/?p=9115","url":"https:\/\/veritasinfo.org\/?p=9115","name":"Vendet e sanksionuara nga Per\u00ebndimi, mike t\u00eb Serbis\u00eb -","isPartOf":{"@id":"https:\/\/veritasinfo.org\/#website"},"primaryImageOfPage":{"@id":"https:\/\/veritasinfo.org\/?p=9115#primaryimage"},"image":{"@id":"https:\/\/veritasinfo.org\/?p=9115#primaryimage"},"thumbnailUrl":"https:\/\/veritasinfo.org\/wp-content\/uploads\/2025\/08\/Vucic-Putin-foto-Facebook-Aleksandar-Vucic-1024x681-1.jpg","datePublished":"2025-08-23T12:07:59+00:00","dateModified":"2025-08-23T12:08:29+00:00","author":{"@id":"https:\/\/veritasinfo.org\/#\/schema\/person\/c2b8be262ea994d0995addca692c5e98"},"breadcrumb":{"@id":"https:\/\/veritasinfo.org\/?p=9115#breadcrumb"},"inLanguage":"en-US","potentialAction":[{"@type":"ReadAction","target":["https:\/\/veritasinfo.org\/?p=9115"]}]},{"@type":"ImageObject","inLanguage":"en-US","@id":"https:\/\/veritasinfo.org\/?p=9115#primaryimage","url":"https:\/\/veritasinfo.org\/wp-content\/uploads\/2025\/08\/Vucic-Putin-foto-Facebook-Aleksandar-Vucic-1024x681-1.jpg","contentUrl":"https:\/\/veritasinfo.org\/wp-content\/uploads\/2025\/08\/Vucic-Putin-foto-Facebook-Aleksandar-Vucic-1024x681-1.jpg","width":1024,"height":681},{"@type":"BreadcrumbList","@id":"https:\/\/veritasinfo.org\/?p=9115#breadcrumb","itemListElement":[{"@type":"ListItem","position":1,"name":"Home","item":"https:\/\/veritasinfo.org\/"},{"@type":"ListItem","position":2,"name":"Vendet e sanksionuara nga Per\u00ebndimi, mike t\u00eb Serbis\u00eb"}]},{"@type":"WebSite","@id":"https:\/\/veritasinfo.org\/#website","url":"https:\/\/veritasinfo.org\/","name":"","description":"","potentialAction":[{"@type":"SearchAction","target":{"@type":"EntryPoint","urlTemplate":"https:\/\/veritasinfo.org\/?s={search_term_string}"},"query-input":{"@type":"PropertyValueSpecification","valueRequired":true,"valueName":"search_term_string"}}],"inLanguage":"en-US"},{"@type":"Person","@id":"https:\/\/veritasinfo.org\/#\/schema\/person\/c2b8be262ea994d0995addca692c5e98","name":"US1","image":{"@type":"ImageObject","inLanguage":"en-US","@id":"https:\/\/veritasinfo.org\/#\/schema\/person\/image\/","url":"https:\/\/secure.gravatar.com\/avatar\/4e96a59bd256abf9956eb9963ac891a47461ffb364d47b0e9aab113328fdb75b?s=96&d=mm&r=g","contentUrl":"https:\/\/secure.gravatar.com\/avatar\/4e96a59bd256abf9956eb9963ac891a47461ffb364d47b0e9aab113328fdb75b?s=96&d=mm&r=g","caption":"US1"},"url":"https:\/\/veritasinfo.org\/?author=2"}]}},"featured_image_urls":{"full":["https:\/\/veritasinfo.org\/wp-content\/uploads\/2025\/08\/Vucic-Putin-foto-Facebook-Aleksandar-Vucic-1024x681-1.jpg",1024,681,false],"thumbnail":["https:\/\/veritasinfo.org\/wp-content\/uploads\/2025\/08\/Vucic-Putin-foto-Facebook-Aleksandar-Vucic-1024x681-1-150x150.jpg",150,150,true],"medium":["https:\/\/veritasinfo.org\/wp-content\/uploads\/2025\/08\/Vucic-Putin-foto-Facebook-Aleksandar-Vucic-1024x681-1-300x200.jpg",300,200,true],"medium_large":["https:\/\/veritasinfo.org\/wp-content\/uploads\/2025\/08\/Vucic-Putin-foto-Facebook-Aleksandar-Vucic-1024x681-1-768x511.jpg",640,426,true],"large":["https:\/\/veritasinfo.org\/wp-content\/uploads\/2025\/08\/Vucic-Putin-foto-Facebook-Aleksandar-Vucic-1024x681-1.jpg",640,426,false],"1536x1536":["https:\/\/veritasinfo.org\/wp-content\/uploads\/2025\/08\/Vucic-Putin-foto-Facebook-Aleksandar-Vucic-1024x681-1.jpg",1024,681,false],"2048x2048":["https:\/\/veritasinfo.org\/wp-content\/uploads\/2025\/08\/Vucic-Putin-foto-Facebook-Aleksandar-Vucic-1024x681-1.jpg",1024,681,false],"kreeti-slider-full":["https:\/\/veritasinfo.org\/wp-content\/uploads\/2025\/08\/Vucic-Putin-foto-Facebook-Aleksandar-Vucic-1024x681-1.jpg",1024,681,false],"kreeti-featured":["https:\/\/veritasinfo.org\/wp-content\/uploads\/2025\/08\/Vucic-Putin-foto-Facebook-Aleksandar-Vucic-1024x681-1.jpg",1024,681,false],"kreeti-medium":["https:\/\/veritasinfo.org\/wp-content\/uploads\/2025\/08\/Vucic-Putin-foto-Facebook-Aleksandar-Vucic-1024x681-1.jpg",720,479,false],"kreeti-medium-square":["https:\/\/veritasinfo.org\/wp-content\/uploads\/2025\/08\/Vucic-Putin-foto-Facebook-Aleksandar-Vucic-1024x681-1.jpg",350,233,false]},"author_info":{"info":["US1"]},"category_info":"<a href=\"https:\/\/veritasinfo.org\/?cat=58\" rel=\"category\">Politik\u00eb<\/a>","tag_info":"Politik\u00eb","comment_count":"0","_links":{"self":[{"href":"https:\/\/veritasinfo.org\/index.php?rest_route=\/wp\/v2\/posts\/9115","targetHints":{"allow":["GET"]}}],"collection":[{"href":"https:\/\/veritasinfo.org\/index.php?rest_route=\/wp\/v2\/posts"}],"about":[{"href":"https:\/\/veritasinfo.org\/index.php?rest_route=\/wp\/v2\/types\/post"}],"author":[{"embeddable":true,"href":"https:\/\/veritasinfo.org\/index.php?rest_route=\/wp\/v2\/users\/2"}],"replies":[{"embeddable":true,"href":"https:\/\/veritasinfo.org\/index.php?rest_route=%2Fwp%2Fv2%2Fcomments&post=9115"}],"version-history":[{"count":1,"href":"https:\/\/veritasinfo.org\/index.php?rest_route=\/wp\/v2\/posts\/9115\/revisions"}],"predecessor-version":[{"id":9116,"href":"https:\/\/veritasinfo.org\/index.php?rest_route=\/wp\/v2\/posts\/9115\/revisions\/9116"}],"wp:featuredmedia":[{"embeddable":true,"href":"https:\/\/veritasinfo.org\/index.php?rest_route=\/wp\/v2\/media\/9117"}],"wp:attachment":[{"href":"https:\/\/veritasinfo.org\/index.php?rest_route=%2Fwp%2Fv2%2Fmedia&parent=9115"}],"wp:term":[{"taxonomy":"category","embeddable":true,"href":"https:\/\/veritasinfo.org\/index.php?rest_route=%2Fwp%2Fv2%2Fcategories&post=9115"},{"taxonomy":"post_tag","embeddable":true,"href":"https:\/\/veritasinfo.org\/index.php?rest_route=%2Fwp%2Fv2%2Ftags&post=9115"}],"curies":[{"name":"wp","href":"https:\/\/api.w.org\/{rel}","templated":true}]}}