{"id":9109,"date":"2025-08-23T13:59:38","date_gmt":"2025-08-23T11:59:38","guid":{"rendered":"https:\/\/veritasinfo.org\/?p=9109"},"modified":"2025-08-23T14:04:46","modified_gmt":"2025-08-23T12:04:46","slug":"tension-mes-dy-koreve-ushtaret-e-phenianit-kaluan-kufirin-seuli-pergjigjet-me","status":"publish","type":"post","link":"https:\/\/veritasinfo.org\/?p=9109","title":{"rendered":"Tension mes dy Koreve\/ Ushtar\u00ebt e Phenianit kaluan kufirin, Seuli p\u00ebrgjigjet me \u2026"},"content":{"rendered":"<p>Seul, 23 Gusht 2025<\/p>\n<p>Korea e Jugut ka konfirmuar se m\u00eb her\u00ebt gjat\u00eb jav\u00ebs q\u00eblloi me arm\u00eb p\u00ebr t\u00eb paralaj\u00ebmruar ushtar\u00ebt e Kores\u00eb s\u00eb Veriut, t\u00eb cil\u00ebt kaluan kufirin tok\u00ebsor mes dy vendeve.<\/p>\n<p>Incidenti ndodhi teksa Koreja e Veriut po punon vazhdimisht q\u00eb nga viti i kaluar p\u00ebr t\u00eb mbyllur p\u00ebrgjithmon\u00eb kufirin e saj me Jugun.<br \/>\nShefat e P\u00ebrbashk\u00ebt t\u00eb Shtabit t\u00eb Kores\u00eb s\u00eb Jugut than\u00eb n\u00eb nj\u00eb deklarat\u00eb se disa trupa t\u00eb Kores\u00eb s\u00eb Veriut q\u00eb punonin n\u00eb rajonin kufitar kaluan vij\u00ebn e demarkacionit ushtarak midis dy vendeve rreth or\u00ebs 15:00 sipas or\u00ebs lokale n\u00eb Seul t\u00eb marten. Ushtria e Seulit p\u00ebrdori nj\u00eb mitraloz p\u00ebr t\u00eb q\u00eblluar m\u00eb shum\u00eb se 10 t\u00eb sht\u00ebna paralajm\u00ebruese drejt ushtar\u00ebve t\u00eb t\u00eb vendit fqinj, t\u00eb cil\u00ebt m\u00eb von\u00eb u kthyen n\u00eb very t\u00eb vij\u00ebs.<\/p>\n<p>Ngjarja u b\u00eb publike teksa Presidenti i ri i Kores\u00eb s\u00eb Jugut, Lee Jae Myung, u largua nga Seuli t\u00eb shtun\u00ebn p\u00ebr nj\u00eb vizit\u00eb n\u00eb Tokio dhe Uashington.<br \/>\nMedia shtet\u00ebrore e Kores\u00eb s\u00eb Veriut i quajti t\u00eb sht\u00ebnat nj\u00eb provokim t\u00eb q\u00ebllimsh\u00ebm dhe Pheniani ka akuzuar Seulin se rrezikon tensione t\u00eb pakontrollueshme.<br \/>\nNj\u00eb rrip toke i quajtur Zona e Demilitarizuar ndan veriun dhe jugun, dhe incidentet q\u00eb rrisin tensionet nuk jan\u00eb t\u00eb pak\u00ebta. Kufiri nuk \u00ebsht\u00eb i rrethuar dhe tabelat rrugore jan\u00eb t\u00eb mbuluara nga bim\u00ebsia e dendur.<\/p>\n<p>Dy Koret\u00eb kan\u00eb qen\u00eb t\u00eb ndara q\u00eb nga p\u00ebrfundimi i Luft\u00ebs Koreane n\u00eb vitin 1953.<br \/>\nAto nuk n\u00ebnshkruan nj\u00eb traktat paqeje dhe p\u00ebr k\u00ebt\u00eb arsye teknikisht kan\u00eb mbetur ende n\u00eb luft\u00eb q\u00eb at\u00ebher\u00eb, megjith\u00ebse kan\u00eb kaluar vite q\u00eb kur secila pal\u00eb e ka bombarduar tjetr\u00ebn.<\/p>\n","protected":false},"excerpt":{"rendered":"<p>Seul, 23 Gusht 2025 Korea e Jugut ka konfirmuar se m\u00eb her\u00ebt gjat\u00eb jav\u00ebs q\u00eblloi me arm\u00eb p\u00ebr t\u00eb paralaj\u00ebmruar ushtar\u00ebt e Kores\u00eb s\u00eb Veriut,<\/p>\n","protected":false},"author":1,"featured_media":9113,"comment_status":"open","ping_status":"open","sticky":false,"template":"","format":"standard","meta":{"footnotes":""},"categories":[72],"tags":[],"class_list":["post-9109","post","type-post","status-publish","format-standard","has-post-thumbnail","hentry","category-bota"],"yoast_head":"<!-- This site is optimized with the Yoast SEO plugin v25.3.1 - https:\/\/yoast.com\/wordpress\/plugins\/seo\/ -->\n<title>Tension mes dy Koreve\/ Ushtar\u00ebt e Phenianit kaluan kufirin, Seuli p\u00ebrgjigjet me \u2026 -<\/title>\n<meta name=\"robots\" content=\"index, follow, max-snippet:-1, max-image-preview:large, max-video-preview:-1\" \/>\n<link rel=\"canonical\" href=\"https:\/\/veritasinfo.org\/?p=9109\" \/>\n<meta property=\"og:locale\" content=\"en_US\" \/>\n<meta property=\"og:type\" content=\"article\" \/>\n<meta property=\"og:title\" content=\"Tension mes dy Koreve\/ Ushtar\u00ebt e Phenianit kaluan kufirin, Seuli p\u00ebrgjigjet me \u2026 -\" \/>\n<meta property=\"og:description\" content=\"Seul, 23 Gusht 2025 Korea e Jugut ka konfirmuar se m\u00eb her\u00ebt gjat\u00eb jav\u00ebs q\u00eblloi me arm\u00eb p\u00ebr t\u00eb paralaj\u00ebmruar ushtar\u00ebt e Kores\u00eb s\u00eb Veriut,\" \/>\n<meta property=\"og:url\" content=\"https:\/\/veritasinfo.org\/?p=9109\" \/>\n<meta property=\"article:published_time\" content=\"2025-08-23T11:59:38+00:00\" \/>\n<meta property=\"article:modified_time\" content=\"2025-08-23T12:04:46+00:00\" \/>\n<meta property=\"og:image\" content=\"https:\/\/veritasinfo.org\/wp-content\/uploads\/2025\/08\/IMG_2710.jpeg\" \/>\n\t<meta property=\"og:image:width\" content=\"275\" \/>\n\t<meta property=\"og:image:height\" content=\"183\" \/>\n\t<meta property=\"og:image:type\" content=\"image\/jpeg\" \/>\n<meta name=\"author\" content=\"admin\" \/>\n<meta name=\"twitter:card\" content=\"summary_large_image\" \/>\n<meta name=\"twitter:label1\" content=\"Written by\" \/>\n\t<meta name=\"twitter:data1\" content=\"admin\" \/>\n\t<meta name=\"twitter:label2\" content=\"Est. reading time\" \/>\n\t<meta name=\"twitter:data2\" content=\"2 minutes\" \/>\n<script type=\"application\/ld+json\" class=\"yoast-schema-graph\">{\"@context\":\"https:\/\/schema.org\",\"@graph\":[{\"@type\":\"WebPage\",\"@id\":\"https:\/\/veritasinfo.org\/?p=9109\",\"url\":\"https:\/\/veritasinfo.org\/?p=9109\",\"name\":\"Tension mes dy Koreve\/ Ushtar\u00ebt e Phenianit kaluan kufirin, Seuli p\u00ebrgjigjet me \u2026 -\",\"isPartOf\":{\"@id\":\"https:\/\/veritasinfo.org\/#website\"},\"primaryImageOfPage\":{\"@id\":\"https:\/\/veritasinfo.org\/?p=9109#primaryimage\"},\"image\":{\"@id\":\"https:\/\/veritasinfo.org\/?p=9109#primaryimage\"},\"thumbnailUrl\":\"https:\/\/veritasinfo.org\/wp-content\/uploads\/2025\/08\/IMG_2710.jpeg\",\"datePublished\":\"2025-08-23T11:59:38+00:00\",\"dateModified\":\"2025-08-23T12:04:46+00:00\",\"author\":{\"@id\":\"https:\/\/veritasinfo.org\/#\/schema\/person\/7701f8c088bece422266b100a712374f\"},\"breadcrumb\":{\"@id\":\"https:\/\/veritasinfo.org\/?p=9109#breadcrumb\"},\"inLanguage\":\"en-US\",\"potentialAction\":[{\"@type\":\"ReadAction\",\"target\":[\"https:\/\/veritasinfo.org\/?p=9109\"]}]},{\"@type\":\"ImageObject\",\"inLanguage\":\"en-US\",\"@id\":\"https:\/\/veritasinfo.org\/?p=9109#primaryimage\",\"url\":\"https:\/\/veritasinfo.org\/wp-content\/uploads\/2025\/08\/IMG_2710.jpeg\",\"contentUrl\":\"https:\/\/veritasinfo.org\/wp-content\/uploads\/2025\/08\/IMG_2710.jpeg\",\"width\":275,\"height\":183},{\"@type\":\"BreadcrumbList\",\"@id\":\"https:\/\/veritasinfo.org\/?p=9109#breadcrumb\",\"itemListElement\":[{\"@type\":\"ListItem\",\"position\":1,\"name\":\"Home\",\"item\":\"https:\/\/veritasinfo.org\/\"},{\"@type\":\"ListItem\",\"position\":2,\"name\":\"Tension mes dy Koreve\/ Ushtar\u00ebt e Phenianit kaluan kufirin, Seuli p\u00ebrgjigjet me \u2026\"}]},{\"@type\":\"WebSite\",\"@id\":\"https:\/\/veritasinfo.org\/#website\",\"url\":\"https:\/\/veritasinfo.org\/\",\"name\":\"\",\"description\":\"\",\"potentialAction\":[{\"@type\":\"SearchAction\",\"target\":{\"@type\":\"EntryPoint\",\"urlTemplate\":\"https:\/\/veritasinfo.org\/?s={search_term_string}\"},\"query-input\":{\"@type\":\"PropertyValueSpecification\",\"valueRequired\":true,\"valueName\":\"search_term_string\"}}],\"inLanguage\":\"en-US\"},{\"@type\":\"Person\",\"@id\":\"https:\/\/veritasinfo.org\/#\/schema\/person\/7701f8c088bece422266b100a712374f\",\"name\":\"admin\",\"image\":{\"@type\":\"ImageObject\",\"inLanguage\":\"en-US\",\"@id\":\"https:\/\/veritasinfo.org\/#\/schema\/person\/image\/\",\"url\":\"https:\/\/secure.gravatar.com\/avatar\/ea53aa3bf6c9a12d5fde8ce4deff43fef3885ae33cf60184161a50d6987cfd2f?s=96&d=mm&r=g\",\"contentUrl\":\"https:\/\/secure.gravatar.com\/avatar\/ea53aa3bf6c9a12d5fde8ce4deff43fef3885ae33cf60184161a50d6987cfd2f?s=96&d=mm&r=g\",\"caption\":\"admin\"},\"sameAs\":[\"https:\/\/veritasinfo.org\"],\"url\":\"https:\/\/veritasinfo.org\/?author=1\"}]}<\/script>\n<!-- \/ Yoast SEO plugin. -->","yoast_head_json":{"title":"Tension mes dy Koreve\/ Ushtar\u00ebt e Phenianit kaluan kufirin, Seuli p\u00ebrgjigjet me \u2026 -","robots":{"index":"index","follow":"follow","max-snippet":"max-snippet:-1","max-image-preview":"max-image-preview:large","max-video-preview":"max-video-preview:-1"},"canonical":"https:\/\/veritasinfo.org\/?p=9109","og_locale":"en_US","og_type":"article","og_title":"Tension mes dy Koreve\/ Ushtar\u00ebt e Phenianit kaluan kufirin, Seuli p\u00ebrgjigjet me \u2026 -","og_description":"Seul, 23 Gusht 2025 Korea e Jugut ka konfirmuar se m\u00eb her\u00ebt gjat\u00eb jav\u00ebs q\u00eblloi me arm\u00eb p\u00ebr t\u00eb paralaj\u00ebmruar ushtar\u00ebt e Kores\u00eb s\u00eb Veriut,","og_url":"https:\/\/veritasinfo.org\/?p=9109","article_published_time":"2025-08-23T11:59:38+00:00","article_modified_time":"2025-08-23T12:04:46+00:00","og_image":[{"width":275,"height":183,"url":"https:\/\/veritasinfo.org\/wp-content\/uploads\/2025\/08\/IMG_2710.jpeg","type":"image\/jpeg"}],"author":"admin","twitter_card":"summary_large_image","twitter_misc":{"Written by":"admin","Est. reading time":"2 minutes"},"schema":{"@context":"https:\/\/schema.org","@graph":[{"@type":"WebPage","@id":"https:\/\/veritasinfo.org\/?p=9109","url":"https:\/\/veritasinfo.org\/?p=9109","name":"Tension mes dy Koreve\/ Ushtar\u00ebt e Phenianit kaluan kufirin, Seuli p\u00ebrgjigjet me \u2026 -","isPartOf":{"@id":"https:\/\/veritasinfo.org\/#website"},"primaryImageOfPage":{"@id":"https:\/\/veritasinfo.org\/?p=9109#primaryimage"},"image":{"@id":"https:\/\/veritasinfo.org\/?p=9109#primaryimage"},"thumbnailUrl":"https:\/\/veritasinfo.org\/wp-content\/uploads\/2025\/08\/IMG_2710.jpeg","datePublished":"2025-08-23T11:59:38+00:00","dateModified":"2025-08-23T12:04:46+00:00","author":{"@id":"https:\/\/veritasinfo.org\/#\/schema\/person\/7701f8c088bece422266b100a712374f"},"breadcrumb":{"@id":"https:\/\/veritasinfo.org\/?p=9109#breadcrumb"},"inLanguage":"en-US","potentialAction":[{"@type":"ReadAction","target":["https:\/\/veritasinfo.org\/?p=9109"]}]},{"@type":"ImageObject","inLanguage":"en-US","@id":"https:\/\/veritasinfo.org\/?p=9109#primaryimage","url":"https:\/\/veritasinfo.org\/wp-content\/uploads\/2025\/08\/IMG_2710.jpeg","contentUrl":"https:\/\/veritasinfo.org\/wp-content\/uploads\/2025\/08\/IMG_2710.jpeg","width":275,"height":183},{"@type":"BreadcrumbList","@id":"https:\/\/veritasinfo.org\/?p=9109#breadcrumb","itemListElement":[{"@type":"ListItem","position":1,"name":"Home","item":"https:\/\/veritasinfo.org\/"},{"@type":"ListItem","position":2,"name":"Tension mes dy Koreve\/ Ushtar\u00ebt e Phenianit kaluan kufirin, Seuli p\u00ebrgjigjet me \u2026"}]},{"@type":"WebSite","@id":"https:\/\/veritasinfo.org\/#website","url":"https:\/\/veritasinfo.org\/","name":"","description":"","potentialAction":[{"@type":"SearchAction","target":{"@type":"EntryPoint","urlTemplate":"https:\/\/veritasinfo.org\/?s={search_term_string}"},"query-input":{"@type":"PropertyValueSpecification","valueRequired":true,"valueName":"search_term_string"}}],"inLanguage":"en-US"},{"@type":"Person","@id":"https:\/\/veritasinfo.org\/#\/schema\/person\/7701f8c088bece422266b100a712374f","name":"admin","image":{"@type":"ImageObject","inLanguage":"en-US","@id":"https:\/\/veritasinfo.org\/#\/schema\/person\/image\/","url":"https:\/\/secure.gravatar.com\/avatar\/ea53aa3bf6c9a12d5fde8ce4deff43fef3885ae33cf60184161a50d6987cfd2f?s=96&d=mm&r=g","contentUrl":"https:\/\/secure.gravatar.com\/avatar\/ea53aa3bf6c9a12d5fde8ce4deff43fef3885ae33cf60184161a50d6987cfd2f?s=96&d=mm&r=g","caption":"admin"},"sameAs":["https:\/\/veritasinfo.org"],"url":"https:\/\/veritasinfo.org\/?author=1"}]}},"featured_image_urls":{"full":["https:\/\/veritasinfo.org\/wp-content\/uploads\/2025\/08\/IMG_2710.jpeg",275,183,false],"thumbnail":["https:\/\/veritasinfo.org\/wp-content\/uploads\/2025\/08\/IMG_2710-150x150.jpeg",150,150,true],"medium":["https:\/\/veritasinfo.org\/wp-content\/uploads\/2025\/08\/IMG_2710.jpeg",275,183,false],"medium_large":["https:\/\/veritasinfo.org\/wp-content\/uploads\/2025\/08\/IMG_2710.jpeg",275,183,false],"large":["https:\/\/veritasinfo.org\/wp-content\/uploads\/2025\/08\/IMG_2710.jpeg",275,183,false],"1536x1536":["https:\/\/veritasinfo.org\/wp-content\/uploads\/2025\/08\/IMG_2710.jpeg",275,183,false],"2048x2048":["https:\/\/veritasinfo.org\/wp-content\/uploads\/2025\/08\/IMG_2710.jpeg",275,183,false],"kreeti-slider-full":["https:\/\/veritasinfo.org\/wp-content\/uploads\/2025\/08\/IMG_2710.jpeg",275,183,false],"kreeti-featured":["https:\/\/veritasinfo.org\/wp-content\/uploads\/2025\/08\/IMG_2710.jpeg",275,183,false],"kreeti-medium":["https:\/\/veritasinfo.org\/wp-content\/uploads\/2025\/08\/IMG_2710.jpeg",275,183,false],"kreeti-medium-square":["https:\/\/veritasinfo.org\/wp-content\/uploads\/2025\/08\/IMG_2710.jpeg",275,183,false]},"author_info":{"info":["admin"]},"category_info":"<a href=\"https:\/\/veritasinfo.org\/?cat=72\" rel=\"category\">Bota<\/a>","tag_info":"Bota","comment_count":"0","_links":{"self":[{"href":"https:\/\/veritasinfo.org\/index.php?rest_route=\/wp\/v2\/posts\/9109","targetHints":{"allow":["GET"]}}],"collection":[{"href":"https:\/\/veritasinfo.org\/index.php?rest_route=\/wp\/v2\/posts"}],"about":[{"href":"https:\/\/veritasinfo.org\/index.php?rest_route=\/wp\/v2\/types\/post"}],"author":[{"embeddable":true,"href":"https:\/\/veritasinfo.org\/index.php?rest_route=\/wp\/v2\/users\/1"}],"replies":[{"embeddable":true,"href":"https:\/\/veritasinfo.org\/index.php?rest_route=%2Fwp%2Fv2%2Fcomments&post=9109"}],"version-history":[{"count":1,"href":"https:\/\/veritasinfo.org\/index.php?rest_route=\/wp\/v2\/posts\/9109\/revisions"}],"predecessor-version":[{"id":9111,"href":"https:\/\/veritasinfo.org\/index.php?rest_route=\/wp\/v2\/posts\/9109\/revisions\/9111"}],"wp:featuredmedia":[{"embeddable":true,"href":"https:\/\/veritasinfo.org\/index.php?rest_route=\/wp\/v2\/media\/9113"}],"wp:attachment":[{"href":"https:\/\/veritasinfo.org\/index.php?rest_route=%2Fwp%2Fv2%2Fmedia&parent=9109"}],"wp:term":[{"taxonomy":"category","embeddable":true,"href":"https:\/\/veritasinfo.org\/index.php?rest_route=%2Fwp%2Fv2%2Fcategories&post=9109"},{"taxonomy":"post_tag","embeddable":true,"href":"https:\/\/veritasinfo.org\/index.php?rest_route=%2Fwp%2Fv2%2Ftags&post=9109"}],"curies":[{"name":"wp","href":"https:\/\/api.w.org\/{rel}","templated":true}]}}